{"id":10249,"date":"2024-05-12T10:02:41","date_gmt":"2024-05-12T08:02:41","guid":{"rendered":"https:\/\/voyagesimpressionnistes.com\/?p=10249"},"modified":"2025-02-11T15:55:05","modified_gmt":"2025-02-11T14:55:05","slug":"concert-illumine-eglise-saint-nicaise","status":"publish","type":"post","link":"https:\/\/voyagesimpressionnistes.com\/en\/rouen-the-seine-meanders\/concert-illumine-eglise-saint-nicaise\/","title":{"rendered":"Concert illumin\u00e9 \u00e0 l&#8217;\u00c9glise Saint Nicaise"},"content":{"rendered":"<p>Dans le cadre du <a href=\"https:\/\/voyagesimpressionnistes.com\/en\/giverny-its-surroundings\/festival-normandie-impressionniste-2024\/\">Festival Normandie Impressionniste 2024<\/a>, d\u00e9couvrez la cr\u00e9ation <em>Concert illumin\u00e9<\/em> dans l&#8217;\u00c9glise Saint-Nicaise de Rouen, le 23 mai 2024.<\/p>\n<p>Le <em>Concert illumin\u00e9<\/em>, c&#8217;est un concert en trois parties, avec une premi\u00e8re partie du compositeur Erik Satie, une deuxi\u00e8me partie du compositeur Philip Glass et une troisi\u00e8me partie de la compositrice Camille P\u00e9pin. Un programme musical qui cherche les ponts entre le compositeur honfleurais et le compositeur am\u00e9ricain, tous deux pr\u00e9curseurs \u00e0 diff\u00e9rentes \u00e9poques d&#8217;une musique minimaliste et r\u00e9p\u00e9titive, et la compositrice Camille P\u00e9pin, h\u00e9riti\u00e8re de cette forme d&#8217;\u00e9criture et dont l&#8217;\u0153uvre propos\u00e9e <em>Iriscendence-glace<\/em> (2023) pour piano seul fait partie de son cycle sur le changement climatique.<\/p>\n<h3>Au programme du <em>Concert illumin\u00e9<\/em><\/h3>\n<ul>\n<li>Erik Satie, <em>Carnet d&#8217;esquisses et de croquis<\/em> en arrangement piano &amp; quatuor \u00e0 cordes. Comme un voyage au c\u0153ur d&#8217;une boite de p\u00e9tri qui passerait d&#8217;un \u00e9tat de lune \u00e0 des \u00e9tats de d\u00e9compositions organiques en vid\u00e9o.\u00a0Visualiser la musique : un astre central qui devient \u00e0 la fois \u00e9clipse solaire, astre \u00e9blouissant puis lune myst\u00e9rieuse. Les couleurs des vitraux en miroir.<\/li>\n<li>Philippe Glass,\u00a0<em>Annunciation<\/em> pour piano &amp; quatuor \u00e0 cordes. Pour la deuxi\u00e8me partie, un univers solaire se d\u00e9gagerai de l&#8217;astre pour cr\u00e9er un univers de vitrail gr\u00e2ce \u00e0 diff\u00e9rents projecteurs de couleurs variants en fonction des fr\u00e9quences jou\u00e9s.<\/li>\n<li>Camille P\u00e9pin,\u00a0<em>Iriscendence-glace <\/em>pour piano seul. Les murs de la nef vont refl\u00e9ter la lumi\u00e8re en \u00e9tant alt\u00e9r\u00e9s par le son live des musiciens.<\/li>\n<\/ul>\n<p>Les billets pour le <em>Concert illumin\u00e9<\/em> peuvent \u00eatre achet\u00e9s directement \u00e0 l&#8217;entr\u00e9e de l&#8217;\u00c9glise Saint Nicaise, 30MN avant le concert de 20h.<\/p>\n","protected":false},"excerpt":{"rendered":"<p>Dans le cadre du Festival Normandie Impressionniste 2024, d\u00e9couvrez la  [&#8230;]<\/p>\n","protected":false},"author":2,"featured_media":10248,"comment_status":"closed","ping_status":"closed","sticky":false,"template":"","format":"standard","meta":{"_acf_changed":false,"inline_featured_image":false,"_jetpack_memberships_contains_paid_content":false,"footnotes":""},"categories":[88],"slider_une":[],"regions":[133],"coups_coeur":[],"inspiration-type":[],"label":[141,143],"categories-agenda":[173],"class_list":["post-10249","post","type-post","status-publish","format-standard","has-post-thumbnail","hentry","category-rouen-the-seine-meanders","tag-diary","regions-normandy","label-150-years","label-normandie-impressionniste-en","categories-agenda-show"],"acf":[],"yoast_head":"<!-- This site is optimized with the Yoast SEO plugin v26.3 - https:\/\/yoast.com\/wordpress\/plugins\/seo\/ -->\n<title>Concert illumin\u00e9 Saint Nicaise (Rouen) - Impressionist adventures<\/title>\n<meta name=\"description\" content=\"Assistez au Concert illumin\u00e9 de l&#039;\u00c9glise Saint Nicaise propos\u00e9 dans le cadre du Festival Normandie Impressionniste 2024.\" \/>\n<meta name=\"robots\" content=\"index, follow, max-snippet:-1, max-image-preview:large, max-video-preview:-1\" \/>\n<link rel=\"canonical\" href=\"https:\/\/voyagesimpressionnistes.com\/en\/rouen-the-seine-meanders\/concert-illumine-eglise-saint-nicaise\/\" \/>\n<meta property=\"og:locale\" content=\"en_US\" \/>\n<meta property=\"og:type\" content=\"article\" \/>\n<meta property=\"og:title\" content=\"Concert illumin\u00e9 Saint Nicaise (Rouen) - Impressionist adventures\" \/>\n<meta property=\"og:description\" content=\"Assistez au Concert illumin\u00e9 de l&#039;\u00c9glise Saint Nicaise propos\u00e9 dans le cadre du Festival Normandie Impressionniste 2024.\" \/>\n<meta property=\"og:url\" content=\"https:\/\/voyagesimpressionnistes.com\/en\/rouen-the-seine-meanders\/concert-illumine-eglise-saint-nicaise\/\" \/>\n<meta property=\"og:site_name\" content=\"Impressionist adventures\" \/>\n<meta property=\"article:publisher\" content=\"https:\/\/www.facebook.com\/LesVoyagesImpressionnistes\/\" \/>\n<meta property=\"article:published_time\" content=\"2024-05-12T08:02:41+00:00\" \/>\n<meta property=\"article:modified_time\" content=\"2025-02-11T14:55:05+00:00\" \/>\n<meta property=\"og:image\" content=\"https:\/\/voyagesimpressionnistes.com\/wp-content\/uploads\/2024\/05\/DSC-0773-2.jpg\" \/>\n\t<meta property=\"og:image:width\" content=\"2560\" \/>\n\t<meta property=\"og:image:height\" content=\"1696\" \/>\n\t<meta property=\"og:image:type\" content=\"image\/jpeg\" \/>\n<meta name=\"author\" content=\"Phane\" \/>\n<meta name=\"twitter:card\" content=\"summary_large_image\" \/>\n<meta name=\"twitter:label1\" content=\"Written by\" \/>\n\t<meta name=\"twitter:data1\" content=\"Phane\" \/>\n\t<meta name=\"twitter:label2\" content=\"Est. reading time\" \/>\n\t<meta name=\"twitter:data2\" content=\"1 minute\" \/>\n<script type=\"application\/ld+json\" class=\"yoast-schema-graph\">{\"@context\":\"https:\/\/schema.org\",\"@graph\":[{\"@type\":[\"Article\",\"BlogPosting\"],\"@id\":\"https:\/\/voyagesimpressionnistes.com\/en\/rouen-the-seine-meanders\/concert-illumine-eglise-saint-nicaise\/#article\",\"isPartOf\":{\"@id\":\"https:\/\/voyagesimpressionnistes.com\/en\/rouen-the-seine-meanders\/concert-illumine-eglise-saint-nicaise\/\"},\"author\":{\"name\":\"Phane\",\"@id\":\"https:\/\/voyagesimpressionnistes.com\/en\/#\/schema\/person\/78c37c19aa7ae1bd6f4902f296c80e5f\"},\"headline\":\"Concert illumin\u00e9 \u00e0 l&#8217;\u00c9glise Saint Nicaise\",\"datePublished\":\"2024-05-12T08:02:41+00:00\",\"dateModified\":\"2025-02-11T14:55:05+00:00\",\"mainEntityOfPage\":{\"@id\":\"https:\/\/voyagesimpressionnistes.com\/en\/rouen-the-seine-meanders\/concert-illumine-eglise-saint-nicaise\/\"},\"wordCount\":299,\"publisher\":{\"@id\":\"https:\/\/voyagesimpressionnistes.com\/en\/#organization\"},\"image\":{\"@id\":\"https:\/\/voyagesimpressionnistes.com\/en\/rouen-the-seine-meanders\/concert-illumine-eglise-saint-nicaise\/#primaryimage\"},\"thumbnailUrl\":\"https:\/\/voyagesimpressionnistes.com\/wp-content\/uploads\/2024\/05\/DSC-0773-2.jpg\",\"keywords\":[\"Diary\"],\"articleSection\":[\"Rouen &amp; the Seine\u2019s meanders\"],\"inLanguage\":\"en-US\"},{\"@type\":\"WebPage\",\"@id\":\"https:\/\/voyagesimpressionnistes.com\/en\/rouen-the-seine-meanders\/concert-illumine-eglise-saint-nicaise\/\",\"url\":\"https:\/\/voyagesimpressionnistes.com\/en\/rouen-the-seine-meanders\/concert-illumine-eglise-saint-nicaise\/\",\"name\":\"Concert illumin\u00e9 Saint Nicaise (Rouen) - Impressionist adventures\",\"isPartOf\":{\"@id\":\"https:\/\/voyagesimpressionnistes.com\/en\/#website\"},\"primaryImageOfPage\":{\"@id\":\"https:\/\/voyagesimpressionnistes.com\/en\/rouen-the-seine-meanders\/concert-illumine-eglise-saint-nicaise\/#primaryimage\"},\"image\":{\"@id\":\"https:\/\/voyagesimpressionnistes.com\/en\/rouen-the-seine-meanders\/concert-illumine-eglise-saint-nicaise\/#primaryimage\"},\"thumbnailUrl\":\"https:\/\/voyagesimpressionnistes.com\/wp-content\/uploads\/2024\/05\/DSC-0773-2.jpg\",\"datePublished\":\"2024-05-12T08:02:41+00:00\",\"dateModified\":\"2025-02-11T14:55:05+00:00\",\"description\":\"Assistez au Concert illumin\u00e9 de l'\u00c9glise Saint Nicaise propos\u00e9 dans le cadre du Festival Normandie Impressionniste 2024.\",\"breadcrumb\":{\"@id\":\"https:\/\/voyagesimpressionnistes.com\/en\/rouen-the-seine-meanders\/concert-illumine-eglise-saint-nicaise\/#breadcrumb\"},\"inLanguage\":\"en-US\",\"potentialAction\":[{\"@type\":\"ReadAction\",\"target\":[\"https:\/\/voyagesimpressionnistes.com\/en\/rouen-the-seine-meanders\/concert-illumine-eglise-saint-nicaise\/\"]}]},{\"@type\":\"ImageObject\",\"inLanguage\":\"en-US\",\"@id\":\"https:\/\/voyagesimpressionnistes.com\/en\/rouen-the-seine-meanders\/concert-illumine-eglise-saint-nicaise\/#primaryimage\",\"url\":\"https:\/\/voyagesimpressionnistes.com\/wp-content\/uploads\/2024\/05\/DSC-0773-2.jpg\",\"contentUrl\":\"https:\/\/voyagesimpressionnistes.com\/wp-content\/uploads\/2024\/05\/DSC-0773-2.jpg\",\"width\":2560,\"height\":1696,\"caption\":\"Concert illumin\u00e9 \u00e0 l'\u00c9glise Saint Nicaise\"},{\"@type\":\"BreadcrumbList\",\"@id\":\"https:\/\/voyagesimpressionnistes.com\/en\/rouen-the-seine-meanders\/concert-illumine-eglise-saint-nicaise\/#breadcrumb\",\"itemListElement\":[{\"@type\":\"ListItem\",\"position\":1,\"name\":\"Rouen &amp; the Seine\u2019s meanders\",\"item\":\"https:\/\/voyagesimpressionnistes.com\/en\/rouen-the-seine-meanders\/\"},{\"@type\":\"ListItem\",\"position\":2,\"name\":\"Concert illumin\u00e9 \u00e0 l&rsquo;\u00c9glise Saint Nicaise\"}]},{\"@type\":\"WebSite\",\"@id\":\"https:\/\/voyagesimpressionnistes.com\/en\/#website\",\"url\":\"https:\/\/voyagesimpressionnistes.com\/en\/\",\"name\":\"Impressionist adventures\",\"description\":\"Inspiring moments\",\"publisher\":{\"@id\":\"https:\/\/voyagesimpressionnistes.com\/en\/#organization\"},\"potentialAction\":[{\"@type\":\"SearchAction\",\"target\":{\"@type\":\"EntryPoint\",\"urlTemplate\":\"https:\/\/voyagesimpressionnistes.com\/en\/?s={search_term_string}\"},\"query-input\":{\"@type\":\"PropertyValueSpecification\",\"valueRequired\":true,\"valueName\":\"search_term_string\"}}],\"inLanguage\":\"en-US\"},{\"@type\":\"Organization\",\"@id\":\"https:\/\/voyagesimpressionnistes.com\/en\/#organization\",\"name\":\"Voyages Impressionnistes\",\"url\":\"https:\/\/voyagesimpressionnistes.com\/en\/\",\"logo\":{\"@type\":\"ImageObject\",\"inLanguage\":\"en-US\",\"@id\":\"https:\/\/voyagesimpressionnistes.com\/en\/#\/schema\/logo\/image\/\",\"url\":\"https:\/\/voyagesimpressionnistes.com\/wp-content\/uploads\/2021\/06\/vi-logo-507x216-1.svg\",\"contentUrl\":\"https:\/\/voyagesimpressionnistes.com\/wp-content\/uploads\/2021\/06\/vi-logo-507x216-1.svg\",\"width\":507,\"height\":216,\"caption\":\"Voyages Impressionnistes\"},\"image\":{\"@id\":\"https:\/\/voyagesimpressionnistes.com\/en\/#\/schema\/logo\/image\/\"},\"sameAs\":[\"https:\/\/www.facebook.com\/LesVoyagesImpressionnistes\/\"]},{\"@type\":\"Person\",\"@id\":\"https:\/\/voyagesimpressionnistes.com\/en\/#\/schema\/person\/78c37c19aa7ae1bd6f4902f296c80e5f\",\"name\":\"Phane\",\"image\":{\"@type\":\"ImageObject\",\"inLanguage\":\"en-US\",\"@id\":\"https:\/\/voyagesimpressionnistes.com\/en\/#\/schema\/person\/image\/\",\"url\":\"https:\/\/secure.gravatar.com\/avatar\/ea705fa375f21b62a2facac16bc19ee8d664629e3399a374a188d355bc5d00b9?s=96&d=mm&r=g\",\"contentUrl\":\"https:\/\/secure.gravatar.com\/avatar\/ea705fa375f21b62a2facac16bc19ee8d664629e3399a374a188d355bc5d00b9?s=96&d=mm&r=g\",\"caption\":\"Phane\"}}]}<\/script>\n<!-- \/ Yoast SEO plugin. -->","yoast_head_json":{"title":"Concert illumin\u00e9 Saint Nicaise (Rouen) - Impressionist adventures","description":"Assistez au Concert illumin\u00e9 de l'\u00c9glise Saint Nicaise propos\u00e9 dans le cadre du Festival Normandie Impressionniste 2024.","robots":{"index":"index","follow":"follow","max-snippet":"max-snippet:-1","max-image-preview":"max-image-preview:large","max-video-preview":"max-video-preview:-1"},"canonical":"https:\/\/voyagesimpressionnistes.com\/en\/rouen-the-seine-meanders\/concert-illumine-eglise-saint-nicaise\/","og_locale":"en_US","og_type":"article","og_title":"Concert illumin\u00e9 Saint Nicaise (Rouen) - Impressionist adventures","og_description":"Assistez au Concert illumin\u00e9 de l'\u00c9glise Saint Nicaise propos\u00e9 dans le cadre du Festival Normandie Impressionniste 2024.","og_url":"https:\/\/voyagesimpressionnistes.com\/en\/rouen-the-seine-meanders\/concert-illumine-eglise-saint-nicaise\/","og_site_name":"Impressionist adventures","article_publisher":"https:\/\/www.facebook.com\/LesVoyagesImpressionnistes\/","article_published_time":"2024-05-12T08:02:41+00:00","article_modified_time":"2025-02-11T14:55:05+00:00","og_image":[{"width":2560,"height":1696,"url":"https:\/\/voyagesimpressionnistes.com\/wp-content\/uploads\/2024\/05\/DSC-0773-2.jpg","type":"image\/jpeg"}],"author":"Phane","twitter_card":"summary_large_image","twitter_misc":{"Written by":"Phane","Est. reading time":"1 minute"},"schema":{"@context":"https:\/\/schema.org","@graph":[{"@type":["Article","BlogPosting"],"@id":"https:\/\/voyagesimpressionnistes.com\/en\/rouen-the-seine-meanders\/concert-illumine-eglise-saint-nicaise\/#article","isPartOf":{"@id":"https:\/\/voyagesimpressionnistes.com\/en\/rouen-the-seine-meanders\/concert-illumine-eglise-saint-nicaise\/"},"author":{"name":"Phane","@id":"https:\/\/voyagesimpressionnistes.com\/en\/#\/schema\/person\/78c37c19aa7ae1bd6f4902f296c80e5f"},"headline":"Concert illumin\u00e9 \u00e0 l&#8217;\u00c9glise Saint Nicaise","datePublished":"2024-05-12T08:02:41+00:00","dateModified":"2025-02-11T14:55:05+00:00","mainEntityOfPage":{"@id":"https:\/\/voyagesimpressionnistes.com\/en\/rouen-the-seine-meanders\/concert-illumine-eglise-saint-nicaise\/"},"wordCount":299,"publisher":{"@id":"https:\/\/voyagesimpressionnistes.com\/en\/#organization"},"image":{"@id":"https:\/\/voyagesimpressionnistes.com\/en\/rouen-the-seine-meanders\/concert-illumine-eglise-saint-nicaise\/#primaryimage"},"thumbnailUrl":"https:\/\/voyagesimpressionnistes.com\/wp-content\/uploads\/2024\/05\/DSC-0773-2.jpg","keywords":["Diary"],"articleSection":["Rouen &amp; the Seine\u2019s meanders"],"inLanguage":"en-US"},{"@type":"WebPage","@id":"https:\/\/voyagesimpressionnistes.com\/en\/rouen-the-seine-meanders\/concert-illumine-eglise-saint-nicaise\/","url":"https:\/\/voyagesimpressionnistes.com\/en\/rouen-the-seine-meanders\/concert-illumine-eglise-saint-nicaise\/","name":"Concert illumin\u00e9 Saint Nicaise (Rouen) - Impressionist adventures","isPartOf":{"@id":"https:\/\/voyagesimpressionnistes.com\/en\/#website"},"primaryImageOfPage":{"@id":"https:\/\/voyagesimpressionnistes.com\/en\/rouen-the-seine-meanders\/concert-illumine-eglise-saint-nicaise\/#primaryimage"},"image":{"@id":"https:\/\/voyagesimpressionnistes.com\/en\/rouen-the-seine-meanders\/concert-illumine-eglise-saint-nicaise\/#primaryimage"},"thumbnailUrl":"https:\/\/voyagesimpressionnistes.com\/wp-content\/uploads\/2024\/05\/DSC-0773-2.jpg","datePublished":"2024-05-12T08:02:41+00:00","dateModified":"2025-02-11T14:55:05+00:00","description":"Assistez au Concert illumin\u00e9 de l'\u00c9glise Saint Nicaise propos\u00e9 dans le cadre du Festival Normandie Impressionniste 2024.","breadcrumb":{"@id":"https:\/\/voyagesimpressionnistes.com\/en\/rouen-the-seine-meanders\/concert-illumine-eglise-saint-nicaise\/#breadcrumb"},"inLanguage":"en-US","potentialAction":[{"@type":"ReadAction","target":["https:\/\/voyagesimpressionnistes.com\/en\/rouen-the-seine-meanders\/concert-illumine-eglise-saint-nicaise\/"]}]},{"@type":"ImageObject","inLanguage":"en-US","@id":"https:\/\/voyagesimpressionnistes.com\/en\/rouen-the-seine-meanders\/concert-illumine-eglise-saint-nicaise\/#primaryimage","url":"https:\/\/voyagesimpressionnistes.com\/wp-content\/uploads\/2024\/05\/DSC-0773-2.jpg","contentUrl":"https:\/\/voyagesimpressionnistes.com\/wp-content\/uploads\/2024\/05\/DSC-0773-2.jpg","width":2560,"height":1696,"caption":"Concert illumin\u00e9 \u00e0 l'\u00c9glise Saint Nicaise"},{"@type":"BreadcrumbList","@id":"https:\/\/voyagesimpressionnistes.com\/en\/rouen-the-seine-meanders\/concert-illumine-eglise-saint-nicaise\/#breadcrumb","itemListElement":[{"@type":"ListItem","position":1,"name":"Rouen &amp; the Seine\u2019s meanders","item":"https:\/\/voyagesimpressionnistes.com\/en\/rouen-the-seine-meanders\/"},{"@type":"ListItem","position":2,"name":"Concert illumin\u00e9 \u00e0 l&rsquo;\u00c9glise Saint Nicaise"}]},{"@type":"WebSite","@id":"https:\/\/voyagesimpressionnistes.com\/en\/#website","url":"https:\/\/voyagesimpressionnistes.com\/en\/","name":"Impressionist adventures","description":"Inspiring moments","publisher":{"@id":"https:\/\/voyagesimpressionnistes.com\/en\/#organization"},"potentialAction":[{"@type":"SearchAction","target":{"@type":"EntryPoint","urlTemplate":"https:\/\/voyagesimpressionnistes.com\/en\/?s={search_term_string}"},"query-input":{"@type":"PropertyValueSpecification","valueRequired":true,"valueName":"search_term_string"}}],"inLanguage":"en-US"},{"@type":"Organization","@id":"https:\/\/voyagesimpressionnistes.com\/en\/#organization","name":"Voyages Impressionnistes","url":"https:\/\/voyagesimpressionnistes.com\/en\/","logo":{"@type":"ImageObject","inLanguage":"en-US","@id":"https:\/\/voyagesimpressionnistes.com\/en\/#\/schema\/logo\/image\/","url":"https:\/\/voyagesimpressionnistes.com\/wp-content\/uploads\/2021\/06\/vi-logo-507x216-1.svg","contentUrl":"https:\/\/voyagesimpressionnistes.com\/wp-content\/uploads\/2021\/06\/vi-logo-507x216-1.svg","width":507,"height":216,"caption":"Voyages Impressionnistes"},"image":{"@id":"https:\/\/voyagesimpressionnistes.com\/en\/#\/schema\/logo\/image\/"},"sameAs":["https:\/\/www.facebook.com\/LesVoyagesImpressionnistes\/"]},{"@type":"Person","@id":"https:\/\/voyagesimpressionnistes.com\/en\/#\/schema\/person\/78c37c19aa7ae1bd6f4902f296c80e5f","name":"Phane","image":{"@type":"ImageObject","inLanguage":"en-US","@id":"https:\/\/voyagesimpressionnistes.com\/en\/#\/schema\/person\/image\/","url":"https:\/\/secure.gravatar.com\/avatar\/ea705fa375f21b62a2facac16bc19ee8d664629e3399a374a188d355bc5d00b9?s=96&d=mm&r=g","contentUrl":"https:\/\/secure.gravatar.com\/avatar\/ea705fa375f21b62a2facac16bc19ee8d664629e3399a374a188d355bc5d00b9?s=96&d=mm&r=g","caption":"Phane"}}]}},"jetpack_featured_media_url":"https:\/\/voyagesimpressionnistes.com\/wp-content\/uploads\/2024\/05\/DSC-0773-2.jpg","jetpack_sharing_enabled":true,"_links":{"self":[{"href":"https:\/\/voyagesimpressionnistes.com\/en\/wp-json\/wp\/v2\/posts\/10249","targetHints":{"allow":["GET"]}}],"collection":[{"href":"https:\/\/voyagesimpressionnistes.com\/en\/wp-json\/wp\/v2\/posts"}],"about":[{"href":"https:\/\/voyagesimpressionnistes.com\/en\/wp-json\/wp\/v2\/types\/post"}],"author":[{"embeddable":true,"href":"https:\/\/voyagesimpressionnistes.com\/en\/wp-json\/wp\/v2\/users\/2"}],"replies":[{"embeddable":true,"href":"https:\/\/voyagesimpressionnistes.com\/en\/wp-json\/wp\/v2\/comments?post=10249"}],"version-history":[{"count":3,"href":"https:\/\/voyagesimpressionnistes.com\/en\/wp-json\/wp\/v2\/posts\/10249\/revisions"}],"predecessor-version":[{"id":10977,"href":"https:\/\/voyagesimpressionnistes.com\/en\/wp-json\/wp\/v2\/posts\/10249\/revisions\/10977"}],"wp:featuredmedia":[{"embeddable":true,"href":"https:\/\/voyagesimpressionnistes.com\/en\/wp-json\/wp\/v2\/media\/10248"}],"wp:attachment":[{"href":"https:\/\/voyagesimpressionnistes.com\/en\/wp-json\/wp\/v2\/media?parent=10249"}],"wp:term":[{"taxonomy":"category","embeddable":true,"href":"https:\/\/voyagesimpressionnistes.com\/en\/wp-json\/wp\/v2\/categories?post=10249"},{"taxonomy":"slider_une","embeddable":true,"href":"https:\/\/voyagesimpressionnistes.com\/en\/wp-json\/wp\/v2\/slider_une?post=10249"},{"taxonomy":"regions","embeddable":true,"href":"https:\/\/voyagesimpressionnistes.com\/en\/wp-json\/wp\/v2\/regions?post=10249"},{"taxonomy":"coups_coeur","embeddable":true,"href":"https:\/\/voyagesimpressionnistes.com\/en\/wp-json\/wp\/v2\/coups_coeur?post=10249"},{"taxonomy":"inspiration-type","embeddable":true,"href":"https:\/\/voyagesimpressionnistes.com\/en\/wp-json\/wp\/v2\/inspiration-type?post=10249"},{"taxonomy":"label","embeddable":true,"href":"https:\/\/voyagesimpressionnistes.com\/en\/wp-json\/wp\/v2\/label?post=10249"},{"taxonomy":"categories-agenda","embeddable":true,"href":"https:\/\/voyagesimpressionnistes.com\/en\/wp-json\/wp\/v2\/categories-agenda?post=10249"}],"curies":[{"name":"wp","href":"https:\/\/api.w.org\/{rel}","templated":true}]}}