{"id":10261,"date":"2024-06-14T13:03:16","date_gmt":"2024-06-14T11:03:16","guid":{"rendered":"https:\/\/voyagesimpressionnistes.com\/?p=10261"},"modified":"2025-02-03T16:41:45","modified_gmt":"2025-02-03T15:41:45","slug":"impressionnismes-concerts-academie-bach","status":"publish","type":"post","link":"https:\/\/voyagesimpressionnistes.com\/en\/cote-albatre\/impressionnismes-concerts-academie-bach\/","title":{"rendered":"Impressionnismes, concerts de l&#8217;Acad\u00e9mie Bach"},"content":{"rendered":"<p>Pour c\u00e9l\u00e9brer les <a href=\"https:\/\/voyagesimpressionnistes.com\/en\/paris-montmartre\/impressionism-celebrates-its-150th-anniversary\/\">150 ans de la naissance du mouvement impressionniste en Normandie<\/a>, l&#8217;Acad\u00e9mie Bach propose une s\u00e9rie de 3 concerts nomm\u00e9e <em>Impressionnismes<\/em> et orchestr\u00e9e autour d&#8217;une interrogation sur ce mouvement artistique et esth\u00e9tique majeur : peut-on parler d&#8217;Impressionnisme musical ?<\/p>\n<p>La question para\u00eet na\u00efve. Mais en r\u00e9alit\u00e9, tr\u00e8s peu de compositeurs se sont qualifi\u00e9s eux-m\u00eames d&#8217;impressionnistes. Claude Debussy, celui dont la musique semble, \u00e0 l&#8217;\u00e9coute, la plus proche des peintres de ce courant, avec ses oppositions de couleurs, ses blocs sonores donnant le sentiment de contours peu nets, a toujours tenu ses distances vis-\u00e0-vis de l&#8217;Impressionnisme.<\/p>\n<h3><em>Soleils couchants<\/em> \u00e0 Offranville<\/h3>\n<p>Pour commencer cette s\u00e9rie impressionniste, l&#8217;ensemble <em>Les Surprises<\/em> \u00e9voquera l&#8217;ambiance des salons musicaux de la seconde moiti\u00e9 du 19<sup>\u00e8me<\/sup> si\u00e8cle, souvent dot\u00e9s d&#8217;un orgue con\u00e7u pour cet usage non religieux avec <em>Soleils couchants<\/em>, le 21 juin 2024 \u00e0 20h, \u00e0 l&#8217;\u00c9glise Saint-Ouen d&#8217;Offranville. On n&#8217;imagine pas aujourd&#8217;hui \u00e0 quel point ces instruments \u00e9taient nombreux, parfois aussi imposants que ceux d&#8217;une cath\u00e9drale, comme celui actuellement au Sacr\u00e9-C\u0153ur de Paris, initialement con\u00e7u pour une salle de ch\u00e2teau d&#8217;un particulier. Tout un r\u00e9pertoire y \u00e9tait pratiqu\u00e9, constitu\u00e9 de pi\u00e8ces originales mais aussi de transcriptions. Le petit orgue d&#8217;Offranville, construit en 1860, correspond tr\u00e8s bien \u00e0 ce type d&#8217;instruments, parfaitement adapt\u00e9 \u00e0 la cr\u00e9ation d\u2019un tapis de couleurs sonores vari\u00e9es accompagnant les voix et le violon.<\/p>\n<p><strong>Au programme<\/strong><\/p>\n<ul>\n<li>Nadia Boulanger (1887-1979), <em>Soleils couchants<\/em><\/li>\n<li>Franz Liszt (1811-1886), <em>Romance oubli\u00e9e<\/em> et <em>Orpheus<\/em>, transcription pour alto &amp; orgue<\/li>\n<li>Hugo Wolf (1860-1903), <em>Gebet<\/em><\/li>\n<li>Max Reger (1873-1916), <em>Ich sehe dich<\/em><\/li>\n<li>Gabriel Faur\u00e9 (1845-1924), <em>L&#8217;horizon chim\u00e9rique<\/em>, <em>Sicilienne<\/em>, <em>Chanson de M\u00e9lisande<\/em> et <em>Apr\u00e8s un r\u00eave<\/em>, transcription pour alto &amp; orgue<\/li>\n<li>Robert Schumann (1810-1856), <em>Wiegenlied<\/em><\/li>\n<li>Mendelssohn (1809-1847), <em>Lied ohne Worte, n\u00b01<\/em><\/li>\n<li>Emile Palhadile (1844-1926), <em>Pastel<\/em> et <em>Fantaisie<\/em><\/li>\n<li>Claude Debussy (1862-1918), <em>Clair de Lune<\/em><\/li>\n<li>Maurice Ravel (1875-1937), <em>Vocalise-habanera<\/em><\/li>\n<li>Gabriel Piern\u00e9 (1863-1937), <em>Le Ciel accueille bonne dame<\/em><\/li>\n<li>Henri Duparc (1848-1933), <em>L&#8217;Invitation au voyage<\/em><\/li>\n<\/ul>\n<h3><em>Votre \u00e2me est un paysage choisi<\/em> \u00e0 Arques-la-Bataille<\/h3>\n<p>Pour poursuivre ce week-end musical <em>Impressionnismes<\/em> avec l&#8217;Acad\u00e9mie Bach, la mezzo-soprano Clotilde van Dieren a \u00e9labor\u00e9 un programme d&#8217;un raffinement extr\u00eame, dans lequel les compositeurs ont transpos\u00e9 en musique des techniques inspir\u00e9es de la peinture impressionniste pour mettre en valeur des textes po\u00e9tiques et faire ressentir par l&#8217;auditeur les impressions voulues. Pr\u00e9sent\u00e9 le 22 juin \u00e0 20h, \u00e0 l&#8217;\u00c9glise Notre-Dame de l\u2019Assomption d&#8217;Arques-la-Bataille, on y trouvera aussi bien les <em>Chansons de Bilitis<\/em> de Debussy, v\u00e9ritable concentr\u00e9 de sensualit\u00e9, que des pi\u00e8ces de jeunesse de Richard Strauss, plus connu dans sa p\u00e9riode post-romantique, ou encore les d\u00e9licates m\u00e9lodies du compositeur belge Adolphe Biarent, injustement m\u00e9connu.<\/p>\n<p><strong>Au programme<\/strong><\/p>\n<ul>\n<li>Richard Strauss (1864-1949), <em>Lieder op. 10<\/em>, <em>Zueignung<\/em>, <em>Die Nacht<\/em>, <em>Die Georgine <\/em>et <em>Allerseelen<\/em><\/li>\n<li>Charles Koechlin (1867-1950), <em>Paysages et Marines op. 63<\/em> et <em>Dans les grands champs<\/em><\/li>\n<li>Claude Debussy (1862-1918) <em>Trois Chansons de Bilitis<\/em>, <em>La fl\u00fbte de Pan<\/em>, <em>La Chevelure<\/em> et <em>Le tombeau des Na\u00efades<\/em><\/li>\n<li>Gabriel Faur\u00e9 (1845-1924), <em>Clair de lune op. 46 N\u00b0 2<\/em> et <em>Les Berceaux op. 23 N\u00b0 1<\/em><\/li>\n<li>Jean Cras (1879-1932), <em>Paysages<\/em> et <em>Maritime<\/em><\/li>\n<li>Albert Roussel (1869-1937), <em>4 po\u00e8mes op. 3<\/em> et <em>Le jardin mouill\u00e9<\/em><\/li>\n<li>Charles Koechlin (1867-1950), <em>Chansons de Bilitis op. 39<\/em>, <em>Pluie au matin<\/em> et <em>Hymne \u00e0 la nuit<\/em><\/li>\n<li>Maurice Ravel (1875-1937), <em>Jeux d&#8217;eau<\/em><\/li>\n<li>Adolphe Biarent (1871-1916), <em>Huit m\u00e9lodies pour mezzo-soprano et piano<\/em>, <em>Lied<\/em>, <em>La lune blanche luit dans les bois<\/em> et <em>La Chanson du vent<\/em><\/li>\n<\/ul>\n<h3><em>Brouillards<\/em> \u00e0 Arques-la-Bataille<\/h3>\n<p>Pour clore ce week-end <em>Impressionnismes<\/em> organis\u00e9 par l&#8217;Acad\u00e9mie Bach, R\u00e9my Cardinale fera entendre comment le piano est devenu, lui aussi, un vecteur de l&#8217;Impressionnisme, en d\u00e9veloppant sa g\u00e9n\u00e9reuse palette de couleurs sonores, du tr\u00e8s doux au tr\u00e8s fort, du tr\u00e8s grave au tr\u00e8s aigu. Il nous fera cheminer avec deux immenses compositeurs. Gabriel Faur\u00e9, mort il y a cent ans, en 1924, dont l&#8217;\u00e9coute de la <em>1<sup>\u00e8re<\/sup> Barcarolle<\/em> suffirait \u00e0 elle-seule \u00e0 faire comprendre ce qu&#8217;est l&#8217;Impressionnisme en musique. Et puis Claude Debussy, avec l&#8217;int\u00e9grale de son <em>Deuxi\u00e8me Livre de Pr\u00e9ludes<\/em> (1912), dont les titres pourraient \u00eatre tout aussi bien des noms de tableaux.<\/p>\n<p><strong>Au programme<\/strong><\/p>\n<ul>\n<li>Gabriel Faur\u00e9 (1845 \u2013 1924), <em>1<sup>\u00e8re<\/sup> Barcarolle op. 26<\/em>, <em>1<sup>er<\/sup> Nocturne op. 33 n\u00b01<\/em>, <em>4<sup>\u00e8me<\/sup> Nocturne op. 36<\/em> et <em>6<sup>\u00e8me<\/sup> Nocturne op. 63<\/em><\/li>\n<li>Claude Debussy (1862 \u2013 1918), <em>Pr\u00e9ludes, Deuxi\u00e8me Livre<\/em><\/li>\n<\/ul>\n","protected":false},"excerpt":{"rendered":"<p>Pour c\u00e9l\u00e9brer les 150 ans de la naissance du mouvement  [&#8230;]<\/p>\n","protected":false},"author":2,"featured_media":10260,"comment_status":"closed","ping_status":"closed","sticky":false,"template":"","format":"standard","meta":{"_acf_changed":false,"inline_featured_image":false,"_jetpack_memberships_contains_paid_content":false,"footnotes":""},"categories":[85],"slider_une":[],"regions":[133],"coups_coeur":[],"inspiration-type":[],"label":[141],"categories-agenda":[173],"class_list":["post-10261","post","type-post","status-publish","format-standard","has-post-thumbnail","hentry","category-cote-albatre","tag-diary","regions-normandy","label-150-years","categories-agenda-show"],"acf":[],"yoast_head":"<!-- This site is optimized with the Yoast SEO plugin v26.3 - https:\/\/yoast.com\/wordpress\/plugins\/seo\/ -->\n<title>Impressionnismes Acad\u00e9mie Bach - Impressionist adventures<\/title>\n<meta name=\"description\" content=\"Assistez \u00e0 la s\u00e9rie de concerts &quot;Impressionnismes&quot;, avec l&#039;Acad\u00e9mie Bach, dans le cadre des 150 ans de la naissance de l&#039;Impressionnisme.\" \/>\n<meta name=\"robots\" content=\"index, follow, max-snippet:-1, max-image-preview:large, max-video-preview:-1\" \/>\n<link rel=\"canonical\" href=\"https:\/\/voyagesimpressionnistes.com\/en\/cote-albatre\/impressionnismes-concerts-academie-bach\/\" \/>\n<meta property=\"og:locale\" content=\"en_US\" \/>\n<meta property=\"og:type\" content=\"article\" \/>\n<meta property=\"og:title\" content=\"Impressionnismes Acad\u00e9mie Bach - Impressionist adventures\" \/>\n<meta property=\"og:description\" content=\"Assistez \u00e0 la s\u00e9rie de concerts &quot;Impressionnismes&quot;, avec l&#039;Acad\u00e9mie Bach, dans le cadre des 150 ans de la naissance de l&#039;Impressionnisme.\" \/>\n<meta property=\"og:url\" content=\"https:\/\/voyagesimpressionnistes.com\/en\/cote-albatre\/impressionnismes-concerts-academie-bach\/\" \/>\n<meta property=\"og:site_name\" content=\"Impressionist adventures\" \/>\n<meta property=\"article:publisher\" content=\"https:\/\/www.facebook.com\/LesVoyagesImpressionnistes\/\" \/>\n<meta property=\"article:published_time\" content=\"2024-06-14T11:03:16+00:00\" \/>\n<meta property=\"article:modified_time\" content=\"2025-02-03T15:41:45+00:00\" \/>\n<meta property=\"og:image\" content=\"https:\/\/voyagesimpressionnistes.com\/wp-content\/uploads\/2024\/05\/visuel-soleils-couchants-21-06.jpg\" \/>\n\t<meta property=\"og:image:width\" content=\"624\" \/>\n\t<meta property=\"og:image:height\" content=\"508\" \/>\n\t<meta property=\"og:image:type\" content=\"image\/jpeg\" \/>\n<meta name=\"author\" content=\"Phane\" \/>\n<meta name=\"twitter:card\" content=\"summary_large_image\" \/>\n<meta name=\"twitter:label1\" content=\"Written by\" \/>\n\t<meta name=\"twitter:data1\" content=\"Phane\" \/>\n\t<meta name=\"twitter:label2\" content=\"Est. reading time\" \/>\n\t<meta name=\"twitter:data2\" content=\"4 minutes\" \/>\n<script type=\"application\/ld+json\" class=\"yoast-schema-graph\">{\"@context\":\"https:\/\/schema.org\",\"@graph\":[{\"@type\":[\"Article\",\"BlogPosting\"],\"@id\":\"https:\/\/voyagesimpressionnistes.com\/en\/cote-albatre\/impressionnismes-concerts-academie-bach\/#article\",\"isPartOf\":{\"@id\":\"https:\/\/voyagesimpressionnistes.com\/en\/cote-albatre\/impressionnismes-concerts-academie-bach\/\"},\"author\":{\"name\":\"Phane\",\"@id\":\"https:\/\/voyagesimpressionnistes.com\/en\/#\/schema\/person\/78c37c19aa7ae1bd6f4902f296c80e5f\"},\"headline\":\"Impressionnismes, concerts de l&#8217;Acad\u00e9mie Bach\",\"datePublished\":\"2024-06-14T11:03:16+00:00\",\"dateModified\":\"2025-02-03T15:41:45+00:00\",\"mainEntityOfPage\":{\"@id\":\"https:\/\/voyagesimpressionnistes.com\/en\/cote-albatre\/impressionnismes-concerts-academie-bach\/\"},\"wordCount\":744,\"publisher\":{\"@id\":\"https:\/\/voyagesimpressionnistes.com\/en\/#organization\"},\"image\":{\"@id\":\"https:\/\/voyagesimpressionnistes.com\/en\/cote-albatre\/impressionnismes-concerts-academie-bach\/#primaryimage\"},\"thumbnailUrl\":\"https:\/\/voyagesimpressionnistes.com\/wp-content\/uploads\/2024\/05\/visuel-soleils-couchants-21-06.jpg\",\"keywords\":[\"Diary\"],\"articleSection\":[\"The C\u00f4te d\u2019Alb\u00e2tre\"],\"inLanguage\":\"en-US\"},{\"@type\":\"WebPage\",\"@id\":\"https:\/\/voyagesimpressionnistes.com\/en\/cote-albatre\/impressionnismes-concerts-academie-bach\/\",\"url\":\"https:\/\/voyagesimpressionnistes.com\/en\/cote-albatre\/impressionnismes-concerts-academie-bach\/\",\"name\":\"Impressionnismes Acad\u00e9mie Bach - Impressionist adventures\",\"isPartOf\":{\"@id\":\"https:\/\/voyagesimpressionnistes.com\/en\/#website\"},\"primaryImageOfPage\":{\"@id\":\"https:\/\/voyagesimpressionnistes.com\/en\/cote-albatre\/impressionnismes-concerts-academie-bach\/#primaryimage\"},\"image\":{\"@id\":\"https:\/\/voyagesimpressionnistes.com\/en\/cote-albatre\/impressionnismes-concerts-academie-bach\/#primaryimage\"},\"thumbnailUrl\":\"https:\/\/voyagesimpressionnistes.com\/wp-content\/uploads\/2024\/05\/visuel-soleils-couchants-21-06.jpg\",\"datePublished\":\"2024-06-14T11:03:16+00:00\",\"dateModified\":\"2025-02-03T15:41:45+00:00\",\"description\":\"Assistez \u00e0 la s\u00e9rie de concerts \\\"Impressionnismes\\\", avec l'Acad\u00e9mie Bach, dans le cadre des 150 ans de la naissance de l'Impressionnisme.\",\"breadcrumb\":{\"@id\":\"https:\/\/voyagesimpressionnistes.com\/en\/cote-albatre\/impressionnismes-concerts-academie-bach\/#breadcrumb\"},\"inLanguage\":\"en-US\",\"potentialAction\":[{\"@type\":\"ReadAction\",\"target\":[\"https:\/\/voyagesimpressionnistes.com\/en\/cote-albatre\/impressionnismes-concerts-academie-bach\/\"]}]},{\"@type\":\"ImageObject\",\"inLanguage\":\"en-US\",\"@id\":\"https:\/\/voyagesimpressionnistes.com\/en\/cote-albatre\/impressionnismes-concerts-academie-bach\/#primaryimage\",\"url\":\"https:\/\/voyagesimpressionnistes.com\/wp-content\/uploads\/2024\/05\/visuel-soleils-couchants-21-06.jpg\",\"contentUrl\":\"https:\/\/voyagesimpressionnistes.com\/wp-content\/uploads\/2024\/05\/visuel-soleils-couchants-21-06.jpg\",\"width\":624,\"height\":508,\"caption\":\"Impressionnismes, concerts de l'Acad\u00e9mie Bach\"},{\"@type\":\"BreadcrumbList\",\"@id\":\"https:\/\/voyagesimpressionnistes.com\/en\/cote-albatre\/impressionnismes-concerts-academie-bach\/#breadcrumb\",\"itemListElement\":[{\"@type\":\"ListItem\",\"position\":1,\"name\":\"The C\u00f4te d\u2019Alb\u00e2tre\",\"item\":\"https:\/\/voyagesimpressionnistes.com\/en\/cote-albatre\/\"},{\"@type\":\"ListItem\",\"position\":2,\"name\":\"Impressionnismes, concerts de l&rsquo;Acad\u00e9mie Bach\"}]},{\"@type\":\"WebSite\",\"@id\":\"https:\/\/voyagesimpressionnistes.com\/en\/#website\",\"url\":\"https:\/\/voyagesimpressionnistes.com\/en\/\",\"name\":\"Impressionist adventures\",\"description\":\"Inspiring moments\",\"publisher\":{\"@id\":\"https:\/\/voyagesimpressionnistes.com\/en\/#organization\"},\"potentialAction\":[{\"@type\":\"SearchAction\",\"target\":{\"@type\":\"EntryPoint\",\"urlTemplate\":\"https:\/\/voyagesimpressionnistes.com\/en\/?s={search_term_string}\"},\"query-input\":{\"@type\":\"PropertyValueSpecification\",\"valueRequired\":true,\"valueName\":\"search_term_string\"}}],\"inLanguage\":\"en-US\"},{\"@type\":\"Organization\",\"@id\":\"https:\/\/voyagesimpressionnistes.com\/en\/#organization\",\"name\":\"Voyages Impressionnistes\",\"url\":\"https:\/\/voyagesimpressionnistes.com\/en\/\",\"logo\":{\"@type\":\"ImageObject\",\"inLanguage\":\"en-US\",\"@id\":\"https:\/\/voyagesimpressionnistes.com\/en\/#\/schema\/logo\/image\/\",\"url\":\"https:\/\/voyagesimpressionnistes.com\/wp-content\/uploads\/2021\/06\/vi-logo-507x216-1.svg\",\"contentUrl\":\"https:\/\/voyagesimpressionnistes.com\/wp-content\/uploads\/2021\/06\/vi-logo-507x216-1.svg\",\"width\":507,\"height\":216,\"caption\":\"Voyages Impressionnistes\"},\"image\":{\"@id\":\"https:\/\/voyagesimpressionnistes.com\/en\/#\/schema\/logo\/image\/\"},\"sameAs\":[\"https:\/\/www.facebook.com\/LesVoyagesImpressionnistes\/\"]},{\"@type\":\"Person\",\"@id\":\"https:\/\/voyagesimpressionnistes.com\/en\/#\/schema\/person\/78c37c19aa7ae1bd6f4902f296c80e5f\",\"name\":\"Phane\",\"image\":{\"@type\":\"ImageObject\",\"inLanguage\":\"en-US\",\"@id\":\"https:\/\/voyagesimpressionnistes.com\/en\/#\/schema\/person\/image\/\",\"url\":\"https:\/\/secure.gravatar.com\/avatar\/ea705fa375f21b62a2facac16bc19ee8d664629e3399a374a188d355bc5d00b9?s=96&d=mm&r=g\",\"contentUrl\":\"https:\/\/secure.gravatar.com\/avatar\/ea705fa375f21b62a2facac16bc19ee8d664629e3399a374a188d355bc5d00b9?s=96&d=mm&r=g\",\"caption\":\"Phane\"}}]}<\/script>\n<!-- \/ Yoast SEO plugin. -->","yoast_head_json":{"title":"Impressionnismes Acad\u00e9mie Bach - Impressionist adventures","description":"Assistez \u00e0 la s\u00e9rie de concerts \"Impressionnismes\", avec l'Acad\u00e9mie Bach, dans le cadre des 150 ans de la naissance de l'Impressionnisme.","robots":{"index":"index","follow":"follow","max-snippet":"max-snippet:-1","max-image-preview":"max-image-preview:large","max-video-preview":"max-video-preview:-1"},"canonical":"https:\/\/voyagesimpressionnistes.com\/en\/cote-albatre\/impressionnismes-concerts-academie-bach\/","og_locale":"en_US","og_type":"article","og_title":"Impressionnismes Acad\u00e9mie Bach - Impressionist adventures","og_description":"Assistez \u00e0 la s\u00e9rie de concerts \"Impressionnismes\", avec l'Acad\u00e9mie Bach, dans le cadre des 150 ans de la naissance de l'Impressionnisme.","og_url":"https:\/\/voyagesimpressionnistes.com\/en\/cote-albatre\/impressionnismes-concerts-academie-bach\/","og_site_name":"Impressionist adventures","article_publisher":"https:\/\/www.facebook.com\/LesVoyagesImpressionnistes\/","article_published_time":"2024-06-14T11:03:16+00:00","article_modified_time":"2025-02-03T15:41:45+00:00","og_image":[{"width":624,"height":508,"url":"https:\/\/voyagesimpressionnistes.com\/wp-content\/uploads\/2024\/05\/visuel-soleils-couchants-21-06.jpg","type":"image\/jpeg"}],"author":"Phane","twitter_card":"summary_large_image","twitter_misc":{"Written by":"Phane","Est. reading time":"4 minutes"},"schema":{"@context":"https:\/\/schema.org","@graph":[{"@type":["Article","BlogPosting"],"@id":"https:\/\/voyagesimpressionnistes.com\/en\/cote-albatre\/impressionnismes-concerts-academie-bach\/#article","isPartOf":{"@id":"https:\/\/voyagesimpressionnistes.com\/en\/cote-albatre\/impressionnismes-concerts-academie-bach\/"},"author":{"name":"Phane","@id":"https:\/\/voyagesimpressionnistes.com\/en\/#\/schema\/person\/78c37c19aa7ae1bd6f4902f296c80e5f"},"headline":"Impressionnismes, concerts de l&#8217;Acad\u00e9mie Bach","datePublished":"2024-06-14T11:03:16+00:00","dateModified":"2025-02-03T15:41:45+00:00","mainEntityOfPage":{"@id":"https:\/\/voyagesimpressionnistes.com\/en\/cote-albatre\/impressionnismes-concerts-academie-bach\/"},"wordCount":744,"publisher":{"@id":"https:\/\/voyagesimpressionnistes.com\/en\/#organization"},"image":{"@id":"https:\/\/voyagesimpressionnistes.com\/en\/cote-albatre\/impressionnismes-concerts-academie-bach\/#primaryimage"},"thumbnailUrl":"https:\/\/voyagesimpressionnistes.com\/wp-content\/uploads\/2024\/05\/visuel-soleils-couchants-21-06.jpg","keywords":["Diary"],"articleSection":["The C\u00f4te d\u2019Alb\u00e2tre"],"inLanguage":"en-US"},{"@type":"WebPage","@id":"https:\/\/voyagesimpressionnistes.com\/en\/cote-albatre\/impressionnismes-concerts-academie-bach\/","url":"https:\/\/voyagesimpressionnistes.com\/en\/cote-albatre\/impressionnismes-concerts-academie-bach\/","name":"Impressionnismes Acad\u00e9mie Bach - Impressionist adventures","isPartOf":{"@id":"https:\/\/voyagesimpressionnistes.com\/en\/#website"},"primaryImageOfPage":{"@id":"https:\/\/voyagesimpressionnistes.com\/en\/cote-albatre\/impressionnismes-concerts-academie-bach\/#primaryimage"},"image":{"@id":"https:\/\/voyagesimpressionnistes.com\/en\/cote-albatre\/impressionnismes-concerts-academie-bach\/#primaryimage"},"thumbnailUrl":"https:\/\/voyagesimpressionnistes.com\/wp-content\/uploads\/2024\/05\/visuel-soleils-couchants-21-06.jpg","datePublished":"2024-06-14T11:03:16+00:00","dateModified":"2025-02-03T15:41:45+00:00","description":"Assistez \u00e0 la s\u00e9rie de concerts \"Impressionnismes\", avec l'Acad\u00e9mie Bach, dans le cadre des 150 ans de la naissance de l'Impressionnisme.","breadcrumb":{"@id":"https:\/\/voyagesimpressionnistes.com\/en\/cote-albatre\/impressionnismes-concerts-academie-bach\/#breadcrumb"},"inLanguage":"en-US","potentialAction":[{"@type":"ReadAction","target":["https:\/\/voyagesimpressionnistes.com\/en\/cote-albatre\/impressionnismes-concerts-academie-bach\/"]}]},{"@type":"ImageObject","inLanguage":"en-US","@id":"https:\/\/voyagesimpressionnistes.com\/en\/cote-albatre\/impressionnismes-concerts-academie-bach\/#primaryimage","url":"https:\/\/voyagesimpressionnistes.com\/wp-content\/uploads\/2024\/05\/visuel-soleils-couchants-21-06.jpg","contentUrl":"https:\/\/voyagesimpressionnistes.com\/wp-content\/uploads\/2024\/05\/visuel-soleils-couchants-21-06.jpg","width":624,"height":508,"caption":"Impressionnismes, concerts de l'Acad\u00e9mie Bach"},{"@type":"BreadcrumbList","@id":"https:\/\/voyagesimpressionnistes.com\/en\/cote-albatre\/impressionnismes-concerts-academie-bach\/#breadcrumb","itemListElement":[{"@type":"ListItem","position":1,"name":"The C\u00f4te d\u2019Alb\u00e2tre","item":"https:\/\/voyagesimpressionnistes.com\/en\/cote-albatre\/"},{"@type":"ListItem","position":2,"name":"Impressionnismes, concerts de l&rsquo;Acad\u00e9mie Bach"}]},{"@type":"WebSite","@id":"https:\/\/voyagesimpressionnistes.com\/en\/#website","url":"https:\/\/voyagesimpressionnistes.com\/en\/","name":"Impressionist adventures","description":"Inspiring moments","publisher":{"@id":"https:\/\/voyagesimpressionnistes.com\/en\/#organization"},"potentialAction":[{"@type":"SearchAction","target":{"@type":"EntryPoint","urlTemplate":"https:\/\/voyagesimpressionnistes.com\/en\/?s={search_term_string}"},"query-input":{"@type":"PropertyValueSpecification","valueRequired":true,"valueName":"search_term_string"}}],"inLanguage":"en-US"},{"@type":"Organization","@id":"https:\/\/voyagesimpressionnistes.com\/en\/#organization","name":"Voyages Impressionnistes","url":"https:\/\/voyagesimpressionnistes.com\/en\/","logo":{"@type":"ImageObject","inLanguage":"en-US","@id":"https:\/\/voyagesimpressionnistes.com\/en\/#\/schema\/logo\/image\/","url":"https:\/\/voyagesimpressionnistes.com\/wp-content\/uploads\/2021\/06\/vi-logo-507x216-1.svg","contentUrl":"https:\/\/voyagesimpressionnistes.com\/wp-content\/uploads\/2021\/06\/vi-logo-507x216-1.svg","width":507,"height":216,"caption":"Voyages Impressionnistes"},"image":{"@id":"https:\/\/voyagesimpressionnistes.com\/en\/#\/schema\/logo\/image\/"},"sameAs":["https:\/\/www.facebook.com\/LesVoyagesImpressionnistes\/"]},{"@type":"Person","@id":"https:\/\/voyagesimpressionnistes.com\/en\/#\/schema\/person\/78c37c19aa7ae1bd6f4902f296c80e5f","name":"Phane","image":{"@type":"ImageObject","inLanguage":"en-US","@id":"https:\/\/voyagesimpressionnistes.com\/en\/#\/schema\/person\/image\/","url":"https:\/\/secure.gravatar.com\/avatar\/ea705fa375f21b62a2facac16bc19ee8d664629e3399a374a188d355bc5d00b9?s=96&d=mm&r=g","contentUrl":"https:\/\/secure.gravatar.com\/avatar\/ea705fa375f21b62a2facac16bc19ee8d664629e3399a374a188d355bc5d00b9?s=96&d=mm&r=g","caption":"Phane"}}]}},"jetpack_featured_media_url":"https:\/\/voyagesimpressionnistes.com\/wp-content\/uploads\/2024\/05\/visuel-soleils-couchants-21-06.jpg","jetpack_sharing_enabled":true,"_links":{"self":[{"href":"https:\/\/voyagesimpressionnistes.com\/en\/wp-json\/wp\/v2\/posts\/10261","targetHints":{"allow":["GET"]}}],"collection":[{"href":"https:\/\/voyagesimpressionnistes.com\/en\/wp-json\/wp\/v2\/posts"}],"about":[{"href":"https:\/\/voyagesimpressionnistes.com\/en\/wp-json\/wp\/v2\/types\/post"}],"author":[{"embeddable":true,"href":"https:\/\/voyagesimpressionnistes.com\/en\/wp-json\/wp\/v2\/users\/2"}],"replies":[{"embeddable":true,"href":"https:\/\/voyagesimpressionnistes.com\/en\/wp-json\/wp\/v2\/comments?post=10261"}],"version-history":[{"count":6,"href":"https:\/\/voyagesimpressionnistes.com\/en\/wp-json\/wp\/v2\/posts\/10261\/revisions"}],"predecessor-version":[{"id":11854,"href":"https:\/\/voyagesimpressionnistes.com\/en\/wp-json\/wp\/v2\/posts\/10261\/revisions\/11854"}],"wp:featuredmedia":[{"embeddable":true,"href":"https:\/\/voyagesimpressionnistes.com\/en\/wp-json\/wp\/v2\/media\/10260"}],"wp:attachment":[{"href":"https:\/\/voyagesimpressionnistes.com\/en\/wp-json\/wp\/v2\/media?parent=10261"}],"wp:term":[{"taxonomy":"category","embeddable":true,"href":"https:\/\/voyagesimpressionnistes.com\/en\/wp-json\/wp\/v2\/categories?post=10261"},{"taxonomy":"slider_une","embeddable":true,"href":"https:\/\/voyagesimpressionnistes.com\/en\/wp-json\/wp\/v2\/slider_une?post=10261"},{"taxonomy":"regions","embeddable":true,"href":"https:\/\/voyagesimpressionnistes.com\/en\/wp-json\/wp\/v2\/regions?post=10261"},{"taxonomy":"coups_coeur","embeddable":true,"href":"https:\/\/voyagesimpressionnistes.com\/en\/wp-json\/wp\/v2\/coups_coeur?post=10261"},{"taxonomy":"inspiration-type","embeddable":true,"href":"https:\/\/voyagesimpressionnistes.com\/en\/wp-json\/wp\/v2\/inspiration-type?post=10261"},{"taxonomy":"label","embeddable":true,"href":"https:\/\/voyagesimpressionnistes.com\/en\/wp-json\/wp\/v2\/label?post=10261"},{"taxonomy":"categories-agenda","embeddable":true,"href":"https:\/\/voyagesimpressionnistes.com\/en\/wp-json\/wp\/v2\/categories-agenda?post=10261"}],"curies":[{"name":"wp","href":"https:\/\/api.w.org\/{rel}","templated":true}]}}