{"id":10351,"date":"2024-06-20T16:29:02","date_gmt":"2024-06-20T14:29:02","guid":{"rendered":"https:\/\/voyagesimpressionnistes.com\/?p=10351"},"modified":"2024-11-28T14:44:47","modified_gmt":"2024-11-28T13:44:47","slug":"festival-d-auvers-sur-oise-2024","status":"publish","type":"post","link":"https:\/\/voyagesimpressionnistes.com\/en\/auvers-oise-valley\/festival-d-auvers-sur-oise-2024\/","title":{"rendered":"Festival d&#8217;Auvers-sur-Oise 2024"},"content":{"rendered":"<p>En 2024, le Festival d&#8217;Auvers-sur-Oise c\u00e9l\u00e8bre lui aussi <a href=\"https:\/\/voyagesimpressionnistes.com\/en\/auvers-oise-valley\/naissance-impressionnisme-vallee-oise\/\">les 150 ans de la naissance de l&#8217;Impressionnisme<\/a> avec une programmation sp\u00e9ciale li\u00e9e \u00e0 ce mouvement pictural d&#8217;avant-garde.<\/p>\n<h3>Un voyage po\u00e9tique et virtuose<\/h3>\n<p>\u00c9lise Bertrand et Gaspard Thomas jouent ensemble depuis 2017 et ont un go\u00fbt commun pour la composition signant incontestablement l&#8217;originalit\u00e9 de ce duo. L&#8217;un de ses plus grands plaisirs ? P\u00e9n\u00e9trer les arcanes de la musique.<\/p>\n<p>Le dimanche 2 juin \u00e0 17h30, \u00e0 l&#8217;\u00c9glise Notre-Dame d&#8217;Auvers-sur-Oise, assistez \u00e0 cette rencontre entre une jeune prodige du violon, compositrice invit\u00e9e de l&#8217;Opus 43 du Festival d&#8217;Auvers-sur-Oise, et un talentueux pianiste po\u00e8te et virtuose.<\/p>\n<p>Au programme : Gabriel Piern\u00e9, Camille Saint-Sa\u00ebns, Gra\u017cyna Bacewicz, \u00c9lise Bertrand.<\/p>\n<h3>6 voix en voyage<\/h3>\n<p>Le 2 juin, de 12h \u00e0 13h au <a href=\"https:\/\/voyagesimpressionnistes.com\/en\/auvers-oise-valley\/chateau-d-auvers-vision-impressionniste\/\">Ch\u00e2teau d&#8217;Auvers<\/a>, dans le cadre des <em>Midis musicaux au ch\u00e2teau<\/em>, en partenariat avec le Festival d&#8217;Auvers-sur-Oise, l&#8217;Ensemble Si\u00e9bel r\u00e9unit six jeunes chanteurs et chanteuses autour d&#8217;un r\u00e9pertoire vari\u00e9 de musique a cappella. Passionn\u00e9s de musique depuis l&#8217;enfance, ils se forment au sein des conservatoires parisiens. Issus pour la plupart de l&#8217;Acad\u00e9mie du Ch\u0153ur de l&#8217;Orchestre de Paris, c&#8217;est sous la baguette de Lionel Sow que na\u00eet le go\u00fbt du chant en &#8220;un par voix&#8221; et du r\u00e9pertoire a cappella.<\/p>\n<h3>In memoriam Jessye Norman<\/h3>\n<p>C&#8217;est une \u00e9vidence que le Festival d&#8217;Auvers-sur-Oise 2024 puisse rendre un hommage \u00e0 Jessye Norman, disparue il y a presque cinq ann\u00e9es, tant notre admiration est infinie pour sa voix, son timbre unique et son humanisme rayonnant.<\/p>\n<p>La soprano Marie-Laure Garnier, vouant \u00e9galement une tr\u00e8s grande admiration pour la flamboyante diva, saura honorer ce vibrant hommage sous les doigts de la pianiste C\u00e9lia Oneto Bensa\u00efd, dont l&#8217;art subtil du toucher entrera en parfaite osmose avec la richesse et la beaut\u00e9 de sa voix.<\/p>\n<p>Ce concert hommage a lieu le vendredi 14 juin \u00e0 21h \u00e0 l&#8217;\u00c9glise Notre-Dame d&#8217;Auvers-sur-Oise, avec un programme compos\u00e9 d&#8217;\u0153uvres chant\u00e9es par Jessye Norman lors de ses r\u00e9citals en France : Haendel, Schubert, Strauss, Wagner et Spirituals, et \u00c9lise Bertrand, 3 M\u00e9lodies Opus 9.<\/p>\n<h3>Un duo chic et choc<\/h3>\n<p>Lisa Strauss (violoncelle) et Anastasia Rizikov (piano) se sont rencontr\u00e9es l&#8217;an pass\u00e9 au sein de la Fondation Gautier Capu\u00e7on. De cette amiti\u00e9 est n\u00e9 un duo absolument \u00e9clatant : SHUM. SHUM, terme ukrainien qui signifie &#8220;bruit&#8221; en fran\u00e7ais \u00e9voque les origines slaves de Lisa et Anastasia et le r\u00e9pertoire qu&#8217;elles d\u00e9fendent. Deux virtuoses exceptionnelles, deux jeunes artistes habit\u00e9es par une m\u00eame passion.<\/p>\n<p>Le duo SHUM se produit le dimanche 16 juin \u00e0 17h30 \u00e0 l&#8217;\u00c9glise Notre-Dame d&#8217;Auvers-sur-Oise. Au programme :\u00a0\u00c9lise Bertrand, <em>Cr\u00e9ation mondiale de la sonate pour piano et violoncelle<\/em> et musiques d&#8217;Europe de l&#8217;Est et centrale, musique slave, de Fazil Say \u00e0 Sergue\u00ef Rachmaninov.<\/p>\n<h3>Venise la S\u00e9r\u00e9nissime<\/h3>\n<p>D\u00e9couverte en 2014 par le Festival d&#8217;Auvers-sur-Oise, Anastasia Kobekina est tr\u00e8s attendue par son public et fait l&#8217;unanimit\u00e9 \u00e0 chacun de ses concerts. On se souvient de son magistral concerto de Haydn, de ses <em>Suites<\/em> de Bach jou\u00e9es avec force et beaut\u00e9 au prix d&#8217;un engagement entier, absolu, voire spirituel, tout comme son interpr\u00e9tation de ses Schubert, Schumann ou Rachmaninov, d&#8217;une conviction et d&#8217;une intensit\u00e9 divine. Oui, Auvers aime Anastasia et Anastasia aime Auvers car elle l&#8217;a choisi pour f\u00eater la sortie de son premier CD chez Sony Classical dans un programme b\u00e9ni de Dieu, <em>Venise<\/em>, avec le Kammerorchester Basel, v\u00e9ritable joyau orchestral.<\/p>\n<p>Le concert d&#8217;Anastasia Kobekina (violoncelle), accompagn\u00e9e par l&#8217;Orchestre de chambre de B\u00e2le et Julia Schr\u00f6der (premier violon et direction) se tient le jeudi 27 Juin \u00e0 21h \u00e0 l&#8217;\u00c9glise Notre-Dame d&#8217;Auvers-sur-Oise.<\/p>\n<p>Au programme : Tomaso Albinoni, Antonio Vivaldi, Barbara Strozzi, Antonio Sartorio et Niccol\u00f2 Paganini.<\/p>\n<h3>Masterclass Anastasia Kobekina<\/h3>\n<p>Apr\u00e8s une soir\u00e9e forc\u00e9ment inoubliable consacr\u00e9e \u00e0 Venise, Anastasia a tous les talents, dont celui de p\u00e9dagogue, pour donner aux jeunes des conservatoires du D\u00e9partement et de la R\u00e9gion, des conseils avis\u00e9s qu&#8217;elle d\u00e9tient de ses professeurs qui l&#8217;ont form\u00e9e. C&#8217;est ce qu&#8217;elle propose le vendredi\u00a028 juin, de 14h30 \u00e0 18h30 \u00e0 la Maison Rose de Wallerand d&#8217;Auvers-sur-Oise.<\/p>\n<h3>Chains of soul, hommage \u00e0 Aretha Franklin<\/h3>\n<p>Plongez dans l&#8217;\u00e2ge d&#8217;or de la musique avec <em>Chains of Soul<\/em>, l\u2019hommage poignant \u00e0 la reine incontest\u00e9e du genre, l&#8217;iconique Aretha Franklin. Une chanteuse, deux choristes et des musiciens li\u00e9s par l&#8217;amiti\u00e9, la passion et l&#8217;amour de ce r\u00e9pertoire vous feront revivre les chefs-d&#8217;\u0153uvre intemporels de la &#8220;Lady Soul&#8221;. De <em>Respect<\/em> \u00e0 <em>I Say a Little Prayer<\/em>, en passant par <em>Natural<\/em> <em>Woman<\/em>, le tout entrem\u00eal\u00e9 d&#8217;anecdotes racont\u00e9es par Athena, le public du Festival d&#8217;Auvers-sur-Oise sera transport\u00e9 dans un univers mythique qu&#8217;il ne sera pas pr\u00eat d&#8217;oublier.<\/p>\n<p><em>Chains of soul<\/em>, hommage \u00e0 Aretha Franklin aura lieu le samedi 29 juin \u00e0 21h30 dans la Cour d&#8217;honneur du Ch\u00e2teau d&#8217;Auvers-sur-Oise (repli dans l&#8217;\u00c9glise d&#8217;Auvers-sur-Oise en cas de mauvaise m\u00e9t\u00e9o), avec :\u00a0Athena (chant), Pierre Schmidt (guitare), Paul Sany (clavier), Max Darmon (basse), Amine Ouazzani (batterie), Djifa et Gladys Germany (ch\u0153urs).<\/p>\n","protected":false},"excerpt":{"rendered":"<p>En 2024, le Festival d&#8217;Auvers-sur-Oise c\u00e9l\u00e8bre lui aussi les 150  [&#8230;]<\/p>\n","protected":false},"author":2,"featured_media":11285,"comment_status":"closed","ping_status":"closed","sticky":false,"template":"","format":"standard","meta":{"_acf_changed":false,"inline_featured_image":false,"_jetpack_memberships_contains_paid_content":false,"footnotes":""},"categories":[80],"slider_une":[],"regions":[132],"coups_coeur":[],"inspiration-type":[],"label":[141],"categories-agenda":[177],"class_list":["post-10351","post","type-post","status-publish","format-standard","has-post-thumbnail","hentry","category-auvers-oise-valley","tag-diary","regions-idf-en","label-150-years","categories-agenda-festival-en"],"acf":[],"yoast_head":"<!-- This site is optimized with the Yoast SEO plugin v26.3 - https:\/\/yoast.com\/wordpress\/plugins\/seo\/ -->\n<title>Festival d&#039;Auvers-sur-Oise 2024 - Impressionist adventures<\/title>\n<meta name=\"description\" content=\"D\u00e9couvrez la programmation du Festival d&#039;Auvers-sur-Oise 2024, en lien avec la programmation sp\u00e9ciale des 150 ans de l&#039;Impressionnisme.\" \/>\n<meta name=\"robots\" content=\"index, follow, max-snippet:-1, max-image-preview:large, max-video-preview:-1\" \/>\n<link rel=\"canonical\" href=\"https:\/\/voyagesimpressionnistes.com\/en\/auvers-oise-valley\/festival-d-auvers-sur-oise-2024\/\" \/>\n<meta property=\"og:locale\" content=\"en_US\" \/>\n<meta property=\"og:type\" content=\"article\" \/>\n<meta property=\"og:title\" content=\"Festival d&#039;Auvers-sur-Oise 2024 - Impressionist adventures\" \/>\n<meta property=\"og:description\" content=\"D\u00e9couvrez la programmation du Festival d&#039;Auvers-sur-Oise 2024, en lien avec la programmation sp\u00e9ciale des 150 ans de l&#039;Impressionnisme.\" \/>\n<meta property=\"og:url\" content=\"https:\/\/voyagesimpressionnistes.com\/en\/auvers-oise-valley\/festival-d-auvers-sur-oise-2024\/\" \/>\n<meta property=\"og:site_name\" content=\"Impressionist adventures\" \/>\n<meta property=\"article:publisher\" content=\"https:\/\/www.facebook.com\/LesVoyagesImpressionnistes\/\" \/>\n<meta property=\"article:published_time\" content=\"2024-06-20T14:29:02+00:00\" \/>\n<meta property=\"article:modified_time\" content=\"2024-11-28T13:44:47+00:00\" \/>\n<meta property=\"og:image\" content=\"https:\/\/voyagesimpressionnistes.com\/wp-content\/uploads\/2024\/05\/festival-auvers.jpg\" \/>\n\t<meta property=\"og:image:width\" content=\"700\" \/>\n\t<meta property=\"og:image:height\" content=\"990\" \/>\n\t<meta property=\"og:image:type\" content=\"image\/jpeg\" \/>\n<meta name=\"author\" content=\"Phane\" \/>\n<meta name=\"twitter:card\" content=\"summary_large_image\" \/>\n<meta name=\"twitter:label1\" content=\"Written by\" \/>\n\t<meta name=\"twitter:data1\" content=\"Phane\" \/>\n\t<meta name=\"twitter:label2\" content=\"Est. reading time\" \/>\n\t<meta name=\"twitter:data2\" content=\"4 minutes\" \/>\n<script type=\"application\/ld+json\" class=\"yoast-schema-graph\">{\"@context\":\"https:\/\/schema.org\",\"@graph\":[{\"@type\":[\"Article\",\"BlogPosting\"],\"@id\":\"https:\/\/voyagesimpressionnistes.com\/en\/auvers-oise-valley\/festival-d-auvers-sur-oise-2024\/#article\",\"isPartOf\":{\"@id\":\"https:\/\/voyagesimpressionnistes.com\/en\/auvers-oise-valley\/festival-d-auvers-sur-oise-2024\/\"},\"author\":{\"name\":\"Phane\",\"@id\":\"https:\/\/voyagesimpressionnistes.com\/en\/#\/schema\/person\/78c37c19aa7ae1bd6f4902f296c80e5f\"},\"headline\":\"Festival d&#8217;Auvers-sur-Oise 2024\",\"datePublished\":\"2024-06-20T14:29:02+00:00\",\"dateModified\":\"2024-11-28T13:44:47+00:00\",\"mainEntityOfPage\":{\"@id\":\"https:\/\/voyagesimpressionnistes.com\/en\/auvers-oise-valley\/festival-d-auvers-sur-oise-2024\/\"},\"wordCount\":891,\"publisher\":{\"@id\":\"https:\/\/voyagesimpressionnistes.com\/en\/#organization\"},\"image\":{\"@id\":\"https:\/\/voyagesimpressionnistes.com\/en\/auvers-oise-valley\/festival-d-auvers-sur-oise-2024\/#primaryimage\"},\"thumbnailUrl\":\"https:\/\/voyagesimpressionnistes.com\/wp-content\/uploads\/2024\/05\/festival-auvers.jpg\",\"keywords\":[\"Diary\"],\"articleSection\":[\"Auvers &amp; the Oise valley\"],\"inLanguage\":\"en-US\"},{\"@type\":\"WebPage\",\"@id\":\"https:\/\/voyagesimpressionnistes.com\/en\/auvers-oise-valley\/festival-d-auvers-sur-oise-2024\/\",\"url\":\"https:\/\/voyagesimpressionnistes.com\/en\/auvers-oise-valley\/festival-d-auvers-sur-oise-2024\/\",\"name\":\"Festival d'Auvers-sur-Oise 2024 - Impressionist adventures\",\"isPartOf\":{\"@id\":\"https:\/\/voyagesimpressionnistes.com\/en\/#website\"},\"primaryImageOfPage\":{\"@id\":\"https:\/\/voyagesimpressionnistes.com\/en\/auvers-oise-valley\/festival-d-auvers-sur-oise-2024\/#primaryimage\"},\"image\":{\"@id\":\"https:\/\/voyagesimpressionnistes.com\/en\/auvers-oise-valley\/festival-d-auvers-sur-oise-2024\/#primaryimage\"},\"thumbnailUrl\":\"https:\/\/voyagesimpressionnistes.com\/wp-content\/uploads\/2024\/05\/festival-auvers.jpg\",\"datePublished\":\"2024-06-20T14:29:02+00:00\",\"dateModified\":\"2024-11-28T13:44:47+00:00\",\"description\":\"D\u00e9couvrez la programmation du Festival d'Auvers-sur-Oise 2024, en lien avec la programmation sp\u00e9ciale des 150 ans de l'Impressionnisme.\",\"breadcrumb\":{\"@id\":\"https:\/\/voyagesimpressionnistes.com\/en\/auvers-oise-valley\/festival-d-auvers-sur-oise-2024\/#breadcrumb\"},\"inLanguage\":\"en-US\",\"potentialAction\":[{\"@type\":\"ReadAction\",\"target\":[\"https:\/\/voyagesimpressionnistes.com\/en\/auvers-oise-valley\/festival-d-auvers-sur-oise-2024\/\"]}]},{\"@type\":\"ImageObject\",\"inLanguage\":\"en-US\",\"@id\":\"https:\/\/voyagesimpressionnistes.com\/en\/auvers-oise-valley\/festival-d-auvers-sur-oise-2024\/#primaryimage\",\"url\":\"https:\/\/voyagesimpressionnistes.com\/wp-content\/uploads\/2024\/05\/festival-auvers.jpg\",\"contentUrl\":\"https:\/\/voyagesimpressionnistes.com\/wp-content\/uploads\/2024\/05\/festival-auvers.jpg\",\"width\":700,\"height\":990,\"caption\":\"Festival d'Auvers-sur-Oise : affiche\"},{\"@type\":\"BreadcrumbList\",\"@id\":\"https:\/\/voyagesimpressionnistes.com\/en\/auvers-oise-valley\/festival-d-auvers-sur-oise-2024\/#breadcrumb\",\"itemListElement\":[{\"@type\":\"ListItem\",\"position\":1,\"name\":\"Auvers &amp; the Oise valley\",\"item\":\"https:\/\/voyagesimpressionnistes.com\/en\/auvers-oise-valley\/\"},{\"@type\":\"ListItem\",\"position\":2,\"name\":\"Festival d&rsquo;Auvers-sur-Oise 2024\"}]},{\"@type\":\"WebSite\",\"@id\":\"https:\/\/voyagesimpressionnistes.com\/en\/#website\",\"url\":\"https:\/\/voyagesimpressionnistes.com\/en\/\",\"name\":\"Impressionist adventures\",\"description\":\"Inspiring moments\",\"publisher\":{\"@id\":\"https:\/\/voyagesimpressionnistes.com\/en\/#organization\"},\"potentialAction\":[{\"@type\":\"SearchAction\",\"target\":{\"@type\":\"EntryPoint\",\"urlTemplate\":\"https:\/\/voyagesimpressionnistes.com\/en\/?s={search_term_string}\"},\"query-input\":{\"@type\":\"PropertyValueSpecification\",\"valueRequired\":true,\"valueName\":\"search_term_string\"}}],\"inLanguage\":\"en-US\"},{\"@type\":\"Organization\",\"@id\":\"https:\/\/voyagesimpressionnistes.com\/en\/#organization\",\"name\":\"Voyages Impressionnistes\",\"url\":\"https:\/\/voyagesimpressionnistes.com\/en\/\",\"logo\":{\"@type\":\"ImageObject\",\"inLanguage\":\"en-US\",\"@id\":\"https:\/\/voyagesimpressionnistes.com\/en\/#\/schema\/logo\/image\/\",\"url\":\"https:\/\/voyagesimpressionnistes.com\/wp-content\/uploads\/2021\/06\/vi-logo-507x216-1.svg\",\"contentUrl\":\"https:\/\/voyagesimpressionnistes.com\/wp-content\/uploads\/2021\/06\/vi-logo-507x216-1.svg\",\"width\":507,\"height\":216,\"caption\":\"Voyages Impressionnistes\"},\"image\":{\"@id\":\"https:\/\/voyagesimpressionnistes.com\/en\/#\/schema\/logo\/image\/\"},\"sameAs\":[\"https:\/\/www.facebook.com\/LesVoyagesImpressionnistes\/\"]},{\"@type\":\"Person\",\"@id\":\"https:\/\/voyagesimpressionnistes.com\/en\/#\/schema\/person\/78c37c19aa7ae1bd6f4902f296c80e5f\",\"name\":\"Phane\",\"image\":{\"@type\":\"ImageObject\",\"inLanguage\":\"en-US\",\"@id\":\"https:\/\/voyagesimpressionnistes.com\/en\/#\/schema\/person\/image\/\",\"url\":\"https:\/\/secure.gravatar.com\/avatar\/ea705fa375f21b62a2facac16bc19ee8d664629e3399a374a188d355bc5d00b9?s=96&d=mm&r=g\",\"contentUrl\":\"https:\/\/secure.gravatar.com\/avatar\/ea705fa375f21b62a2facac16bc19ee8d664629e3399a374a188d355bc5d00b9?s=96&d=mm&r=g\",\"caption\":\"Phane\"}}]}<\/script>\n<!-- \/ Yoast SEO plugin. -->","yoast_head_json":{"title":"Festival d'Auvers-sur-Oise 2024 - Impressionist adventures","description":"D\u00e9couvrez la programmation du Festival d'Auvers-sur-Oise 2024, en lien avec la programmation sp\u00e9ciale des 150 ans de l'Impressionnisme.","robots":{"index":"index","follow":"follow","max-snippet":"max-snippet:-1","max-image-preview":"max-image-preview:large","max-video-preview":"max-video-preview:-1"},"canonical":"https:\/\/voyagesimpressionnistes.com\/en\/auvers-oise-valley\/festival-d-auvers-sur-oise-2024\/","og_locale":"en_US","og_type":"article","og_title":"Festival d'Auvers-sur-Oise 2024 - Impressionist adventures","og_description":"D\u00e9couvrez la programmation du Festival d'Auvers-sur-Oise 2024, en lien avec la programmation sp\u00e9ciale des 150 ans de l'Impressionnisme.","og_url":"https:\/\/voyagesimpressionnistes.com\/en\/auvers-oise-valley\/festival-d-auvers-sur-oise-2024\/","og_site_name":"Impressionist adventures","article_publisher":"https:\/\/www.facebook.com\/LesVoyagesImpressionnistes\/","article_published_time":"2024-06-20T14:29:02+00:00","article_modified_time":"2024-11-28T13:44:47+00:00","og_image":[{"width":700,"height":990,"url":"https:\/\/voyagesimpressionnistes.com\/wp-content\/uploads\/2024\/05\/festival-auvers.jpg","type":"image\/jpeg"}],"author":"Phane","twitter_card":"summary_large_image","twitter_misc":{"Written by":"Phane","Est. reading time":"4 minutes"},"schema":{"@context":"https:\/\/schema.org","@graph":[{"@type":["Article","BlogPosting"],"@id":"https:\/\/voyagesimpressionnistes.com\/en\/auvers-oise-valley\/festival-d-auvers-sur-oise-2024\/#article","isPartOf":{"@id":"https:\/\/voyagesimpressionnistes.com\/en\/auvers-oise-valley\/festival-d-auvers-sur-oise-2024\/"},"author":{"name":"Phane","@id":"https:\/\/voyagesimpressionnistes.com\/en\/#\/schema\/person\/78c37c19aa7ae1bd6f4902f296c80e5f"},"headline":"Festival d&#8217;Auvers-sur-Oise 2024","datePublished":"2024-06-20T14:29:02+00:00","dateModified":"2024-11-28T13:44:47+00:00","mainEntityOfPage":{"@id":"https:\/\/voyagesimpressionnistes.com\/en\/auvers-oise-valley\/festival-d-auvers-sur-oise-2024\/"},"wordCount":891,"publisher":{"@id":"https:\/\/voyagesimpressionnistes.com\/en\/#organization"},"image":{"@id":"https:\/\/voyagesimpressionnistes.com\/en\/auvers-oise-valley\/festival-d-auvers-sur-oise-2024\/#primaryimage"},"thumbnailUrl":"https:\/\/voyagesimpressionnistes.com\/wp-content\/uploads\/2024\/05\/festival-auvers.jpg","keywords":["Diary"],"articleSection":["Auvers &amp; the Oise valley"],"inLanguage":"en-US"},{"@type":"WebPage","@id":"https:\/\/voyagesimpressionnistes.com\/en\/auvers-oise-valley\/festival-d-auvers-sur-oise-2024\/","url":"https:\/\/voyagesimpressionnistes.com\/en\/auvers-oise-valley\/festival-d-auvers-sur-oise-2024\/","name":"Festival d'Auvers-sur-Oise 2024 - Impressionist adventures","isPartOf":{"@id":"https:\/\/voyagesimpressionnistes.com\/en\/#website"},"primaryImageOfPage":{"@id":"https:\/\/voyagesimpressionnistes.com\/en\/auvers-oise-valley\/festival-d-auvers-sur-oise-2024\/#primaryimage"},"image":{"@id":"https:\/\/voyagesimpressionnistes.com\/en\/auvers-oise-valley\/festival-d-auvers-sur-oise-2024\/#primaryimage"},"thumbnailUrl":"https:\/\/voyagesimpressionnistes.com\/wp-content\/uploads\/2024\/05\/festival-auvers.jpg","datePublished":"2024-06-20T14:29:02+00:00","dateModified":"2024-11-28T13:44:47+00:00","description":"D\u00e9couvrez la programmation du Festival d'Auvers-sur-Oise 2024, en lien avec la programmation sp\u00e9ciale des 150 ans de l'Impressionnisme.","breadcrumb":{"@id":"https:\/\/voyagesimpressionnistes.com\/en\/auvers-oise-valley\/festival-d-auvers-sur-oise-2024\/#breadcrumb"},"inLanguage":"en-US","potentialAction":[{"@type":"ReadAction","target":["https:\/\/voyagesimpressionnistes.com\/en\/auvers-oise-valley\/festival-d-auvers-sur-oise-2024\/"]}]},{"@type":"ImageObject","inLanguage":"en-US","@id":"https:\/\/voyagesimpressionnistes.com\/en\/auvers-oise-valley\/festival-d-auvers-sur-oise-2024\/#primaryimage","url":"https:\/\/voyagesimpressionnistes.com\/wp-content\/uploads\/2024\/05\/festival-auvers.jpg","contentUrl":"https:\/\/voyagesimpressionnistes.com\/wp-content\/uploads\/2024\/05\/festival-auvers.jpg","width":700,"height":990,"caption":"Festival d'Auvers-sur-Oise : affiche"},{"@type":"BreadcrumbList","@id":"https:\/\/voyagesimpressionnistes.com\/en\/auvers-oise-valley\/festival-d-auvers-sur-oise-2024\/#breadcrumb","itemListElement":[{"@type":"ListItem","position":1,"name":"Auvers &amp; the Oise valley","item":"https:\/\/voyagesimpressionnistes.com\/en\/auvers-oise-valley\/"},{"@type":"ListItem","position":2,"name":"Festival d&rsquo;Auvers-sur-Oise 2024"}]},{"@type":"WebSite","@id":"https:\/\/voyagesimpressionnistes.com\/en\/#website","url":"https:\/\/voyagesimpressionnistes.com\/en\/","name":"Impressionist adventures","description":"Inspiring moments","publisher":{"@id":"https:\/\/voyagesimpressionnistes.com\/en\/#organization"},"potentialAction":[{"@type":"SearchAction","target":{"@type":"EntryPoint","urlTemplate":"https:\/\/voyagesimpressionnistes.com\/en\/?s={search_term_string}"},"query-input":{"@type":"PropertyValueSpecification","valueRequired":true,"valueName":"search_term_string"}}],"inLanguage":"en-US"},{"@type":"Organization","@id":"https:\/\/voyagesimpressionnistes.com\/en\/#organization","name":"Voyages Impressionnistes","url":"https:\/\/voyagesimpressionnistes.com\/en\/","logo":{"@type":"ImageObject","inLanguage":"en-US","@id":"https:\/\/voyagesimpressionnistes.com\/en\/#\/schema\/logo\/image\/","url":"https:\/\/voyagesimpressionnistes.com\/wp-content\/uploads\/2021\/06\/vi-logo-507x216-1.svg","contentUrl":"https:\/\/voyagesimpressionnistes.com\/wp-content\/uploads\/2021\/06\/vi-logo-507x216-1.svg","width":507,"height":216,"caption":"Voyages Impressionnistes"},"image":{"@id":"https:\/\/voyagesimpressionnistes.com\/en\/#\/schema\/logo\/image\/"},"sameAs":["https:\/\/www.facebook.com\/LesVoyagesImpressionnistes\/"]},{"@type":"Person","@id":"https:\/\/voyagesimpressionnistes.com\/en\/#\/schema\/person\/78c37c19aa7ae1bd6f4902f296c80e5f","name":"Phane","image":{"@type":"ImageObject","inLanguage":"en-US","@id":"https:\/\/voyagesimpressionnistes.com\/en\/#\/schema\/person\/image\/","url":"https:\/\/secure.gravatar.com\/avatar\/ea705fa375f21b62a2facac16bc19ee8d664629e3399a374a188d355bc5d00b9?s=96&d=mm&r=g","contentUrl":"https:\/\/secure.gravatar.com\/avatar\/ea705fa375f21b62a2facac16bc19ee8d664629e3399a374a188d355bc5d00b9?s=96&d=mm&r=g","caption":"Phane"}}]}},"jetpack_featured_media_url":"https:\/\/voyagesimpressionnistes.com\/wp-content\/uploads\/2024\/05\/festival-auvers.jpg","jetpack_sharing_enabled":true,"_links":{"self":[{"href":"https:\/\/voyagesimpressionnistes.com\/en\/wp-json\/wp\/v2\/posts\/10351","targetHints":{"allow":["GET"]}}],"collection":[{"href":"https:\/\/voyagesimpressionnistes.com\/en\/wp-json\/wp\/v2\/posts"}],"about":[{"href":"https:\/\/voyagesimpressionnistes.com\/en\/wp-json\/wp\/v2\/types\/post"}],"author":[{"embeddable":true,"href":"https:\/\/voyagesimpressionnistes.com\/en\/wp-json\/wp\/v2\/users\/2"}],"replies":[{"embeddable":true,"href":"https:\/\/voyagesimpressionnistes.com\/en\/wp-json\/wp\/v2\/comments?post=10351"}],"version-history":[{"count":8,"href":"https:\/\/voyagesimpressionnistes.com\/en\/wp-json\/wp\/v2\/posts\/10351\/revisions"}],"predecessor-version":[{"id":13567,"href":"https:\/\/voyagesimpressionnistes.com\/en\/wp-json\/wp\/v2\/posts\/10351\/revisions\/13567"}],"wp:featuredmedia":[{"embeddable":true,"href":"https:\/\/voyagesimpressionnistes.com\/en\/wp-json\/wp\/v2\/media\/11285"}],"wp:attachment":[{"href":"https:\/\/voyagesimpressionnistes.com\/en\/wp-json\/wp\/v2\/media?parent=10351"}],"wp:term":[{"taxonomy":"category","embeddable":true,"href":"https:\/\/voyagesimpressionnistes.com\/en\/wp-json\/wp\/v2\/categories?post=10351"},{"taxonomy":"slider_une","embeddable":true,"href":"https:\/\/voyagesimpressionnistes.com\/en\/wp-json\/wp\/v2\/slider_une?post=10351"},{"taxonomy":"regions","embeddable":true,"href":"https:\/\/voyagesimpressionnistes.com\/en\/wp-json\/wp\/v2\/regions?post=10351"},{"taxonomy":"coups_coeur","embeddable":true,"href":"https:\/\/voyagesimpressionnistes.com\/en\/wp-json\/wp\/v2\/coups_coeur?post=10351"},{"taxonomy":"inspiration-type","embeddable":true,"href":"https:\/\/voyagesimpressionnistes.com\/en\/wp-json\/wp\/v2\/inspiration-type?post=10351"},{"taxonomy":"label","embeddable":true,"href":"https:\/\/voyagesimpressionnistes.com\/en\/wp-json\/wp\/v2\/label?post=10351"},{"taxonomy":"categories-agenda","embeddable":true,"href":"https:\/\/voyagesimpressionnistes.com\/en\/wp-json\/wp\/v2\/categories-agenda?post=10351"}],"curies":[{"name":"wp","href":"https:\/\/api.w.org\/{rel}","templated":true}]}}