{"id":10539,"date":"2024-05-24T11:42:33","date_gmt":"2024-05-24T09:42:33","guid":{"rendered":"https:\/\/voyagesimpressionnistes.com\/?p=10539"},"modified":"2024-09-17T14:42:33","modified_gmt":"2024-09-17T12:42:33","slug":"journee-au-temps-des-impressionnistes-auvers","status":"publish","type":"post","link":"https:\/\/voyagesimpressionnistes.com\/en\/auvers-oise-valley\/journee-au-temps-des-impressionnistes-auvers\/","title":{"rendered":"Journ\u00e9e Au temps des Impressionnistes \u00e0 Auvers"},"content":{"rendered":"<p>Dans le cadre de la <a href=\"https:\/\/voyagesimpressionnistes.com\/en\/auvers-oise-valley\/naissance-impressionnisme-vallee-oise\/\">programmation \u00e9v\u00e9nementielle sp\u00e9ciale autour des 150 ans de la naissance de l&#8217;Impressionnisme<\/a>, l&#8217;Office de tourisme Auvers-sur-Oise Sausseron Impressionnistes organise le samedi 8 juin une journ\u00e9e <em>Au temps des Impressionnistes<\/em> \u00e0 Auvers-sur-Oise, ponctu\u00e9e d&#8217;animations pour toutes et tous.<\/p>\n<h3>Croisi\u00e8res sur le Botin<\/h3>\n<p>Toute la journ\u00e9e, embarquez sur le <a href=\"https:\/\/voyagesimpressionnistes.com\/en\/auvers-oise-valley\/le-botin-daubignys-bateau-atelier-or-boat-cum-studio\/\"><em>Botin<\/em><\/a>, le bateau-atelier du peintre Daubigny, \u00e0 la d\u00e9couverte des paysages peints par les Impressionnistes. Un moment convivial et culturel \u00e0 partager avec l&#8217;association Le Botin d&#8217;Auvers-sur-Oise, au d\u00e9part de l&#8217;embarcad\u00e8re, pour 6 personnes maximum par croisi\u00e8re et une dur\u00e9e de 45 mn.<\/p>\n<p>La r\u00e9servation est obligatoire, avec des d\u00e9parts \u00e0 10h, 11h, 12h, 14h, 15h, 16h, 17h et 18h.<\/p>\n<h3>Animation photos : Votre portrait au 19<sup>\u00e8me<\/sup> si\u00e8cle<\/h3>\n<p>Au parc Van Gogh, de 15h \u00e0 19h, prenez la pose en costume d\u2019\u00e9poque devant la &#8220;vintage photo Box&#8221; de Justine et repartez avec votre photo argentique souvenir ! Cet atelier ludique gratuit, propos\u00e9 par la photographe Justine Montmarch\u00e9, permet de comprendre le proc\u00e9d\u00e9 utilis\u00e9 au 19<sup>\u00e8me<\/sup> si\u00e8cle pour r\u00e9aliser les portraits photographiques.<\/p>\n<h3>Spectacle <em>Le petit apprenti peintre<\/em><\/h3>\n<p>\u00c0 16h ou 17h, deux spectacles d&#8217;une demi-heure gratuits et tout public (sans r\u00e9servation) proposent un voyage sonore et visuel : marionnettes, peinture et musique se retrouvent autour de la r\u00e9alisation d&#8217;une toile. Sous une tente nomade, suivez les premiers pas d&#8217;un petit apprenti peintre : doutes, pleurs, rires\u2026 par la compagnie les Streuhbles.<\/p>\n","protected":false},"excerpt":{"rendered":"<p>Dans le cadre de la programmation \u00e9v\u00e9nementielle sp\u00e9ciale autour des  [&#8230;]<\/p>\n","protected":false},"author":2,"featured_media":10536,"comment_status":"closed","ping_status":"closed","sticky":false,"template":"","format":"standard","meta":{"_acf_changed":false,"inline_featured_image":false,"_jetpack_memberships_contains_paid_content":false,"footnotes":""},"categories":[80],"slider_une":[],"regions":[132],"coups_coeur":[],"inspiration-type":[],"label":[141],"categories-agenda":[177],"class_list":["post-10539","post","type-post","status-publish","format-standard","has-post-thumbnail","hentry","category-auvers-oise-valley","tag-diary","regions-idf-en","label-150-years","categories-agenda-festival-en"],"acf":[],"yoast_head":"<!-- This site is optimized with the Yoast SEO plugin v26.3 - https:\/\/yoast.com\/wordpress\/plugins\/seo\/ -->\n<title>Au temps des Impressionnistes Auvers - Impressionist adventures<\/title>\n<meta name=\"description\" content=\"Prenez part \u00e0 la journ\u00e9e &quot;Au temps des Impressionnistes&quot; propos\u00e9e par l&#039;OT d&#039;Auvers-sur-Oise pour les 150 ans de l&#039;Impressionnisme.\" \/>\n<meta name=\"robots\" content=\"index, follow, max-snippet:-1, max-image-preview:large, max-video-preview:-1\" \/>\n<link rel=\"canonical\" href=\"https:\/\/voyagesimpressionnistes.com\/en\/auvers-oise-valley\/journee-au-temps-des-impressionnistes-auvers\/\" \/>\n<meta property=\"og:locale\" content=\"en_US\" \/>\n<meta property=\"og:type\" content=\"article\" \/>\n<meta property=\"og:title\" content=\"Au temps des Impressionnistes Auvers - Impressionist adventures\" \/>\n<meta property=\"og:description\" content=\"Prenez part \u00e0 la journ\u00e9e &quot;Au temps des Impressionnistes&quot; propos\u00e9e par l&#039;OT d&#039;Auvers-sur-Oise pour les 150 ans de l&#039;Impressionnisme.\" \/>\n<meta property=\"og:url\" content=\"https:\/\/voyagesimpressionnistes.com\/en\/auvers-oise-valley\/journee-au-temps-des-impressionnistes-auvers\/\" \/>\n<meta property=\"og:site_name\" content=\"Impressionist adventures\" \/>\n<meta property=\"article:publisher\" content=\"https:\/\/www.facebook.com\/LesVoyagesImpressionnistes\/\" \/>\n<meta property=\"article:published_time\" content=\"2024-05-24T09:42:33+00:00\" \/>\n<meta property=\"article:modified_time\" content=\"2024-09-17T12:42:33+00:00\" \/>\n<meta property=\"og:image\" content=\"https:\/\/voyagesimpressionnistes.com\/wp-content\/uploads\/2024\/06\/21887114-diaporama.jpg\" \/>\n\t<meta property=\"og:image:width\" content=\"484\" \/>\n\t<meta property=\"og:image:height\" content=\"600\" \/>\n\t<meta property=\"og:image:type\" content=\"image\/jpeg\" \/>\n<meta name=\"author\" content=\"Phane\" \/>\n<meta name=\"twitter:card\" content=\"summary_large_image\" \/>\n<meta name=\"twitter:label1\" content=\"Written by\" \/>\n\t<meta name=\"twitter:data1\" content=\"Phane\" \/>\n\t<meta name=\"twitter:label2\" content=\"Est. reading time\" \/>\n\t<meta name=\"twitter:data2\" content=\"1 minute\" \/>\n<script type=\"application\/ld+json\" class=\"yoast-schema-graph\">{\"@context\":\"https:\/\/schema.org\",\"@graph\":[{\"@type\":[\"Article\",\"BlogPosting\"],\"@id\":\"https:\/\/voyagesimpressionnistes.com\/en\/auvers-oise-valley\/journee-au-temps-des-impressionnistes-auvers\/#article\",\"isPartOf\":{\"@id\":\"https:\/\/voyagesimpressionnistes.com\/en\/auvers-oise-valley\/journee-au-temps-des-impressionnistes-auvers\/\"},\"author\":{\"name\":\"Phane\",\"@id\":\"https:\/\/voyagesimpressionnistes.com\/en\/#\/schema\/person\/78c37c19aa7ae1bd6f4902f296c80e5f\"},\"headline\":\"Journ\u00e9e Au temps des Impressionnistes \u00e0 Auvers\",\"datePublished\":\"2024-05-24T09:42:33+00:00\",\"dateModified\":\"2024-09-17T12:42:33+00:00\",\"mainEntityOfPage\":{\"@id\":\"https:\/\/voyagesimpressionnistes.com\/en\/auvers-oise-valley\/journee-au-temps-des-impressionnistes-auvers\/\"},\"wordCount\":254,\"publisher\":{\"@id\":\"https:\/\/voyagesimpressionnistes.com\/en\/#organization\"},\"image\":{\"@id\":\"https:\/\/voyagesimpressionnistes.com\/en\/auvers-oise-valley\/journee-au-temps-des-impressionnistes-auvers\/#primaryimage\"},\"thumbnailUrl\":\"https:\/\/voyagesimpressionnistes.com\/wp-content\/uploads\/2024\/06\/21887114-diaporama.jpg\",\"keywords\":[\"Diary\"],\"articleSection\":[\"Auvers &amp; the Oise valley\"],\"inLanguage\":\"en-US\"},{\"@type\":\"WebPage\",\"@id\":\"https:\/\/voyagesimpressionnistes.com\/en\/auvers-oise-valley\/journee-au-temps-des-impressionnistes-auvers\/\",\"url\":\"https:\/\/voyagesimpressionnistes.com\/en\/auvers-oise-valley\/journee-au-temps-des-impressionnistes-auvers\/\",\"name\":\"Au temps des Impressionnistes Auvers - Impressionist adventures\",\"isPartOf\":{\"@id\":\"https:\/\/voyagesimpressionnistes.com\/en\/#website\"},\"primaryImageOfPage\":{\"@id\":\"https:\/\/voyagesimpressionnistes.com\/en\/auvers-oise-valley\/journee-au-temps-des-impressionnistes-auvers\/#primaryimage\"},\"image\":{\"@id\":\"https:\/\/voyagesimpressionnistes.com\/en\/auvers-oise-valley\/journee-au-temps-des-impressionnistes-auvers\/#primaryimage\"},\"thumbnailUrl\":\"https:\/\/voyagesimpressionnistes.com\/wp-content\/uploads\/2024\/06\/21887114-diaporama.jpg\",\"datePublished\":\"2024-05-24T09:42:33+00:00\",\"dateModified\":\"2024-09-17T12:42:33+00:00\",\"description\":\"Prenez part \u00e0 la journ\u00e9e \\\"Au temps des Impressionnistes\\\" propos\u00e9e par l'OT d'Auvers-sur-Oise pour les 150 ans de l'Impressionnisme.\",\"breadcrumb\":{\"@id\":\"https:\/\/voyagesimpressionnistes.com\/en\/auvers-oise-valley\/journee-au-temps-des-impressionnistes-auvers\/#breadcrumb\"},\"inLanguage\":\"en-US\",\"potentialAction\":[{\"@type\":\"ReadAction\",\"target\":[\"https:\/\/voyagesimpressionnistes.com\/en\/auvers-oise-valley\/journee-au-temps-des-impressionnistes-auvers\/\"]}]},{\"@type\":\"ImageObject\",\"inLanguage\":\"en-US\",\"@id\":\"https:\/\/voyagesimpressionnistes.com\/en\/auvers-oise-valley\/journee-au-temps-des-impressionnistes-auvers\/#primaryimage\",\"url\":\"https:\/\/voyagesimpressionnistes.com\/wp-content\/uploads\/2024\/06\/21887114-diaporama.jpg\",\"contentUrl\":\"https:\/\/voyagesimpressionnistes.com\/wp-content\/uploads\/2024\/06\/21887114-diaporama.jpg\",\"width\":484,\"height\":600,\"caption\":\"Animation photo \u00e0 Auvers-sur-Oise : portrait 19\u00e8me si\u00e8cle\"},{\"@type\":\"BreadcrumbList\",\"@id\":\"https:\/\/voyagesimpressionnistes.com\/en\/auvers-oise-valley\/journee-au-temps-des-impressionnistes-auvers\/#breadcrumb\",\"itemListElement\":[{\"@type\":\"ListItem\",\"position\":1,\"name\":\"Auvers &amp; the Oise valley\",\"item\":\"https:\/\/voyagesimpressionnistes.com\/en\/auvers-oise-valley\/\"},{\"@type\":\"ListItem\",\"position\":2,\"name\":\"Journ\u00e9e Au temps des Impressionnistes \u00e0 Auvers\"}]},{\"@type\":\"WebSite\",\"@id\":\"https:\/\/voyagesimpressionnistes.com\/en\/#website\",\"url\":\"https:\/\/voyagesimpressionnistes.com\/en\/\",\"name\":\"Impressionist adventures\",\"description\":\"Inspiring moments\",\"publisher\":{\"@id\":\"https:\/\/voyagesimpressionnistes.com\/en\/#organization\"},\"potentialAction\":[{\"@type\":\"SearchAction\",\"target\":{\"@type\":\"EntryPoint\",\"urlTemplate\":\"https:\/\/voyagesimpressionnistes.com\/en\/?s={search_term_string}\"},\"query-input\":{\"@type\":\"PropertyValueSpecification\",\"valueRequired\":true,\"valueName\":\"search_term_string\"}}],\"inLanguage\":\"en-US\"},{\"@type\":\"Organization\",\"@id\":\"https:\/\/voyagesimpressionnistes.com\/en\/#organization\",\"name\":\"Voyages Impressionnistes\",\"url\":\"https:\/\/voyagesimpressionnistes.com\/en\/\",\"logo\":{\"@type\":\"ImageObject\",\"inLanguage\":\"en-US\",\"@id\":\"https:\/\/voyagesimpressionnistes.com\/en\/#\/schema\/logo\/image\/\",\"url\":\"https:\/\/voyagesimpressionnistes.com\/wp-content\/uploads\/2021\/06\/vi-logo-507x216-1.svg\",\"contentUrl\":\"https:\/\/voyagesimpressionnistes.com\/wp-content\/uploads\/2021\/06\/vi-logo-507x216-1.svg\",\"width\":507,\"height\":216,\"caption\":\"Voyages Impressionnistes\"},\"image\":{\"@id\":\"https:\/\/voyagesimpressionnistes.com\/en\/#\/schema\/logo\/image\/\"},\"sameAs\":[\"https:\/\/www.facebook.com\/LesVoyagesImpressionnistes\/\"]},{\"@type\":\"Person\",\"@id\":\"https:\/\/voyagesimpressionnistes.com\/en\/#\/schema\/person\/78c37c19aa7ae1bd6f4902f296c80e5f\",\"name\":\"Phane\",\"image\":{\"@type\":\"ImageObject\",\"inLanguage\":\"en-US\",\"@id\":\"https:\/\/voyagesimpressionnistes.com\/en\/#\/schema\/person\/image\/\",\"url\":\"https:\/\/secure.gravatar.com\/avatar\/ea705fa375f21b62a2facac16bc19ee8d664629e3399a374a188d355bc5d00b9?s=96&d=mm&r=g\",\"contentUrl\":\"https:\/\/secure.gravatar.com\/avatar\/ea705fa375f21b62a2facac16bc19ee8d664629e3399a374a188d355bc5d00b9?s=96&d=mm&r=g\",\"caption\":\"Phane\"}}]}<\/script>\n<!-- \/ Yoast SEO plugin. -->","yoast_head_json":{"title":"Au temps des Impressionnistes Auvers - Impressionist adventures","description":"Prenez part \u00e0 la journ\u00e9e \"Au temps des Impressionnistes\" propos\u00e9e par l'OT d'Auvers-sur-Oise pour les 150 ans de l'Impressionnisme.","robots":{"index":"index","follow":"follow","max-snippet":"max-snippet:-1","max-image-preview":"max-image-preview:large","max-video-preview":"max-video-preview:-1"},"canonical":"https:\/\/voyagesimpressionnistes.com\/en\/auvers-oise-valley\/journee-au-temps-des-impressionnistes-auvers\/","og_locale":"en_US","og_type":"article","og_title":"Au temps des Impressionnistes Auvers - Impressionist adventures","og_description":"Prenez part \u00e0 la journ\u00e9e \"Au temps des Impressionnistes\" propos\u00e9e par l'OT d'Auvers-sur-Oise pour les 150 ans de l'Impressionnisme.","og_url":"https:\/\/voyagesimpressionnistes.com\/en\/auvers-oise-valley\/journee-au-temps-des-impressionnistes-auvers\/","og_site_name":"Impressionist adventures","article_publisher":"https:\/\/www.facebook.com\/LesVoyagesImpressionnistes\/","article_published_time":"2024-05-24T09:42:33+00:00","article_modified_time":"2024-09-17T12:42:33+00:00","og_image":[{"width":484,"height":600,"url":"https:\/\/voyagesimpressionnistes.com\/wp-content\/uploads\/2024\/06\/21887114-diaporama.jpg","type":"image\/jpeg"}],"author":"Phane","twitter_card":"summary_large_image","twitter_misc":{"Written by":"Phane","Est. reading time":"1 minute"},"schema":{"@context":"https:\/\/schema.org","@graph":[{"@type":["Article","BlogPosting"],"@id":"https:\/\/voyagesimpressionnistes.com\/en\/auvers-oise-valley\/journee-au-temps-des-impressionnistes-auvers\/#article","isPartOf":{"@id":"https:\/\/voyagesimpressionnistes.com\/en\/auvers-oise-valley\/journee-au-temps-des-impressionnistes-auvers\/"},"author":{"name":"Phane","@id":"https:\/\/voyagesimpressionnistes.com\/en\/#\/schema\/person\/78c37c19aa7ae1bd6f4902f296c80e5f"},"headline":"Journ\u00e9e Au temps des Impressionnistes \u00e0 Auvers","datePublished":"2024-05-24T09:42:33+00:00","dateModified":"2024-09-17T12:42:33+00:00","mainEntityOfPage":{"@id":"https:\/\/voyagesimpressionnistes.com\/en\/auvers-oise-valley\/journee-au-temps-des-impressionnistes-auvers\/"},"wordCount":254,"publisher":{"@id":"https:\/\/voyagesimpressionnistes.com\/en\/#organization"},"image":{"@id":"https:\/\/voyagesimpressionnistes.com\/en\/auvers-oise-valley\/journee-au-temps-des-impressionnistes-auvers\/#primaryimage"},"thumbnailUrl":"https:\/\/voyagesimpressionnistes.com\/wp-content\/uploads\/2024\/06\/21887114-diaporama.jpg","keywords":["Diary"],"articleSection":["Auvers &amp; the Oise valley"],"inLanguage":"en-US"},{"@type":"WebPage","@id":"https:\/\/voyagesimpressionnistes.com\/en\/auvers-oise-valley\/journee-au-temps-des-impressionnistes-auvers\/","url":"https:\/\/voyagesimpressionnistes.com\/en\/auvers-oise-valley\/journee-au-temps-des-impressionnistes-auvers\/","name":"Au temps des Impressionnistes Auvers - Impressionist adventures","isPartOf":{"@id":"https:\/\/voyagesimpressionnistes.com\/en\/#website"},"primaryImageOfPage":{"@id":"https:\/\/voyagesimpressionnistes.com\/en\/auvers-oise-valley\/journee-au-temps-des-impressionnistes-auvers\/#primaryimage"},"image":{"@id":"https:\/\/voyagesimpressionnistes.com\/en\/auvers-oise-valley\/journee-au-temps-des-impressionnistes-auvers\/#primaryimage"},"thumbnailUrl":"https:\/\/voyagesimpressionnistes.com\/wp-content\/uploads\/2024\/06\/21887114-diaporama.jpg","datePublished":"2024-05-24T09:42:33+00:00","dateModified":"2024-09-17T12:42:33+00:00","description":"Prenez part \u00e0 la journ\u00e9e \"Au temps des Impressionnistes\" propos\u00e9e par l'OT d'Auvers-sur-Oise pour les 150 ans de l'Impressionnisme.","breadcrumb":{"@id":"https:\/\/voyagesimpressionnistes.com\/en\/auvers-oise-valley\/journee-au-temps-des-impressionnistes-auvers\/#breadcrumb"},"inLanguage":"en-US","potentialAction":[{"@type":"ReadAction","target":["https:\/\/voyagesimpressionnistes.com\/en\/auvers-oise-valley\/journee-au-temps-des-impressionnistes-auvers\/"]}]},{"@type":"ImageObject","inLanguage":"en-US","@id":"https:\/\/voyagesimpressionnistes.com\/en\/auvers-oise-valley\/journee-au-temps-des-impressionnistes-auvers\/#primaryimage","url":"https:\/\/voyagesimpressionnistes.com\/wp-content\/uploads\/2024\/06\/21887114-diaporama.jpg","contentUrl":"https:\/\/voyagesimpressionnistes.com\/wp-content\/uploads\/2024\/06\/21887114-diaporama.jpg","width":484,"height":600,"caption":"Animation photo \u00e0 Auvers-sur-Oise : portrait 19\u00e8me si\u00e8cle"},{"@type":"BreadcrumbList","@id":"https:\/\/voyagesimpressionnistes.com\/en\/auvers-oise-valley\/journee-au-temps-des-impressionnistes-auvers\/#breadcrumb","itemListElement":[{"@type":"ListItem","position":1,"name":"Auvers &amp; the Oise valley","item":"https:\/\/voyagesimpressionnistes.com\/en\/auvers-oise-valley\/"},{"@type":"ListItem","position":2,"name":"Journ\u00e9e Au temps des Impressionnistes \u00e0 Auvers"}]},{"@type":"WebSite","@id":"https:\/\/voyagesimpressionnistes.com\/en\/#website","url":"https:\/\/voyagesimpressionnistes.com\/en\/","name":"Impressionist adventures","description":"Inspiring moments","publisher":{"@id":"https:\/\/voyagesimpressionnistes.com\/en\/#organization"},"potentialAction":[{"@type":"SearchAction","target":{"@type":"EntryPoint","urlTemplate":"https:\/\/voyagesimpressionnistes.com\/en\/?s={search_term_string}"},"query-input":{"@type":"PropertyValueSpecification","valueRequired":true,"valueName":"search_term_string"}}],"inLanguage":"en-US"},{"@type":"Organization","@id":"https:\/\/voyagesimpressionnistes.com\/en\/#organization","name":"Voyages Impressionnistes","url":"https:\/\/voyagesimpressionnistes.com\/en\/","logo":{"@type":"ImageObject","inLanguage":"en-US","@id":"https:\/\/voyagesimpressionnistes.com\/en\/#\/schema\/logo\/image\/","url":"https:\/\/voyagesimpressionnistes.com\/wp-content\/uploads\/2021\/06\/vi-logo-507x216-1.svg","contentUrl":"https:\/\/voyagesimpressionnistes.com\/wp-content\/uploads\/2021\/06\/vi-logo-507x216-1.svg","width":507,"height":216,"caption":"Voyages Impressionnistes"},"image":{"@id":"https:\/\/voyagesimpressionnistes.com\/en\/#\/schema\/logo\/image\/"},"sameAs":["https:\/\/www.facebook.com\/LesVoyagesImpressionnistes\/"]},{"@type":"Person","@id":"https:\/\/voyagesimpressionnistes.com\/en\/#\/schema\/person\/78c37c19aa7ae1bd6f4902f296c80e5f","name":"Phane","image":{"@type":"ImageObject","inLanguage":"en-US","@id":"https:\/\/voyagesimpressionnistes.com\/en\/#\/schema\/person\/image\/","url":"https:\/\/secure.gravatar.com\/avatar\/ea705fa375f21b62a2facac16bc19ee8d664629e3399a374a188d355bc5d00b9?s=96&d=mm&r=g","contentUrl":"https:\/\/secure.gravatar.com\/avatar\/ea705fa375f21b62a2facac16bc19ee8d664629e3399a374a188d355bc5d00b9?s=96&d=mm&r=g","caption":"Phane"}}]}},"jetpack_featured_media_url":"https:\/\/voyagesimpressionnistes.com\/wp-content\/uploads\/2024\/06\/21887114-diaporama.jpg","jetpack_sharing_enabled":true,"_links":{"self":[{"href":"https:\/\/voyagesimpressionnistes.com\/en\/wp-json\/wp\/v2\/posts\/10539","targetHints":{"allow":["GET"]}}],"collection":[{"href":"https:\/\/voyagesimpressionnistes.com\/en\/wp-json\/wp\/v2\/posts"}],"about":[{"href":"https:\/\/voyagesimpressionnistes.com\/en\/wp-json\/wp\/v2\/types\/post"}],"author":[{"embeddable":true,"href":"https:\/\/voyagesimpressionnistes.com\/en\/wp-json\/wp\/v2\/users\/2"}],"replies":[{"embeddable":true,"href":"https:\/\/voyagesimpressionnistes.com\/en\/wp-json\/wp\/v2\/comments?post=10539"}],"version-history":[{"count":4,"href":"https:\/\/voyagesimpressionnistes.com\/en\/wp-json\/wp\/v2\/posts\/10539\/revisions"}],"predecessor-version":[{"id":11411,"href":"https:\/\/voyagesimpressionnistes.com\/en\/wp-json\/wp\/v2\/posts\/10539\/revisions\/11411"}],"wp:featuredmedia":[{"embeddable":true,"href":"https:\/\/voyagesimpressionnistes.com\/en\/wp-json\/wp\/v2\/media\/10536"}],"wp:attachment":[{"href":"https:\/\/voyagesimpressionnistes.com\/en\/wp-json\/wp\/v2\/media?parent=10539"}],"wp:term":[{"taxonomy":"category","embeddable":true,"href":"https:\/\/voyagesimpressionnistes.com\/en\/wp-json\/wp\/v2\/categories?post=10539"},{"taxonomy":"slider_une","embeddable":true,"href":"https:\/\/voyagesimpressionnistes.com\/en\/wp-json\/wp\/v2\/slider_une?post=10539"},{"taxonomy":"regions","embeddable":true,"href":"https:\/\/voyagesimpressionnistes.com\/en\/wp-json\/wp\/v2\/regions?post=10539"},{"taxonomy":"coups_coeur","embeddable":true,"href":"https:\/\/voyagesimpressionnistes.com\/en\/wp-json\/wp\/v2\/coups_coeur?post=10539"},{"taxonomy":"inspiration-type","embeddable":true,"href":"https:\/\/voyagesimpressionnistes.com\/en\/wp-json\/wp\/v2\/inspiration-type?post=10539"},{"taxonomy":"label","embeddable":true,"href":"https:\/\/voyagesimpressionnistes.com\/en\/wp-json\/wp\/v2\/label?post=10539"},{"taxonomy":"categories-agenda","embeddable":true,"href":"https:\/\/voyagesimpressionnistes.com\/en\/wp-json\/wp\/v2\/categories-agenda?post=10539"}],"curies":[{"name":"wp","href":"https:\/\/api.w.org\/{rel}","templated":true}]}}