{"id":10557,"date":"2024-05-24T12:26:18","date_gmt":"2024-05-24T10:26:18","guid":{"rendered":"https:\/\/voyagesimpressionnistes.com\/?p=10557"},"modified":"2025-11-27T16:35:53","modified_gmt":"2025-11-27T15:35:53","slug":"apero-musical-a-argenteuil","status":"publish","type":"post","link":"https:\/\/voyagesimpressionnistes.com\/en\/banks-seine\/apero-musical-a-argenteuil\/","title":{"rendered":"Ap\u00e9ro musical, la musique de Monet \u00e0 Van Gogh"},"content":{"rendered":"<p>Pour c\u00e9l\u00e9brer les <a href=\"https:\/\/voyagesimpressionnistes.com\/en\/banks-seine\/150-anniversary-impressionism-banks-of-the-seine\/\">150 ans de la naissance de l&#8217;Impressionnisme<\/a>, la <a href=\"https:\/\/voyagesimpressionnistes.com\/en\/banks-seine\/maison-impressionniste-claude-monet-argenteuil\/\">Maison impressionniste Argenteuil<\/a> vous invite \u00e0 d\u00e9couvrir la musique au temps de Claude Monet le samedi 8 juin 2024 avec un Ap\u00e9ro musical \u00e0 Argenteuil, sur le th\u00e8me : la musique de Monet \u00e0 Van Gogh.<\/p>\n<p>Comme la peinture, la musique impressionniste met en valeur des \u00e9l\u00e9ments li\u00e9s \u00e0 la nature. Elle est en mouvement perp\u00e9tuel, s&#8217;ouvre et prend vie. La peinture impressionniste cr\u00e9e la sensation de mouvement par de petites touches de couleur pures. La musique, elle, encha\u00eene par petites touches les courts motifs vari\u00e9s par les harmonies et les nuances. Nous pouvons dire que la peinture a influenc\u00e9 la musique en ne capturant que les sensations \u00e9prouv\u00e9es et le mouvement.<\/p>\n<div class=\"fusion-button-wrapper\"><a class=\"fusion-button button-flat fusion-button-default-size button-default fusion-button-default button-1 fusion-button-default-span fusion-button-default-type\" target=\"_blank\" rel=\"noopener noreferrer\" href=\"https:\/\/www.maisonimpressionniste.fr\/fr\"><span class=\"fusion-button-text awb-button__text awb-button__text--default\">R\u00e9servez votre ap\u00e9ro musical sur le site de la Maison impressionniste Argenteuil<\/span><\/a><\/div>\n","protected":false},"excerpt":{"rendered":"<p>Pour c\u00e9l\u00e9brer les 150 ans de la naissance de l&#8217;Impressionnisme,  [&#8230;]<\/p>\n","protected":false},"author":2,"featured_media":10556,"comment_status":"closed","ping_status":"closed","sticky":false,"template":"","format":"standard","meta":{"_acf_changed":false,"inline_featured_image":false,"_jetpack_memberships_contains_paid_content":false,"footnotes":""},"categories":[86],"slider_une":[],"regions":[132],"coups_coeur":[],"inspiration-type":[],"label":[141],"categories-agenda":[173],"class_list":["post-10557","post","type-post","status-publish","format-standard","has-post-thumbnail","hentry","category-banks-seine","tag-diary","regions-idf-en","label-150-years","categories-agenda-show"],"acf":[],"yoast_head":"<!-- This site is optimized with the Yoast SEO plugin v26.3 - https:\/\/yoast.com\/wordpress\/plugins\/seo\/ -->\n<title>Ap\u00e9ro musical \u00e0 Argenteuil - Impressionist adventures<\/title>\n<meta name=\"description\" content=\"Prenez part \u00e0 l&#039;Ap\u00e9ro musical, la musique de Monet \u00e0 Van Gogh, \u00e0 la Maison Impressionniste Argenteuil pour les 150 ans de l&#039;Impressionnisme.\" \/>\n<meta name=\"robots\" content=\"index, follow, max-snippet:-1, max-image-preview:large, max-video-preview:-1\" \/>\n<link rel=\"canonical\" href=\"https:\/\/voyagesimpressionnistes.com\/en\/banks-seine\/apero-musical-a-argenteuil\/\" \/>\n<meta property=\"og:locale\" content=\"en_US\" \/>\n<meta property=\"og:type\" content=\"article\" \/>\n<meta property=\"og:title\" content=\"Ap\u00e9ro musical \u00e0 Argenteuil - Impressionist adventures\" \/>\n<meta property=\"og:description\" content=\"Prenez part \u00e0 l&#039;Ap\u00e9ro musical, la musique de Monet \u00e0 Van Gogh, \u00e0 la Maison Impressionniste Argenteuil pour les 150 ans de l&#039;Impressionnisme.\" \/>\n<meta property=\"og:url\" content=\"https:\/\/voyagesimpressionnistes.com\/en\/banks-seine\/apero-musical-a-argenteuil\/\" \/>\n<meta property=\"og:site_name\" content=\"Impressionist adventures\" \/>\n<meta property=\"article:publisher\" content=\"https:\/\/www.facebook.com\/LesVoyagesImpressionnistes\/\" \/>\n<meta property=\"article:published_time\" content=\"2024-05-24T10:26:18+00:00\" \/>\n<meta property=\"article:modified_time\" content=\"2025-11-27T15:35:53+00:00\" \/>\n<meta property=\"og:image\" content=\"https:\/\/voyagesimpressionnistes.com\/wp-content\/uploads\/2024\/06\/21923861-diaporama.jpg\" \/>\n\t<meta property=\"og:image:width\" content=\"358\" \/>\n\t<meta property=\"og:image:height\" content=\"600\" \/>\n\t<meta property=\"og:image:type\" content=\"image\/jpeg\" \/>\n<meta name=\"author\" content=\"Phane\" \/>\n<meta name=\"twitter:card\" content=\"summary_large_image\" \/>\n<meta name=\"twitter:label1\" content=\"Written by\" \/>\n\t<meta name=\"twitter:data1\" content=\"Phane\" \/>\n\t<meta name=\"twitter:label2\" content=\"Est. reading time\" \/>\n\t<meta name=\"twitter:data2\" content=\"2 minutes\" \/>\n<script type=\"application\/ld+json\" class=\"yoast-schema-graph\">{\"@context\":\"https:\/\/schema.org\",\"@graph\":[{\"@type\":[\"Article\",\"BlogPosting\"],\"@id\":\"https:\/\/voyagesimpressionnistes.com\/en\/banks-seine\/apero-musical-a-argenteuil\/#article\",\"isPartOf\":{\"@id\":\"https:\/\/voyagesimpressionnistes.com\/en\/banks-seine\/apero-musical-a-argenteuil\/\"},\"author\":{\"name\":\"Phane\",\"@id\":\"https:\/\/voyagesimpressionnistes.com\/en\/#\/schema\/person\/78c37c19aa7ae1bd6f4902f296c80e5f\"},\"headline\":\"Ap\u00e9ro musical, la musique de Monet \u00e0 Van Gogh\",\"datePublished\":\"2024-05-24T10:26:18+00:00\",\"dateModified\":\"2025-11-27T15:35:53+00:00\",\"mainEntityOfPage\":{\"@id\":\"https:\/\/voyagesimpressionnistes.com\/en\/banks-seine\/apero-musical-a-argenteuil\/\"},\"wordCount\":314,\"publisher\":{\"@id\":\"https:\/\/voyagesimpressionnistes.com\/en\/#organization\"},\"image\":{\"@id\":\"https:\/\/voyagesimpressionnistes.com\/en\/banks-seine\/apero-musical-a-argenteuil\/#primaryimage\"},\"thumbnailUrl\":\"https:\/\/voyagesimpressionnistes.com\/wp-content\/uploads\/2024\/06\/21923861-diaporama.jpg\",\"keywords\":[\"Diary\"],\"articleSection\":[\"Along the Banks of the Seine\"],\"inLanguage\":\"en-US\"},{\"@type\":\"WebPage\",\"@id\":\"https:\/\/voyagesimpressionnistes.com\/en\/banks-seine\/apero-musical-a-argenteuil\/\",\"url\":\"https:\/\/voyagesimpressionnistes.com\/en\/banks-seine\/apero-musical-a-argenteuil\/\",\"name\":\"Ap\u00e9ro musical \u00e0 Argenteuil - Impressionist adventures\",\"isPartOf\":{\"@id\":\"https:\/\/voyagesimpressionnistes.com\/en\/#website\"},\"primaryImageOfPage\":{\"@id\":\"https:\/\/voyagesimpressionnistes.com\/en\/banks-seine\/apero-musical-a-argenteuil\/#primaryimage\"},\"image\":{\"@id\":\"https:\/\/voyagesimpressionnistes.com\/en\/banks-seine\/apero-musical-a-argenteuil\/#primaryimage\"},\"thumbnailUrl\":\"https:\/\/voyagesimpressionnistes.com\/wp-content\/uploads\/2024\/06\/21923861-diaporama.jpg\",\"datePublished\":\"2024-05-24T10:26:18+00:00\",\"dateModified\":\"2025-11-27T15:35:53+00:00\",\"description\":\"Prenez part \u00e0 l'Ap\u00e9ro musical, la musique de Monet \u00e0 Van Gogh, \u00e0 la Maison Impressionniste Argenteuil pour les 150 ans de l'Impressionnisme.\",\"breadcrumb\":{\"@id\":\"https:\/\/voyagesimpressionnistes.com\/en\/banks-seine\/apero-musical-a-argenteuil\/#breadcrumb\"},\"inLanguage\":\"en-US\",\"potentialAction\":[{\"@type\":\"ReadAction\",\"target\":[\"https:\/\/voyagesimpressionnistes.com\/en\/banks-seine\/apero-musical-a-argenteuil\/\"]}]},{\"@type\":\"ImageObject\",\"inLanguage\":\"en-US\",\"@id\":\"https:\/\/voyagesimpressionnistes.com\/en\/banks-seine\/apero-musical-a-argenteuil\/#primaryimage\",\"url\":\"https:\/\/voyagesimpressionnistes.com\/wp-content\/uploads\/2024\/06\/21923861-diaporama.jpg\",\"contentUrl\":\"https:\/\/voyagesimpressionnistes.com\/wp-content\/uploads\/2024\/06\/21923861-diaporama.jpg\",\"width\":358,\"height\":600,\"caption\":\"Ap\u00e9ro musical \u00e0 Argenteuil\"},{\"@type\":\"BreadcrumbList\",\"@id\":\"https:\/\/voyagesimpressionnistes.com\/en\/banks-seine\/apero-musical-a-argenteuil\/#breadcrumb\",\"itemListElement\":[{\"@type\":\"ListItem\",\"position\":1,\"name\":\"Along the Banks of the Seine\",\"item\":\"https:\/\/voyagesimpressionnistes.com\/en\/banks-seine\/\"},{\"@type\":\"ListItem\",\"position\":2,\"name\":\"Ap\u00e9ro musical, la musique de Monet \u00e0 Van Gogh\"}]},{\"@type\":\"WebSite\",\"@id\":\"https:\/\/voyagesimpressionnistes.com\/en\/#website\",\"url\":\"https:\/\/voyagesimpressionnistes.com\/en\/\",\"name\":\"Impressionist adventures\",\"description\":\"Inspiring moments\",\"publisher\":{\"@id\":\"https:\/\/voyagesimpressionnistes.com\/en\/#organization\"},\"potentialAction\":[{\"@type\":\"SearchAction\",\"target\":{\"@type\":\"EntryPoint\",\"urlTemplate\":\"https:\/\/voyagesimpressionnistes.com\/en\/?s={search_term_string}\"},\"query-input\":{\"@type\":\"PropertyValueSpecification\",\"valueRequired\":true,\"valueName\":\"search_term_string\"}}],\"inLanguage\":\"en-US\"},{\"@type\":\"Organization\",\"@id\":\"https:\/\/voyagesimpressionnistes.com\/en\/#organization\",\"name\":\"Voyages Impressionnistes\",\"url\":\"https:\/\/voyagesimpressionnistes.com\/en\/\",\"logo\":{\"@type\":\"ImageObject\",\"inLanguage\":\"en-US\",\"@id\":\"https:\/\/voyagesimpressionnistes.com\/en\/#\/schema\/logo\/image\/\",\"url\":\"https:\/\/voyagesimpressionnistes.com\/wp-content\/uploads\/2021\/06\/vi-logo-507x216-1.svg\",\"contentUrl\":\"https:\/\/voyagesimpressionnistes.com\/wp-content\/uploads\/2021\/06\/vi-logo-507x216-1.svg\",\"width\":507,\"height\":216,\"caption\":\"Voyages Impressionnistes\"},\"image\":{\"@id\":\"https:\/\/voyagesimpressionnistes.com\/en\/#\/schema\/logo\/image\/\"},\"sameAs\":[\"https:\/\/www.facebook.com\/LesVoyagesImpressionnistes\/\"]},{\"@type\":\"Person\",\"@id\":\"https:\/\/voyagesimpressionnistes.com\/en\/#\/schema\/person\/78c37c19aa7ae1bd6f4902f296c80e5f\",\"name\":\"Phane\",\"image\":{\"@type\":\"ImageObject\",\"inLanguage\":\"en-US\",\"@id\":\"https:\/\/voyagesimpressionnistes.com\/en\/#\/schema\/person\/image\/\",\"url\":\"https:\/\/secure.gravatar.com\/avatar\/ea705fa375f21b62a2facac16bc19ee8d664629e3399a374a188d355bc5d00b9?s=96&d=mm&r=g\",\"contentUrl\":\"https:\/\/secure.gravatar.com\/avatar\/ea705fa375f21b62a2facac16bc19ee8d664629e3399a374a188d355bc5d00b9?s=96&d=mm&r=g\",\"caption\":\"Phane\"}}]}<\/script>\n<!-- \/ Yoast SEO plugin. -->","yoast_head_json":{"title":"Ap\u00e9ro musical \u00e0 Argenteuil - Impressionist adventures","description":"Prenez part \u00e0 l'Ap\u00e9ro musical, la musique de Monet \u00e0 Van Gogh, \u00e0 la Maison Impressionniste Argenteuil pour les 150 ans de l'Impressionnisme.","robots":{"index":"index","follow":"follow","max-snippet":"max-snippet:-1","max-image-preview":"max-image-preview:large","max-video-preview":"max-video-preview:-1"},"canonical":"https:\/\/voyagesimpressionnistes.com\/en\/banks-seine\/apero-musical-a-argenteuil\/","og_locale":"en_US","og_type":"article","og_title":"Ap\u00e9ro musical \u00e0 Argenteuil - Impressionist adventures","og_description":"Prenez part \u00e0 l'Ap\u00e9ro musical, la musique de Monet \u00e0 Van Gogh, \u00e0 la Maison Impressionniste Argenteuil pour les 150 ans de l'Impressionnisme.","og_url":"https:\/\/voyagesimpressionnistes.com\/en\/banks-seine\/apero-musical-a-argenteuil\/","og_site_name":"Impressionist adventures","article_publisher":"https:\/\/www.facebook.com\/LesVoyagesImpressionnistes\/","article_published_time":"2024-05-24T10:26:18+00:00","article_modified_time":"2025-11-27T15:35:53+00:00","og_image":[{"width":358,"height":600,"url":"https:\/\/voyagesimpressionnistes.com\/wp-content\/uploads\/2024\/06\/21923861-diaporama.jpg","type":"image\/jpeg"}],"author":"Phane","twitter_card":"summary_large_image","twitter_misc":{"Written by":"Phane","Est. reading time":"2 minutes"},"schema":{"@context":"https:\/\/schema.org","@graph":[{"@type":["Article","BlogPosting"],"@id":"https:\/\/voyagesimpressionnistes.com\/en\/banks-seine\/apero-musical-a-argenteuil\/#article","isPartOf":{"@id":"https:\/\/voyagesimpressionnistes.com\/en\/banks-seine\/apero-musical-a-argenteuil\/"},"author":{"name":"Phane","@id":"https:\/\/voyagesimpressionnistes.com\/en\/#\/schema\/person\/78c37c19aa7ae1bd6f4902f296c80e5f"},"headline":"Ap\u00e9ro musical, la musique de Monet \u00e0 Van Gogh","datePublished":"2024-05-24T10:26:18+00:00","dateModified":"2025-11-27T15:35:53+00:00","mainEntityOfPage":{"@id":"https:\/\/voyagesimpressionnistes.com\/en\/banks-seine\/apero-musical-a-argenteuil\/"},"wordCount":314,"publisher":{"@id":"https:\/\/voyagesimpressionnistes.com\/en\/#organization"},"image":{"@id":"https:\/\/voyagesimpressionnistes.com\/en\/banks-seine\/apero-musical-a-argenteuil\/#primaryimage"},"thumbnailUrl":"https:\/\/voyagesimpressionnistes.com\/wp-content\/uploads\/2024\/06\/21923861-diaporama.jpg","keywords":["Diary"],"articleSection":["Along the Banks of the Seine"],"inLanguage":"en-US"},{"@type":"WebPage","@id":"https:\/\/voyagesimpressionnistes.com\/en\/banks-seine\/apero-musical-a-argenteuil\/","url":"https:\/\/voyagesimpressionnistes.com\/en\/banks-seine\/apero-musical-a-argenteuil\/","name":"Ap\u00e9ro musical \u00e0 Argenteuil - Impressionist adventures","isPartOf":{"@id":"https:\/\/voyagesimpressionnistes.com\/en\/#website"},"primaryImageOfPage":{"@id":"https:\/\/voyagesimpressionnistes.com\/en\/banks-seine\/apero-musical-a-argenteuil\/#primaryimage"},"image":{"@id":"https:\/\/voyagesimpressionnistes.com\/en\/banks-seine\/apero-musical-a-argenteuil\/#primaryimage"},"thumbnailUrl":"https:\/\/voyagesimpressionnistes.com\/wp-content\/uploads\/2024\/06\/21923861-diaporama.jpg","datePublished":"2024-05-24T10:26:18+00:00","dateModified":"2025-11-27T15:35:53+00:00","description":"Prenez part \u00e0 l'Ap\u00e9ro musical, la musique de Monet \u00e0 Van Gogh, \u00e0 la Maison Impressionniste Argenteuil pour les 150 ans de l'Impressionnisme.","breadcrumb":{"@id":"https:\/\/voyagesimpressionnistes.com\/en\/banks-seine\/apero-musical-a-argenteuil\/#breadcrumb"},"inLanguage":"en-US","potentialAction":[{"@type":"ReadAction","target":["https:\/\/voyagesimpressionnistes.com\/en\/banks-seine\/apero-musical-a-argenteuil\/"]}]},{"@type":"ImageObject","inLanguage":"en-US","@id":"https:\/\/voyagesimpressionnistes.com\/en\/banks-seine\/apero-musical-a-argenteuil\/#primaryimage","url":"https:\/\/voyagesimpressionnistes.com\/wp-content\/uploads\/2024\/06\/21923861-diaporama.jpg","contentUrl":"https:\/\/voyagesimpressionnistes.com\/wp-content\/uploads\/2024\/06\/21923861-diaporama.jpg","width":358,"height":600,"caption":"Ap\u00e9ro musical \u00e0 Argenteuil"},{"@type":"BreadcrumbList","@id":"https:\/\/voyagesimpressionnistes.com\/en\/banks-seine\/apero-musical-a-argenteuil\/#breadcrumb","itemListElement":[{"@type":"ListItem","position":1,"name":"Along the Banks of the Seine","item":"https:\/\/voyagesimpressionnistes.com\/en\/banks-seine\/"},{"@type":"ListItem","position":2,"name":"Ap\u00e9ro musical, la musique de Monet \u00e0 Van Gogh"}]},{"@type":"WebSite","@id":"https:\/\/voyagesimpressionnistes.com\/en\/#website","url":"https:\/\/voyagesimpressionnistes.com\/en\/","name":"Impressionist adventures","description":"Inspiring moments","publisher":{"@id":"https:\/\/voyagesimpressionnistes.com\/en\/#organization"},"potentialAction":[{"@type":"SearchAction","target":{"@type":"EntryPoint","urlTemplate":"https:\/\/voyagesimpressionnistes.com\/en\/?s={search_term_string}"},"query-input":{"@type":"PropertyValueSpecification","valueRequired":true,"valueName":"search_term_string"}}],"inLanguage":"en-US"},{"@type":"Organization","@id":"https:\/\/voyagesimpressionnistes.com\/en\/#organization","name":"Voyages Impressionnistes","url":"https:\/\/voyagesimpressionnistes.com\/en\/","logo":{"@type":"ImageObject","inLanguage":"en-US","@id":"https:\/\/voyagesimpressionnistes.com\/en\/#\/schema\/logo\/image\/","url":"https:\/\/voyagesimpressionnistes.com\/wp-content\/uploads\/2021\/06\/vi-logo-507x216-1.svg","contentUrl":"https:\/\/voyagesimpressionnistes.com\/wp-content\/uploads\/2021\/06\/vi-logo-507x216-1.svg","width":507,"height":216,"caption":"Voyages Impressionnistes"},"image":{"@id":"https:\/\/voyagesimpressionnistes.com\/en\/#\/schema\/logo\/image\/"},"sameAs":["https:\/\/www.facebook.com\/LesVoyagesImpressionnistes\/"]},{"@type":"Person","@id":"https:\/\/voyagesimpressionnistes.com\/en\/#\/schema\/person\/78c37c19aa7ae1bd6f4902f296c80e5f","name":"Phane","image":{"@type":"ImageObject","inLanguage":"en-US","@id":"https:\/\/voyagesimpressionnistes.com\/en\/#\/schema\/person\/image\/","url":"https:\/\/secure.gravatar.com\/avatar\/ea705fa375f21b62a2facac16bc19ee8d664629e3399a374a188d355bc5d00b9?s=96&d=mm&r=g","contentUrl":"https:\/\/secure.gravatar.com\/avatar\/ea705fa375f21b62a2facac16bc19ee8d664629e3399a374a188d355bc5d00b9?s=96&d=mm&r=g","caption":"Phane"}}]}},"jetpack_featured_media_url":"https:\/\/voyagesimpressionnistes.com\/wp-content\/uploads\/2024\/06\/21923861-diaporama.jpg","jetpack_sharing_enabled":true,"_links":{"self":[{"href":"https:\/\/voyagesimpressionnistes.com\/en\/wp-json\/wp\/v2\/posts\/10557","targetHints":{"allow":["GET"]}}],"collection":[{"href":"https:\/\/voyagesimpressionnistes.com\/en\/wp-json\/wp\/v2\/posts"}],"about":[{"href":"https:\/\/voyagesimpressionnistes.com\/en\/wp-json\/wp\/v2\/types\/post"}],"author":[{"embeddable":true,"href":"https:\/\/voyagesimpressionnistes.com\/en\/wp-json\/wp\/v2\/users\/2"}],"replies":[{"embeddable":true,"href":"https:\/\/voyagesimpressionnistes.com\/en\/wp-json\/wp\/v2\/comments?post=10557"}],"version-history":[{"count":4,"href":"https:\/\/voyagesimpressionnistes.com\/en\/wp-json\/wp\/v2\/posts\/10557\/revisions"}],"predecessor-version":[{"id":15765,"href":"https:\/\/voyagesimpressionnistes.com\/en\/wp-json\/wp\/v2\/posts\/10557\/revisions\/15765"}],"wp:featuredmedia":[{"embeddable":true,"href":"https:\/\/voyagesimpressionnistes.com\/en\/wp-json\/wp\/v2\/media\/10556"}],"wp:attachment":[{"href":"https:\/\/voyagesimpressionnistes.com\/en\/wp-json\/wp\/v2\/media?parent=10557"}],"wp:term":[{"taxonomy":"category","embeddable":true,"href":"https:\/\/voyagesimpressionnistes.com\/en\/wp-json\/wp\/v2\/categories?post=10557"},{"taxonomy":"slider_une","embeddable":true,"href":"https:\/\/voyagesimpressionnistes.com\/en\/wp-json\/wp\/v2\/slider_une?post=10557"},{"taxonomy":"regions","embeddable":true,"href":"https:\/\/voyagesimpressionnistes.com\/en\/wp-json\/wp\/v2\/regions?post=10557"},{"taxonomy":"coups_coeur","embeddable":true,"href":"https:\/\/voyagesimpressionnistes.com\/en\/wp-json\/wp\/v2\/coups_coeur?post=10557"},{"taxonomy":"inspiration-type","embeddable":true,"href":"https:\/\/voyagesimpressionnistes.com\/en\/wp-json\/wp\/v2\/inspiration-type?post=10557"},{"taxonomy":"label","embeddable":true,"href":"https:\/\/voyagesimpressionnistes.com\/en\/wp-json\/wp\/v2\/label?post=10557"},{"taxonomy":"categories-agenda","embeddable":true,"href":"https:\/\/voyagesimpressionnistes.com\/en\/wp-json\/wp\/v2\/categories-agenda?post=10557"}],"curies":[{"name":"wp","href":"https:\/\/api.w.org\/{rel}","templated":true}]}}