{"id":10599,"date":"2024-06-04T14:59:05","date_gmt":"2024-06-04T12:59:05","guid":{"rendered":"https:\/\/voyagesimpressionnistes.com\/uncategorized\/honfleur-celebrates-150-years-of-impressionism\/"},"modified":"2024-06-04T16:37:10","modified_gmt":"2024-06-04T14:37:10","slug":"honfleur-celebrates-150-years-of-impressionism","status":"publish","type":"post","link":"https:\/\/voyagesimpressionnistes.com\/en\/seine-estuary\/honfleur-celebrates-150-years-of-impressionism\/","title":{"rendered":"Honfleur celebrates 150 years of Impressionism"},"content":{"rendered":"<p>Considered one of the cradles of the Impressionist movement, the medieval city of Honfleur is a must-see in Normandy. Named \u201cthe city of painters\u201d, the Normandy port has this unrivaled charm which inspired, inspires and will continue to inspire many artists. The <a href=\"\/paris-montmartre\/150-ans-impressionnisme\/\">150 years of Impressionism<\/a> are therefore an opportunity to highlight this charm and these assets through exhibitions, events or conferences. Artists and enthusiasts, here is our selection so you don&#8217;t miss anything!<\/p>\n<h3>The exhibition \u201cIn the footsteps of the Impressionists\u201d<\/h3>\n<p>The <a href=\"\/estuaire-seine\/ferme-saint-simeon\/\">Saint Sim\u00e9on Farm<\/a> opens its doors free to the public for <a href=\"\/estuaire-seine\/rencontres-de-saint-simeon\/\">les Rencontres de Saint Sim\u00e9on<\/a>! An emblematic place and historical source of inspiration for the pioneers of Impressionism, the luxury hotel announces the opening of an extraordinary exhibition to mark the 150<sup>th<\/sup> anniversary of this revolutionary artistic movement. This free celebration invites visitors on a journey through time and art.<\/p>\n<p>Nest of inspiration for legendary artists such as Monet, Boudin, and Jongkind, the Ferme Saint Sim\u00e9on is proud to reconnect with its artistic past by hosting a collection of paintings painted on the estate. These works, capturing the essence of light and landscapes that fascinated the great masters, will be exhibited in the gardens and public spaces of the Farm, allowing visitors to enjoy an immersive experience in the birthplace of Impressionism.<\/p>\n<p>In addition to the exhibition, La Boucane, the restaurant at Ferme Saint Sim\u00e9on, will offer a special menu in homage to Mother Toutain, an emblematic figure in the reception of impressionist artists. Available Monday to Friday noon until September 22nd, this menu will offer a unique dining experience reflecting the culinary heritage of the region.<\/p>\n<h3>The Hotel Le Cheval Blanc, model of the Impressionists, in the heart of Honfleur<\/h3>\n<p>Rich in history and with your feet in the water, Le Cheval Blanc is even full of a few secrets\u2026 Notably room 332. The latter hosted Claude Monet during his stays in Honfleur. The incredible view of the port greatly inspired him for his paintings of the port.<\/p>\n<p>Built in a former coaching inn dating from the 15<sup>th<\/sup> century and located in the historic heart of the city, this hotel was part of the model landscape of several renowned impressionist painters. Indeed, on the paintings <em>Honfleur, La Jet\u00e9e<\/em> by Eug\u00e8ne Boudin and <em>Boats in the port of Honfleur<\/em> by Claude Monet, we see this bright white building, recognizable among all: the H\u00f4tel Le Cheval Blanc.<\/p>\n<h3>The exhibition &#8220;En compagnie d\u2019Eug\u00e8ne Boudin. Entre C\u00f4te de Gr\u00e2ce et C\u00f4te Fleurie, \u00e0 l\u2019aube de l&#8217;Impressionnisme&#8221;<\/h3>\n<p>From April 20th to August 26th 2024, the Mus\u00e9e Eug\u00e8ne Boudin in Honfleur celebrates 150 years of Impressionism for its part with the exhibition <a href=\"\/estuaire-seine\/en-compagnie-d-eugene-boudin\/\"><em>En compagnie d\u2019Eug\u00e8ne Boudin. Entre C\u00f4te de Gr\u00e2ce et C\u00f4te Fleurie, \u00e0 l\u2019aube de l&#8217;Impressionnisme<\/em><\/a>, as part of the <a href=\"\/giverny-ses-environs\/festival-normandie-impressionniste-2024\/\">Festival Normandie Impressionniste 2024<\/a>.<\/p>\n","protected":false},"excerpt":{"rendered":"<p>Considered one of the cradles of the Impressionist movement, the  [&#8230;]<\/p>\n","protected":false},"author":2,"featured_media":10292,"comment_status":"closed","ping_status":"closed","sticky":false,"template":"","format":"standard","meta":{"_acf_changed":false,"inline_featured_image":false,"_jetpack_memberships_contains_paid_content":false,"footnotes":""},"categories":[84],"slider_une":[],"regions":[133],"coups_coeur":[],"inspiration-type":[],"label":[141],"categories-agenda":[177],"class_list":["post-10599","post","type-post","status-publish","format-standard","has-post-thumbnail","hentry","category-seine-estuary","tag-diary","regions-normandy","label-150-years","categories-agenda-festival-en"],"acf":[],"yoast_head":"<!-- This site is optimized with the Yoast SEO plugin v26.3 - https:\/\/yoast.com\/wordpress\/plugins\/seo\/ -->\n<title>150 years of Impressionism in Honfleur - Impressionist adventures<\/title>\n<meta name=\"description\" content=\"Celebrate 150 years of Impressionism in Honfleur with exhibitions and walks around the Impressionist painters.\" \/>\n<meta name=\"robots\" content=\"index, follow, max-snippet:-1, max-image-preview:large, max-video-preview:-1\" \/>\n<link rel=\"canonical\" href=\"https:\/\/voyagesimpressionnistes.com\/en\/seine-estuary\/honfleur-celebrates-150-years-of-impressionism\/\" \/>\n<meta property=\"og:locale\" content=\"en_US\" \/>\n<meta property=\"og:type\" content=\"article\" \/>\n<meta property=\"og:title\" content=\"150 years of Impressionism in Honfleur - Impressionist adventures\" \/>\n<meta property=\"og:description\" content=\"Celebrate 150 years of Impressionism in Honfleur with exhibitions and walks around the Impressionist painters.\" \/>\n<meta property=\"og:url\" content=\"https:\/\/voyagesimpressionnistes.com\/en\/seine-estuary\/honfleur-celebrates-150-years-of-impressionism\/\" \/>\n<meta property=\"og:site_name\" content=\"Impressionist adventures\" \/>\n<meta property=\"article:publisher\" content=\"https:\/\/www.facebook.com\/LesVoyagesImpressionnistes\/\" \/>\n<meta property=\"article:published_time\" content=\"2024-06-04T12:59:05+00:00\" \/>\n<meta property=\"article:modified_time\" content=\"2024-06-04T14:37:10+00:00\" \/>\n<meta property=\"og:image\" content=\"https:\/\/voyagesimpressionnistes.com\/wp-content\/uploads\/2024\/05\/Balade_pres_du_bassin_du_port_de_Honfleur_-_Buchowski___Vagabonde-Buchowski___Vagabonde-24730-1600px.jpg\" \/>\n\t<meta property=\"og:image:width\" content=\"1066\" \/>\n\t<meta property=\"og:image:height\" content=\"1600\" \/>\n\t<meta property=\"og:image:type\" content=\"image\/jpeg\" \/>\n<meta name=\"author\" content=\"Phane\" \/>\n<meta name=\"twitter:card\" content=\"summary_large_image\" \/>\n<meta name=\"twitter:label1\" content=\"Written by\" \/>\n\t<meta name=\"twitter:data1\" content=\"Phane\" \/>\n\t<meta name=\"twitter:label2\" content=\"Est. reading time\" \/>\n\t<meta name=\"twitter:data2\" content=\"2 minutes\" \/>\n<script type=\"application\/ld+json\" class=\"yoast-schema-graph\">{\"@context\":\"https:\/\/schema.org\",\"@graph\":[{\"@type\":[\"Article\",\"BlogPosting\"],\"@id\":\"https:\/\/voyagesimpressionnistes.com\/en\/seine-estuary\/honfleur-celebrates-150-years-of-impressionism\/#article\",\"isPartOf\":{\"@id\":\"https:\/\/voyagesimpressionnistes.com\/en\/seine-estuary\/honfleur-celebrates-150-years-of-impressionism\/\"},\"author\":{\"name\":\"Phane\",\"@id\":\"https:\/\/voyagesimpressionnistes.com\/en\/#\/schema\/person\/78c37c19aa7ae1bd6f4902f296c80e5f\"},\"headline\":\"Honfleur celebrates 150 years of Impressionism\",\"datePublished\":\"2024-06-04T12:59:05+00:00\",\"dateModified\":\"2024-06-04T14:37:10+00:00\",\"mainEntityOfPage\":{\"@id\":\"https:\/\/voyagesimpressionnistes.com\/en\/seine-estuary\/honfleur-celebrates-150-years-of-impressionism\/\"},\"wordCount\":486,\"publisher\":{\"@id\":\"https:\/\/voyagesimpressionnistes.com\/en\/#organization\"},\"image\":{\"@id\":\"https:\/\/voyagesimpressionnistes.com\/en\/seine-estuary\/honfleur-celebrates-150-years-of-impressionism\/#primaryimage\"},\"thumbnailUrl\":\"https:\/\/voyagesimpressionnistes.com\/wp-content\/uploads\/2024\/05\/Balade_pres_du_bassin_du_port_de_Honfleur_-_Buchowski___Vagabonde-Buchowski___Vagabonde-24730-1600px.jpg\",\"keywords\":[\"Diary\"],\"articleSection\":[\"The Seine Estuary\"],\"inLanguage\":\"en-US\"},{\"@type\":\"WebPage\",\"@id\":\"https:\/\/voyagesimpressionnistes.com\/en\/seine-estuary\/honfleur-celebrates-150-years-of-impressionism\/\",\"url\":\"https:\/\/voyagesimpressionnistes.com\/en\/seine-estuary\/honfleur-celebrates-150-years-of-impressionism\/\",\"name\":\"150 years of Impressionism in Honfleur - Impressionist adventures\",\"isPartOf\":{\"@id\":\"https:\/\/voyagesimpressionnistes.com\/en\/#website\"},\"primaryImageOfPage\":{\"@id\":\"https:\/\/voyagesimpressionnistes.com\/en\/seine-estuary\/honfleur-celebrates-150-years-of-impressionism\/#primaryimage\"},\"image\":{\"@id\":\"https:\/\/voyagesimpressionnistes.com\/en\/seine-estuary\/honfleur-celebrates-150-years-of-impressionism\/#primaryimage\"},\"thumbnailUrl\":\"https:\/\/voyagesimpressionnistes.com\/wp-content\/uploads\/2024\/05\/Balade_pres_du_bassin_du_port_de_Honfleur_-_Buchowski___Vagabonde-Buchowski___Vagabonde-24730-1600px.jpg\",\"datePublished\":\"2024-06-04T12:59:05+00:00\",\"dateModified\":\"2024-06-04T14:37:10+00:00\",\"description\":\"Celebrate 150 years of Impressionism in Honfleur with exhibitions and walks around the Impressionist painters.\",\"breadcrumb\":{\"@id\":\"https:\/\/voyagesimpressionnistes.com\/en\/seine-estuary\/honfleur-celebrates-150-years-of-impressionism\/#breadcrumb\"},\"inLanguage\":\"en-US\",\"potentialAction\":[{\"@type\":\"ReadAction\",\"target\":[\"https:\/\/voyagesimpressionnistes.com\/en\/seine-estuary\/honfleur-celebrates-150-years-of-impressionism\/\"]}]},{\"@type\":\"ImageObject\",\"inLanguage\":\"en-US\",\"@id\":\"https:\/\/voyagesimpressionnistes.com\/en\/seine-estuary\/honfleur-celebrates-150-years-of-impressionism\/#primaryimage\",\"url\":\"https:\/\/voyagesimpressionnistes.com\/wp-content\/uploads\/2024\/05\/Balade_pres_du_bassin_du_port_de_Honfleur_-_Buchowski___Vagabonde-Buchowski___Vagabonde-24730-1600px.jpg\",\"contentUrl\":\"https:\/\/voyagesimpressionnistes.com\/wp-content\/uploads\/2024\/05\/Balade_pres_du_bassin_du_port_de_Honfleur_-_Buchowski___Vagabonde-Buchowski___Vagabonde-24730-1600px.jpg\",\"width\":1066,\"height\":1600,\"caption\":\"150 years of Impressionism in Honfleur \u00a9 Buchowski &amp; Vagabonde\"},{\"@type\":\"BreadcrumbList\",\"@id\":\"https:\/\/voyagesimpressionnistes.com\/en\/seine-estuary\/honfleur-celebrates-150-years-of-impressionism\/#breadcrumb\",\"itemListElement\":[{\"@type\":\"ListItem\",\"position\":1,\"name\":\"The Seine Estuary\",\"item\":\"https:\/\/voyagesimpressionnistes.com\/en\/seine-estuary\/\"},{\"@type\":\"ListItem\",\"position\":2,\"name\":\"Honfleur celebrates 150 years of Impressionism\"}]},{\"@type\":\"WebSite\",\"@id\":\"https:\/\/voyagesimpressionnistes.com\/en\/#website\",\"url\":\"https:\/\/voyagesimpressionnistes.com\/en\/\",\"name\":\"Impressionist adventures\",\"description\":\"Inspiring moments\",\"publisher\":{\"@id\":\"https:\/\/voyagesimpressionnistes.com\/en\/#organization\"},\"potentialAction\":[{\"@type\":\"SearchAction\",\"target\":{\"@type\":\"EntryPoint\",\"urlTemplate\":\"https:\/\/voyagesimpressionnistes.com\/en\/?s={search_term_string}\"},\"query-input\":{\"@type\":\"PropertyValueSpecification\",\"valueRequired\":true,\"valueName\":\"search_term_string\"}}],\"inLanguage\":\"en-US\"},{\"@type\":\"Organization\",\"@id\":\"https:\/\/voyagesimpressionnistes.com\/en\/#organization\",\"name\":\"Voyages Impressionnistes\",\"url\":\"https:\/\/voyagesimpressionnistes.com\/en\/\",\"logo\":{\"@type\":\"ImageObject\",\"inLanguage\":\"en-US\",\"@id\":\"https:\/\/voyagesimpressionnistes.com\/en\/#\/schema\/logo\/image\/\",\"url\":\"https:\/\/voyagesimpressionnistes.com\/wp-content\/uploads\/2021\/06\/vi-logo-507x216-1.svg\",\"contentUrl\":\"https:\/\/voyagesimpressionnistes.com\/wp-content\/uploads\/2021\/06\/vi-logo-507x216-1.svg\",\"width\":507,\"height\":216,\"caption\":\"Voyages Impressionnistes\"},\"image\":{\"@id\":\"https:\/\/voyagesimpressionnistes.com\/en\/#\/schema\/logo\/image\/\"},\"sameAs\":[\"https:\/\/www.facebook.com\/LesVoyagesImpressionnistes\/\"]},{\"@type\":\"Person\",\"@id\":\"https:\/\/voyagesimpressionnistes.com\/en\/#\/schema\/person\/78c37c19aa7ae1bd6f4902f296c80e5f\",\"name\":\"Phane\",\"image\":{\"@type\":\"ImageObject\",\"inLanguage\":\"en-US\",\"@id\":\"https:\/\/voyagesimpressionnistes.com\/en\/#\/schema\/person\/image\/\",\"url\":\"https:\/\/secure.gravatar.com\/avatar\/ea705fa375f21b62a2facac16bc19ee8d664629e3399a374a188d355bc5d00b9?s=96&d=mm&r=g\",\"contentUrl\":\"https:\/\/secure.gravatar.com\/avatar\/ea705fa375f21b62a2facac16bc19ee8d664629e3399a374a188d355bc5d00b9?s=96&d=mm&r=g\",\"caption\":\"Phane\"}}]}<\/script>\n<!-- \/ Yoast SEO plugin. -->","yoast_head_json":{"title":"150 years of Impressionism in Honfleur - Impressionist adventures","description":"Celebrate 150 years of Impressionism in Honfleur with exhibitions and walks around the Impressionist painters.","robots":{"index":"index","follow":"follow","max-snippet":"max-snippet:-1","max-image-preview":"max-image-preview:large","max-video-preview":"max-video-preview:-1"},"canonical":"https:\/\/voyagesimpressionnistes.com\/en\/seine-estuary\/honfleur-celebrates-150-years-of-impressionism\/","og_locale":"en_US","og_type":"article","og_title":"150 years of Impressionism in Honfleur - Impressionist adventures","og_description":"Celebrate 150 years of Impressionism in Honfleur with exhibitions and walks around the Impressionist painters.","og_url":"https:\/\/voyagesimpressionnistes.com\/en\/seine-estuary\/honfleur-celebrates-150-years-of-impressionism\/","og_site_name":"Impressionist adventures","article_publisher":"https:\/\/www.facebook.com\/LesVoyagesImpressionnistes\/","article_published_time":"2024-06-04T12:59:05+00:00","article_modified_time":"2024-06-04T14:37:10+00:00","og_image":[{"width":1066,"height":1600,"url":"https:\/\/voyagesimpressionnistes.com\/wp-content\/uploads\/2024\/05\/Balade_pres_du_bassin_du_port_de_Honfleur_-_Buchowski___Vagabonde-Buchowski___Vagabonde-24730-1600px.jpg","type":"image\/jpeg"}],"author":"Phane","twitter_card":"summary_large_image","twitter_misc":{"Written by":"Phane","Est. reading time":"2 minutes"},"schema":{"@context":"https:\/\/schema.org","@graph":[{"@type":["Article","BlogPosting"],"@id":"https:\/\/voyagesimpressionnistes.com\/en\/seine-estuary\/honfleur-celebrates-150-years-of-impressionism\/#article","isPartOf":{"@id":"https:\/\/voyagesimpressionnistes.com\/en\/seine-estuary\/honfleur-celebrates-150-years-of-impressionism\/"},"author":{"name":"Phane","@id":"https:\/\/voyagesimpressionnistes.com\/en\/#\/schema\/person\/78c37c19aa7ae1bd6f4902f296c80e5f"},"headline":"Honfleur celebrates 150 years of Impressionism","datePublished":"2024-06-04T12:59:05+00:00","dateModified":"2024-06-04T14:37:10+00:00","mainEntityOfPage":{"@id":"https:\/\/voyagesimpressionnistes.com\/en\/seine-estuary\/honfleur-celebrates-150-years-of-impressionism\/"},"wordCount":486,"publisher":{"@id":"https:\/\/voyagesimpressionnistes.com\/en\/#organization"},"image":{"@id":"https:\/\/voyagesimpressionnistes.com\/en\/seine-estuary\/honfleur-celebrates-150-years-of-impressionism\/#primaryimage"},"thumbnailUrl":"https:\/\/voyagesimpressionnistes.com\/wp-content\/uploads\/2024\/05\/Balade_pres_du_bassin_du_port_de_Honfleur_-_Buchowski___Vagabonde-Buchowski___Vagabonde-24730-1600px.jpg","keywords":["Diary"],"articleSection":["The Seine Estuary"],"inLanguage":"en-US"},{"@type":"WebPage","@id":"https:\/\/voyagesimpressionnistes.com\/en\/seine-estuary\/honfleur-celebrates-150-years-of-impressionism\/","url":"https:\/\/voyagesimpressionnistes.com\/en\/seine-estuary\/honfleur-celebrates-150-years-of-impressionism\/","name":"150 years of Impressionism in Honfleur - Impressionist adventures","isPartOf":{"@id":"https:\/\/voyagesimpressionnistes.com\/en\/#website"},"primaryImageOfPage":{"@id":"https:\/\/voyagesimpressionnistes.com\/en\/seine-estuary\/honfleur-celebrates-150-years-of-impressionism\/#primaryimage"},"image":{"@id":"https:\/\/voyagesimpressionnistes.com\/en\/seine-estuary\/honfleur-celebrates-150-years-of-impressionism\/#primaryimage"},"thumbnailUrl":"https:\/\/voyagesimpressionnistes.com\/wp-content\/uploads\/2024\/05\/Balade_pres_du_bassin_du_port_de_Honfleur_-_Buchowski___Vagabonde-Buchowski___Vagabonde-24730-1600px.jpg","datePublished":"2024-06-04T12:59:05+00:00","dateModified":"2024-06-04T14:37:10+00:00","description":"Celebrate 150 years of Impressionism in Honfleur with exhibitions and walks around the Impressionist painters.","breadcrumb":{"@id":"https:\/\/voyagesimpressionnistes.com\/en\/seine-estuary\/honfleur-celebrates-150-years-of-impressionism\/#breadcrumb"},"inLanguage":"en-US","potentialAction":[{"@type":"ReadAction","target":["https:\/\/voyagesimpressionnistes.com\/en\/seine-estuary\/honfleur-celebrates-150-years-of-impressionism\/"]}]},{"@type":"ImageObject","inLanguage":"en-US","@id":"https:\/\/voyagesimpressionnistes.com\/en\/seine-estuary\/honfleur-celebrates-150-years-of-impressionism\/#primaryimage","url":"https:\/\/voyagesimpressionnistes.com\/wp-content\/uploads\/2024\/05\/Balade_pres_du_bassin_du_port_de_Honfleur_-_Buchowski___Vagabonde-Buchowski___Vagabonde-24730-1600px.jpg","contentUrl":"https:\/\/voyagesimpressionnistes.com\/wp-content\/uploads\/2024\/05\/Balade_pres_du_bassin_du_port_de_Honfleur_-_Buchowski___Vagabonde-Buchowski___Vagabonde-24730-1600px.jpg","width":1066,"height":1600,"caption":"150 years of Impressionism in Honfleur \u00a9 Buchowski &amp; Vagabonde"},{"@type":"BreadcrumbList","@id":"https:\/\/voyagesimpressionnistes.com\/en\/seine-estuary\/honfleur-celebrates-150-years-of-impressionism\/#breadcrumb","itemListElement":[{"@type":"ListItem","position":1,"name":"The Seine Estuary","item":"https:\/\/voyagesimpressionnistes.com\/en\/seine-estuary\/"},{"@type":"ListItem","position":2,"name":"Honfleur celebrates 150 years of Impressionism"}]},{"@type":"WebSite","@id":"https:\/\/voyagesimpressionnistes.com\/en\/#website","url":"https:\/\/voyagesimpressionnistes.com\/en\/","name":"Impressionist adventures","description":"Inspiring moments","publisher":{"@id":"https:\/\/voyagesimpressionnistes.com\/en\/#organization"},"potentialAction":[{"@type":"SearchAction","target":{"@type":"EntryPoint","urlTemplate":"https:\/\/voyagesimpressionnistes.com\/en\/?s={search_term_string}"},"query-input":{"@type":"PropertyValueSpecification","valueRequired":true,"valueName":"search_term_string"}}],"inLanguage":"en-US"},{"@type":"Organization","@id":"https:\/\/voyagesimpressionnistes.com\/en\/#organization","name":"Voyages Impressionnistes","url":"https:\/\/voyagesimpressionnistes.com\/en\/","logo":{"@type":"ImageObject","inLanguage":"en-US","@id":"https:\/\/voyagesimpressionnistes.com\/en\/#\/schema\/logo\/image\/","url":"https:\/\/voyagesimpressionnistes.com\/wp-content\/uploads\/2021\/06\/vi-logo-507x216-1.svg","contentUrl":"https:\/\/voyagesimpressionnistes.com\/wp-content\/uploads\/2021\/06\/vi-logo-507x216-1.svg","width":507,"height":216,"caption":"Voyages Impressionnistes"},"image":{"@id":"https:\/\/voyagesimpressionnistes.com\/en\/#\/schema\/logo\/image\/"},"sameAs":["https:\/\/www.facebook.com\/LesVoyagesImpressionnistes\/"]},{"@type":"Person","@id":"https:\/\/voyagesimpressionnistes.com\/en\/#\/schema\/person\/78c37c19aa7ae1bd6f4902f296c80e5f","name":"Phane","image":{"@type":"ImageObject","inLanguage":"en-US","@id":"https:\/\/voyagesimpressionnistes.com\/en\/#\/schema\/person\/image\/","url":"https:\/\/secure.gravatar.com\/avatar\/ea705fa375f21b62a2facac16bc19ee8d664629e3399a374a188d355bc5d00b9?s=96&d=mm&r=g","contentUrl":"https:\/\/secure.gravatar.com\/avatar\/ea705fa375f21b62a2facac16bc19ee8d664629e3399a374a188d355bc5d00b9?s=96&d=mm&r=g","caption":"Phane"}}]}},"jetpack_featured_media_url":"https:\/\/voyagesimpressionnistes.com\/wp-content\/uploads\/2024\/05\/Balade_pres_du_bassin_du_port_de_Honfleur_-_Buchowski___Vagabonde-Buchowski___Vagabonde-24730-1600px.jpg","jetpack_sharing_enabled":true,"_links":{"self":[{"href":"https:\/\/voyagesimpressionnistes.com\/en\/wp-json\/wp\/v2\/posts\/10599","targetHints":{"allow":["GET"]}}],"collection":[{"href":"https:\/\/voyagesimpressionnistes.com\/en\/wp-json\/wp\/v2\/posts"}],"about":[{"href":"https:\/\/voyagesimpressionnistes.com\/en\/wp-json\/wp\/v2\/types\/post"}],"author":[{"embeddable":true,"href":"https:\/\/voyagesimpressionnistes.com\/en\/wp-json\/wp\/v2\/users\/2"}],"replies":[{"embeddable":true,"href":"https:\/\/voyagesimpressionnistes.com\/en\/wp-json\/wp\/v2\/comments?post=10599"}],"version-history":[{"count":1,"href":"https:\/\/voyagesimpressionnistes.com\/en\/wp-json\/wp\/v2\/posts\/10599\/revisions"}],"predecessor-version":[{"id":10636,"href":"https:\/\/voyagesimpressionnistes.com\/en\/wp-json\/wp\/v2\/posts\/10599\/revisions\/10636"}],"wp:featuredmedia":[{"embeddable":true,"href":"https:\/\/voyagesimpressionnistes.com\/en\/wp-json\/wp\/v2\/media\/10292"}],"wp:attachment":[{"href":"https:\/\/voyagesimpressionnistes.com\/en\/wp-json\/wp\/v2\/media?parent=10599"}],"wp:term":[{"taxonomy":"category","embeddable":true,"href":"https:\/\/voyagesimpressionnistes.com\/en\/wp-json\/wp\/v2\/categories?post=10599"},{"taxonomy":"slider_une","embeddable":true,"href":"https:\/\/voyagesimpressionnistes.com\/en\/wp-json\/wp\/v2\/slider_une?post=10599"},{"taxonomy":"regions","embeddable":true,"href":"https:\/\/voyagesimpressionnistes.com\/en\/wp-json\/wp\/v2\/regions?post=10599"},{"taxonomy":"coups_coeur","embeddable":true,"href":"https:\/\/voyagesimpressionnistes.com\/en\/wp-json\/wp\/v2\/coups_coeur?post=10599"},{"taxonomy":"inspiration-type","embeddable":true,"href":"https:\/\/voyagesimpressionnistes.com\/en\/wp-json\/wp\/v2\/inspiration-type?post=10599"},{"taxonomy":"label","embeddable":true,"href":"https:\/\/voyagesimpressionnistes.com\/en\/wp-json\/wp\/v2\/label?post=10599"},{"taxonomy":"categories-agenda","embeddable":true,"href":"https:\/\/voyagesimpressionnistes.com\/en\/wp-json\/wp\/v2\/categories-agenda?post=10599"}],"curies":[{"name":"wp","href":"https:\/\/api.w.org\/{rel}","templated":true}]}}