{"id":10758,"date":"2024-05-24T14:26:17","date_gmt":"2024-05-24T12:26:17","guid":{"rendered":"https:\/\/voyagesimpressionnistes.com\/?p=10758"},"modified":"2025-02-03T16:32:03","modified_gmt":"2025-02-03T15:32:03","slug":"van-gogh-un-dernier-ete","status":"publish","type":"post","link":"https:\/\/voyagesimpressionnistes.com\/en\/banks-seine\/van-gogh-un-dernier-ete\/","title":{"rendered":"Van Gogh, un dernier \u00e9t\u00e9"},"content":{"rendered":"<p>Avec sa formidable compagnie Drive, le chor\u00e9graphe Si&#8217;mhamed Benhalima d\u00e9veloppe un art spectaculaire nourri de rencontres \u00e0 travers la culture Hip-Hop, mais aussi la danse contemporaine et classique autour des derniers instants de Van Gogh avec le spectacle <em>Van Gogh, un dernier \u00e9t\u00e9<\/em>, pr\u00e9sent\u00e9 en ouverture de la saison du Figuier blanc le vendredi 14 juin \u00e0 19h30, \u00e0 Argenteuil.<\/p>\n<p>Vincent van Gogh passe les derniers jours de sa vie, du 20 mai au 29 juillet 1890, \u00e0 Auvers-sur-Oise. Il y peint plus de 70 tableaux. Le dimanche 27 juillet 1890, \u00e2g\u00e9 de 37 ans, il meurt dans sa chambre \u00e0 l&#8217;auberge Ravoux, son fr\u00e8re Th\u00e9o et le docteur Gachet \u00e0 son chevet.<\/p>\n<p>Inspir\u00e9 par le livre d&#8217;Alain Mischel, <em>Le dernier \u00e9t\u00e9 \u00e0 Auvers<\/em>, qui comprend 80 sanguines sur les derniers jours du peintre,<br \/>\nSi\u2019mhamed Benhalima retrace cette ultime p\u00e9riode d&#8217;inspiration de l&#8217;artiste. Contrairement \u00e0 ce que l&#8217;on pense, Vincent van Gogh n&#8217;\u00e9tait pas un artiste spontan\u00e9. Au contraire, il s&#8217;\u00e9tait impos\u00e9 une discipline de fer pour am\u00e9liorer ses techniques. Il observait la nature durant des heures afin d&#8217;en saisir le mouvement. M\u00ealant danse et peinture, Si&#8217;mhamed Benhalima tente d&#8217;illustrer ce travail et de pr\u00e9senter l&#8217;homme qu&#8217;\u00e9tait Vincent van Gogh avec l&#8217;aide de cinq danseurs, endossant le r\u00f4le du peintre et des personnes qui ont marqu\u00e9 sa vie.<\/p>\n<p>Ce spectacle gratuit est programm\u00e9 dans le cadre des <a href=\"https:\/\/voyagesimpressionnistes.com\/en\/banks-seine\/150-anniversary-impressionism-banks-of-the-seine\/\">c\u00e9l\u00e9brations des 150 ans de la naissance de l&#8217;Impressionnisme<\/a>.<\/p>\n","protected":false},"excerpt":{"rendered":"<p>Avec sa formidable compagnie Drive, le chor\u00e9graphe Si&#8217;mhamed Benhalima d\u00e9veloppe  [&#8230;]<\/p>\n","protected":false},"author":2,"featured_media":10757,"comment_status":"closed","ping_status":"closed","sticky":false,"template":"","format":"standard","meta":{"_acf_changed":false,"inline_featured_image":false,"_jetpack_memberships_contains_paid_content":false,"footnotes":""},"categories":[86],"slider_une":[],"regions":[132],"coups_coeur":[],"inspiration-type":[],"label":[141],"categories-agenda":[173],"class_list":["post-10758","post","type-post","status-publish","format-standard","has-post-thumbnail","hentry","category-banks-seine","tag-diary","regions-idf-en","label-150-years","categories-agenda-show"],"acf":[],"yoast_head":"<!-- This site is optimized with the Yoast SEO plugin v26.3 - https:\/\/yoast.com\/wordpress\/plugins\/seo\/ -->\n<title>Van Gogh un dernier \u00e9t\u00e9 - Impressionist adventures<\/title>\n<meta name=\"description\" content=\"D\u00e9couvrez le spectacle de danse &quot;Van Gogh, un dernier \u00e9t\u00e9&quot; au Figuier blanc d&#039;Argenteuil, dans le cadre des 150 ans de l&#039;Impressionnisme.\" \/>\n<meta name=\"robots\" content=\"index, follow, max-snippet:-1, max-image-preview:large, max-video-preview:-1\" \/>\n<link rel=\"canonical\" href=\"https:\/\/voyagesimpressionnistes.com\/en\/banks-seine\/van-gogh-un-dernier-ete\/\" \/>\n<meta property=\"og:locale\" content=\"en_US\" \/>\n<meta property=\"og:type\" content=\"article\" \/>\n<meta property=\"og:title\" content=\"Van Gogh un dernier \u00e9t\u00e9 - Impressionist adventures\" \/>\n<meta property=\"og:description\" content=\"D\u00e9couvrez le spectacle de danse &quot;Van Gogh, un dernier \u00e9t\u00e9&quot; au Figuier blanc d&#039;Argenteuil, dans le cadre des 150 ans de l&#039;Impressionnisme.\" \/>\n<meta property=\"og:url\" content=\"https:\/\/voyagesimpressionnistes.com\/en\/banks-seine\/van-gogh-un-dernier-ete\/\" \/>\n<meta property=\"og:site_name\" content=\"Impressionist adventures\" \/>\n<meta property=\"article:publisher\" content=\"https:\/\/www.facebook.com\/LesVoyagesImpressionnistes\/\" \/>\n<meta property=\"article:published_time\" content=\"2024-05-24T12:26:17+00:00\" \/>\n<meta property=\"article:modified_time\" content=\"2025-02-03T15:32:03+00:00\" \/>\n<meta property=\"og:image\" content=\"https:\/\/voyagesimpressionnistes.com\/wp-content\/uploads\/2024\/06\/21924096-diaporama.jpg\" \/>\n\t<meta property=\"og:image:width\" content=\"849\" \/>\n\t<meta property=\"og:image:height\" content=\"600\" \/>\n\t<meta property=\"og:image:type\" content=\"image\/png\" \/>\n<meta name=\"author\" content=\"Phane\" \/>\n<meta name=\"twitter:card\" content=\"summary_large_image\" \/>\n<meta name=\"twitter:label1\" content=\"Written by\" \/>\n\t<meta name=\"twitter:data1\" content=\"Phane\" \/>\n\t<meta name=\"twitter:label2\" content=\"Est. reading time\" \/>\n\t<meta name=\"twitter:data2\" content=\"1 minute\" \/>\n<script type=\"application\/ld+json\" class=\"yoast-schema-graph\">{\"@context\":\"https:\/\/schema.org\",\"@graph\":[{\"@type\":[\"Article\",\"BlogPosting\"],\"@id\":\"https:\/\/voyagesimpressionnistes.com\/en\/banks-seine\/van-gogh-un-dernier-ete\/#article\",\"isPartOf\":{\"@id\":\"https:\/\/voyagesimpressionnistes.com\/en\/banks-seine\/van-gogh-un-dernier-ete\/\"},\"author\":{\"name\":\"Phane\",\"@id\":\"https:\/\/voyagesimpressionnistes.com\/en\/#\/schema\/person\/78c37c19aa7ae1bd6f4902f296c80e5f\"},\"headline\":\"Van Gogh, un dernier \u00e9t\u00e9\",\"datePublished\":\"2024-05-24T12:26:17+00:00\",\"dateModified\":\"2025-02-03T15:32:03+00:00\",\"mainEntityOfPage\":{\"@id\":\"https:\/\/voyagesimpressionnistes.com\/en\/banks-seine\/van-gogh-un-dernier-ete\/\"},\"wordCount\":251,\"publisher\":{\"@id\":\"https:\/\/voyagesimpressionnistes.com\/en\/#organization\"},\"image\":{\"@id\":\"https:\/\/voyagesimpressionnistes.com\/en\/banks-seine\/van-gogh-un-dernier-ete\/#primaryimage\"},\"thumbnailUrl\":\"https:\/\/voyagesimpressionnistes.com\/wp-content\/uploads\/2024\/06\/21924096-diaporama.jpg\",\"keywords\":[\"Diary\"],\"articleSection\":[\"Along the Banks of the Seine\"],\"inLanguage\":\"en-US\"},{\"@type\":\"WebPage\",\"@id\":\"https:\/\/voyagesimpressionnistes.com\/en\/banks-seine\/van-gogh-un-dernier-ete\/\",\"url\":\"https:\/\/voyagesimpressionnistes.com\/en\/banks-seine\/van-gogh-un-dernier-ete\/\",\"name\":\"Van Gogh un dernier \u00e9t\u00e9 - Impressionist adventures\",\"isPartOf\":{\"@id\":\"https:\/\/voyagesimpressionnistes.com\/en\/#website\"},\"primaryImageOfPage\":{\"@id\":\"https:\/\/voyagesimpressionnistes.com\/en\/banks-seine\/van-gogh-un-dernier-ete\/#primaryimage\"},\"image\":{\"@id\":\"https:\/\/voyagesimpressionnistes.com\/en\/banks-seine\/van-gogh-un-dernier-ete\/#primaryimage\"},\"thumbnailUrl\":\"https:\/\/voyagesimpressionnistes.com\/wp-content\/uploads\/2024\/06\/21924096-diaporama.jpg\",\"datePublished\":\"2024-05-24T12:26:17+00:00\",\"dateModified\":\"2025-02-03T15:32:03+00:00\",\"description\":\"D\u00e9couvrez le spectacle de danse \\\"Van Gogh, un dernier \u00e9t\u00e9\\\" au Figuier blanc d'Argenteuil, dans le cadre des 150 ans de l'Impressionnisme.\",\"breadcrumb\":{\"@id\":\"https:\/\/voyagesimpressionnistes.com\/en\/banks-seine\/van-gogh-un-dernier-ete\/#breadcrumb\"},\"inLanguage\":\"en-US\",\"potentialAction\":[{\"@type\":\"ReadAction\",\"target\":[\"https:\/\/voyagesimpressionnistes.com\/en\/banks-seine\/van-gogh-un-dernier-ete\/\"]}]},{\"@type\":\"ImageObject\",\"inLanguage\":\"en-US\",\"@id\":\"https:\/\/voyagesimpressionnistes.com\/en\/banks-seine\/van-gogh-un-dernier-ete\/#primaryimage\",\"url\":\"https:\/\/voyagesimpressionnistes.com\/wp-content\/uploads\/2024\/06\/21924096-diaporama.jpg\",\"contentUrl\":\"https:\/\/voyagesimpressionnistes.com\/wp-content\/uploads\/2024\/06\/21924096-diaporama.jpg\",\"width\":849,\"height\":600,\"caption\":\"Van Gogh, un dernier \u00e9t\u00e9 par la compagnie Drive \u00e0 Argenteuil\"},{\"@type\":\"BreadcrumbList\",\"@id\":\"https:\/\/voyagesimpressionnistes.com\/en\/banks-seine\/van-gogh-un-dernier-ete\/#breadcrumb\",\"itemListElement\":[{\"@type\":\"ListItem\",\"position\":1,\"name\":\"Along the Banks of the Seine\",\"item\":\"https:\/\/voyagesimpressionnistes.com\/en\/banks-seine\/\"},{\"@type\":\"ListItem\",\"position\":2,\"name\":\"Van Gogh, un dernier \u00e9t\u00e9\"}]},{\"@type\":\"WebSite\",\"@id\":\"https:\/\/voyagesimpressionnistes.com\/en\/#website\",\"url\":\"https:\/\/voyagesimpressionnistes.com\/en\/\",\"name\":\"Impressionist adventures\",\"description\":\"Inspiring moments\",\"publisher\":{\"@id\":\"https:\/\/voyagesimpressionnistes.com\/en\/#organization\"},\"potentialAction\":[{\"@type\":\"SearchAction\",\"target\":{\"@type\":\"EntryPoint\",\"urlTemplate\":\"https:\/\/voyagesimpressionnistes.com\/en\/?s={search_term_string}\"},\"query-input\":{\"@type\":\"PropertyValueSpecification\",\"valueRequired\":true,\"valueName\":\"search_term_string\"}}],\"inLanguage\":\"en-US\"},{\"@type\":\"Organization\",\"@id\":\"https:\/\/voyagesimpressionnistes.com\/en\/#organization\",\"name\":\"Voyages Impressionnistes\",\"url\":\"https:\/\/voyagesimpressionnistes.com\/en\/\",\"logo\":{\"@type\":\"ImageObject\",\"inLanguage\":\"en-US\",\"@id\":\"https:\/\/voyagesimpressionnistes.com\/en\/#\/schema\/logo\/image\/\",\"url\":\"https:\/\/voyagesimpressionnistes.com\/wp-content\/uploads\/2021\/06\/vi-logo-507x216-1.svg\",\"contentUrl\":\"https:\/\/voyagesimpressionnistes.com\/wp-content\/uploads\/2021\/06\/vi-logo-507x216-1.svg\",\"width\":507,\"height\":216,\"caption\":\"Voyages Impressionnistes\"},\"image\":{\"@id\":\"https:\/\/voyagesimpressionnistes.com\/en\/#\/schema\/logo\/image\/\"},\"sameAs\":[\"https:\/\/www.facebook.com\/LesVoyagesImpressionnistes\/\"]},{\"@type\":\"Person\",\"@id\":\"https:\/\/voyagesimpressionnistes.com\/en\/#\/schema\/person\/78c37c19aa7ae1bd6f4902f296c80e5f\",\"name\":\"Phane\",\"image\":{\"@type\":\"ImageObject\",\"inLanguage\":\"en-US\",\"@id\":\"https:\/\/voyagesimpressionnistes.com\/en\/#\/schema\/person\/image\/\",\"url\":\"https:\/\/secure.gravatar.com\/avatar\/ea705fa375f21b62a2facac16bc19ee8d664629e3399a374a188d355bc5d00b9?s=96&d=mm&r=g\",\"contentUrl\":\"https:\/\/secure.gravatar.com\/avatar\/ea705fa375f21b62a2facac16bc19ee8d664629e3399a374a188d355bc5d00b9?s=96&d=mm&r=g\",\"caption\":\"Phane\"}}]}<\/script>\n<!-- \/ Yoast SEO plugin. -->","yoast_head_json":{"title":"Van Gogh un dernier \u00e9t\u00e9 - Impressionist adventures","description":"D\u00e9couvrez le spectacle de danse \"Van Gogh, un dernier \u00e9t\u00e9\" au Figuier blanc d'Argenteuil, dans le cadre des 150 ans de l'Impressionnisme.","robots":{"index":"index","follow":"follow","max-snippet":"max-snippet:-1","max-image-preview":"max-image-preview:large","max-video-preview":"max-video-preview:-1"},"canonical":"https:\/\/voyagesimpressionnistes.com\/en\/banks-seine\/van-gogh-un-dernier-ete\/","og_locale":"en_US","og_type":"article","og_title":"Van Gogh un dernier \u00e9t\u00e9 - Impressionist adventures","og_description":"D\u00e9couvrez le spectacle de danse \"Van Gogh, un dernier \u00e9t\u00e9\" au Figuier blanc d'Argenteuil, dans le cadre des 150 ans de l'Impressionnisme.","og_url":"https:\/\/voyagesimpressionnistes.com\/en\/banks-seine\/van-gogh-un-dernier-ete\/","og_site_name":"Impressionist adventures","article_publisher":"https:\/\/www.facebook.com\/LesVoyagesImpressionnistes\/","article_published_time":"2024-05-24T12:26:17+00:00","article_modified_time":"2025-02-03T15:32:03+00:00","og_image":[{"width":849,"height":600,"url":"https:\/\/voyagesimpressionnistes.com\/wp-content\/uploads\/2024\/06\/21924096-diaporama.jpg","type":"image\/png"}],"author":"Phane","twitter_card":"summary_large_image","twitter_misc":{"Written by":"Phane","Est. reading time":"1 minute"},"schema":{"@context":"https:\/\/schema.org","@graph":[{"@type":["Article","BlogPosting"],"@id":"https:\/\/voyagesimpressionnistes.com\/en\/banks-seine\/van-gogh-un-dernier-ete\/#article","isPartOf":{"@id":"https:\/\/voyagesimpressionnistes.com\/en\/banks-seine\/van-gogh-un-dernier-ete\/"},"author":{"name":"Phane","@id":"https:\/\/voyagesimpressionnistes.com\/en\/#\/schema\/person\/78c37c19aa7ae1bd6f4902f296c80e5f"},"headline":"Van Gogh, un dernier \u00e9t\u00e9","datePublished":"2024-05-24T12:26:17+00:00","dateModified":"2025-02-03T15:32:03+00:00","mainEntityOfPage":{"@id":"https:\/\/voyagesimpressionnistes.com\/en\/banks-seine\/van-gogh-un-dernier-ete\/"},"wordCount":251,"publisher":{"@id":"https:\/\/voyagesimpressionnistes.com\/en\/#organization"},"image":{"@id":"https:\/\/voyagesimpressionnistes.com\/en\/banks-seine\/van-gogh-un-dernier-ete\/#primaryimage"},"thumbnailUrl":"https:\/\/voyagesimpressionnistes.com\/wp-content\/uploads\/2024\/06\/21924096-diaporama.jpg","keywords":["Diary"],"articleSection":["Along the Banks of the Seine"],"inLanguage":"en-US"},{"@type":"WebPage","@id":"https:\/\/voyagesimpressionnistes.com\/en\/banks-seine\/van-gogh-un-dernier-ete\/","url":"https:\/\/voyagesimpressionnistes.com\/en\/banks-seine\/van-gogh-un-dernier-ete\/","name":"Van Gogh un dernier \u00e9t\u00e9 - Impressionist adventures","isPartOf":{"@id":"https:\/\/voyagesimpressionnistes.com\/en\/#website"},"primaryImageOfPage":{"@id":"https:\/\/voyagesimpressionnistes.com\/en\/banks-seine\/van-gogh-un-dernier-ete\/#primaryimage"},"image":{"@id":"https:\/\/voyagesimpressionnistes.com\/en\/banks-seine\/van-gogh-un-dernier-ete\/#primaryimage"},"thumbnailUrl":"https:\/\/voyagesimpressionnistes.com\/wp-content\/uploads\/2024\/06\/21924096-diaporama.jpg","datePublished":"2024-05-24T12:26:17+00:00","dateModified":"2025-02-03T15:32:03+00:00","description":"D\u00e9couvrez le spectacle de danse \"Van Gogh, un dernier \u00e9t\u00e9\" au Figuier blanc d'Argenteuil, dans le cadre des 150 ans de l'Impressionnisme.","breadcrumb":{"@id":"https:\/\/voyagesimpressionnistes.com\/en\/banks-seine\/van-gogh-un-dernier-ete\/#breadcrumb"},"inLanguage":"en-US","potentialAction":[{"@type":"ReadAction","target":["https:\/\/voyagesimpressionnistes.com\/en\/banks-seine\/van-gogh-un-dernier-ete\/"]}]},{"@type":"ImageObject","inLanguage":"en-US","@id":"https:\/\/voyagesimpressionnistes.com\/en\/banks-seine\/van-gogh-un-dernier-ete\/#primaryimage","url":"https:\/\/voyagesimpressionnistes.com\/wp-content\/uploads\/2024\/06\/21924096-diaporama.jpg","contentUrl":"https:\/\/voyagesimpressionnistes.com\/wp-content\/uploads\/2024\/06\/21924096-diaporama.jpg","width":849,"height":600,"caption":"Van Gogh, un dernier \u00e9t\u00e9 par la compagnie Drive \u00e0 Argenteuil"},{"@type":"BreadcrumbList","@id":"https:\/\/voyagesimpressionnistes.com\/en\/banks-seine\/van-gogh-un-dernier-ete\/#breadcrumb","itemListElement":[{"@type":"ListItem","position":1,"name":"Along the Banks of the Seine","item":"https:\/\/voyagesimpressionnistes.com\/en\/banks-seine\/"},{"@type":"ListItem","position":2,"name":"Van Gogh, un dernier \u00e9t\u00e9"}]},{"@type":"WebSite","@id":"https:\/\/voyagesimpressionnistes.com\/en\/#website","url":"https:\/\/voyagesimpressionnistes.com\/en\/","name":"Impressionist adventures","description":"Inspiring moments","publisher":{"@id":"https:\/\/voyagesimpressionnistes.com\/en\/#organization"},"potentialAction":[{"@type":"SearchAction","target":{"@type":"EntryPoint","urlTemplate":"https:\/\/voyagesimpressionnistes.com\/en\/?s={search_term_string}"},"query-input":{"@type":"PropertyValueSpecification","valueRequired":true,"valueName":"search_term_string"}}],"inLanguage":"en-US"},{"@type":"Organization","@id":"https:\/\/voyagesimpressionnistes.com\/en\/#organization","name":"Voyages Impressionnistes","url":"https:\/\/voyagesimpressionnistes.com\/en\/","logo":{"@type":"ImageObject","inLanguage":"en-US","@id":"https:\/\/voyagesimpressionnistes.com\/en\/#\/schema\/logo\/image\/","url":"https:\/\/voyagesimpressionnistes.com\/wp-content\/uploads\/2021\/06\/vi-logo-507x216-1.svg","contentUrl":"https:\/\/voyagesimpressionnistes.com\/wp-content\/uploads\/2021\/06\/vi-logo-507x216-1.svg","width":507,"height":216,"caption":"Voyages Impressionnistes"},"image":{"@id":"https:\/\/voyagesimpressionnistes.com\/en\/#\/schema\/logo\/image\/"},"sameAs":["https:\/\/www.facebook.com\/LesVoyagesImpressionnistes\/"]},{"@type":"Person","@id":"https:\/\/voyagesimpressionnistes.com\/en\/#\/schema\/person\/78c37c19aa7ae1bd6f4902f296c80e5f","name":"Phane","image":{"@type":"ImageObject","inLanguage":"en-US","@id":"https:\/\/voyagesimpressionnistes.com\/en\/#\/schema\/person\/image\/","url":"https:\/\/secure.gravatar.com\/avatar\/ea705fa375f21b62a2facac16bc19ee8d664629e3399a374a188d355bc5d00b9?s=96&d=mm&r=g","contentUrl":"https:\/\/secure.gravatar.com\/avatar\/ea705fa375f21b62a2facac16bc19ee8d664629e3399a374a188d355bc5d00b9?s=96&d=mm&r=g","caption":"Phane"}}]}},"jetpack_featured_media_url":"https:\/\/voyagesimpressionnistes.com\/wp-content\/uploads\/2024\/06\/21924096-diaporama.jpg","jetpack_sharing_enabled":true,"_links":{"self":[{"href":"https:\/\/voyagesimpressionnistes.com\/en\/wp-json\/wp\/v2\/posts\/10758","targetHints":{"allow":["GET"]}}],"collection":[{"href":"https:\/\/voyagesimpressionnistes.com\/en\/wp-json\/wp\/v2\/posts"}],"about":[{"href":"https:\/\/voyagesimpressionnistes.com\/en\/wp-json\/wp\/v2\/types\/post"}],"author":[{"embeddable":true,"href":"https:\/\/voyagesimpressionnistes.com\/en\/wp-json\/wp\/v2\/users\/2"}],"replies":[{"embeddable":true,"href":"https:\/\/voyagesimpressionnistes.com\/en\/wp-json\/wp\/v2\/comments?post=10758"}],"version-history":[{"count":3,"href":"https:\/\/voyagesimpressionnistes.com\/en\/wp-json\/wp\/v2\/posts\/10758\/revisions"}],"predecessor-version":[{"id":11420,"href":"https:\/\/voyagesimpressionnistes.com\/en\/wp-json\/wp\/v2\/posts\/10758\/revisions\/11420"}],"wp:featuredmedia":[{"embeddable":true,"href":"https:\/\/voyagesimpressionnistes.com\/en\/wp-json\/wp\/v2\/media\/10757"}],"wp:attachment":[{"href":"https:\/\/voyagesimpressionnistes.com\/en\/wp-json\/wp\/v2\/media?parent=10758"}],"wp:term":[{"taxonomy":"category","embeddable":true,"href":"https:\/\/voyagesimpressionnistes.com\/en\/wp-json\/wp\/v2\/categories?post=10758"},{"taxonomy":"slider_une","embeddable":true,"href":"https:\/\/voyagesimpressionnistes.com\/en\/wp-json\/wp\/v2\/slider_une?post=10758"},{"taxonomy":"regions","embeddable":true,"href":"https:\/\/voyagesimpressionnistes.com\/en\/wp-json\/wp\/v2\/regions?post=10758"},{"taxonomy":"coups_coeur","embeddable":true,"href":"https:\/\/voyagesimpressionnistes.com\/en\/wp-json\/wp\/v2\/coups_coeur?post=10758"},{"taxonomy":"inspiration-type","embeddable":true,"href":"https:\/\/voyagesimpressionnistes.com\/en\/wp-json\/wp\/v2\/inspiration-type?post=10758"},{"taxonomy":"label","embeddable":true,"href":"https:\/\/voyagesimpressionnistes.com\/en\/wp-json\/wp\/v2\/label?post=10758"},{"taxonomy":"categories-agenda","embeddable":true,"href":"https:\/\/voyagesimpressionnistes.com\/en\/wp-json\/wp\/v2\/categories-agenda?post=10758"}],"curies":[{"name":"wp","href":"https:\/\/api.w.org\/{rel}","templated":true}]}}