{"id":10877,"date":"2024-06-03T18:17:57","date_gmt":"2024-06-03T16:17:57","guid":{"rendered":"https:\/\/voyagesimpressionnistes.com\/?p=10877"},"modified":"2024-09-17T12:59:03","modified_gmt":"2024-09-17T10:59:03","slug":"ateliers-numeriques-impression-mediatheque","status":"publish","type":"post","link":"https:\/\/voyagesimpressionnistes.com\/en\/barbizon-yerres\/ateliers-numeriques-impression-mediatheque\/","title":{"rendered":"Ateliers num\u00e9riques &#8220;Impression, m\u00e9diath\u00e8que&#8221;"},"content":{"rendered":"<p>En cette ann\u00e9e c\u00e9l\u00e9brant les <a href=\"https:\/\/voyagesimpressionnistes.com\/en\/barbizon-yerres\/150-ans-de-limpressionnisme-de-barbizon-a-yerres-en-passant-par-moret-sur-loing\/\">150 ans de la naissance de l&#8217;Impressionnisme<\/a>, les m\u00e9diath\u00e8ques de Val d&#8217;Yerres Val de Seine invitent leurs publics \u00e0 m\u00ealer le cadre de leur m\u00e9diath\u00e8que avec les \u0153uvres de peintres impressionnistes, en r\u00e9alisant un montage graphique num\u00e9rique \u00e0 l&#8217;aide d&#8217;un outil de design lors des ateliers num\u00e9riques <em>Impression, m\u00e9diath\u00e8que<\/em>.<\/p>\n<p>\u00c0 l&#8217;occasion du 150<sup>\u00e8me<\/sup> anniversaire de l&#8217;Impressionnisme, chaque m\u00e9diath\u00e8que de l&#8217;agglom\u00e9ration a s\u00e9lectionn\u00e9 un peintre impressionniste embl\u00e9matique \u00e0 mettre \u00e0 l\u2019honneur : Berthe Morisot \u00e0 Draveil, \u00c9douard Manet \u00e0 Brunoy, Auguste Renoir \u00e0 Crosne, Gustave Caillebotte \u00e0 Yerres, Maurice Eliot \u00e0 Epinay-sous-S\u00e9nart et \u00e0 Boussy-Saint-Antoine, Alfred Sisley \u00e0 Quincy-sous-S\u00e9nart, Claude Monet \u00e0 Montgeron et Georges Seurat \u00e0 Vigneux\u2026 Une c\u00e9l\u00e9bration artistique qui offre aux visiteurs une immersion vari\u00e9e dans l&#8217;univers color\u00e9 et novateur de ces ma\u00eetres de l&#8217;Impressionnisme.<\/p>\n<p>Vous pourrez d\u00e9couvrir toutes les \u0153uvres r\u00e9alis\u00e9es sur le r\u00e9seau des m\u00e9diath\u00e8ques, dans le cadre de cet atelier, dans une vid\u00e9o diffus\u00e9e \u00e0 la fin de l&#8217;ann\u00e9e sur la cha\u00eene YouTube du r\u00e9seau des m\u00e9diath\u00e8ques.<\/p>\n<p>Les ateliers num\u00e9riques <em>Impression, m\u00e9diath\u00e8que<\/em> sont gratuits et ouverts aux 7\/12 ans, sur inscription obligatoire les :<\/p>\n<ul>\n<li>5, 8 et 29 juin \u00e0 14h \u00e0 la M\u00e9diath\u00e8que Charlotte Delbo de Vigneux-sur-Seine, autour de l&#8217;\u0153uvre de Georges Seurat (r\u00e9servation au 01 69 03 38 70)<\/li>\n<li>12 juin \u00e0 15h au Nu@ge Bleu, M\u00e9diath\u00e8que Tomi Ungerer de Brunoy, autour de l&#8217;\u0153uvre d&#8217;\u00c9douard Manet (r\u00e9servation au 01 60 47 84 50)<\/li>\n<li>19 juin \u00e0 15h \u00e0 la Biblioth\u00e8que Jacqueline de Romilly de Crosnes, autour de l&#8217;\u0153uvre d&#8217;Auguste Renoir (r\u00e9servation au 01 69 49 03 15)<\/li>\n<li>29 juin \u00e0 15h30 \u00e0 la M\u00e9diath\u00e8que Danielle Bianu d&#8217;Yerres, autour de l&#8217;\u0153uvre de Gustave Caillebotte (r\u00e9servation au 01 69 48 82 00)<\/li>\n<li>11 septembre \u00e0 15h \u00e0 la M\u00e9diath\u00e8que Canu de Boussy-Saint-Antoine, autour de l&#8217;\u0153uvre de Maurice Eliot (r\u00e9servation au 01 69 00 13 15)<\/li>\n<li>14 et 25 septembre \u00e0 15h \u00e0 la M\u00e9diath\u00e8que Alphonse Daudet de Draveil, autour de l&#8217;\u0153uvre de Berthe Morisot (r\u00e9servation au 01 69 52 79 00)<\/li>\n<li>18 septembre \u00e0 15h \u00e0 la M\u00e9diath\u00e8que Jean de La Fontaine de Quincy-sous-S\u00e9nart, autour de l&#8217;\u0153uvre d&#8217;Alfred Sysley (r\u00e9servation au 01 69 00 85 77)<\/li>\n<li>28 septembre \u00e0 10h \u00e0 la M\u00e9diath\u00e8que Jules Verne d&#8217;\u00c9pinay-sous-S\u00e9nart, autour de l&#8217;\u0153uvre de Maurice Eliot (r\u00e9servation au 01 60 47 86 91)<\/li>\n<li>28 septembre \u00e0 15h \u00e0 la M\u00e9diath\u00e8que Raymond Aron de Montgeron, autour de l&#8217;\u0153uvre de Claude Monet (r\u00e9servation au 01 78 75 20 10)<\/li>\n<\/ul>\n","protected":false},"excerpt":{"rendered":"<p>En cette ann\u00e9e c\u00e9l\u00e9brant les 150 ans de la naissance  [&#8230;]<\/p>\n","protected":false},"author":2,"featured_media":10876,"comment_status":"closed","ping_status":"closed","sticky":false,"template":"","format":"standard","meta":{"_acf_changed":false,"inline_featured_image":false,"_jetpack_memberships_contains_paid_content":false,"footnotes":""},"categories":[81],"slider_une":[],"regions":[132],"coups_coeur":[],"inspiration-type":[],"label":[141],"categories-agenda":[176],"class_list":["post-10877","post","type-post","status-publish","format-standard","has-post-thumbnail","hentry","category-barbizon-yerres","tag-diary","regions-idf-en","label-150-years","categories-agenda-guided-tour-workshop"],"acf":[],"yoast_head":"<!-- This site is optimized with the Yoast SEO plugin v26.3 - https:\/\/yoast.com\/wordpress\/plugins\/seo\/ -->\n<title>Ateliers Impression m\u00e9diath\u00e8que - Impressionist adventures<\/title>\n<meta name=\"description\" content=\"Inscrivez vos enfants aux ateliers num\u00e9riques &quot;Impression, m\u00e9diath\u00e8que&quot; organis\u00e9s par le VYVS pour les 150 ans de l&#039;Impressionnisme.\" \/>\n<meta name=\"robots\" content=\"index, follow, max-snippet:-1, max-image-preview:large, max-video-preview:-1\" \/>\n<link rel=\"canonical\" href=\"https:\/\/voyagesimpressionnistes.com\/en\/barbizon-yerres\/ateliers-numeriques-impression-mediatheque\/\" \/>\n<meta property=\"og:locale\" content=\"en_US\" \/>\n<meta property=\"og:type\" content=\"article\" \/>\n<meta property=\"og:title\" content=\"Ateliers Impression m\u00e9diath\u00e8que - Impressionist adventures\" \/>\n<meta property=\"og:description\" content=\"Inscrivez vos enfants aux ateliers num\u00e9riques &quot;Impression, m\u00e9diath\u00e8que&quot; organis\u00e9s par le VYVS pour les 150 ans de l&#039;Impressionnisme.\" \/>\n<meta property=\"og:url\" content=\"https:\/\/voyagesimpressionnistes.com\/en\/barbizon-yerres\/ateliers-numeriques-impression-mediatheque\/\" \/>\n<meta property=\"og:site_name\" content=\"Impressionist adventures\" \/>\n<meta property=\"article:publisher\" content=\"https:\/\/www.facebook.com\/LesVoyagesImpressionnistes\/\" \/>\n<meta property=\"article:published_time\" content=\"2024-06-03T16:17:57+00:00\" \/>\n<meta property=\"article:modified_time\" content=\"2024-09-17T10:59:03+00:00\" \/>\n<meta property=\"og:image\" content=\"https:\/\/voyagesimpressionnistes.com\/wp-content\/uploads\/2024\/06\/21445217-diaporama.jpg\" \/>\n\t<meta property=\"og:image:width\" content=\"901\" \/>\n\t<meta property=\"og:image:height\" content=\"600\" \/>\n\t<meta property=\"og:image:type\" content=\"image\/jpeg\" \/>\n<meta name=\"author\" content=\"Phane\" \/>\n<meta name=\"twitter:card\" content=\"summary_large_image\" \/>\n<meta name=\"twitter:label1\" content=\"Written by\" \/>\n\t<meta name=\"twitter:data1\" content=\"Phane\" \/>\n\t<meta name=\"twitter:label2\" content=\"Est. reading time\" \/>\n\t<meta name=\"twitter:data2\" content=\"2 minutes\" \/>\n<script type=\"application\/ld+json\" class=\"yoast-schema-graph\">{\"@context\":\"https:\/\/schema.org\",\"@graph\":[{\"@type\":[\"Article\",\"BlogPosting\"],\"@id\":\"https:\/\/voyagesimpressionnistes.com\/en\/barbizon-yerres\/ateliers-numeriques-impression-mediatheque\/#article\",\"isPartOf\":{\"@id\":\"https:\/\/voyagesimpressionnistes.com\/en\/barbizon-yerres\/ateliers-numeriques-impression-mediatheque\/\"},\"author\":{\"name\":\"Phane\",\"@id\":\"https:\/\/voyagesimpressionnistes.com\/en\/#\/schema\/person\/78c37c19aa7ae1bd6f4902f296c80e5f\"},\"headline\":\"Ateliers num\u00e9riques &#8220;Impression, m\u00e9diath\u00e8que&#8221;\",\"datePublished\":\"2024-06-03T16:17:57+00:00\",\"dateModified\":\"2024-09-17T10:59:03+00:00\",\"mainEntityOfPage\":{\"@id\":\"https:\/\/voyagesimpressionnistes.com\/en\/barbizon-yerres\/ateliers-numeriques-impression-mediatheque\/\"},\"wordCount\":411,\"publisher\":{\"@id\":\"https:\/\/voyagesimpressionnistes.com\/en\/#organization\"},\"image\":{\"@id\":\"https:\/\/voyagesimpressionnistes.com\/en\/barbizon-yerres\/ateliers-numeriques-impression-mediatheque\/#primaryimage\"},\"thumbnailUrl\":\"https:\/\/voyagesimpressionnistes.com\/wp-content\/uploads\/2024\/06\/21445217-diaporama.jpg\",\"keywords\":[\"Diary\"],\"articleSection\":[\"Barbizon, its surrounds &amp; Yerres\"],\"inLanguage\":\"en-US\"},{\"@type\":\"WebPage\",\"@id\":\"https:\/\/voyagesimpressionnistes.com\/en\/barbizon-yerres\/ateliers-numeriques-impression-mediatheque\/\",\"url\":\"https:\/\/voyagesimpressionnistes.com\/en\/barbizon-yerres\/ateliers-numeriques-impression-mediatheque\/\",\"name\":\"Ateliers Impression m\u00e9diath\u00e8que - Impressionist adventures\",\"isPartOf\":{\"@id\":\"https:\/\/voyagesimpressionnistes.com\/en\/#website\"},\"primaryImageOfPage\":{\"@id\":\"https:\/\/voyagesimpressionnistes.com\/en\/barbizon-yerres\/ateliers-numeriques-impression-mediatheque\/#primaryimage\"},\"image\":{\"@id\":\"https:\/\/voyagesimpressionnistes.com\/en\/barbizon-yerres\/ateliers-numeriques-impression-mediatheque\/#primaryimage\"},\"thumbnailUrl\":\"https:\/\/voyagesimpressionnistes.com\/wp-content\/uploads\/2024\/06\/21445217-diaporama.jpg\",\"datePublished\":\"2024-06-03T16:17:57+00:00\",\"dateModified\":\"2024-09-17T10:59:03+00:00\",\"description\":\"Inscrivez vos enfants aux ateliers num\u00e9riques \\\"Impression, m\u00e9diath\u00e8que\\\" organis\u00e9s par le VYVS pour les 150 ans de l'Impressionnisme.\",\"breadcrumb\":{\"@id\":\"https:\/\/voyagesimpressionnistes.com\/en\/barbizon-yerres\/ateliers-numeriques-impression-mediatheque\/#breadcrumb\"},\"inLanguage\":\"en-US\",\"potentialAction\":[{\"@type\":\"ReadAction\",\"target\":[\"https:\/\/voyagesimpressionnistes.com\/en\/barbizon-yerres\/ateliers-numeriques-impression-mediatheque\/\"]}]},{\"@type\":\"ImageObject\",\"inLanguage\":\"en-US\",\"@id\":\"https:\/\/voyagesimpressionnistes.com\/en\/barbizon-yerres\/ateliers-numeriques-impression-mediatheque\/#primaryimage\",\"url\":\"https:\/\/voyagesimpressionnistes.com\/wp-content\/uploads\/2024\/06\/21445217-diaporama.jpg\",\"contentUrl\":\"https:\/\/voyagesimpressionnistes.com\/wp-content\/uploads\/2024\/06\/21445217-diaporama.jpg\",\"width\":901,\"height\":600,\"caption\":\"Ateliers num\u00e9riques \\\"Impression, m\u00e9diath\u00e8que\\\"\"},{\"@type\":\"BreadcrumbList\",\"@id\":\"https:\/\/voyagesimpressionnistes.com\/en\/barbizon-yerres\/ateliers-numeriques-impression-mediatheque\/#breadcrumb\",\"itemListElement\":[{\"@type\":\"ListItem\",\"position\":1,\"name\":\"Barbizon, its surrounds &amp; Yerres\",\"item\":\"https:\/\/voyagesimpressionnistes.com\/en\/barbizon-yerres\/\"},{\"@type\":\"ListItem\",\"position\":2,\"name\":\"Ateliers num\u00e9riques \u00ab\u00a0Impression, m\u00e9diath\u00e8que\u00a0\u00bb\"}]},{\"@type\":\"WebSite\",\"@id\":\"https:\/\/voyagesimpressionnistes.com\/en\/#website\",\"url\":\"https:\/\/voyagesimpressionnistes.com\/en\/\",\"name\":\"Impressionist adventures\",\"description\":\"Inspiring moments\",\"publisher\":{\"@id\":\"https:\/\/voyagesimpressionnistes.com\/en\/#organization\"},\"potentialAction\":[{\"@type\":\"SearchAction\",\"target\":{\"@type\":\"EntryPoint\",\"urlTemplate\":\"https:\/\/voyagesimpressionnistes.com\/en\/?s={search_term_string}\"},\"query-input\":{\"@type\":\"PropertyValueSpecification\",\"valueRequired\":true,\"valueName\":\"search_term_string\"}}],\"inLanguage\":\"en-US\"},{\"@type\":\"Organization\",\"@id\":\"https:\/\/voyagesimpressionnistes.com\/en\/#organization\",\"name\":\"Voyages Impressionnistes\",\"url\":\"https:\/\/voyagesimpressionnistes.com\/en\/\",\"logo\":{\"@type\":\"ImageObject\",\"inLanguage\":\"en-US\",\"@id\":\"https:\/\/voyagesimpressionnistes.com\/en\/#\/schema\/logo\/image\/\",\"url\":\"https:\/\/voyagesimpressionnistes.com\/wp-content\/uploads\/2021\/06\/vi-logo-507x216-1.svg\",\"contentUrl\":\"https:\/\/voyagesimpressionnistes.com\/wp-content\/uploads\/2021\/06\/vi-logo-507x216-1.svg\",\"width\":507,\"height\":216,\"caption\":\"Voyages Impressionnistes\"},\"image\":{\"@id\":\"https:\/\/voyagesimpressionnistes.com\/en\/#\/schema\/logo\/image\/\"},\"sameAs\":[\"https:\/\/www.facebook.com\/LesVoyagesImpressionnistes\/\"]},{\"@type\":\"Person\",\"@id\":\"https:\/\/voyagesimpressionnistes.com\/en\/#\/schema\/person\/78c37c19aa7ae1bd6f4902f296c80e5f\",\"name\":\"Phane\",\"image\":{\"@type\":\"ImageObject\",\"inLanguage\":\"en-US\",\"@id\":\"https:\/\/voyagesimpressionnistes.com\/en\/#\/schema\/person\/image\/\",\"url\":\"https:\/\/secure.gravatar.com\/avatar\/ea705fa375f21b62a2facac16bc19ee8d664629e3399a374a188d355bc5d00b9?s=96&d=mm&r=g\",\"contentUrl\":\"https:\/\/secure.gravatar.com\/avatar\/ea705fa375f21b62a2facac16bc19ee8d664629e3399a374a188d355bc5d00b9?s=96&d=mm&r=g\",\"caption\":\"Phane\"}}]}<\/script>\n<!-- \/ Yoast SEO plugin. -->","yoast_head_json":{"title":"Ateliers Impression m\u00e9diath\u00e8que - Impressionist adventures","description":"Inscrivez vos enfants aux ateliers num\u00e9riques \"Impression, m\u00e9diath\u00e8que\" organis\u00e9s par le VYVS pour les 150 ans de l'Impressionnisme.","robots":{"index":"index","follow":"follow","max-snippet":"max-snippet:-1","max-image-preview":"max-image-preview:large","max-video-preview":"max-video-preview:-1"},"canonical":"https:\/\/voyagesimpressionnistes.com\/en\/barbizon-yerres\/ateliers-numeriques-impression-mediatheque\/","og_locale":"en_US","og_type":"article","og_title":"Ateliers Impression m\u00e9diath\u00e8que - Impressionist adventures","og_description":"Inscrivez vos enfants aux ateliers num\u00e9riques \"Impression, m\u00e9diath\u00e8que\" organis\u00e9s par le VYVS pour les 150 ans de l'Impressionnisme.","og_url":"https:\/\/voyagesimpressionnistes.com\/en\/barbizon-yerres\/ateliers-numeriques-impression-mediatheque\/","og_site_name":"Impressionist adventures","article_publisher":"https:\/\/www.facebook.com\/LesVoyagesImpressionnistes\/","article_published_time":"2024-06-03T16:17:57+00:00","article_modified_time":"2024-09-17T10:59:03+00:00","og_image":[{"width":901,"height":600,"url":"https:\/\/voyagesimpressionnistes.com\/wp-content\/uploads\/2024\/06\/21445217-diaporama.jpg","type":"image\/jpeg"}],"author":"Phane","twitter_card":"summary_large_image","twitter_misc":{"Written by":"Phane","Est. reading time":"2 minutes"},"schema":{"@context":"https:\/\/schema.org","@graph":[{"@type":["Article","BlogPosting"],"@id":"https:\/\/voyagesimpressionnistes.com\/en\/barbizon-yerres\/ateliers-numeriques-impression-mediatheque\/#article","isPartOf":{"@id":"https:\/\/voyagesimpressionnistes.com\/en\/barbizon-yerres\/ateliers-numeriques-impression-mediatheque\/"},"author":{"name":"Phane","@id":"https:\/\/voyagesimpressionnistes.com\/en\/#\/schema\/person\/78c37c19aa7ae1bd6f4902f296c80e5f"},"headline":"Ateliers num\u00e9riques &#8220;Impression, m\u00e9diath\u00e8que&#8221;","datePublished":"2024-06-03T16:17:57+00:00","dateModified":"2024-09-17T10:59:03+00:00","mainEntityOfPage":{"@id":"https:\/\/voyagesimpressionnistes.com\/en\/barbizon-yerres\/ateliers-numeriques-impression-mediatheque\/"},"wordCount":411,"publisher":{"@id":"https:\/\/voyagesimpressionnistes.com\/en\/#organization"},"image":{"@id":"https:\/\/voyagesimpressionnistes.com\/en\/barbizon-yerres\/ateliers-numeriques-impression-mediatheque\/#primaryimage"},"thumbnailUrl":"https:\/\/voyagesimpressionnistes.com\/wp-content\/uploads\/2024\/06\/21445217-diaporama.jpg","keywords":["Diary"],"articleSection":["Barbizon, its surrounds &amp; Yerres"],"inLanguage":"en-US"},{"@type":"WebPage","@id":"https:\/\/voyagesimpressionnistes.com\/en\/barbizon-yerres\/ateliers-numeriques-impression-mediatheque\/","url":"https:\/\/voyagesimpressionnistes.com\/en\/barbizon-yerres\/ateliers-numeriques-impression-mediatheque\/","name":"Ateliers Impression m\u00e9diath\u00e8que - Impressionist adventures","isPartOf":{"@id":"https:\/\/voyagesimpressionnistes.com\/en\/#website"},"primaryImageOfPage":{"@id":"https:\/\/voyagesimpressionnistes.com\/en\/barbizon-yerres\/ateliers-numeriques-impression-mediatheque\/#primaryimage"},"image":{"@id":"https:\/\/voyagesimpressionnistes.com\/en\/barbizon-yerres\/ateliers-numeriques-impression-mediatheque\/#primaryimage"},"thumbnailUrl":"https:\/\/voyagesimpressionnistes.com\/wp-content\/uploads\/2024\/06\/21445217-diaporama.jpg","datePublished":"2024-06-03T16:17:57+00:00","dateModified":"2024-09-17T10:59:03+00:00","description":"Inscrivez vos enfants aux ateliers num\u00e9riques \"Impression, m\u00e9diath\u00e8que\" organis\u00e9s par le VYVS pour les 150 ans de l'Impressionnisme.","breadcrumb":{"@id":"https:\/\/voyagesimpressionnistes.com\/en\/barbizon-yerres\/ateliers-numeriques-impression-mediatheque\/#breadcrumb"},"inLanguage":"en-US","potentialAction":[{"@type":"ReadAction","target":["https:\/\/voyagesimpressionnistes.com\/en\/barbizon-yerres\/ateliers-numeriques-impression-mediatheque\/"]}]},{"@type":"ImageObject","inLanguage":"en-US","@id":"https:\/\/voyagesimpressionnistes.com\/en\/barbizon-yerres\/ateliers-numeriques-impression-mediatheque\/#primaryimage","url":"https:\/\/voyagesimpressionnistes.com\/wp-content\/uploads\/2024\/06\/21445217-diaporama.jpg","contentUrl":"https:\/\/voyagesimpressionnistes.com\/wp-content\/uploads\/2024\/06\/21445217-diaporama.jpg","width":901,"height":600,"caption":"Ateliers num\u00e9riques \"Impression, m\u00e9diath\u00e8que\""},{"@type":"BreadcrumbList","@id":"https:\/\/voyagesimpressionnistes.com\/en\/barbizon-yerres\/ateliers-numeriques-impression-mediatheque\/#breadcrumb","itemListElement":[{"@type":"ListItem","position":1,"name":"Barbizon, its surrounds &amp; Yerres","item":"https:\/\/voyagesimpressionnistes.com\/en\/barbizon-yerres\/"},{"@type":"ListItem","position":2,"name":"Ateliers num\u00e9riques \u00ab\u00a0Impression, m\u00e9diath\u00e8que\u00a0\u00bb"}]},{"@type":"WebSite","@id":"https:\/\/voyagesimpressionnistes.com\/en\/#website","url":"https:\/\/voyagesimpressionnistes.com\/en\/","name":"Impressionist adventures","description":"Inspiring moments","publisher":{"@id":"https:\/\/voyagesimpressionnistes.com\/en\/#organization"},"potentialAction":[{"@type":"SearchAction","target":{"@type":"EntryPoint","urlTemplate":"https:\/\/voyagesimpressionnistes.com\/en\/?s={search_term_string}"},"query-input":{"@type":"PropertyValueSpecification","valueRequired":true,"valueName":"search_term_string"}}],"inLanguage":"en-US"},{"@type":"Organization","@id":"https:\/\/voyagesimpressionnistes.com\/en\/#organization","name":"Voyages Impressionnistes","url":"https:\/\/voyagesimpressionnistes.com\/en\/","logo":{"@type":"ImageObject","inLanguage":"en-US","@id":"https:\/\/voyagesimpressionnistes.com\/en\/#\/schema\/logo\/image\/","url":"https:\/\/voyagesimpressionnistes.com\/wp-content\/uploads\/2021\/06\/vi-logo-507x216-1.svg","contentUrl":"https:\/\/voyagesimpressionnistes.com\/wp-content\/uploads\/2021\/06\/vi-logo-507x216-1.svg","width":507,"height":216,"caption":"Voyages Impressionnistes"},"image":{"@id":"https:\/\/voyagesimpressionnistes.com\/en\/#\/schema\/logo\/image\/"},"sameAs":["https:\/\/www.facebook.com\/LesVoyagesImpressionnistes\/"]},{"@type":"Person","@id":"https:\/\/voyagesimpressionnistes.com\/en\/#\/schema\/person\/78c37c19aa7ae1bd6f4902f296c80e5f","name":"Phane","image":{"@type":"ImageObject","inLanguage":"en-US","@id":"https:\/\/voyagesimpressionnistes.com\/en\/#\/schema\/person\/image\/","url":"https:\/\/secure.gravatar.com\/avatar\/ea705fa375f21b62a2facac16bc19ee8d664629e3399a374a188d355bc5d00b9?s=96&d=mm&r=g","contentUrl":"https:\/\/secure.gravatar.com\/avatar\/ea705fa375f21b62a2facac16bc19ee8d664629e3399a374a188d355bc5d00b9?s=96&d=mm&r=g","caption":"Phane"}}]}},"jetpack_featured_media_url":"https:\/\/voyagesimpressionnistes.com\/wp-content\/uploads\/2024\/06\/21445217-diaporama.jpg","jetpack_sharing_enabled":true,"_links":{"self":[{"href":"https:\/\/voyagesimpressionnistes.com\/en\/wp-json\/wp\/v2\/posts\/10877","targetHints":{"allow":["GET"]}}],"collection":[{"href":"https:\/\/voyagesimpressionnistes.com\/en\/wp-json\/wp\/v2\/posts"}],"about":[{"href":"https:\/\/voyagesimpressionnistes.com\/en\/wp-json\/wp\/v2\/types\/post"}],"author":[{"embeddable":true,"href":"https:\/\/voyagesimpressionnistes.com\/en\/wp-json\/wp\/v2\/users\/2"}],"replies":[{"embeddable":true,"href":"https:\/\/voyagesimpressionnistes.com\/en\/wp-json\/wp\/v2\/comments?post=10877"}],"version-history":[{"count":8,"href":"https:\/\/voyagesimpressionnistes.com\/en\/wp-json\/wp\/v2\/posts\/10877\/revisions"}],"predecessor-version":[{"id":13259,"href":"https:\/\/voyagesimpressionnistes.com\/en\/wp-json\/wp\/v2\/posts\/10877\/revisions\/13259"}],"wp:featuredmedia":[{"embeddable":true,"href":"https:\/\/voyagesimpressionnistes.com\/en\/wp-json\/wp\/v2\/media\/10876"}],"wp:attachment":[{"href":"https:\/\/voyagesimpressionnistes.com\/en\/wp-json\/wp\/v2\/media?parent=10877"}],"wp:term":[{"taxonomy":"category","embeddable":true,"href":"https:\/\/voyagesimpressionnistes.com\/en\/wp-json\/wp\/v2\/categories?post=10877"},{"taxonomy":"slider_une","embeddable":true,"href":"https:\/\/voyagesimpressionnistes.com\/en\/wp-json\/wp\/v2\/slider_une?post=10877"},{"taxonomy":"regions","embeddable":true,"href":"https:\/\/voyagesimpressionnistes.com\/en\/wp-json\/wp\/v2\/regions?post=10877"},{"taxonomy":"coups_coeur","embeddable":true,"href":"https:\/\/voyagesimpressionnistes.com\/en\/wp-json\/wp\/v2\/coups_coeur?post=10877"},{"taxonomy":"inspiration-type","embeddable":true,"href":"https:\/\/voyagesimpressionnistes.com\/en\/wp-json\/wp\/v2\/inspiration-type?post=10877"},{"taxonomy":"label","embeddable":true,"href":"https:\/\/voyagesimpressionnistes.com\/en\/wp-json\/wp\/v2\/label?post=10877"},{"taxonomy":"categories-agenda","embeddable":true,"href":"https:\/\/voyagesimpressionnistes.com\/en\/wp-json\/wp\/v2\/categories-agenda?post=10877"}],"curies":[{"name":"wp","href":"https:\/\/api.w.org\/{rel}","templated":true}]}}