{"id":11362,"date":"2024-07-02T17:10:35","date_gmt":"2024-07-02T15:10:35","guid":{"rendered":"https:\/\/voyagesimpressionnistes.com\/?p=11362"},"modified":"2025-02-03T16:43:03","modified_gmt":"2025-02-03T15:43:03","slug":"week-end-special-au-pays-des-impressionnistes","status":"publish","type":"post","link":"https:\/\/voyagesimpressionnistes.com\/en\/barbizon-yerres\/week-end-special-au-pays-des-impressionnistes\/","title":{"rendered":"Week-end sp\u00e9cial au Pays des Impressionnistes"},"content":{"rendered":"<p>Les 29 et 30 juin 2024, le tiers-lieu de la Chouette au Loing \u00e0 Moret-Loing-et-Orvanne organise un week-end sp\u00e9cial au Pays des Impressionnistes pour c\u00e9l\u00e9brer les <a href=\"\/barbizon-yerres\/150-ans-impressionnisme-barbizon-yerres\/\">150 ans de la naissance de l&#8217;Impressionnisme<\/a>.<\/p>\n<h3>Journ\u00e9e immersive<\/h3>\n<p>Samedi 29 juin, passez une journ\u00e9e dans l&#8217;histoire du 19<sup>\u00e8me<\/sup> si\u00e8cle. Suivez une conteuse en costume qui fait revivre les Impressionnistes et leur \u00e9poque dans les rues de Moret-sur-Loing. Poursuivez par un pique-nique inspir\u00e9 du d\u00e9jeuner sur l&#8217;herbe, puis une le\u00e7on de peinture dans un cadre inspirant. Et terminez par une lecture th\u00e9\u00e2tralis\u00e9e par Berthe Morisot.<\/p>\n<p><strong>Au programme<\/strong><\/p>\n<ul>\n<li>10h : balade cont\u00e9e <em>Le Pays Impressionniste, Un voyage dans le temps<\/em>, propos\u00e9 par la conteuse et artiste peintre Armelle Corbier (1h30, \u00e0 partir de 8 ans). Depuis le 19<sup>\u00e8me<\/sup> si\u00e8cle, les traces et les chemins des peintres ne sont pas loin sous nos pieds. Parcourant Barbizon, Marlotte ou Moret, nombreux sont ceux qui ont trouv\u00e9 l&#8217;inspiration de la lumi\u00e8re sur ces terres. De Renoir \u00e0 Berthe Morisot, de Monet \u00e0 Sisley, des anecdotes et des histoires couvent encore sous le pont du Loing. Armelle les fait revivre en costume d&#8217;\u00e9poque. RDV au tiers-lieu de la Chouette au Loing !<\/li>\n<li>12h : pique-nique inspir\u00e9 du D\u00e9jeuner sur l&#8217;herbe ;<\/li>\n<li>14h : atelier de peinture impressionniste (1h30, \u00e0 partir de 8 ans). En d\u00e9couvrant Moret-sur-Loing, Alfred Sisley a pos\u00e9 son chevalet et ses pinceaux sur ces rives. Parcourez les chemins de couleurs et de lumi\u00e8re dans son sillage et apprenez \u00e0 voir le paysage impressionniste, faisant primer la couleur sur le dessin. Pas besoin de savoir dessiner, il suffit de se laisser bercer par le frottement du pinceau. L&#8217;atelier vous apprend les fondus et les m\u00e9langes. Point de RDV \u00e0 communiquer ult\u00e9rieurement ;<\/li>\n<li>17h : lecture th\u00e9\u00e2tralis\u00e9e : <em>Berthe Morisot, l&#8217;Impressionniste rebelle<\/em> (\u00e9criture : Elisa G. Bligny &#8211; interpr\u00e9tation : Cindy Perez, 1h). &#8220;La peinture offre un vaste champ de libert\u00e9, une \u00e9vasion d\u00e9mesur\u00e9e, incontr\u00f4lable. Des horizons rayonnants&#8221; : ce carnet imaginaire s&#8217;appuie sur des articles, des extraits de catalogues d&#8217;expositions, de lettres et de carnets de l&#8217;artiste pour retracer le parcours artistique et personnel de Berthe Morisot entre les ann\u00e9es 1857 et 1874, ann\u00e9e de la premi\u00e8re exposition de la Soci\u00e9t\u00e9 anonyme des artistes peintres, sculpteurs et graveurs, appel\u00e9s plus tard les Impressionnistes.<\/li>\n<\/ul>\n<h3>Sisley \u00e0 travers le th\u00e9\u00e2tre visuel<\/h3>\n<p>Dimanche 30 juin, partez \u00e0 la d\u00e9couverte de Sisley \u00e0 travers le th\u00e9\u00e2tre visuel, avec Karine Julien : une initiation \u00e0 la fabrication et \u00e0 la manipulation d&#8217;un genre de th\u00e9\u00e2tre pluridisciplinaire peu commun, m\u00ealant Arts Plastiques et Th\u00e9\u00e2tre, celui d&#8217;un th\u00e9\u00e2tre de marionnettes moderne !<\/p>\n<p><strong>Au programme<\/strong><\/p>\n<ul>\n<li>Matin : Fabrication d&#8217;un objet marionnette ;<\/li>\n<li>Pique-nique partag\u00e9 ;<\/li>\n<li>Apr\u00e8s-midi : initiation \u00e0 la mise en jeu et en espace de ces objets-marionnettes.<\/li>\n<\/ul>\n<p>Les d\u00e9tails et les r\u00e9servations se font aupr\u00e8s de la Chouette au Loing.<\/p>\n<p>Ce week-end sp\u00e9cial au Pays des Impressionnistes est organis\u00e9 avec le soutien des Amis d&#8217;Alfred Sisley, membre fondateur des Itin\u00e9raires Impressionnistes des ICCE.<\/p>\n<p>Si vous souhaitez prolonger votre s\u00e9jour pour profiter du cadre bucolique de Moret-Loing et Orvanne et des attraits culturels de la r\u00e9gion, consultez l&#8217;<a href=\"https:\/\/www.msl-tourisme.fr\" target=\"_blank\" rel=\"noopener\">Office de tourisme Moret Seine Loing<\/a>.<\/p>\n","protected":false},"excerpt":{"rendered":"<p>Les 29 et 30 juin 2024, le tiers-lieu de la  [&#8230;]<\/p>\n","protected":false},"author":2,"featured_media":11361,"comment_status":"closed","ping_status":"closed","sticky":false,"template":"","format":"standard","meta":{"_acf_changed":false,"inline_featured_image":false,"_jetpack_memberships_contains_paid_content":false,"footnotes":""},"categories":[81],"slider_une":[],"regions":[132],"coups_coeur":[],"inspiration-type":[],"label":[141],"categories-agenda":[177],"class_list":["post-11362","post","type-post","status-publish","format-standard","has-post-thumbnail","hentry","category-barbizon-yerres","tag-diary","regions-idf-en","label-150-years","categories-agenda-festival-en"],"acf":[],"yoast_head":"<!-- This site is optimized with the Yoast SEO plugin v26.3 - https:\/\/yoast.com\/wordpress\/plugins\/seo\/ -->\n<title>Week-end Pays des Impressionnistes - Impressionist adventures<\/title>\n<meta name=\"description\" content=\"Vivez un week-end sp\u00e9cial au Pays des Impressionnistes au tiers-lieu de la Chouette au Loing pour les 150 ans de l&#039;Impressionnisme.\" \/>\n<meta name=\"robots\" content=\"index, follow, max-snippet:-1, max-image-preview:large, max-video-preview:-1\" \/>\n<link rel=\"canonical\" href=\"https:\/\/voyagesimpressionnistes.com\/en\/barbizon-yerres\/week-end-special-au-pays-des-impressionnistes\/\" \/>\n<meta property=\"og:locale\" content=\"en_US\" \/>\n<meta property=\"og:type\" content=\"article\" \/>\n<meta property=\"og:title\" content=\"Week-end Pays des Impressionnistes - Impressionist adventures\" \/>\n<meta property=\"og:description\" content=\"Vivez un week-end sp\u00e9cial au Pays des Impressionnistes au tiers-lieu de la Chouette au Loing pour les 150 ans de l&#039;Impressionnisme.\" \/>\n<meta property=\"og:url\" content=\"https:\/\/voyagesimpressionnistes.com\/en\/barbizon-yerres\/week-end-special-au-pays-des-impressionnistes\/\" \/>\n<meta property=\"og:site_name\" content=\"Impressionist adventures\" \/>\n<meta property=\"article:publisher\" content=\"https:\/\/www.facebook.com\/LesVoyagesImpressionnistes\/\" \/>\n<meta property=\"article:published_time\" content=\"2024-07-02T15:10:35+00:00\" \/>\n<meta property=\"article:modified_time\" content=\"2025-02-03T15:43:03+00:00\" \/>\n<meta property=\"og:image\" content=\"https:\/\/voyagesimpressionnistes.com\/wp-content\/uploads\/2024\/06\/23027880-diaporama.jpg\" \/>\n\t<meta property=\"og:image:width\" content=\"424\" \/>\n\t<meta property=\"og:image:height\" content=\"600\" \/>\n\t<meta property=\"og:image:type\" content=\"image\/jpeg\" \/>\n<meta name=\"author\" content=\"Phane\" \/>\n<meta name=\"twitter:card\" content=\"summary_large_image\" \/>\n<meta name=\"twitter:label1\" content=\"Written by\" \/>\n\t<meta name=\"twitter:data1\" content=\"Phane\" \/>\n\t<meta name=\"twitter:label2\" content=\"Est. reading time\" \/>\n\t<meta name=\"twitter:data2\" content=\"3 minutes\" \/>\n<script type=\"application\/ld+json\" class=\"yoast-schema-graph\">{\"@context\":\"https:\/\/schema.org\",\"@graph\":[{\"@type\":[\"Article\",\"BlogPosting\"],\"@id\":\"https:\/\/voyagesimpressionnistes.com\/en\/barbizon-yerres\/week-end-special-au-pays-des-impressionnistes\/#article\",\"isPartOf\":{\"@id\":\"https:\/\/voyagesimpressionnistes.com\/en\/barbizon-yerres\/week-end-special-au-pays-des-impressionnistes\/\"},\"author\":{\"name\":\"Phane\",\"@id\":\"https:\/\/voyagesimpressionnistes.com\/en\/#\/schema\/person\/78c37c19aa7ae1bd6f4902f296c80e5f\"},\"headline\":\"Week-end sp\u00e9cial au Pays des Impressionnistes\",\"datePublished\":\"2024-07-02T15:10:35+00:00\",\"dateModified\":\"2025-02-03T15:43:03+00:00\",\"mainEntityOfPage\":{\"@id\":\"https:\/\/voyagesimpressionnistes.com\/en\/barbizon-yerres\/week-end-special-au-pays-des-impressionnistes\/\"},\"wordCount\":546,\"publisher\":{\"@id\":\"https:\/\/voyagesimpressionnistes.com\/en\/#organization\"},\"image\":{\"@id\":\"https:\/\/voyagesimpressionnistes.com\/en\/barbizon-yerres\/week-end-special-au-pays-des-impressionnistes\/#primaryimage\"},\"thumbnailUrl\":\"https:\/\/voyagesimpressionnistes.com\/wp-content\/uploads\/2024\/06\/23027880-diaporama.jpg\",\"keywords\":[\"Diary\"],\"articleSection\":[\"Barbizon, its surrounds &amp; Yerres\"],\"inLanguage\":\"en-US\"},{\"@type\":\"WebPage\",\"@id\":\"https:\/\/voyagesimpressionnistes.com\/en\/barbizon-yerres\/week-end-special-au-pays-des-impressionnistes\/\",\"url\":\"https:\/\/voyagesimpressionnistes.com\/en\/barbizon-yerres\/week-end-special-au-pays-des-impressionnistes\/\",\"name\":\"Week-end Pays des Impressionnistes - Impressionist adventures\",\"isPartOf\":{\"@id\":\"https:\/\/voyagesimpressionnistes.com\/en\/#website\"},\"primaryImageOfPage\":{\"@id\":\"https:\/\/voyagesimpressionnistes.com\/en\/barbizon-yerres\/week-end-special-au-pays-des-impressionnistes\/#primaryimage\"},\"image\":{\"@id\":\"https:\/\/voyagesimpressionnistes.com\/en\/barbizon-yerres\/week-end-special-au-pays-des-impressionnistes\/#primaryimage\"},\"thumbnailUrl\":\"https:\/\/voyagesimpressionnistes.com\/wp-content\/uploads\/2024\/06\/23027880-diaporama.jpg\",\"datePublished\":\"2024-07-02T15:10:35+00:00\",\"dateModified\":\"2025-02-03T15:43:03+00:00\",\"description\":\"Vivez un week-end sp\u00e9cial au Pays des Impressionnistes au tiers-lieu de la Chouette au Loing pour les 150 ans de l'Impressionnisme.\",\"breadcrumb\":{\"@id\":\"https:\/\/voyagesimpressionnistes.com\/en\/barbizon-yerres\/week-end-special-au-pays-des-impressionnistes\/#breadcrumb\"},\"inLanguage\":\"en-US\",\"potentialAction\":[{\"@type\":\"ReadAction\",\"target\":[\"https:\/\/voyagesimpressionnistes.com\/en\/barbizon-yerres\/week-end-special-au-pays-des-impressionnistes\/\"]}]},{\"@type\":\"ImageObject\",\"inLanguage\":\"en-US\",\"@id\":\"https:\/\/voyagesimpressionnistes.com\/en\/barbizon-yerres\/week-end-special-au-pays-des-impressionnistes\/#primaryimage\",\"url\":\"https:\/\/voyagesimpressionnistes.com\/wp-content\/uploads\/2024\/06\/23027880-diaporama.jpg\",\"contentUrl\":\"https:\/\/voyagesimpressionnistes.com\/wp-content\/uploads\/2024\/06\/23027880-diaporama.jpg\",\"width\":424,\"height\":600,\"caption\":\"Week-end sp\u00e9cial au Pays des Impressionnistes, \u00e0 la Chouette au Loing\"},{\"@type\":\"BreadcrumbList\",\"@id\":\"https:\/\/voyagesimpressionnistes.com\/en\/barbizon-yerres\/week-end-special-au-pays-des-impressionnistes\/#breadcrumb\",\"itemListElement\":[{\"@type\":\"ListItem\",\"position\":1,\"name\":\"Barbizon, its surrounds &amp; Yerres\",\"item\":\"https:\/\/voyagesimpressionnistes.com\/en\/barbizon-yerres\/\"},{\"@type\":\"ListItem\",\"position\":2,\"name\":\"Week-end sp\u00e9cial au Pays des Impressionnistes\"}]},{\"@type\":\"WebSite\",\"@id\":\"https:\/\/voyagesimpressionnistes.com\/en\/#website\",\"url\":\"https:\/\/voyagesimpressionnistes.com\/en\/\",\"name\":\"Impressionist adventures\",\"description\":\"Inspiring moments\",\"publisher\":{\"@id\":\"https:\/\/voyagesimpressionnistes.com\/en\/#organization\"},\"potentialAction\":[{\"@type\":\"SearchAction\",\"target\":{\"@type\":\"EntryPoint\",\"urlTemplate\":\"https:\/\/voyagesimpressionnistes.com\/en\/?s={search_term_string}\"},\"query-input\":{\"@type\":\"PropertyValueSpecification\",\"valueRequired\":true,\"valueName\":\"search_term_string\"}}],\"inLanguage\":\"en-US\"},{\"@type\":\"Organization\",\"@id\":\"https:\/\/voyagesimpressionnistes.com\/en\/#organization\",\"name\":\"Voyages Impressionnistes\",\"url\":\"https:\/\/voyagesimpressionnistes.com\/en\/\",\"logo\":{\"@type\":\"ImageObject\",\"inLanguage\":\"en-US\",\"@id\":\"https:\/\/voyagesimpressionnistes.com\/en\/#\/schema\/logo\/image\/\",\"url\":\"https:\/\/voyagesimpressionnistes.com\/wp-content\/uploads\/2021\/06\/vi-logo-507x216-1.svg\",\"contentUrl\":\"https:\/\/voyagesimpressionnistes.com\/wp-content\/uploads\/2021\/06\/vi-logo-507x216-1.svg\",\"width\":507,\"height\":216,\"caption\":\"Voyages Impressionnistes\"},\"image\":{\"@id\":\"https:\/\/voyagesimpressionnistes.com\/en\/#\/schema\/logo\/image\/\"},\"sameAs\":[\"https:\/\/www.facebook.com\/LesVoyagesImpressionnistes\/\"]},{\"@type\":\"Person\",\"@id\":\"https:\/\/voyagesimpressionnistes.com\/en\/#\/schema\/person\/78c37c19aa7ae1bd6f4902f296c80e5f\",\"name\":\"Phane\",\"image\":{\"@type\":\"ImageObject\",\"inLanguage\":\"en-US\",\"@id\":\"https:\/\/voyagesimpressionnistes.com\/en\/#\/schema\/person\/image\/\",\"url\":\"https:\/\/secure.gravatar.com\/avatar\/ea705fa375f21b62a2facac16bc19ee8d664629e3399a374a188d355bc5d00b9?s=96&d=mm&r=g\",\"contentUrl\":\"https:\/\/secure.gravatar.com\/avatar\/ea705fa375f21b62a2facac16bc19ee8d664629e3399a374a188d355bc5d00b9?s=96&d=mm&r=g\",\"caption\":\"Phane\"}}]}<\/script>\n<!-- \/ Yoast SEO plugin. -->","yoast_head_json":{"title":"Week-end Pays des Impressionnistes - Impressionist adventures","description":"Vivez un week-end sp\u00e9cial au Pays des Impressionnistes au tiers-lieu de la Chouette au Loing pour les 150 ans de l'Impressionnisme.","robots":{"index":"index","follow":"follow","max-snippet":"max-snippet:-1","max-image-preview":"max-image-preview:large","max-video-preview":"max-video-preview:-1"},"canonical":"https:\/\/voyagesimpressionnistes.com\/en\/barbizon-yerres\/week-end-special-au-pays-des-impressionnistes\/","og_locale":"en_US","og_type":"article","og_title":"Week-end Pays des Impressionnistes - Impressionist adventures","og_description":"Vivez un week-end sp\u00e9cial au Pays des Impressionnistes au tiers-lieu de la Chouette au Loing pour les 150 ans de l'Impressionnisme.","og_url":"https:\/\/voyagesimpressionnistes.com\/en\/barbizon-yerres\/week-end-special-au-pays-des-impressionnistes\/","og_site_name":"Impressionist adventures","article_publisher":"https:\/\/www.facebook.com\/LesVoyagesImpressionnistes\/","article_published_time":"2024-07-02T15:10:35+00:00","article_modified_time":"2025-02-03T15:43:03+00:00","og_image":[{"width":424,"height":600,"url":"https:\/\/voyagesimpressionnistes.com\/wp-content\/uploads\/2024\/06\/23027880-diaporama.jpg","type":"image\/jpeg"}],"author":"Phane","twitter_card":"summary_large_image","twitter_misc":{"Written by":"Phane","Est. reading time":"3 minutes"},"schema":{"@context":"https:\/\/schema.org","@graph":[{"@type":["Article","BlogPosting"],"@id":"https:\/\/voyagesimpressionnistes.com\/en\/barbizon-yerres\/week-end-special-au-pays-des-impressionnistes\/#article","isPartOf":{"@id":"https:\/\/voyagesimpressionnistes.com\/en\/barbizon-yerres\/week-end-special-au-pays-des-impressionnistes\/"},"author":{"name":"Phane","@id":"https:\/\/voyagesimpressionnistes.com\/en\/#\/schema\/person\/78c37c19aa7ae1bd6f4902f296c80e5f"},"headline":"Week-end sp\u00e9cial au Pays des Impressionnistes","datePublished":"2024-07-02T15:10:35+00:00","dateModified":"2025-02-03T15:43:03+00:00","mainEntityOfPage":{"@id":"https:\/\/voyagesimpressionnistes.com\/en\/barbizon-yerres\/week-end-special-au-pays-des-impressionnistes\/"},"wordCount":546,"publisher":{"@id":"https:\/\/voyagesimpressionnistes.com\/en\/#organization"},"image":{"@id":"https:\/\/voyagesimpressionnistes.com\/en\/barbizon-yerres\/week-end-special-au-pays-des-impressionnistes\/#primaryimage"},"thumbnailUrl":"https:\/\/voyagesimpressionnistes.com\/wp-content\/uploads\/2024\/06\/23027880-diaporama.jpg","keywords":["Diary"],"articleSection":["Barbizon, its surrounds &amp; Yerres"],"inLanguage":"en-US"},{"@type":"WebPage","@id":"https:\/\/voyagesimpressionnistes.com\/en\/barbizon-yerres\/week-end-special-au-pays-des-impressionnistes\/","url":"https:\/\/voyagesimpressionnistes.com\/en\/barbizon-yerres\/week-end-special-au-pays-des-impressionnistes\/","name":"Week-end Pays des Impressionnistes - Impressionist adventures","isPartOf":{"@id":"https:\/\/voyagesimpressionnistes.com\/en\/#website"},"primaryImageOfPage":{"@id":"https:\/\/voyagesimpressionnistes.com\/en\/barbizon-yerres\/week-end-special-au-pays-des-impressionnistes\/#primaryimage"},"image":{"@id":"https:\/\/voyagesimpressionnistes.com\/en\/barbizon-yerres\/week-end-special-au-pays-des-impressionnistes\/#primaryimage"},"thumbnailUrl":"https:\/\/voyagesimpressionnistes.com\/wp-content\/uploads\/2024\/06\/23027880-diaporama.jpg","datePublished":"2024-07-02T15:10:35+00:00","dateModified":"2025-02-03T15:43:03+00:00","description":"Vivez un week-end sp\u00e9cial au Pays des Impressionnistes au tiers-lieu de la Chouette au Loing pour les 150 ans de l'Impressionnisme.","breadcrumb":{"@id":"https:\/\/voyagesimpressionnistes.com\/en\/barbizon-yerres\/week-end-special-au-pays-des-impressionnistes\/#breadcrumb"},"inLanguage":"en-US","potentialAction":[{"@type":"ReadAction","target":["https:\/\/voyagesimpressionnistes.com\/en\/barbizon-yerres\/week-end-special-au-pays-des-impressionnistes\/"]}]},{"@type":"ImageObject","inLanguage":"en-US","@id":"https:\/\/voyagesimpressionnistes.com\/en\/barbizon-yerres\/week-end-special-au-pays-des-impressionnistes\/#primaryimage","url":"https:\/\/voyagesimpressionnistes.com\/wp-content\/uploads\/2024\/06\/23027880-diaporama.jpg","contentUrl":"https:\/\/voyagesimpressionnistes.com\/wp-content\/uploads\/2024\/06\/23027880-diaporama.jpg","width":424,"height":600,"caption":"Week-end sp\u00e9cial au Pays des Impressionnistes, \u00e0 la Chouette au Loing"},{"@type":"BreadcrumbList","@id":"https:\/\/voyagesimpressionnistes.com\/en\/barbizon-yerres\/week-end-special-au-pays-des-impressionnistes\/#breadcrumb","itemListElement":[{"@type":"ListItem","position":1,"name":"Barbizon, its surrounds &amp; Yerres","item":"https:\/\/voyagesimpressionnistes.com\/en\/barbizon-yerres\/"},{"@type":"ListItem","position":2,"name":"Week-end sp\u00e9cial au Pays des Impressionnistes"}]},{"@type":"WebSite","@id":"https:\/\/voyagesimpressionnistes.com\/en\/#website","url":"https:\/\/voyagesimpressionnistes.com\/en\/","name":"Impressionist adventures","description":"Inspiring moments","publisher":{"@id":"https:\/\/voyagesimpressionnistes.com\/en\/#organization"},"potentialAction":[{"@type":"SearchAction","target":{"@type":"EntryPoint","urlTemplate":"https:\/\/voyagesimpressionnistes.com\/en\/?s={search_term_string}"},"query-input":{"@type":"PropertyValueSpecification","valueRequired":true,"valueName":"search_term_string"}}],"inLanguage":"en-US"},{"@type":"Organization","@id":"https:\/\/voyagesimpressionnistes.com\/en\/#organization","name":"Voyages Impressionnistes","url":"https:\/\/voyagesimpressionnistes.com\/en\/","logo":{"@type":"ImageObject","inLanguage":"en-US","@id":"https:\/\/voyagesimpressionnistes.com\/en\/#\/schema\/logo\/image\/","url":"https:\/\/voyagesimpressionnistes.com\/wp-content\/uploads\/2021\/06\/vi-logo-507x216-1.svg","contentUrl":"https:\/\/voyagesimpressionnistes.com\/wp-content\/uploads\/2021\/06\/vi-logo-507x216-1.svg","width":507,"height":216,"caption":"Voyages Impressionnistes"},"image":{"@id":"https:\/\/voyagesimpressionnistes.com\/en\/#\/schema\/logo\/image\/"},"sameAs":["https:\/\/www.facebook.com\/LesVoyagesImpressionnistes\/"]},{"@type":"Person","@id":"https:\/\/voyagesimpressionnistes.com\/en\/#\/schema\/person\/78c37c19aa7ae1bd6f4902f296c80e5f","name":"Phane","image":{"@type":"ImageObject","inLanguage":"en-US","@id":"https:\/\/voyagesimpressionnistes.com\/en\/#\/schema\/person\/image\/","url":"https:\/\/secure.gravatar.com\/avatar\/ea705fa375f21b62a2facac16bc19ee8d664629e3399a374a188d355bc5d00b9?s=96&d=mm&r=g","contentUrl":"https:\/\/secure.gravatar.com\/avatar\/ea705fa375f21b62a2facac16bc19ee8d664629e3399a374a188d355bc5d00b9?s=96&d=mm&r=g","caption":"Phane"}}]}},"jetpack_featured_media_url":"https:\/\/voyagesimpressionnistes.com\/wp-content\/uploads\/2024\/06\/23027880-diaporama.jpg","jetpack_sharing_enabled":true,"_links":{"self":[{"href":"https:\/\/voyagesimpressionnistes.com\/en\/wp-json\/wp\/v2\/posts\/11362","targetHints":{"allow":["GET"]}}],"collection":[{"href":"https:\/\/voyagesimpressionnistes.com\/en\/wp-json\/wp\/v2\/posts"}],"about":[{"href":"https:\/\/voyagesimpressionnistes.com\/en\/wp-json\/wp\/v2\/types\/post"}],"author":[{"embeddable":true,"href":"https:\/\/voyagesimpressionnistes.com\/en\/wp-json\/wp\/v2\/users\/2"}],"replies":[{"embeddable":true,"href":"https:\/\/voyagesimpressionnistes.com\/en\/wp-json\/wp\/v2\/comments?post=11362"}],"version-history":[{"count":3,"href":"https:\/\/voyagesimpressionnistes.com\/en\/wp-json\/wp\/v2\/posts\/11362\/revisions"}],"predecessor-version":[{"id":11631,"href":"https:\/\/voyagesimpressionnistes.com\/en\/wp-json\/wp\/v2\/posts\/11362\/revisions\/11631"}],"wp:featuredmedia":[{"embeddable":true,"href":"https:\/\/voyagesimpressionnistes.com\/en\/wp-json\/wp\/v2\/media\/11361"}],"wp:attachment":[{"href":"https:\/\/voyagesimpressionnistes.com\/en\/wp-json\/wp\/v2\/media?parent=11362"}],"wp:term":[{"taxonomy":"category","embeddable":true,"href":"https:\/\/voyagesimpressionnistes.com\/en\/wp-json\/wp\/v2\/categories?post=11362"},{"taxonomy":"slider_une","embeddable":true,"href":"https:\/\/voyagesimpressionnistes.com\/en\/wp-json\/wp\/v2\/slider_une?post=11362"},{"taxonomy":"regions","embeddable":true,"href":"https:\/\/voyagesimpressionnistes.com\/en\/wp-json\/wp\/v2\/regions?post=11362"},{"taxonomy":"coups_coeur","embeddable":true,"href":"https:\/\/voyagesimpressionnistes.com\/en\/wp-json\/wp\/v2\/coups_coeur?post=11362"},{"taxonomy":"inspiration-type","embeddable":true,"href":"https:\/\/voyagesimpressionnistes.com\/en\/wp-json\/wp\/v2\/inspiration-type?post=11362"},{"taxonomy":"label","embeddable":true,"href":"https:\/\/voyagesimpressionnistes.com\/en\/wp-json\/wp\/v2\/label?post=11362"},{"taxonomy":"categories-agenda","embeddable":true,"href":"https:\/\/voyagesimpressionnistes.com\/en\/wp-json\/wp\/v2\/categories-agenda?post=11362"}],"curies":[{"name":"wp","href":"https:\/\/api.w.org\/{rel}","templated":true}]}}