{"id":11446,"date":"2024-07-03T11:21:18","date_gmt":"2024-07-03T09:21:18","guid":{"rendered":"https:\/\/voyagesimpressionnistes.com\/?p=11446"},"modified":"2024-11-28T15:03:31","modified_gmt":"2024-11-28T14:03:31","slug":"au-musee-pour-y-voir","status":"publish","type":"post","link":"https:\/\/voyagesimpressionnistes.com\/en\/cote-albatre\/au-musee-pour-y-voir\/","title":{"rendered":"Au mus\u00e9e pour y voir"},"content":{"rendered":"<p>\u00c0 l\u2019occasion des <a href=\"https:\/\/voyagesimpressionnistes.com\/en\/paris-montmartre\/impressionism-celebrates-its-150th-anniversary\/\">150 ans de l&#8217;Impressionnisme<\/a>, le Mus\u00e9e des Ivoires de la Ville d\u2019Yvetot se pare d&#8217;\u0153uvres captivantes de Marc Desgrandschamps et Charles Angrand avec l&#8217;exposition <em>Au mus\u00e9e pour y voir<\/em>.<\/p>\n<p>Du 11 juin au 22 septembre 2022, venez d\u00e9couvrir cette exposition exceptionnelle, en entr\u00e9e libre, et laissez-vous transporter par l&#8217;art impressionniste.<\/p>\n","protected":false},"excerpt":{"rendered":"<p>\u00c0 l\u2019occasion des 150 ans de l&#8217;Impressionnisme, le Mus\u00e9e des  [&#8230;]<\/p>\n","protected":false},"author":2,"featured_media":11445,"comment_status":"closed","ping_status":"closed","sticky":false,"template":"","format":"standard","meta":{"_acf_changed":false,"inline_featured_image":false,"_jetpack_memberships_contains_paid_content":false,"footnotes":""},"categories":[85],"slider_une":[],"regions":[133],"coups_coeur":[],"inspiration-type":[],"label":[141],"categories-agenda":[175],"class_list":["post-11446","post","type-post","status-publish","format-standard","has-post-thumbnail","hentry","category-cote-albatre","tag-diary","regions-normandy","label-150-years","categories-agenda-contemporary-art-contemporain"],"acf":[],"yoast_head":"<!-- This site is optimized with the Yoast SEO plugin v26.3 - https:\/\/yoast.com\/wordpress\/plugins\/seo\/ -->\n<title>Au mus\u00e9e pour y voir - Impressionist adventures<\/title>\n<meta name=\"description\" content=\"Venez d\u00e9couvrir l&#039;exposition &quot;Au mus\u00e9e pour y voir&quot; \u00e0 Yvetot, dans le cadre de l&#039;anniversaire de la naissance de l&#039;Impressionnisme.\" \/>\n<meta name=\"robots\" content=\"index, follow, max-snippet:-1, max-image-preview:large, max-video-preview:-1\" \/>\n<link rel=\"canonical\" href=\"https:\/\/voyagesimpressionnistes.com\/en\/cote-albatre\/au-musee-pour-y-voir\/\" \/>\n<meta property=\"og:locale\" content=\"en_US\" \/>\n<meta property=\"og:type\" content=\"article\" \/>\n<meta property=\"og:title\" content=\"Au mus\u00e9e pour y voir - Impressionist adventures\" \/>\n<meta property=\"og:description\" content=\"Venez d\u00e9couvrir l&#039;exposition &quot;Au mus\u00e9e pour y voir&quot; \u00e0 Yvetot, dans le cadre de l&#039;anniversaire de la naissance de l&#039;Impressionnisme.\" \/>\n<meta property=\"og:url\" content=\"https:\/\/voyagesimpressionnistes.com\/en\/cote-albatre\/au-musee-pour-y-voir\/\" \/>\n<meta property=\"og:site_name\" content=\"Impressionist adventures\" \/>\n<meta property=\"article:publisher\" content=\"https:\/\/www.facebook.com\/LesVoyagesImpressionnistes\/\" \/>\n<meta property=\"article:published_time\" content=\"2024-07-03T09:21:18+00:00\" \/>\n<meta property=\"article:modified_time\" content=\"2024-11-28T14:03:31+00:00\" \/>\n<meta property=\"og:image\" content=\"https:\/\/voyagesimpressionnistes.com\/wp-content\/uploads\/2024\/06\/Yvetot-AuMuseePourYVoir-MuseeDesIvoires-2024.jpg\" \/>\n\t<meta property=\"og:image:width\" content=\"800\" \/>\n\t<meta property=\"og:image:height\" content=\"600\" \/>\n\t<meta property=\"og:image:type\" content=\"image\/jpeg\" \/>\n<meta name=\"author\" content=\"Phane\" \/>\n<meta name=\"twitter:card\" content=\"summary_large_image\" \/>\n<meta name=\"twitter:label1\" content=\"Written by\" \/>\n\t<meta name=\"twitter:data1\" content=\"Phane\" \/>\n<script type=\"application\/ld+json\" class=\"yoast-schema-graph\">{\"@context\":\"https:\/\/schema.org\",\"@graph\":[{\"@type\":[\"Article\",\"BlogPosting\"],\"@id\":\"https:\/\/voyagesimpressionnistes.com\/en\/cote-albatre\/au-musee-pour-y-voir\/#article\",\"isPartOf\":{\"@id\":\"https:\/\/voyagesimpressionnistes.com\/en\/cote-albatre\/au-musee-pour-y-voir\/\"},\"author\":{\"name\":\"Phane\",\"@id\":\"https:\/\/voyagesimpressionnistes.com\/en\/#\/schema\/person\/78c37c19aa7ae1bd6f4902f296c80e5f\"},\"headline\":\"Au mus\u00e9e pour y voir\",\"datePublished\":\"2024-07-03T09:21:18+00:00\",\"dateModified\":\"2024-11-28T14:03:31+00:00\",\"mainEntityOfPage\":{\"@id\":\"https:\/\/voyagesimpressionnistes.com\/en\/cote-albatre\/au-musee-pour-y-voir\/\"},\"wordCount\":64,\"publisher\":{\"@id\":\"https:\/\/voyagesimpressionnistes.com\/en\/#organization\"},\"image\":{\"@id\":\"https:\/\/voyagesimpressionnistes.com\/en\/cote-albatre\/au-musee-pour-y-voir\/#primaryimage\"},\"thumbnailUrl\":\"https:\/\/voyagesimpressionnistes.com\/wp-content\/uploads\/2024\/06\/Yvetot-AuMuseePourYVoir-MuseeDesIvoires-2024.jpg\",\"keywords\":[\"Diary\"],\"articleSection\":[\"The C\u00f4te d\u2019Alb\u00e2tre\"],\"inLanguage\":\"en-US\"},{\"@type\":\"WebPage\",\"@id\":\"https:\/\/voyagesimpressionnistes.com\/en\/cote-albatre\/au-musee-pour-y-voir\/\",\"url\":\"https:\/\/voyagesimpressionnistes.com\/en\/cote-albatre\/au-musee-pour-y-voir\/\",\"name\":\"Au mus\u00e9e pour y voir - Impressionist adventures\",\"isPartOf\":{\"@id\":\"https:\/\/voyagesimpressionnistes.com\/en\/#website\"},\"primaryImageOfPage\":{\"@id\":\"https:\/\/voyagesimpressionnistes.com\/en\/cote-albatre\/au-musee-pour-y-voir\/#primaryimage\"},\"image\":{\"@id\":\"https:\/\/voyagesimpressionnistes.com\/en\/cote-albatre\/au-musee-pour-y-voir\/#primaryimage\"},\"thumbnailUrl\":\"https:\/\/voyagesimpressionnistes.com\/wp-content\/uploads\/2024\/06\/Yvetot-AuMuseePourYVoir-MuseeDesIvoires-2024.jpg\",\"datePublished\":\"2024-07-03T09:21:18+00:00\",\"dateModified\":\"2024-11-28T14:03:31+00:00\",\"description\":\"Venez d\u00e9couvrir l'exposition \\\"Au mus\u00e9e pour y voir\\\" \u00e0 Yvetot, dans le cadre de l'anniversaire de la naissance de l'Impressionnisme.\",\"breadcrumb\":{\"@id\":\"https:\/\/voyagesimpressionnistes.com\/en\/cote-albatre\/au-musee-pour-y-voir\/#breadcrumb\"},\"inLanguage\":\"en-US\",\"potentialAction\":[{\"@type\":\"ReadAction\",\"target\":[\"https:\/\/voyagesimpressionnistes.com\/en\/cote-albatre\/au-musee-pour-y-voir\/\"]}]},{\"@type\":\"ImageObject\",\"inLanguage\":\"en-US\",\"@id\":\"https:\/\/voyagesimpressionnistes.com\/en\/cote-albatre\/au-musee-pour-y-voir\/#primaryimage\",\"url\":\"https:\/\/voyagesimpressionnistes.com\/wp-content\/uploads\/2024\/06\/Yvetot-AuMuseePourYVoir-MuseeDesIvoires-2024.jpg\",\"contentUrl\":\"https:\/\/voyagesimpressionnistes.com\/wp-content\/uploads\/2024\/06\/Yvetot-AuMuseePourYVoir-MuseeDesIvoires-2024.jpg\",\"width\":800,\"height\":600,\"caption\":\"Au mus\u00e9e pour y voir : visuel de l'exposition au Mus\u00e9e des Ivoires d'Yvetot\"},{\"@type\":\"BreadcrumbList\",\"@id\":\"https:\/\/voyagesimpressionnistes.com\/en\/cote-albatre\/au-musee-pour-y-voir\/#breadcrumb\",\"itemListElement\":[{\"@type\":\"ListItem\",\"position\":1,\"name\":\"The C\u00f4te d\u2019Alb\u00e2tre\",\"item\":\"https:\/\/voyagesimpressionnistes.com\/en\/cote-albatre\/\"},{\"@type\":\"ListItem\",\"position\":2,\"name\":\"Au mus\u00e9e pour y voir\"}]},{\"@type\":\"WebSite\",\"@id\":\"https:\/\/voyagesimpressionnistes.com\/en\/#website\",\"url\":\"https:\/\/voyagesimpressionnistes.com\/en\/\",\"name\":\"Impressionist adventures\",\"description\":\"Inspiring moments\",\"publisher\":{\"@id\":\"https:\/\/voyagesimpressionnistes.com\/en\/#organization\"},\"potentialAction\":[{\"@type\":\"SearchAction\",\"target\":{\"@type\":\"EntryPoint\",\"urlTemplate\":\"https:\/\/voyagesimpressionnistes.com\/en\/?s={search_term_string}\"},\"query-input\":{\"@type\":\"PropertyValueSpecification\",\"valueRequired\":true,\"valueName\":\"search_term_string\"}}],\"inLanguage\":\"en-US\"},{\"@type\":\"Organization\",\"@id\":\"https:\/\/voyagesimpressionnistes.com\/en\/#organization\",\"name\":\"Voyages Impressionnistes\",\"url\":\"https:\/\/voyagesimpressionnistes.com\/en\/\",\"logo\":{\"@type\":\"ImageObject\",\"inLanguage\":\"en-US\",\"@id\":\"https:\/\/voyagesimpressionnistes.com\/en\/#\/schema\/logo\/image\/\",\"url\":\"https:\/\/voyagesimpressionnistes.com\/wp-content\/uploads\/2021\/06\/vi-logo-507x216-1.svg\",\"contentUrl\":\"https:\/\/voyagesimpressionnistes.com\/wp-content\/uploads\/2021\/06\/vi-logo-507x216-1.svg\",\"width\":507,\"height\":216,\"caption\":\"Voyages Impressionnistes\"},\"image\":{\"@id\":\"https:\/\/voyagesimpressionnistes.com\/en\/#\/schema\/logo\/image\/\"},\"sameAs\":[\"https:\/\/www.facebook.com\/LesVoyagesImpressionnistes\/\"]},{\"@type\":\"Person\",\"@id\":\"https:\/\/voyagesimpressionnistes.com\/en\/#\/schema\/person\/78c37c19aa7ae1bd6f4902f296c80e5f\",\"name\":\"Phane\",\"image\":{\"@type\":\"ImageObject\",\"inLanguage\":\"en-US\",\"@id\":\"https:\/\/voyagesimpressionnistes.com\/en\/#\/schema\/person\/image\/\",\"url\":\"https:\/\/secure.gravatar.com\/avatar\/ea705fa375f21b62a2facac16bc19ee8d664629e3399a374a188d355bc5d00b9?s=96&d=mm&r=g\",\"contentUrl\":\"https:\/\/secure.gravatar.com\/avatar\/ea705fa375f21b62a2facac16bc19ee8d664629e3399a374a188d355bc5d00b9?s=96&d=mm&r=g\",\"caption\":\"Phane\"}}]}<\/script>\n<!-- \/ Yoast SEO plugin. -->","yoast_head_json":{"title":"Au mus\u00e9e pour y voir - Impressionist adventures","description":"Venez d\u00e9couvrir l'exposition \"Au mus\u00e9e pour y voir\" \u00e0 Yvetot, dans le cadre de l'anniversaire de la naissance de l'Impressionnisme.","robots":{"index":"index","follow":"follow","max-snippet":"max-snippet:-1","max-image-preview":"max-image-preview:large","max-video-preview":"max-video-preview:-1"},"canonical":"https:\/\/voyagesimpressionnistes.com\/en\/cote-albatre\/au-musee-pour-y-voir\/","og_locale":"en_US","og_type":"article","og_title":"Au mus\u00e9e pour y voir - Impressionist adventures","og_description":"Venez d\u00e9couvrir l'exposition \"Au mus\u00e9e pour y voir\" \u00e0 Yvetot, dans le cadre de l'anniversaire de la naissance de l'Impressionnisme.","og_url":"https:\/\/voyagesimpressionnistes.com\/en\/cote-albatre\/au-musee-pour-y-voir\/","og_site_name":"Impressionist adventures","article_publisher":"https:\/\/www.facebook.com\/LesVoyagesImpressionnistes\/","article_published_time":"2024-07-03T09:21:18+00:00","article_modified_time":"2024-11-28T14:03:31+00:00","og_image":[{"width":800,"height":600,"url":"https:\/\/voyagesimpressionnistes.com\/wp-content\/uploads\/2024\/06\/Yvetot-AuMuseePourYVoir-MuseeDesIvoires-2024.jpg","type":"image\/jpeg"}],"author":"Phane","twitter_card":"summary_large_image","twitter_misc":{"Written by":"Phane"},"schema":{"@context":"https:\/\/schema.org","@graph":[{"@type":["Article","BlogPosting"],"@id":"https:\/\/voyagesimpressionnistes.com\/en\/cote-albatre\/au-musee-pour-y-voir\/#article","isPartOf":{"@id":"https:\/\/voyagesimpressionnistes.com\/en\/cote-albatre\/au-musee-pour-y-voir\/"},"author":{"name":"Phane","@id":"https:\/\/voyagesimpressionnistes.com\/en\/#\/schema\/person\/78c37c19aa7ae1bd6f4902f296c80e5f"},"headline":"Au mus\u00e9e pour y voir","datePublished":"2024-07-03T09:21:18+00:00","dateModified":"2024-11-28T14:03:31+00:00","mainEntityOfPage":{"@id":"https:\/\/voyagesimpressionnistes.com\/en\/cote-albatre\/au-musee-pour-y-voir\/"},"wordCount":64,"publisher":{"@id":"https:\/\/voyagesimpressionnistes.com\/en\/#organization"},"image":{"@id":"https:\/\/voyagesimpressionnistes.com\/en\/cote-albatre\/au-musee-pour-y-voir\/#primaryimage"},"thumbnailUrl":"https:\/\/voyagesimpressionnistes.com\/wp-content\/uploads\/2024\/06\/Yvetot-AuMuseePourYVoir-MuseeDesIvoires-2024.jpg","keywords":["Diary"],"articleSection":["The C\u00f4te d\u2019Alb\u00e2tre"],"inLanguage":"en-US"},{"@type":"WebPage","@id":"https:\/\/voyagesimpressionnistes.com\/en\/cote-albatre\/au-musee-pour-y-voir\/","url":"https:\/\/voyagesimpressionnistes.com\/en\/cote-albatre\/au-musee-pour-y-voir\/","name":"Au mus\u00e9e pour y voir - Impressionist adventures","isPartOf":{"@id":"https:\/\/voyagesimpressionnistes.com\/en\/#website"},"primaryImageOfPage":{"@id":"https:\/\/voyagesimpressionnistes.com\/en\/cote-albatre\/au-musee-pour-y-voir\/#primaryimage"},"image":{"@id":"https:\/\/voyagesimpressionnistes.com\/en\/cote-albatre\/au-musee-pour-y-voir\/#primaryimage"},"thumbnailUrl":"https:\/\/voyagesimpressionnistes.com\/wp-content\/uploads\/2024\/06\/Yvetot-AuMuseePourYVoir-MuseeDesIvoires-2024.jpg","datePublished":"2024-07-03T09:21:18+00:00","dateModified":"2024-11-28T14:03:31+00:00","description":"Venez d\u00e9couvrir l'exposition \"Au mus\u00e9e pour y voir\" \u00e0 Yvetot, dans le cadre de l'anniversaire de la naissance de l'Impressionnisme.","breadcrumb":{"@id":"https:\/\/voyagesimpressionnistes.com\/en\/cote-albatre\/au-musee-pour-y-voir\/#breadcrumb"},"inLanguage":"en-US","potentialAction":[{"@type":"ReadAction","target":["https:\/\/voyagesimpressionnistes.com\/en\/cote-albatre\/au-musee-pour-y-voir\/"]}]},{"@type":"ImageObject","inLanguage":"en-US","@id":"https:\/\/voyagesimpressionnistes.com\/en\/cote-albatre\/au-musee-pour-y-voir\/#primaryimage","url":"https:\/\/voyagesimpressionnistes.com\/wp-content\/uploads\/2024\/06\/Yvetot-AuMuseePourYVoir-MuseeDesIvoires-2024.jpg","contentUrl":"https:\/\/voyagesimpressionnistes.com\/wp-content\/uploads\/2024\/06\/Yvetot-AuMuseePourYVoir-MuseeDesIvoires-2024.jpg","width":800,"height":600,"caption":"Au mus\u00e9e pour y voir : visuel de l'exposition au Mus\u00e9e des Ivoires d'Yvetot"},{"@type":"BreadcrumbList","@id":"https:\/\/voyagesimpressionnistes.com\/en\/cote-albatre\/au-musee-pour-y-voir\/#breadcrumb","itemListElement":[{"@type":"ListItem","position":1,"name":"The C\u00f4te d\u2019Alb\u00e2tre","item":"https:\/\/voyagesimpressionnistes.com\/en\/cote-albatre\/"},{"@type":"ListItem","position":2,"name":"Au mus\u00e9e pour y voir"}]},{"@type":"WebSite","@id":"https:\/\/voyagesimpressionnistes.com\/en\/#website","url":"https:\/\/voyagesimpressionnistes.com\/en\/","name":"Impressionist adventures","description":"Inspiring moments","publisher":{"@id":"https:\/\/voyagesimpressionnistes.com\/en\/#organization"},"potentialAction":[{"@type":"SearchAction","target":{"@type":"EntryPoint","urlTemplate":"https:\/\/voyagesimpressionnistes.com\/en\/?s={search_term_string}"},"query-input":{"@type":"PropertyValueSpecification","valueRequired":true,"valueName":"search_term_string"}}],"inLanguage":"en-US"},{"@type":"Organization","@id":"https:\/\/voyagesimpressionnistes.com\/en\/#organization","name":"Voyages Impressionnistes","url":"https:\/\/voyagesimpressionnistes.com\/en\/","logo":{"@type":"ImageObject","inLanguage":"en-US","@id":"https:\/\/voyagesimpressionnistes.com\/en\/#\/schema\/logo\/image\/","url":"https:\/\/voyagesimpressionnistes.com\/wp-content\/uploads\/2021\/06\/vi-logo-507x216-1.svg","contentUrl":"https:\/\/voyagesimpressionnistes.com\/wp-content\/uploads\/2021\/06\/vi-logo-507x216-1.svg","width":507,"height":216,"caption":"Voyages Impressionnistes"},"image":{"@id":"https:\/\/voyagesimpressionnistes.com\/en\/#\/schema\/logo\/image\/"},"sameAs":["https:\/\/www.facebook.com\/LesVoyagesImpressionnistes\/"]},{"@type":"Person","@id":"https:\/\/voyagesimpressionnistes.com\/en\/#\/schema\/person\/78c37c19aa7ae1bd6f4902f296c80e5f","name":"Phane","image":{"@type":"ImageObject","inLanguage":"en-US","@id":"https:\/\/voyagesimpressionnistes.com\/en\/#\/schema\/person\/image\/","url":"https:\/\/secure.gravatar.com\/avatar\/ea705fa375f21b62a2facac16bc19ee8d664629e3399a374a188d355bc5d00b9?s=96&d=mm&r=g","contentUrl":"https:\/\/secure.gravatar.com\/avatar\/ea705fa375f21b62a2facac16bc19ee8d664629e3399a374a188d355bc5d00b9?s=96&d=mm&r=g","caption":"Phane"}}]}},"jetpack_featured_media_url":"https:\/\/voyagesimpressionnistes.com\/wp-content\/uploads\/2024\/06\/Yvetot-AuMuseePourYVoir-MuseeDesIvoires-2024.jpg","jetpack_sharing_enabled":true,"_links":{"self":[{"href":"https:\/\/voyagesimpressionnistes.com\/en\/wp-json\/wp\/v2\/posts\/11446","targetHints":{"allow":["GET"]}}],"collection":[{"href":"https:\/\/voyagesimpressionnistes.com\/en\/wp-json\/wp\/v2\/posts"}],"about":[{"href":"https:\/\/voyagesimpressionnistes.com\/en\/wp-json\/wp\/v2\/types\/post"}],"author":[{"embeddable":true,"href":"https:\/\/voyagesimpressionnistes.com\/en\/wp-json\/wp\/v2\/users\/2"}],"replies":[{"embeddable":true,"href":"https:\/\/voyagesimpressionnistes.com\/en\/wp-json\/wp\/v2\/comments?post=11446"}],"version-history":[{"count":6,"href":"https:\/\/voyagesimpressionnistes.com\/en\/wp-json\/wp\/v2\/posts\/11446\/revisions"}],"predecessor-version":[{"id":13594,"href":"https:\/\/voyagesimpressionnistes.com\/en\/wp-json\/wp\/v2\/posts\/11446\/revisions\/13594"}],"wp:featuredmedia":[{"embeddable":true,"href":"https:\/\/voyagesimpressionnistes.com\/en\/wp-json\/wp\/v2\/media\/11445"}],"wp:attachment":[{"href":"https:\/\/voyagesimpressionnistes.com\/en\/wp-json\/wp\/v2\/media?parent=11446"}],"wp:term":[{"taxonomy":"category","embeddable":true,"href":"https:\/\/voyagesimpressionnistes.com\/en\/wp-json\/wp\/v2\/categories?post=11446"},{"taxonomy":"slider_une","embeddable":true,"href":"https:\/\/voyagesimpressionnistes.com\/en\/wp-json\/wp\/v2\/slider_une?post=11446"},{"taxonomy":"regions","embeddable":true,"href":"https:\/\/voyagesimpressionnistes.com\/en\/wp-json\/wp\/v2\/regions?post=11446"},{"taxonomy":"coups_coeur","embeddable":true,"href":"https:\/\/voyagesimpressionnistes.com\/en\/wp-json\/wp\/v2\/coups_coeur?post=11446"},{"taxonomy":"inspiration-type","embeddable":true,"href":"https:\/\/voyagesimpressionnistes.com\/en\/wp-json\/wp\/v2\/inspiration-type?post=11446"},{"taxonomy":"label","embeddable":true,"href":"https:\/\/voyagesimpressionnistes.com\/en\/wp-json\/wp\/v2\/label?post=11446"},{"taxonomy":"categories-agenda","embeddable":true,"href":"https:\/\/voyagesimpressionnistes.com\/en\/wp-json\/wp\/v2\/categories-agenda?post=11446"}],"curies":[{"name":"wp","href":"https:\/\/api.w.org\/{rel}","templated":true}]}}