{"id":12172,"date":"2024-07-15T14:05:40","date_gmt":"2024-07-15T12:05:40","guid":{"rendered":"https:\/\/voyagesimpressionnistes.com\/?p=12172"},"modified":"2025-09-10T09:43:35","modified_gmt":"2025-09-10T07:43:35","slug":"balade-sur-le-chemin-des-impressionnistes-a-carrieres-sur-seine","status":"publish","type":"post","link":"https:\/\/voyagesimpressionnistes.com\/en\/banks-seine\/balade-sur-le-chemin-des-impressionnistes-a-carrieres-sur-seine\/","title":{"rendered":"Balade sur le chemin des Impressionnistes \u00e0 Carri\u00e8res-sur-Seine"},"content":{"rendered":"<p>Le samedi 27 septembre 2025 \u00e0 14h30, l&#8217;Office de Tourisme Intercommunal Saint Germain Boucles de Seine organise une balade comment\u00e9e sur le chemin des Impressionnistes \u00e0 Carri\u00e8res-sur-Seine.<\/p>\n<p>Dans un cadre bucolique, le <a href=\"https:\/\/voyagesimpressionnistes.com\/en\/banks-seine\/chemin-des-impressionnistes\/\">chemin des Impressionnistes<\/a> met en lumi\u00e8re les artistes qui pos\u00e8rent leur chevalet en bord de Seine. Ce panorama inspira notamment Claude Monet en 1872 avec son tableau <em>Carri\u00e8res-Saint-Denis<\/em>, peint depuis la Seine et conserv\u00e9 aujourd&#8217;hui au <a href=\"https:\/\/voyagesimpressionnistes.com\/en\/paris-montmartre\/musee-dorsay\/\">mus\u00e9e d&#8217;Orsay<\/a> \u00e0 Paris. Pourquoi Carri\u00e8res-Saint-Denis ? Parce qu&#8217;en 1137, l\u2019histoire du village bascule et restera intimement li\u00e9e \u00e0 celle de la basilique Saint-Denis jusqu\u2019\u00e0 la R\u00e9volution. \u00c0 travers les \u00e2ges, ses habitants, carriers, vignerons, champignonnistes, nous l\u00e8guent une histoire riche d\u2019humanit\u00e9 et de vestiges pr\u00e9cieusement conserv\u00e9s : la grange aux d\u00eemes, l\u2019\u00e9glise, le parc de la mairie, les maisons troglodytes, le pressoir&#8230; Au cours de cette charmante balade, vous contemplerez ainsi le &#8220;motif&#8221; des plus grandes \u0153uvres impressionnistes et fauves.<\/p>\n<p>La balade sur le chemin des Impressionnistes \u00e0 Carri\u00e8res-sur-Seine fait une boucle de 1,9 km (niveau facile) et est comment\u00e9e par un guide-conf\u00e9rencier de l&#8217;Office de Tourisme Intercommunal Saint Germain Boucles de Seine. Elle est sur r\u00e9servation obligatoire.<\/p>\n<div class=\"fusion-button-wrapper\"><a class=\"fusion-button button-flat fusion-button-default-size button-default fusion-button-default button-1 fusion-button-default-span fusion-button-default-type\" target=\"_blank\" rel=\"noopener noreferrer\" href=\"https:\/\/www.seine-saintgermain.fr\/offres\/chemin-des-impressionnistes-a-carrieres-sur-seine-carrieres-sur-seine-fr-5463443\/\"><span class=\"fusion-button-text awb-button__text awb-button__text--default\">R\u00e9servez votre visite sur le site de l&#8217;OIT Saint-Germain Boucles de Seine<\/span><\/a><\/div>\n","protected":false},"excerpt":{"rendered":"<p>Le samedi 27 septembre 2025 \u00e0 14h30, l&#8217;Office de Tourisme  [&#8230;]<\/p>\n","protected":false},"author":2,"featured_media":15303,"comment_status":"closed","ping_status":"closed","sticky":false,"template":"","format":"standard","meta":{"_acf_changed":false,"inline_featured_image":false,"_jetpack_memberships_contains_paid_content":false,"footnotes":""},"categories":[86],"slider_une":[],"regions":[132],"coups_coeur":[],"inspiration-type":[],"label":[],"categories-agenda":[176],"class_list":["post-12172","post","type-post","status-publish","format-standard","has-post-thumbnail","hentry","category-banks-seine","tag-diary","regions-idf-en","categories-agenda-guided-tour-workshop"],"acf":[],"yoast_head":"<!-- This site is optimized with the Yoast SEO plugin v26.3 - https:\/\/yoast.com\/wordpress\/plugins\/seo\/ -->\n<title>Chemin des Impressionnistes Carri\u00e8res - Impressionist adventures<\/title>\n<meta name=\"description\" content=\"Parcourez le chemin des Impressionnistes \u00e0 Carri\u00e8res-sur-Seine \u00e0 l&#039;occasion d&#039;une visite guid\u00e9e propos\u00e9e par Saint-Germain Boucles de Seine.\" \/>\n<meta name=\"robots\" content=\"index, follow, max-snippet:-1, max-image-preview:large, max-video-preview:-1\" \/>\n<link rel=\"canonical\" href=\"https:\/\/voyagesimpressionnistes.com\/en\/banks-seine\/balade-sur-le-chemin-des-impressionnistes-a-carrieres-sur-seine\/\" \/>\n<meta property=\"og:locale\" content=\"en_US\" \/>\n<meta property=\"og:type\" content=\"article\" \/>\n<meta property=\"og:title\" content=\"Chemin des Impressionnistes Carri\u00e8res - Impressionist adventures\" \/>\n<meta property=\"og:description\" content=\"Parcourez le chemin des Impressionnistes \u00e0 Carri\u00e8res-sur-Seine \u00e0 l&#039;occasion d&#039;une visite guid\u00e9e propos\u00e9e par Saint-Germain Boucles de Seine.\" \/>\n<meta property=\"og:url\" content=\"https:\/\/voyagesimpressionnistes.com\/en\/banks-seine\/balade-sur-le-chemin-des-impressionnistes-a-carrieres-sur-seine\/\" \/>\n<meta property=\"og:site_name\" content=\"Impressionist adventures\" \/>\n<meta property=\"article:publisher\" content=\"https:\/\/www.facebook.com\/LesVoyagesImpressionnistes\/\" \/>\n<meta property=\"article:published_time\" content=\"2024-07-15T12:05:40+00:00\" \/>\n<meta property=\"article:modified_time\" content=\"2025-09-10T07:43:35+00:00\" \/>\n<meta property=\"og:image\" content=\"https:\/\/voyagesimpressionnistes.com\/wp-content\/uploads\/2025\/09\/30087704-diaporama.jpg\" \/>\n\t<meta property=\"og:image:width\" content=\"900\" \/>\n\t<meta property=\"og:image:height\" content=\"600\" \/>\n\t<meta property=\"og:image:type\" content=\"image\/jpeg\" \/>\n<meta name=\"author\" content=\"Phane\" \/>\n<meta name=\"twitter:card\" content=\"summary_large_image\" \/>\n<meta name=\"twitter:label1\" content=\"Written by\" \/>\n\t<meta name=\"twitter:data1\" content=\"Phane\" \/>\n\t<meta name=\"twitter:label2\" content=\"Est. reading time\" \/>\n\t<meta name=\"twitter:data2\" content=\"2 minutes\" \/>\n<script type=\"application\/ld+json\" class=\"yoast-schema-graph\">{\"@context\":\"https:\/\/schema.org\",\"@graph\":[{\"@type\":[\"Article\",\"BlogPosting\"],\"@id\":\"https:\/\/voyagesimpressionnistes.com\/en\/banks-seine\/balade-sur-le-chemin-des-impressionnistes-a-carrieres-sur-seine\/#article\",\"isPartOf\":{\"@id\":\"https:\/\/voyagesimpressionnistes.com\/en\/banks-seine\/balade-sur-le-chemin-des-impressionnistes-a-carrieres-sur-seine\/\"},\"author\":{\"name\":\"Phane\",\"@id\":\"https:\/\/voyagesimpressionnistes.com\/en\/#\/schema\/person\/78c37c19aa7ae1bd6f4902f296c80e5f\"},\"headline\":\"Balade sur le chemin des Impressionnistes \u00e0 Carri\u00e8res-sur-Seine\",\"datePublished\":\"2024-07-15T12:05:40+00:00\",\"dateModified\":\"2025-09-10T07:43:35+00:00\",\"mainEntityOfPage\":{\"@id\":\"https:\/\/voyagesimpressionnistes.com\/en\/banks-seine\/balade-sur-le-chemin-des-impressionnistes-a-carrieres-sur-seine\/\"},\"wordCount\":384,\"publisher\":{\"@id\":\"https:\/\/voyagesimpressionnistes.com\/en\/#organization\"},\"image\":{\"@id\":\"https:\/\/voyagesimpressionnistes.com\/en\/banks-seine\/balade-sur-le-chemin-des-impressionnistes-a-carrieres-sur-seine\/#primaryimage\"},\"thumbnailUrl\":\"https:\/\/voyagesimpressionnistes.com\/wp-content\/uploads\/2025\/09\/30087704-diaporama.jpg\",\"keywords\":[\"Diary\"],\"articleSection\":[\"Along the Banks of the Seine\"],\"inLanguage\":\"en-US\"},{\"@type\":\"WebPage\",\"@id\":\"https:\/\/voyagesimpressionnistes.com\/en\/banks-seine\/balade-sur-le-chemin-des-impressionnistes-a-carrieres-sur-seine\/\",\"url\":\"https:\/\/voyagesimpressionnistes.com\/en\/banks-seine\/balade-sur-le-chemin-des-impressionnistes-a-carrieres-sur-seine\/\",\"name\":\"Chemin des Impressionnistes Carri\u00e8res - Impressionist adventures\",\"isPartOf\":{\"@id\":\"https:\/\/voyagesimpressionnistes.com\/en\/#website\"},\"primaryImageOfPage\":{\"@id\":\"https:\/\/voyagesimpressionnistes.com\/en\/banks-seine\/balade-sur-le-chemin-des-impressionnistes-a-carrieres-sur-seine\/#primaryimage\"},\"image\":{\"@id\":\"https:\/\/voyagesimpressionnistes.com\/en\/banks-seine\/balade-sur-le-chemin-des-impressionnistes-a-carrieres-sur-seine\/#primaryimage\"},\"thumbnailUrl\":\"https:\/\/voyagesimpressionnistes.com\/wp-content\/uploads\/2025\/09\/30087704-diaporama.jpg\",\"datePublished\":\"2024-07-15T12:05:40+00:00\",\"dateModified\":\"2025-09-10T07:43:35+00:00\",\"description\":\"Parcourez le chemin des Impressionnistes \u00e0 Carri\u00e8res-sur-Seine \u00e0 l'occasion d'une visite guid\u00e9e propos\u00e9e par Saint-Germain Boucles de Seine.\",\"breadcrumb\":{\"@id\":\"https:\/\/voyagesimpressionnistes.com\/en\/banks-seine\/balade-sur-le-chemin-des-impressionnistes-a-carrieres-sur-seine\/#breadcrumb\"},\"inLanguage\":\"en-US\",\"potentialAction\":[{\"@type\":\"ReadAction\",\"target\":[\"https:\/\/voyagesimpressionnistes.com\/en\/banks-seine\/balade-sur-le-chemin-des-impressionnistes-a-carrieres-sur-seine\/\"]}]},{\"@type\":\"ImageObject\",\"inLanguage\":\"en-US\",\"@id\":\"https:\/\/voyagesimpressionnistes.com\/en\/banks-seine\/balade-sur-le-chemin-des-impressionnistes-a-carrieres-sur-seine\/#primaryimage\",\"url\":\"https:\/\/voyagesimpressionnistes.com\/wp-content\/uploads\/2025\/09\/30087704-diaporama.jpg\",\"contentUrl\":\"https:\/\/voyagesimpressionnistes.com\/wp-content\/uploads\/2025\/09\/30087704-diaporama.jpg\",\"width\":900,\"height\":600,\"caption\":\"Chemin des Impressionnistes \u00e0 Carri\u00e8res-sur-Seine\"},{\"@type\":\"BreadcrumbList\",\"@id\":\"https:\/\/voyagesimpressionnistes.com\/en\/banks-seine\/balade-sur-le-chemin-des-impressionnistes-a-carrieres-sur-seine\/#breadcrumb\",\"itemListElement\":[{\"@type\":\"ListItem\",\"position\":1,\"name\":\"Along the Banks of the Seine\",\"item\":\"https:\/\/voyagesimpressionnistes.com\/en\/banks-seine\/\"},{\"@type\":\"ListItem\",\"position\":2,\"name\":\"Balade sur le chemin des Impressionnistes \u00e0 Carri\u00e8res-sur-Seine\"}]},{\"@type\":\"WebSite\",\"@id\":\"https:\/\/voyagesimpressionnistes.com\/en\/#website\",\"url\":\"https:\/\/voyagesimpressionnistes.com\/en\/\",\"name\":\"Impressionist adventures\",\"description\":\"Inspiring moments\",\"publisher\":{\"@id\":\"https:\/\/voyagesimpressionnistes.com\/en\/#organization\"},\"potentialAction\":[{\"@type\":\"SearchAction\",\"target\":{\"@type\":\"EntryPoint\",\"urlTemplate\":\"https:\/\/voyagesimpressionnistes.com\/en\/?s={search_term_string}\"},\"query-input\":{\"@type\":\"PropertyValueSpecification\",\"valueRequired\":true,\"valueName\":\"search_term_string\"}}],\"inLanguage\":\"en-US\"},{\"@type\":\"Organization\",\"@id\":\"https:\/\/voyagesimpressionnistes.com\/en\/#organization\",\"name\":\"Voyages Impressionnistes\",\"url\":\"https:\/\/voyagesimpressionnistes.com\/en\/\",\"logo\":{\"@type\":\"ImageObject\",\"inLanguage\":\"en-US\",\"@id\":\"https:\/\/voyagesimpressionnistes.com\/en\/#\/schema\/logo\/image\/\",\"url\":\"https:\/\/voyagesimpressionnistes.com\/wp-content\/uploads\/2021\/06\/vi-logo-507x216-1.svg\",\"contentUrl\":\"https:\/\/voyagesimpressionnistes.com\/wp-content\/uploads\/2021\/06\/vi-logo-507x216-1.svg\",\"width\":507,\"height\":216,\"caption\":\"Voyages Impressionnistes\"},\"image\":{\"@id\":\"https:\/\/voyagesimpressionnistes.com\/en\/#\/schema\/logo\/image\/\"},\"sameAs\":[\"https:\/\/www.facebook.com\/LesVoyagesImpressionnistes\/\"]},{\"@type\":\"Person\",\"@id\":\"https:\/\/voyagesimpressionnistes.com\/en\/#\/schema\/person\/78c37c19aa7ae1bd6f4902f296c80e5f\",\"name\":\"Phane\",\"image\":{\"@type\":\"ImageObject\",\"inLanguage\":\"en-US\",\"@id\":\"https:\/\/voyagesimpressionnistes.com\/en\/#\/schema\/person\/image\/\",\"url\":\"https:\/\/secure.gravatar.com\/avatar\/ea705fa375f21b62a2facac16bc19ee8d664629e3399a374a188d355bc5d00b9?s=96&d=mm&r=g\",\"contentUrl\":\"https:\/\/secure.gravatar.com\/avatar\/ea705fa375f21b62a2facac16bc19ee8d664629e3399a374a188d355bc5d00b9?s=96&d=mm&r=g\",\"caption\":\"Phane\"}}]}<\/script>\n<!-- \/ Yoast SEO plugin. -->","yoast_head_json":{"title":"Chemin des Impressionnistes Carri\u00e8res - Impressionist adventures","description":"Parcourez le chemin des Impressionnistes \u00e0 Carri\u00e8res-sur-Seine \u00e0 l'occasion d'une visite guid\u00e9e propos\u00e9e par Saint-Germain Boucles de Seine.","robots":{"index":"index","follow":"follow","max-snippet":"max-snippet:-1","max-image-preview":"max-image-preview:large","max-video-preview":"max-video-preview:-1"},"canonical":"https:\/\/voyagesimpressionnistes.com\/en\/banks-seine\/balade-sur-le-chemin-des-impressionnistes-a-carrieres-sur-seine\/","og_locale":"en_US","og_type":"article","og_title":"Chemin des Impressionnistes Carri\u00e8res - Impressionist adventures","og_description":"Parcourez le chemin des Impressionnistes \u00e0 Carri\u00e8res-sur-Seine \u00e0 l'occasion d'une visite guid\u00e9e propos\u00e9e par Saint-Germain Boucles de Seine.","og_url":"https:\/\/voyagesimpressionnistes.com\/en\/banks-seine\/balade-sur-le-chemin-des-impressionnistes-a-carrieres-sur-seine\/","og_site_name":"Impressionist adventures","article_publisher":"https:\/\/www.facebook.com\/LesVoyagesImpressionnistes\/","article_published_time":"2024-07-15T12:05:40+00:00","article_modified_time":"2025-09-10T07:43:35+00:00","og_image":[{"width":900,"height":600,"url":"https:\/\/voyagesimpressionnistes.com\/wp-content\/uploads\/2025\/09\/30087704-diaporama.jpg","type":"image\/jpeg"}],"author":"Phane","twitter_card":"summary_large_image","twitter_misc":{"Written by":"Phane","Est. reading time":"2 minutes"},"schema":{"@context":"https:\/\/schema.org","@graph":[{"@type":["Article","BlogPosting"],"@id":"https:\/\/voyagesimpressionnistes.com\/en\/banks-seine\/balade-sur-le-chemin-des-impressionnistes-a-carrieres-sur-seine\/#article","isPartOf":{"@id":"https:\/\/voyagesimpressionnistes.com\/en\/banks-seine\/balade-sur-le-chemin-des-impressionnistes-a-carrieres-sur-seine\/"},"author":{"name":"Phane","@id":"https:\/\/voyagesimpressionnistes.com\/en\/#\/schema\/person\/78c37c19aa7ae1bd6f4902f296c80e5f"},"headline":"Balade sur le chemin des Impressionnistes \u00e0 Carri\u00e8res-sur-Seine","datePublished":"2024-07-15T12:05:40+00:00","dateModified":"2025-09-10T07:43:35+00:00","mainEntityOfPage":{"@id":"https:\/\/voyagesimpressionnistes.com\/en\/banks-seine\/balade-sur-le-chemin-des-impressionnistes-a-carrieres-sur-seine\/"},"wordCount":384,"publisher":{"@id":"https:\/\/voyagesimpressionnistes.com\/en\/#organization"},"image":{"@id":"https:\/\/voyagesimpressionnistes.com\/en\/banks-seine\/balade-sur-le-chemin-des-impressionnistes-a-carrieres-sur-seine\/#primaryimage"},"thumbnailUrl":"https:\/\/voyagesimpressionnistes.com\/wp-content\/uploads\/2025\/09\/30087704-diaporama.jpg","keywords":["Diary"],"articleSection":["Along the Banks of the Seine"],"inLanguage":"en-US"},{"@type":"WebPage","@id":"https:\/\/voyagesimpressionnistes.com\/en\/banks-seine\/balade-sur-le-chemin-des-impressionnistes-a-carrieres-sur-seine\/","url":"https:\/\/voyagesimpressionnistes.com\/en\/banks-seine\/balade-sur-le-chemin-des-impressionnistes-a-carrieres-sur-seine\/","name":"Chemin des Impressionnistes Carri\u00e8res - Impressionist adventures","isPartOf":{"@id":"https:\/\/voyagesimpressionnistes.com\/en\/#website"},"primaryImageOfPage":{"@id":"https:\/\/voyagesimpressionnistes.com\/en\/banks-seine\/balade-sur-le-chemin-des-impressionnistes-a-carrieres-sur-seine\/#primaryimage"},"image":{"@id":"https:\/\/voyagesimpressionnistes.com\/en\/banks-seine\/balade-sur-le-chemin-des-impressionnistes-a-carrieres-sur-seine\/#primaryimage"},"thumbnailUrl":"https:\/\/voyagesimpressionnistes.com\/wp-content\/uploads\/2025\/09\/30087704-diaporama.jpg","datePublished":"2024-07-15T12:05:40+00:00","dateModified":"2025-09-10T07:43:35+00:00","description":"Parcourez le chemin des Impressionnistes \u00e0 Carri\u00e8res-sur-Seine \u00e0 l'occasion d'une visite guid\u00e9e propos\u00e9e par Saint-Germain Boucles de Seine.","breadcrumb":{"@id":"https:\/\/voyagesimpressionnistes.com\/en\/banks-seine\/balade-sur-le-chemin-des-impressionnistes-a-carrieres-sur-seine\/#breadcrumb"},"inLanguage":"en-US","potentialAction":[{"@type":"ReadAction","target":["https:\/\/voyagesimpressionnistes.com\/en\/banks-seine\/balade-sur-le-chemin-des-impressionnistes-a-carrieres-sur-seine\/"]}]},{"@type":"ImageObject","inLanguage":"en-US","@id":"https:\/\/voyagesimpressionnistes.com\/en\/banks-seine\/balade-sur-le-chemin-des-impressionnistes-a-carrieres-sur-seine\/#primaryimage","url":"https:\/\/voyagesimpressionnistes.com\/wp-content\/uploads\/2025\/09\/30087704-diaporama.jpg","contentUrl":"https:\/\/voyagesimpressionnistes.com\/wp-content\/uploads\/2025\/09\/30087704-diaporama.jpg","width":900,"height":600,"caption":"Chemin des Impressionnistes \u00e0 Carri\u00e8res-sur-Seine"},{"@type":"BreadcrumbList","@id":"https:\/\/voyagesimpressionnistes.com\/en\/banks-seine\/balade-sur-le-chemin-des-impressionnistes-a-carrieres-sur-seine\/#breadcrumb","itemListElement":[{"@type":"ListItem","position":1,"name":"Along the Banks of the Seine","item":"https:\/\/voyagesimpressionnistes.com\/en\/banks-seine\/"},{"@type":"ListItem","position":2,"name":"Balade sur le chemin des Impressionnistes \u00e0 Carri\u00e8res-sur-Seine"}]},{"@type":"WebSite","@id":"https:\/\/voyagesimpressionnistes.com\/en\/#website","url":"https:\/\/voyagesimpressionnistes.com\/en\/","name":"Impressionist adventures","description":"Inspiring moments","publisher":{"@id":"https:\/\/voyagesimpressionnistes.com\/en\/#organization"},"potentialAction":[{"@type":"SearchAction","target":{"@type":"EntryPoint","urlTemplate":"https:\/\/voyagesimpressionnistes.com\/en\/?s={search_term_string}"},"query-input":{"@type":"PropertyValueSpecification","valueRequired":true,"valueName":"search_term_string"}}],"inLanguage":"en-US"},{"@type":"Organization","@id":"https:\/\/voyagesimpressionnistes.com\/en\/#organization","name":"Voyages Impressionnistes","url":"https:\/\/voyagesimpressionnistes.com\/en\/","logo":{"@type":"ImageObject","inLanguage":"en-US","@id":"https:\/\/voyagesimpressionnistes.com\/en\/#\/schema\/logo\/image\/","url":"https:\/\/voyagesimpressionnistes.com\/wp-content\/uploads\/2021\/06\/vi-logo-507x216-1.svg","contentUrl":"https:\/\/voyagesimpressionnistes.com\/wp-content\/uploads\/2021\/06\/vi-logo-507x216-1.svg","width":507,"height":216,"caption":"Voyages Impressionnistes"},"image":{"@id":"https:\/\/voyagesimpressionnistes.com\/en\/#\/schema\/logo\/image\/"},"sameAs":["https:\/\/www.facebook.com\/LesVoyagesImpressionnistes\/"]},{"@type":"Person","@id":"https:\/\/voyagesimpressionnistes.com\/en\/#\/schema\/person\/78c37c19aa7ae1bd6f4902f296c80e5f","name":"Phane","image":{"@type":"ImageObject","inLanguage":"en-US","@id":"https:\/\/voyagesimpressionnistes.com\/en\/#\/schema\/person\/image\/","url":"https:\/\/secure.gravatar.com\/avatar\/ea705fa375f21b62a2facac16bc19ee8d664629e3399a374a188d355bc5d00b9?s=96&d=mm&r=g","contentUrl":"https:\/\/secure.gravatar.com\/avatar\/ea705fa375f21b62a2facac16bc19ee8d664629e3399a374a188d355bc5d00b9?s=96&d=mm&r=g","caption":"Phane"}}]}},"jetpack_featured_media_url":"https:\/\/voyagesimpressionnistes.com\/wp-content\/uploads\/2025\/09\/30087704-diaporama.jpg","jetpack_sharing_enabled":true,"_links":{"self":[{"href":"https:\/\/voyagesimpressionnistes.com\/en\/wp-json\/wp\/v2\/posts\/12172","targetHints":{"allow":["GET"]}}],"collection":[{"href":"https:\/\/voyagesimpressionnistes.com\/en\/wp-json\/wp\/v2\/posts"}],"about":[{"href":"https:\/\/voyagesimpressionnistes.com\/en\/wp-json\/wp\/v2\/types\/post"}],"author":[{"embeddable":true,"href":"https:\/\/voyagesimpressionnistes.com\/en\/wp-json\/wp\/v2\/users\/2"}],"replies":[{"embeddable":true,"href":"https:\/\/voyagesimpressionnistes.com\/en\/wp-json\/wp\/v2\/comments?post=12172"}],"version-history":[{"count":6,"href":"https:\/\/voyagesimpressionnistes.com\/en\/wp-json\/wp\/v2\/posts\/12172\/revisions"}],"predecessor-version":[{"id":15114,"href":"https:\/\/voyagesimpressionnistes.com\/en\/wp-json\/wp\/v2\/posts\/12172\/revisions\/15114"}],"wp:featuredmedia":[{"embeddable":true,"href":"https:\/\/voyagesimpressionnistes.com\/en\/wp-json\/wp\/v2\/media\/15303"}],"wp:attachment":[{"href":"https:\/\/voyagesimpressionnistes.com\/en\/wp-json\/wp\/v2\/media?parent=12172"}],"wp:term":[{"taxonomy":"category","embeddable":true,"href":"https:\/\/voyagesimpressionnistes.com\/en\/wp-json\/wp\/v2\/categories?post=12172"},{"taxonomy":"slider_une","embeddable":true,"href":"https:\/\/voyagesimpressionnistes.com\/en\/wp-json\/wp\/v2\/slider_une?post=12172"},{"taxonomy":"regions","embeddable":true,"href":"https:\/\/voyagesimpressionnistes.com\/en\/wp-json\/wp\/v2\/regions?post=12172"},{"taxonomy":"coups_coeur","embeddable":true,"href":"https:\/\/voyagesimpressionnistes.com\/en\/wp-json\/wp\/v2\/coups_coeur?post=12172"},{"taxonomy":"inspiration-type","embeddable":true,"href":"https:\/\/voyagesimpressionnistes.com\/en\/wp-json\/wp\/v2\/inspiration-type?post=12172"},{"taxonomy":"label","embeddable":true,"href":"https:\/\/voyagesimpressionnistes.com\/en\/wp-json\/wp\/v2\/label?post=12172"},{"taxonomy":"categories-agenda","embeddable":true,"href":"https:\/\/voyagesimpressionnistes.com\/en\/wp-json\/wp\/v2\/categories-agenda?post=12172"}],"curies":[{"name":"wp","href":"https:\/\/api.w.org\/{rel}","templated":true}]}}