{"id":13017,"date":"2024-09-11T15:38:02","date_gmt":"2024-09-11T13:38:02","guid":{"rendered":"https:\/\/voyagesimpressionnistes.com\/?p=13017"},"modified":"2024-11-28T15:14:03","modified_gmt":"2024-11-28T14:14:03","slug":"animations-impressionnistes-pour-les-jep-2024","status":"publish","type":"post","link":"https:\/\/voyagesimpressionnistes.com\/en\/barbizon-yerres\/animations-impressionnistes-pour-les-jep-2024\/","title":{"rendered":"Animations impressionnistes pour les JEP 2024 en Val d&#8217;Yerres Val de Seine"},"content":{"rendered":"<p>\u00c0 l&#8217;occasion des Journ\u00e9es Europ\u00e9ennes du Patrimoine (JEP) les 21 et 22 septembre 2024, plongez-vous dans de nombreuses animations impressionnistes, pour <a href=\"https:\/\/voyagesimpressionnistes.com\/en\/barbizon-yerres\/150-ans-de-limpressionnisme-de-barbizon-a-yerres-en-passant-par-moret-sur-loing\/\">c\u00e9l\u00e9brer les 150 ans de la naissance du mouvement<\/a> dans le Val d&#8217;Yerres Val de Seine.<\/p>\n<h3>Ateliers cr\u00e9atifs avec Fran\u00e7ois Buhot, artiste crosnois<\/h3>\n<p>Le samedi 21 septembre, de 10h30 \u00e0 17h, participez \u00e0 un atelier cr\u00e9atif \u00e0 la Biblioth\u00e8que Jacqueline de Romilly de Crosne.<\/p>\n<p>\u00c0 10h30 : &#8220;Donnons des couleurs \u00e0 notre territoire&#8221;, un atelier cr\u00e9atif et ludique propos\u00e9 aux enfants de 8 \u00e0 12 ans, durant lequel ils sont invit\u00e9s \u00e0 d\u00e9couvrir le patrimoine culturel (monuments et personnages c\u00e9l\u00e8bres) et naturel (faune et flore) de notre beau territoire vert et bleu, par le biais d\u2019un grand coloriage qu\u2019ils pourront rapporter chez eux.<\/p>\n<p>\u00c0 15h : &#8220;L&#8217;initiation \u00e0 l&#8217;Impressionnisme&#8221; est un atelier convivial qui s&#8217;adresse aux plus grands (ados \u00e0 partir de 15 ans et adultes) o\u00f9 vous pourrez r\u00e9aliser une peinture impressionniste \u201cpas \u00e0 pas\u201d !<\/p>\n<p>Ces ateliers sont gratuits, sur inscription (01 69 49 03 15).<\/p>\n<h3>Atelier cr\u00e9atif \u00e0 la mode impressionniste<\/h3>\n<p>Le samedi 21 septembre, de 15 \u00e0 16h, rendez-vous pour un atelier cr\u00e9atif\u00a0 ouvert \u00e0 tous, \u00e0 partir de 8 ans, pour habiller un mod\u00e8le \u00e0 la mode impressionniste en utilisant des chutes de tissus, rubans, sequins&#8230;<\/p>\n<p>L&#8217;atelier est gratuit, sur inscription, \u00e0 la m\u00e9diath\u00e8que Raymond Aron de Montgeron (01 78 75 20 10).<\/p>\n<h3>Animations impressionnistes au Ch\u00e2teau de Rottembourg pour les JEP 2024<\/h3>\n<p>Partez \u00e0 la d\u00e9couverte du parc du Ch\u00e2teau de Rottembourg \u00e0 Montgeron, qui a accueilli de grands peintres impressionnistes, exceptionnellement ouvert dans le cadre des Journ\u00e9es Europ\u00e9ennes du Patrimoine 2024.<\/p>\n<p>Le samedi 21 septembre \u00e0 15h30, une visite tout public parcourt l&#8217;histoire du parc du ch\u00e2teau \u00e0 travers les connaissances de Renaud Arpin de la Soci\u00e9t\u00e9 d&#8217;Histoire Locale de Montgeron.<\/p>\n<p>Plus d&#8217;informations au 01 78 75 20 00, gratuit.<\/p>\n<h3>Animation autour de Claude Monet, le peintre des impressions<\/h3>\n<p>Le samedi 21 septembre, de 10h \u00e0 18h, la M\u00e9diath\u00e8que Raymond Aron de Montgeron propose aux familles (\u00e0 partir de 6 ans) de d\u00e9couvrir une s\u00e9lection d&#8217;ouvrages sur le peintre et le mouvement impressionniste.<\/p>\n<p>Durant la semaine, venez vous familiariser avec les paysages impressionnistes en jouant au &#8220;Quizz impressionniste&#8221; et \u00e0 &#8220;impression de myst\u00e8res&#8221;, des jeux issus de la mallette p\u00e9dagogique <em>Le paysage dans l&#8217;art<\/em>, cr\u00e9\u00e9e par la R\u00e9union des Mus\u00e9es-Nationaux-Grand Palais.<\/p>\n<h3>Visite impressionniste au mus\u00e9e municipal Jos\u00e8phe Jacquiot<\/h3>\n<p>Le samedi 21 septembre, de 14 \u00e0 18h, le mus\u00e9e municipal Jos\u00e8phe Jacquiot de Montgeron ouvre gratuitement ses salles impressionnistes au public \u00e0 l&#8217;occasion des JEP 2024.<\/p>\n","protected":false},"excerpt":{"rendered":"<p>\u00c0 l&#8217;occasion des Journ\u00e9es Europ\u00e9ennes du Patrimoine (JEP) les 21  [&#8230;]<\/p>\n","protected":false},"author":2,"featured_media":13142,"comment_status":"closed","ping_status":"closed","sticky":false,"template":"","format":"standard","meta":{"_acf_changed":false,"inline_featured_image":false,"_jetpack_memberships_contains_paid_content":false,"footnotes":""},"categories":[81],"slider_une":[],"regions":[132],"coups_coeur":[],"inspiration-type":[],"label":[141],"categories-agenda":[176],"class_list":["post-13017","post","type-post","status-publish","format-standard","has-post-thumbnail","hentry","category-barbizon-yerres","tag-diary","regions-idf-en","label-150-years","categories-agenda-guided-tour-workshop"],"acf":[],"yoast_head":"<!-- This site is optimized with the Yoast SEO plugin v26.3 - https:\/\/yoast.com\/wordpress\/plugins\/seo\/ -->\n<title>Animations impressionnistes JEP 2024 - Impressionist adventures<\/title>\n<meta name=\"description\" content=\"D\u00e9couvrez les animations impressionnistes propos\u00e9es par Val d&#039;Yerres Val de Seine \u00e0 l&#039;occasion des JEP 2024, f\u00eatant la naissance du mouvement\" \/>\n<meta name=\"robots\" content=\"index, follow, max-snippet:-1, max-image-preview:large, max-video-preview:-1\" \/>\n<link rel=\"canonical\" href=\"https:\/\/voyagesimpressionnistes.com\/en\/barbizon-yerres\/animations-impressionnistes-pour-les-jep-2024\/\" \/>\n<meta property=\"og:locale\" content=\"en_US\" \/>\n<meta property=\"og:type\" content=\"article\" \/>\n<meta property=\"og:title\" content=\"Animations impressionnistes JEP 2024 - Impressionist adventures\" \/>\n<meta property=\"og:description\" content=\"D\u00e9couvrez les animations impressionnistes propos\u00e9es par Val d&#039;Yerres Val de Seine \u00e0 l&#039;occasion des JEP 2024, f\u00eatant la naissance du mouvement\" \/>\n<meta property=\"og:url\" content=\"https:\/\/voyagesimpressionnistes.com\/en\/barbizon-yerres\/animations-impressionnistes-pour-les-jep-2024\/\" \/>\n<meta property=\"og:site_name\" content=\"Impressionist adventures\" \/>\n<meta property=\"article:publisher\" content=\"https:\/\/www.facebook.com\/LesVoyagesImpressionnistes\/\" \/>\n<meta property=\"article:published_time\" content=\"2024-09-11T13:38:02+00:00\" \/>\n<meta property=\"article:modified_time\" content=\"2024-11-28T14:14:03+00:00\" \/>\n<meta property=\"og:image\" content=\"https:\/\/voyagesimpressionnistes.com\/wp-content\/uploads\/2024\/09\/jep-24.jpg\" \/>\n\t<meta property=\"og:image:width\" content=\"700\" \/>\n\t<meta property=\"og:image:height\" content=\"500\" \/>\n\t<meta property=\"og:image:type\" content=\"image\/jpeg\" \/>\n<meta name=\"author\" content=\"Phane\" \/>\n<meta name=\"twitter:card\" content=\"summary_large_image\" \/>\n<meta name=\"twitter:label1\" content=\"Written by\" \/>\n\t<meta name=\"twitter:data1\" content=\"Phane\" \/>\n\t<meta name=\"twitter:label2\" content=\"Est. reading time\" \/>\n\t<meta name=\"twitter:data2\" content=\"2 minutes\" \/>\n<script type=\"application\/ld+json\" class=\"yoast-schema-graph\">{\"@context\":\"https:\/\/schema.org\",\"@graph\":[{\"@type\":[\"Article\",\"BlogPosting\"],\"@id\":\"https:\/\/voyagesimpressionnistes.com\/en\/barbizon-yerres\/animations-impressionnistes-pour-les-jep-2024\/#article\",\"isPartOf\":{\"@id\":\"https:\/\/voyagesimpressionnistes.com\/en\/barbizon-yerres\/animations-impressionnistes-pour-les-jep-2024\/\"},\"author\":{\"name\":\"Phane\",\"@id\":\"https:\/\/voyagesimpressionnistes.com\/en\/#\/schema\/person\/78c37c19aa7ae1bd6f4902f296c80e5f\"},\"headline\":\"Animations impressionnistes pour les JEP 2024 en Val d&#8217;Yerres Val de Seine\",\"datePublished\":\"2024-09-11T13:38:02+00:00\",\"dateModified\":\"2024-11-28T14:14:03+00:00\",\"mainEntityOfPage\":{\"@id\":\"https:\/\/voyagesimpressionnistes.com\/en\/barbizon-yerres\/animations-impressionnistes-pour-les-jep-2024\/\"},\"wordCount\":424,\"publisher\":{\"@id\":\"https:\/\/voyagesimpressionnistes.com\/en\/#organization\"},\"image\":{\"@id\":\"https:\/\/voyagesimpressionnistes.com\/en\/barbizon-yerres\/animations-impressionnistes-pour-les-jep-2024\/#primaryimage\"},\"thumbnailUrl\":\"https:\/\/voyagesimpressionnistes.com\/wp-content\/uploads\/2024\/09\/jep-24.jpg\",\"keywords\":[\"Diary\"],\"articleSection\":[\"Barbizon, its surrounds &amp; Yerres\"],\"inLanguage\":\"en-US\"},{\"@type\":\"WebPage\",\"@id\":\"https:\/\/voyagesimpressionnistes.com\/en\/barbizon-yerres\/animations-impressionnistes-pour-les-jep-2024\/\",\"url\":\"https:\/\/voyagesimpressionnistes.com\/en\/barbizon-yerres\/animations-impressionnistes-pour-les-jep-2024\/\",\"name\":\"Animations impressionnistes JEP 2024 - Impressionist adventures\",\"isPartOf\":{\"@id\":\"https:\/\/voyagesimpressionnistes.com\/en\/#website\"},\"primaryImageOfPage\":{\"@id\":\"https:\/\/voyagesimpressionnistes.com\/en\/barbizon-yerres\/animations-impressionnistes-pour-les-jep-2024\/#primaryimage\"},\"image\":{\"@id\":\"https:\/\/voyagesimpressionnistes.com\/en\/barbizon-yerres\/animations-impressionnistes-pour-les-jep-2024\/#primaryimage\"},\"thumbnailUrl\":\"https:\/\/voyagesimpressionnistes.com\/wp-content\/uploads\/2024\/09\/jep-24.jpg\",\"datePublished\":\"2024-09-11T13:38:02+00:00\",\"dateModified\":\"2024-11-28T14:14:03+00:00\",\"description\":\"D\u00e9couvrez les animations impressionnistes propos\u00e9es par Val d'Yerres Val de Seine \u00e0 l'occasion des JEP 2024, f\u00eatant la naissance du mouvement\",\"breadcrumb\":{\"@id\":\"https:\/\/voyagesimpressionnistes.com\/en\/barbizon-yerres\/animations-impressionnistes-pour-les-jep-2024\/#breadcrumb\"},\"inLanguage\":\"en-US\",\"potentialAction\":[{\"@type\":\"ReadAction\",\"target\":[\"https:\/\/voyagesimpressionnistes.com\/en\/barbizon-yerres\/animations-impressionnistes-pour-les-jep-2024\/\"]}]},{\"@type\":\"ImageObject\",\"inLanguage\":\"en-US\",\"@id\":\"https:\/\/voyagesimpressionnistes.com\/en\/barbizon-yerres\/animations-impressionnistes-pour-les-jep-2024\/#primaryimage\",\"url\":\"https:\/\/voyagesimpressionnistes.com\/wp-content\/uploads\/2024\/09\/jep-24.jpg\",\"contentUrl\":\"https:\/\/voyagesimpressionnistes.com\/wp-content\/uploads\/2024\/09\/jep-24.jpg\",\"width\":700,\"height\":500,\"caption\":\"Animations impressionnistes JEP 2024 en Val d'Yerres Val de Seine\"},{\"@type\":\"BreadcrumbList\",\"@id\":\"https:\/\/voyagesimpressionnistes.com\/en\/barbizon-yerres\/animations-impressionnistes-pour-les-jep-2024\/#breadcrumb\",\"itemListElement\":[{\"@type\":\"ListItem\",\"position\":1,\"name\":\"Barbizon, its surrounds &amp; Yerres\",\"item\":\"https:\/\/voyagesimpressionnistes.com\/en\/barbizon-yerres\/\"},{\"@type\":\"ListItem\",\"position\":2,\"name\":\"Animations impressionnistes pour les JEP 2024 en Val d&rsquo;Yerres Val de Seine\"}]},{\"@type\":\"WebSite\",\"@id\":\"https:\/\/voyagesimpressionnistes.com\/en\/#website\",\"url\":\"https:\/\/voyagesimpressionnistes.com\/en\/\",\"name\":\"Impressionist adventures\",\"description\":\"Inspiring moments\",\"publisher\":{\"@id\":\"https:\/\/voyagesimpressionnistes.com\/en\/#organization\"},\"potentialAction\":[{\"@type\":\"SearchAction\",\"target\":{\"@type\":\"EntryPoint\",\"urlTemplate\":\"https:\/\/voyagesimpressionnistes.com\/en\/?s={search_term_string}\"},\"query-input\":{\"@type\":\"PropertyValueSpecification\",\"valueRequired\":true,\"valueName\":\"search_term_string\"}}],\"inLanguage\":\"en-US\"},{\"@type\":\"Organization\",\"@id\":\"https:\/\/voyagesimpressionnistes.com\/en\/#organization\",\"name\":\"Voyages Impressionnistes\",\"url\":\"https:\/\/voyagesimpressionnistes.com\/en\/\",\"logo\":{\"@type\":\"ImageObject\",\"inLanguage\":\"en-US\",\"@id\":\"https:\/\/voyagesimpressionnistes.com\/en\/#\/schema\/logo\/image\/\",\"url\":\"https:\/\/voyagesimpressionnistes.com\/wp-content\/uploads\/2021\/06\/vi-logo-507x216-1.svg\",\"contentUrl\":\"https:\/\/voyagesimpressionnistes.com\/wp-content\/uploads\/2021\/06\/vi-logo-507x216-1.svg\",\"width\":507,\"height\":216,\"caption\":\"Voyages Impressionnistes\"},\"image\":{\"@id\":\"https:\/\/voyagesimpressionnistes.com\/en\/#\/schema\/logo\/image\/\"},\"sameAs\":[\"https:\/\/www.facebook.com\/LesVoyagesImpressionnistes\/\"]},{\"@type\":\"Person\",\"@id\":\"https:\/\/voyagesimpressionnistes.com\/en\/#\/schema\/person\/78c37c19aa7ae1bd6f4902f296c80e5f\",\"name\":\"Phane\",\"image\":{\"@type\":\"ImageObject\",\"inLanguage\":\"en-US\",\"@id\":\"https:\/\/voyagesimpressionnistes.com\/en\/#\/schema\/person\/image\/\",\"url\":\"https:\/\/secure.gravatar.com\/avatar\/ea705fa375f21b62a2facac16bc19ee8d664629e3399a374a188d355bc5d00b9?s=96&d=mm&r=g\",\"contentUrl\":\"https:\/\/secure.gravatar.com\/avatar\/ea705fa375f21b62a2facac16bc19ee8d664629e3399a374a188d355bc5d00b9?s=96&d=mm&r=g\",\"caption\":\"Phane\"}}]}<\/script>\n<!-- \/ Yoast SEO plugin. -->","yoast_head_json":{"title":"Animations impressionnistes JEP 2024 - Impressionist adventures","description":"D\u00e9couvrez les animations impressionnistes propos\u00e9es par Val d'Yerres Val de Seine \u00e0 l'occasion des JEP 2024, f\u00eatant la naissance du mouvement","robots":{"index":"index","follow":"follow","max-snippet":"max-snippet:-1","max-image-preview":"max-image-preview:large","max-video-preview":"max-video-preview:-1"},"canonical":"https:\/\/voyagesimpressionnistes.com\/en\/barbizon-yerres\/animations-impressionnistes-pour-les-jep-2024\/","og_locale":"en_US","og_type":"article","og_title":"Animations impressionnistes JEP 2024 - Impressionist adventures","og_description":"D\u00e9couvrez les animations impressionnistes propos\u00e9es par Val d'Yerres Val de Seine \u00e0 l'occasion des JEP 2024, f\u00eatant la naissance du mouvement","og_url":"https:\/\/voyagesimpressionnistes.com\/en\/barbizon-yerres\/animations-impressionnistes-pour-les-jep-2024\/","og_site_name":"Impressionist adventures","article_publisher":"https:\/\/www.facebook.com\/LesVoyagesImpressionnistes\/","article_published_time":"2024-09-11T13:38:02+00:00","article_modified_time":"2024-11-28T14:14:03+00:00","og_image":[{"width":700,"height":500,"url":"https:\/\/voyagesimpressionnistes.com\/wp-content\/uploads\/2024\/09\/jep-24.jpg","type":"image\/jpeg"}],"author":"Phane","twitter_card":"summary_large_image","twitter_misc":{"Written by":"Phane","Est. reading time":"2 minutes"},"schema":{"@context":"https:\/\/schema.org","@graph":[{"@type":["Article","BlogPosting"],"@id":"https:\/\/voyagesimpressionnistes.com\/en\/barbizon-yerres\/animations-impressionnistes-pour-les-jep-2024\/#article","isPartOf":{"@id":"https:\/\/voyagesimpressionnistes.com\/en\/barbizon-yerres\/animations-impressionnistes-pour-les-jep-2024\/"},"author":{"name":"Phane","@id":"https:\/\/voyagesimpressionnistes.com\/en\/#\/schema\/person\/78c37c19aa7ae1bd6f4902f296c80e5f"},"headline":"Animations impressionnistes pour les JEP 2024 en Val d&#8217;Yerres Val de Seine","datePublished":"2024-09-11T13:38:02+00:00","dateModified":"2024-11-28T14:14:03+00:00","mainEntityOfPage":{"@id":"https:\/\/voyagesimpressionnistes.com\/en\/barbizon-yerres\/animations-impressionnistes-pour-les-jep-2024\/"},"wordCount":424,"publisher":{"@id":"https:\/\/voyagesimpressionnistes.com\/en\/#organization"},"image":{"@id":"https:\/\/voyagesimpressionnistes.com\/en\/barbizon-yerres\/animations-impressionnistes-pour-les-jep-2024\/#primaryimage"},"thumbnailUrl":"https:\/\/voyagesimpressionnistes.com\/wp-content\/uploads\/2024\/09\/jep-24.jpg","keywords":["Diary"],"articleSection":["Barbizon, its surrounds &amp; Yerres"],"inLanguage":"en-US"},{"@type":"WebPage","@id":"https:\/\/voyagesimpressionnistes.com\/en\/barbizon-yerres\/animations-impressionnistes-pour-les-jep-2024\/","url":"https:\/\/voyagesimpressionnistes.com\/en\/barbizon-yerres\/animations-impressionnistes-pour-les-jep-2024\/","name":"Animations impressionnistes JEP 2024 - Impressionist adventures","isPartOf":{"@id":"https:\/\/voyagesimpressionnistes.com\/en\/#website"},"primaryImageOfPage":{"@id":"https:\/\/voyagesimpressionnistes.com\/en\/barbizon-yerres\/animations-impressionnistes-pour-les-jep-2024\/#primaryimage"},"image":{"@id":"https:\/\/voyagesimpressionnistes.com\/en\/barbizon-yerres\/animations-impressionnistes-pour-les-jep-2024\/#primaryimage"},"thumbnailUrl":"https:\/\/voyagesimpressionnistes.com\/wp-content\/uploads\/2024\/09\/jep-24.jpg","datePublished":"2024-09-11T13:38:02+00:00","dateModified":"2024-11-28T14:14:03+00:00","description":"D\u00e9couvrez les animations impressionnistes propos\u00e9es par Val d'Yerres Val de Seine \u00e0 l'occasion des JEP 2024, f\u00eatant la naissance du mouvement","breadcrumb":{"@id":"https:\/\/voyagesimpressionnistes.com\/en\/barbizon-yerres\/animations-impressionnistes-pour-les-jep-2024\/#breadcrumb"},"inLanguage":"en-US","potentialAction":[{"@type":"ReadAction","target":["https:\/\/voyagesimpressionnistes.com\/en\/barbizon-yerres\/animations-impressionnistes-pour-les-jep-2024\/"]}]},{"@type":"ImageObject","inLanguage":"en-US","@id":"https:\/\/voyagesimpressionnistes.com\/en\/barbizon-yerres\/animations-impressionnistes-pour-les-jep-2024\/#primaryimage","url":"https:\/\/voyagesimpressionnistes.com\/wp-content\/uploads\/2024\/09\/jep-24.jpg","contentUrl":"https:\/\/voyagesimpressionnistes.com\/wp-content\/uploads\/2024\/09\/jep-24.jpg","width":700,"height":500,"caption":"Animations impressionnistes JEP 2024 en Val d'Yerres Val de Seine"},{"@type":"BreadcrumbList","@id":"https:\/\/voyagesimpressionnistes.com\/en\/barbizon-yerres\/animations-impressionnistes-pour-les-jep-2024\/#breadcrumb","itemListElement":[{"@type":"ListItem","position":1,"name":"Barbizon, its surrounds &amp; Yerres","item":"https:\/\/voyagesimpressionnistes.com\/en\/barbizon-yerres\/"},{"@type":"ListItem","position":2,"name":"Animations impressionnistes pour les JEP 2024 en Val d&rsquo;Yerres Val de Seine"}]},{"@type":"WebSite","@id":"https:\/\/voyagesimpressionnistes.com\/en\/#website","url":"https:\/\/voyagesimpressionnistes.com\/en\/","name":"Impressionist adventures","description":"Inspiring moments","publisher":{"@id":"https:\/\/voyagesimpressionnistes.com\/en\/#organization"},"potentialAction":[{"@type":"SearchAction","target":{"@type":"EntryPoint","urlTemplate":"https:\/\/voyagesimpressionnistes.com\/en\/?s={search_term_string}"},"query-input":{"@type":"PropertyValueSpecification","valueRequired":true,"valueName":"search_term_string"}}],"inLanguage":"en-US"},{"@type":"Organization","@id":"https:\/\/voyagesimpressionnistes.com\/en\/#organization","name":"Voyages Impressionnistes","url":"https:\/\/voyagesimpressionnistes.com\/en\/","logo":{"@type":"ImageObject","inLanguage":"en-US","@id":"https:\/\/voyagesimpressionnistes.com\/en\/#\/schema\/logo\/image\/","url":"https:\/\/voyagesimpressionnistes.com\/wp-content\/uploads\/2021\/06\/vi-logo-507x216-1.svg","contentUrl":"https:\/\/voyagesimpressionnistes.com\/wp-content\/uploads\/2021\/06\/vi-logo-507x216-1.svg","width":507,"height":216,"caption":"Voyages Impressionnistes"},"image":{"@id":"https:\/\/voyagesimpressionnistes.com\/en\/#\/schema\/logo\/image\/"},"sameAs":["https:\/\/www.facebook.com\/LesVoyagesImpressionnistes\/"]},{"@type":"Person","@id":"https:\/\/voyagesimpressionnistes.com\/en\/#\/schema\/person\/78c37c19aa7ae1bd6f4902f296c80e5f","name":"Phane","image":{"@type":"ImageObject","inLanguage":"en-US","@id":"https:\/\/voyagesimpressionnistes.com\/en\/#\/schema\/person\/image\/","url":"https:\/\/secure.gravatar.com\/avatar\/ea705fa375f21b62a2facac16bc19ee8d664629e3399a374a188d355bc5d00b9?s=96&d=mm&r=g","contentUrl":"https:\/\/secure.gravatar.com\/avatar\/ea705fa375f21b62a2facac16bc19ee8d664629e3399a374a188d355bc5d00b9?s=96&d=mm&r=g","caption":"Phane"}}]}},"jetpack_featured_media_url":"https:\/\/voyagesimpressionnistes.com\/wp-content\/uploads\/2024\/09\/jep-24.jpg","jetpack_sharing_enabled":true,"_links":{"self":[{"href":"https:\/\/voyagesimpressionnistes.com\/en\/wp-json\/wp\/v2\/posts\/13017","targetHints":{"allow":["GET"]}}],"collection":[{"href":"https:\/\/voyagesimpressionnistes.com\/en\/wp-json\/wp\/v2\/posts"}],"about":[{"href":"https:\/\/voyagesimpressionnistes.com\/en\/wp-json\/wp\/v2\/types\/post"}],"author":[{"embeddable":true,"href":"https:\/\/voyagesimpressionnistes.com\/en\/wp-json\/wp\/v2\/users\/2"}],"replies":[{"embeddable":true,"href":"https:\/\/voyagesimpressionnistes.com\/en\/wp-json\/wp\/v2\/comments?post=13017"}],"version-history":[{"count":6,"href":"https:\/\/voyagesimpressionnistes.com\/en\/wp-json\/wp\/v2\/posts\/13017\/revisions"}],"predecessor-version":[{"id":13614,"href":"https:\/\/voyagesimpressionnistes.com\/en\/wp-json\/wp\/v2\/posts\/13017\/revisions\/13614"}],"wp:featuredmedia":[{"embeddable":true,"href":"https:\/\/voyagesimpressionnistes.com\/en\/wp-json\/wp\/v2\/media\/13142"}],"wp:attachment":[{"href":"https:\/\/voyagesimpressionnistes.com\/en\/wp-json\/wp\/v2\/media?parent=13017"}],"wp:term":[{"taxonomy":"category","embeddable":true,"href":"https:\/\/voyagesimpressionnistes.com\/en\/wp-json\/wp\/v2\/categories?post=13017"},{"taxonomy":"slider_une","embeddable":true,"href":"https:\/\/voyagesimpressionnistes.com\/en\/wp-json\/wp\/v2\/slider_une?post=13017"},{"taxonomy":"regions","embeddable":true,"href":"https:\/\/voyagesimpressionnistes.com\/en\/wp-json\/wp\/v2\/regions?post=13017"},{"taxonomy":"coups_coeur","embeddable":true,"href":"https:\/\/voyagesimpressionnistes.com\/en\/wp-json\/wp\/v2\/coups_coeur?post=13017"},{"taxonomy":"inspiration-type","embeddable":true,"href":"https:\/\/voyagesimpressionnistes.com\/en\/wp-json\/wp\/v2\/inspiration-type?post=13017"},{"taxonomy":"label","embeddable":true,"href":"https:\/\/voyagesimpressionnistes.com\/en\/wp-json\/wp\/v2\/label?post=13017"},{"taxonomy":"categories-agenda","embeddable":true,"href":"https:\/\/voyagesimpressionnistes.com\/en\/wp-json\/wp\/v2\/categories-agenda?post=13017"}],"curies":[{"name":"wp","href":"https:\/\/api.w.org\/{rel}","templated":true}]}}