{"id":13224,"date":"2024-11-12T17:54:58","date_gmt":"2024-11-12T16:54:58","guid":{"rendered":"https:\/\/voyagesimpressionnistes.com\/?p=13224"},"modified":"2024-12-20T11:08:00","modified_gmt":"2024-12-20T10:08:00","slug":"automne-impressionniste-2024","status":"publish","type":"post","link":"https:\/\/voyagesimpressionnistes.com\/en\/auvers-oise-valley\/automne-impressionniste-2024\/","title":{"rendered":"Automne impressionniste 2024"},"content":{"rendered":"<p>En 2024, la 4<sup>\u00e8me<\/sup> \u00e9dition du festival <em>Automne impressionniste<\/em> se tient du 28 septembre au 1<sup>er<\/sup> d\u00e9cembre dans la Vall\u00e9e de l&#8217;Oise. Cette ann\u00e9e, les villes de Pontoise, d&#8217;Auvers-sur-Oise et de L&#8217;Isle-Adam c\u00e9l\u00e8brent ensemble <a href=\"https:\/\/voyagesimpressionnistes.com\/en\/auvers-oise-valley\/impressionism-celebrates-its-150th-anniversary\/\">les 150 ans de l&#8217;Impressionnisme<\/a>, v\u00e9ritable point d&#8217;orgue de cet anniversaire, marqu\u00e9 par une <a href=\"https:\/\/voyagesimpressionnistes.com\/en\/auvers-oise-valley\/naissance-impressionnisme-vallee-oise\/\">programmation exceptionnelle sur l&#8217;ensemble du territoire<\/a>.<\/p>\n<p>Les \u00e9v\u00e9nements de cet <em>Automne impressionniste<\/em> 2024 mettent \u00e0 l\u2019honneur les peintres de plein air qui ont initi\u00e9 le mouvement autour de Jules Dupr\u00e9 et de Charles Fran\u00e7ois Daubigny et ceux de la g\u00e9n\u00e9ration suivante qui, d\u00e8s 1874, ont particip\u00e9 aux expositions impressionnistes : Berthe Morisot, Camille Pissarro, Paul C\u00e9zanne, Victor Vignon&#8230; tous sont des amoureux de la Vall\u00e9e de l\u2019Oise.<\/p>\n<p>Pendant deux mois, de d\u00e9but octobre \u00e0 fin novembre, les trois villes proposent une programmation riche et compl\u00e9mentaire afin que chacun puisse d\u00e9couvrir la merveilleuse aventure artistique qui se joue ici au 19<sup>\u00e8me<\/sup> si\u00e8cle. Spectacles, conf\u00e9rences, concerts, ateliers de pratiques artistiques, expositions&#8230; plus de 60 \u00e9v\u00e9nements pour petits et grands sont propos\u00e9s dans les lieux culturels et touristiques des trois villes.<\/p>\n<p>Quelques temps forts rythment cette saison haute en couleurs. Le lancement, le 28 septembre au Ch\u00e2teau Conti en compagnie des <em>Impressionnantes<\/em>, les expositions des mus\u00e9es de Pontoise (<a href=\"https:\/\/voyagesimpressionnistes.com\/en\/auvers-oise-valley\/pissarro-sur-le-chemin-de-pontoise\/\"><em>Pissarro, sur le chemin de Pontoise<\/em><\/a>), d&#8217;Auvers-sur-Oise (<a href=\"https:\/\/voyagesimpressionnistes.com\/en\/auvers-oise-valley\/de-l-atelier-au-paysage-fabrique-impressionnisme\/\"><em>De l&#8217;atelier au paysage, fabrique de l&#8217;Impressionnisme<\/em><\/a>) et de <a href=\"https:\/\/voyagesimpressionnistes.com\/en\/auvers-oise-valley\/musee-louis-senlecq\/\">L&#8217;Isle-Adam<\/a> (<em>Trois si\u00e8cles \u00e0 L&#8217;Isle-Adam<\/em>), le spectacle <em>Le C\u0153ur du pinceau<\/em> le 6 octobre au <a href=\"https:\/\/voyagesimpressionnistes.com\/en\/auvers-oise-valley\/musee-daubigny\/\">mus\u00e9e Daubigny<\/a>, le <em>Concert au Ch\u00e2teau<\/em> avec la pianiste Alissa Zoubritski, les 12 et 13 octobre au Ch\u00e2teau Conti de L&#8217;Isle-Adam et l&#8217;exposition photographique <em>L&#8217;Oise au fil du temps<\/em>, du 28 septembre au 1<sup>er<\/sup> d\u00e9cembre \u00e0 Pontoise\u2026 Enfin, dans le cadre des 150 ans de l&#8217;Impressionnisme, l&#8217;Office de Tourisme communautaire propose de (re)d\u00e9couvrir les artistes embl\u00e9matiques de ce courant artistique avec une visite guid\u00e9e au d\u00e9part de L&#8217;Isle-Adam les 5, 12, 19 et 26 octobre 2024.<\/p>\n","protected":false},"excerpt":{"rendered":"<p>En 2024, la 4\u00e8me \u00e9dition du festival Automne impressionniste se  [&#8230;]<\/p>\n","protected":false},"author":2,"featured_media":13458,"comment_status":"closed","ping_status":"closed","sticky":false,"template":"","format":"standard","meta":{"_acf_changed":false,"inline_featured_image":false,"_jetpack_memberships_contains_paid_content":false,"footnotes":""},"categories":[80],"slider_une":[],"regions":[132],"coups_coeur":[],"inspiration-type":[],"label":[141],"categories-agenda":[177],"class_list":["post-13224","post","type-post","status-publish","format-standard","has-post-thumbnail","hentry","category-auvers-oise-valley","tag-diary","regions-idf-en","label-150-years","categories-agenda-festival-en"],"acf":[],"yoast_head":"<!-- This site is optimized with the Yoast SEO plugin v26.3 - https:\/\/yoast.com\/wordpress\/plugins\/seo\/ -->\n<title>Automne impressionniste 2024 - Impressionist adventures<\/title>\n<meta name=\"description\" content=\"Participez \u00e0 un &quot;Automne impressionniste 2024&quot; dans la Vall\u00e9e de l&#039;Oise, une \u00e9dition en lien avec les 150 ans de l&#039;Impressionnisme.\" \/>\n<meta name=\"robots\" content=\"index, follow, max-snippet:-1, max-image-preview:large, max-video-preview:-1\" \/>\n<link rel=\"canonical\" href=\"https:\/\/voyagesimpressionnistes.com\/en\/auvers-oise-valley\/automne-impressionniste-2024\/\" \/>\n<meta property=\"og:locale\" content=\"en_US\" \/>\n<meta property=\"og:type\" content=\"article\" \/>\n<meta property=\"og:title\" content=\"Automne impressionniste 2024 - Impressionist adventures\" \/>\n<meta property=\"og:description\" content=\"Participez \u00e0 un &quot;Automne impressionniste 2024&quot; dans la Vall\u00e9e de l&#039;Oise, une \u00e9dition en lien avec les 150 ans de l&#039;Impressionnisme.\" \/>\n<meta property=\"og:url\" content=\"https:\/\/voyagesimpressionnistes.com\/en\/auvers-oise-valley\/automne-impressionniste-2024\/\" \/>\n<meta property=\"og:site_name\" content=\"Impressionist adventures\" \/>\n<meta property=\"article:publisher\" content=\"https:\/\/www.facebook.com\/LesVoyagesImpressionnistes\/\" \/>\n<meta property=\"article:published_time\" content=\"2024-11-12T16:54:58+00:00\" \/>\n<meta property=\"article:modified_time\" content=\"2024-12-20T10:08:00+00:00\" \/>\n<meta property=\"og:image\" content=\"https:\/\/voyagesimpressionnistes.com\/wp-content\/uploads\/2024\/09\/automne_impressioniste-2024.jpg\" \/>\n\t<meta property=\"og:image:width\" content=\"2362\" \/>\n\t<meta property=\"og:image:height\" content=\"2362\" \/>\n\t<meta property=\"og:image:type\" content=\"image\/jpeg\" \/>\n<meta name=\"author\" content=\"Phane\" \/>\n<meta name=\"twitter:card\" content=\"summary_large_image\" \/>\n<meta name=\"twitter:label1\" content=\"Written by\" \/>\n\t<meta name=\"twitter:data1\" content=\"Phane\" \/>\n\t<meta name=\"twitter:label2\" content=\"Est. reading time\" \/>\n\t<meta name=\"twitter:data2\" content=\"2 minutes\" \/>\n<script type=\"application\/ld+json\" class=\"yoast-schema-graph\">{\"@context\":\"https:\/\/schema.org\",\"@graph\":[{\"@type\":[\"Article\",\"BlogPosting\"],\"@id\":\"https:\/\/voyagesimpressionnistes.com\/en\/auvers-oise-valley\/automne-impressionniste-2024\/#article\",\"isPartOf\":{\"@id\":\"https:\/\/voyagesimpressionnistes.com\/en\/auvers-oise-valley\/automne-impressionniste-2024\/\"},\"author\":{\"name\":\"Phane\",\"@id\":\"https:\/\/voyagesimpressionnistes.com\/en\/#\/schema\/person\/78c37c19aa7ae1bd6f4902f296c80e5f\"},\"headline\":\"Automne impressionniste 2024\",\"datePublished\":\"2024-11-12T16:54:58+00:00\",\"dateModified\":\"2024-12-20T10:08:00+00:00\",\"mainEntityOfPage\":{\"@id\":\"https:\/\/voyagesimpressionnistes.com\/en\/auvers-oise-valley\/automne-impressionniste-2024\/\"},\"wordCount\":342,\"publisher\":{\"@id\":\"https:\/\/voyagesimpressionnistes.com\/en\/#organization\"},\"image\":{\"@id\":\"https:\/\/voyagesimpressionnistes.com\/en\/auvers-oise-valley\/automne-impressionniste-2024\/#primaryimage\"},\"thumbnailUrl\":\"https:\/\/voyagesimpressionnistes.com\/wp-content\/uploads\/2024\/09\/automne_impressioniste-2024.jpg\",\"keywords\":[\"Diary\"],\"articleSection\":[\"Auvers &amp; the Oise valley\"],\"inLanguage\":\"en-US\"},{\"@type\":\"WebPage\",\"@id\":\"https:\/\/voyagesimpressionnistes.com\/en\/auvers-oise-valley\/automne-impressionniste-2024\/\",\"url\":\"https:\/\/voyagesimpressionnistes.com\/en\/auvers-oise-valley\/automne-impressionniste-2024\/\",\"name\":\"Automne impressionniste 2024 - Impressionist adventures\",\"isPartOf\":{\"@id\":\"https:\/\/voyagesimpressionnistes.com\/en\/#website\"},\"primaryImageOfPage\":{\"@id\":\"https:\/\/voyagesimpressionnistes.com\/en\/auvers-oise-valley\/automne-impressionniste-2024\/#primaryimage\"},\"image\":{\"@id\":\"https:\/\/voyagesimpressionnistes.com\/en\/auvers-oise-valley\/automne-impressionniste-2024\/#primaryimage\"},\"thumbnailUrl\":\"https:\/\/voyagesimpressionnistes.com\/wp-content\/uploads\/2024\/09\/automne_impressioniste-2024.jpg\",\"datePublished\":\"2024-11-12T16:54:58+00:00\",\"dateModified\":\"2024-12-20T10:08:00+00:00\",\"description\":\"Participez \u00e0 un \\\"Automne impressionniste 2024\\\" dans la Vall\u00e9e de l'Oise, une \u00e9dition en lien avec les 150 ans de l'Impressionnisme.\",\"breadcrumb\":{\"@id\":\"https:\/\/voyagesimpressionnistes.com\/en\/auvers-oise-valley\/automne-impressionniste-2024\/#breadcrumb\"},\"inLanguage\":\"en-US\",\"potentialAction\":[{\"@type\":\"ReadAction\",\"target\":[\"https:\/\/voyagesimpressionnistes.com\/en\/auvers-oise-valley\/automne-impressionniste-2024\/\"]}]},{\"@type\":\"ImageObject\",\"inLanguage\":\"en-US\",\"@id\":\"https:\/\/voyagesimpressionnistes.com\/en\/auvers-oise-valley\/automne-impressionniste-2024\/#primaryimage\",\"url\":\"https:\/\/voyagesimpressionnistes.com\/wp-content\/uploads\/2024\/09\/automne_impressioniste-2024.jpg\",\"contentUrl\":\"https:\/\/voyagesimpressionnistes.com\/wp-content\/uploads\/2024\/09\/automne_impressioniste-2024.jpg\",\"width\":2362,\"height\":2362,\"caption\":\"Automne impressionniste 2024 : affiche\"},{\"@type\":\"BreadcrumbList\",\"@id\":\"https:\/\/voyagesimpressionnistes.com\/en\/auvers-oise-valley\/automne-impressionniste-2024\/#breadcrumb\",\"itemListElement\":[{\"@type\":\"ListItem\",\"position\":1,\"name\":\"Auvers &amp; the Oise valley\",\"item\":\"https:\/\/voyagesimpressionnistes.com\/en\/auvers-oise-valley\/\"},{\"@type\":\"ListItem\",\"position\":2,\"name\":\"Automne impressionniste 2024\"}]},{\"@type\":\"WebSite\",\"@id\":\"https:\/\/voyagesimpressionnistes.com\/en\/#website\",\"url\":\"https:\/\/voyagesimpressionnistes.com\/en\/\",\"name\":\"Impressionist adventures\",\"description\":\"Inspiring moments\",\"publisher\":{\"@id\":\"https:\/\/voyagesimpressionnistes.com\/en\/#organization\"},\"potentialAction\":[{\"@type\":\"SearchAction\",\"target\":{\"@type\":\"EntryPoint\",\"urlTemplate\":\"https:\/\/voyagesimpressionnistes.com\/en\/?s={search_term_string}\"},\"query-input\":{\"@type\":\"PropertyValueSpecification\",\"valueRequired\":true,\"valueName\":\"search_term_string\"}}],\"inLanguage\":\"en-US\"},{\"@type\":\"Organization\",\"@id\":\"https:\/\/voyagesimpressionnistes.com\/en\/#organization\",\"name\":\"Voyages Impressionnistes\",\"url\":\"https:\/\/voyagesimpressionnistes.com\/en\/\",\"logo\":{\"@type\":\"ImageObject\",\"inLanguage\":\"en-US\",\"@id\":\"https:\/\/voyagesimpressionnistes.com\/en\/#\/schema\/logo\/image\/\",\"url\":\"https:\/\/voyagesimpressionnistes.com\/wp-content\/uploads\/2021\/06\/vi-logo-507x216-1.svg\",\"contentUrl\":\"https:\/\/voyagesimpressionnistes.com\/wp-content\/uploads\/2021\/06\/vi-logo-507x216-1.svg\",\"width\":507,\"height\":216,\"caption\":\"Voyages Impressionnistes\"},\"image\":{\"@id\":\"https:\/\/voyagesimpressionnistes.com\/en\/#\/schema\/logo\/image\/\"},\"sameAs\":[\"https:\/\/www.facebook.com\/LesVoyagesImpressionnistes\/\"]},{\"@type\":\"Person\",\"@id\":\"https:\/\/voyagesimpressionnistes.com\/en\/#\/schema\/person\/78c37c19aa7ae1bd6f4902f296c80e5f\",\"name\":\"Phane\",\"image\":{\"@type\":\"ImageObject\",\"inLanguage\":\"en-US\",\"@id\":\"https:\/\/voyagesimpressionnistes.com\/en\/#\/schema\/person\/image\/\",\"url\":\"https:\/\/secure.gravatar.com\/avatar\/ea705fa375f21b62a2facac16bc19ee8d664629e3399a374a188d355bc5d00b9?s=96&d=mm&r=g\",\"contentUrl\":\"https:\/\/secure.gravatar.com\/avatar\/ea705fa375f21b62a2facac16bc19ee8d664629e3399a374a188d355bc5d00b9?s=96&d=mm&r=g\",\"caption\":\"Phane\"}}]}<\/script>\n<!-- \/ Yoast SEO plugin. -->","yoast_head_json":{"title":"Automne impressionniste 2024 - Impressionist adventures","description":"Participez \u00e0 un \"Automne impressionniste 2024\" dans la Vall\u00e9e de l'Oise, une \u00e9dition en lien avec les 150 ans de l'Impressionnisme.","robots":{"index":"index","follow":"follow","max-snippet":"max-snippet:-1","max-image-preview":"max-image-preview:large","max-video-preview":"max-video-preview:-1"},"canonical":"https:\/\/voyagesimpressionnistes.com\/en\/auvers-oise-valley\/automne-impressionniste-2024\/","og_locale":"en_US","og_type":"article","og_title":"Automne impressionniste 2024 - Impressionist adventures","og_description":"Participez \u00e0 un \"Automne impressionniste 2024\" dans la Vall\u00e9e de l'Oise, une \u00e9dition en lien avec les 150 ans de l'Impressionnisme.","og_url":"https:\/\/voyagesimpressionnistes.com\/en\/auvers-oise-valley\/automne-impressionniste-2024\/","og_site_name":"Impressionist adventures","article_publisher":"https:\/\/www.facebook.com\/LesVoyagesImpressionnistes\/","article_published_time":"2024-11-12T16:54:58+00:00","article_modified_time":"2024-12-20T10:08:00+00:00","og_image":[{"width":2362,"height":2362,"url":"https:\/\/voyagesimpressionnistes.com\/wp-content\/uploads\/2024\/09\/automne_impressioniste-2024.jpg","type":"image\/jpeg"}],"author":"Phane","twitter_card":"summary_large_image","twitter_misc":{"Written by":"Phane","Est. reading time":"2 minutes"},"schema":{"@context":"https:\/\/schema.org","@graph":[{"@type":["Article","BlogPosting"],"@id":"https:\/\/voyagesimpressionnistes.com\/en\/auvers-oise-valley\/automne-impressionniste-2024\/#article","isPartOf":{"@id":"https:\/\/voyagesimpressionnistes.com\/en\/auvers-oise-valley\/automne-impressionniste-2024\/"},"author":{"name":"Phane","@id":"https:\/\/voyagesimpressionnistes.com\/en\/#\/schema\/person\/78c37c19aa7ae1bd6f4902f296c80e5f"},"headline":"Automne impressionniste 2024","datePublished":"2024-11-12T16:54:58+00:00","dateModified":"2024-12-20T10:08:00+00:00","mainEntityOfPage":{"@id":"https:\/\/voyagesimpressionnistes.com\/en\/auvers-oise-valley\/automne-impressionniste-2024\/"},"wordCount":342,"publisher":{"@id":"https:\/\/voyagesimpressionnistes.com\/en\/#organization"},"image":{"@id":"https:\/\/voyagesimpressionnistes.com\/en\/auvers-oise-valley\/automne-impressionniste-2024\/#primaryimage"},"thumbnailUrl":"https:\/\/voyagesimpressionnistes.com\/wp-content\/uploads\/2024\/09\/automne_impressioniste-2024.jpg","keywords":["Diary"],"articleSection":["Auvers &amp; the Oise valley"],"inLanguage":"en-US"},{"@type":"WebPage","@id":"https:\/\/voyagesimpressionnistes.com\/en\/auvers-oise-valley\/automne-impressionniste-2024\/","url":"https:\/\/voyagesimpressionnistes.com\/en\/auvers-oise-valley\/automne-impressionniste-2024\/","name":"Automne impressionniste 2024 - Impressionist adventures","isPartOf":{"@id":"https:\/\/voyagesimpressionnistes.com\/en\/#website"},"primaryImageOfPage":{"@id":"https:\/\/voyagesimpressionnistes.com\/en\/auvers-oise-valley\/automne-impressionniste-2024\/#primaryimage"},"image":{"@id":"https:\/\/voyagesimpressionnistes.com\/en\/auvers-oise-valley\/automne-impressionniste-2024\/#primaryimage"},"thumbnailUrl":"https:\/\/voyagesimpressionnistes.com\/wp-content\/uploads\/2024\/09\/automne_impressioniste-2024.jpg","datePublished":"2024-11-12T16:54:58+00:00","dateModified":"2024-12-20T10:08:00+00:00","description":"Participez \u00e0 un \"Automne impressionniste 2024\" dans la Vall\u00e9e de l'Oise, une \u00e9dition en lien avec les 150 ans de l'Impressionnisme.","breadcrumb":{"@id":"https:\/\/voyagesimpressionnistes.com\/en\/auvers-oise-valley\/automne-impressionniste-2024\/#breadcrumb"},"inLanguage":"en-US","potentialAction":[{"@type":"ReadAction","target":["https:\/\/voyagesimpressionnistes.com\/en\/auvers-oise-valley\/automne-impressionniste-2024\/"]}]},{"@type":"ImageObject","inLanguage":"en-US","@id":"https:\/\/voyagesimpressionnistes.com\/en\/auvers-oise-valley\/automne-impressionniste-2024\/#primaryimage","url":"https:\/\/voyagesimpressionnistes.com\/wp-content\/uploads\/2024\/09\/automne_impressioniste-2024.jpg","contentUrl":"https:\/\/voyagesimpressionnistes.com\/wp-content\/uploads\/2024\/09\/automne_impressioniste-2024.jpg","width":2362,"height":2362,"caption":"Automne impressionniste 2024 : affiche"},{"@type":"BreadcrumbList","@id":"https:\/\/voyagesimpressionnistes.com\/en\/auvers-oise-valley\/automne-impressionniste-2024\/#breadcrumb","itemListElement":[{"@type":"ListItem","position":1,"name":"Auvers &amp; the Oise valley","item":"https:\/\/voyagesimpressionnistes.com\/en\/auvers-oise-valley\/"},{"@type":"ListItem","position":2,"name":"Automne impressionniste 2024"}]},{"@type":"WebSite","@id":"https:\/\/voyagesimpressionnistes.com\/en\/#website","url":"https:\/\/voyagesimpressionnistes.com\/en\/","name":"Impressionist adventures","description":"Inspiring moments","publisher":{"@id":"https:\/\/voyagesimpressionnistes.com\/en\/#organization"},"potentialAction":[{"@type":"SearchAction","target":{"@type":"EntryPoint","urlTemplate":"https:\/\/voyagesimpressionnistes.com\/en\/?s={search_term_string}"},"query-input":{"@type":"PropertyValueSpecification","valueRequired":true,"valueName":"search_term_string"}}],"inLanguage":"en-US"},{"@type":"Organization","@id":"https:\/\/voyagesimpressionnistes.com\/en\/#organization","name":"Voyages Impressionnistes","url":"https:\/\/voyagesimpressionnistes.com\/en\/","logo":{"@type":"ImageObject","inLanguage":"en-US","@id":"https:\/\/voyagesimpressionnistes.com\/en\/#\/schema\/logo\/image\/","url":"https:\/\/voyagesimpressionnistes.com\/wp-content\/uploads\/2021\/06\/vi-logo-507x216-1.svg","contentUrl":"https:\/\/voyagesimpressionnistes.com\/wp-content\/uploads\/2021\/06\/vi-logo-507x216-1.svg","width":507,"height":216,"caption":"Voyages Impressionnistes"},"image":{"@id":"https:\/\/voyagesimpressionnistes.com\/en\/#\/schema\/logo\/image\/"},"sameAs":["https:\/\/www.facebook.com\/LesVoyagesImpressionnistes\/"]},{"@type":"Person","@id":"https:\/\/voyagesimpressionnistes.com\/en\/#\/schema\/person\/78c37c19aa7ae1bd6f4902f296c80e5f","name":"Phane","image":{"@type":"ImageObject","inLanguage":"en-US","@id":"https:\/\/voyagesimpressionnistes.com\/en\/#\/schema\/person\/image\/","url":"https:\/\/secure.gravatar.com\/avatar\/ea705fa375f21b62a2facac16bc19ee8d664629e3399a374a188d355bc5d00b9?s=96&d=mm&r=g","contentUrl":"https:\/\/secure.gravatar.com\/avatar\/ea705fa375f21b62a2facac16bc19ee8d664629e3399a374a188d355bc5d00b9?s=96&d=mm&r=g","caption":"Phane"}}]}},"jetpack_featured_media_url":"https:\/\/voyagesimpressionnistes.com\/wp-content\/uploads\/2024\/09\/automne_impressioniste-2024.jpg","jetpack_sharing_enabled":true,"_links":{"self":[{"href":"https:\/\/voyagesimpressionnistes.com\/en\/wp-json\/wp\/v2\/posts\/13224","targetHints":{"allow":["GET"]}}],"collection":[{"href":"https:\/\/voyagesimpressionnistes.com\/en\/wp-json\/wp\/v2\/posts"}],"about":[{"href":"https:\/\/voyagesimpressionnistes.com\/en\/wp-json\/wp\/v2\/types\/post"}],"author":[{"embeddable":true,"href":"https:\/\/voyagesimpressionnistes.com\/en\/wp-json\/wp\/v2\/users\/2"}],"replies":[{"embeddable":true,"href":"https:\/\/voyagesimpressionnistes.com\/en\/wp-json\/wp\/v2\/comments?post=13224"}],"version-history":[{"count":6,"href":"https:\/\/voyagesimpressionnistes.com\/en\/wp-json\/wp\/v2\/posts\/13224\/revisions"}],"predecessor-version":[{"id":13478,"href":"https:\/\/voyagesimpressionnistes.com\/en\/wp-json\/wp\/v2\/posts\/13224\/revisions\/13478"}],"wp:featuredmedia":[{"embeddable":true,"href":"https:\/\/voyagesimpressionnistes.com\/en\/wp-json\/wp\/v2\/media\/13458"}],"wp:attachment":[{"href":"https:\/\/voyagesimpressionnistes.com\/en\/wp-json\/wp\/v2\/media?parent=13224"}],"wp:term":[{"taxonomy":"category","embeddable":true,"href":"https:\/\/voyagesimpressionnistes.com\/en\/wp-json\/wp\/v2\/categories?post=13224"},{"taxonomy":"slider_une","embeddable":true,"href":"https:\/\/voyagesimpressionnistes.com\/en\/wp-json\/wp\/v2\/slider_une?post=13224"},{"taxonomy":"regions","embeddable":true,"href":"https:\/\/voyagesimpressionnistes.com\/en\/wp-json\/wp\/v2\/regions?post=13224"},{"taxonomy":"coups_coeur","embeddable":true,"href":"https:\/\/voyagesimpressionnistes.com\/en\/wp-json\/wp\/v2\/coups_coeur?post=13224"},{"taxonomy":"inspiration-type","embeddable":true,"href":"https:\/\/voyagesimpressionnistes.com\/en\/wp-json\/wp\/v2\/inspiration-type?post=13224"},{"taxonomy":"label","embeddable":true,"href":"https:\/\/voyagesimpressionnistes.com\/en\/wp-json\/wp\/v2\/label?post=13224"},{"taxonomy":"categories-agenda","embeddable":true,"href":"https:\/\/voyagesimpressionnistes.com\/en\/wp-json\/wp\/v2\/categories-agenda?post=13224"}],"curies":[{"name":"wp","href":"https:\/\/api.w.org\/{rel}","templated":true}]}}