{"id":13310,"date":"2024-11-28T14:14:13","date_gmt":"2024-11-28T13:14:13","guid":{"rendered":"https:\/\/voyagesimpressionnistes.com\/?p=13310"},"modified":"2024-11-28T14:16:52","modified_gmt":"2024-11-28T13:16:52","slug":"le-pont-de-vernon-et-la-seine-transports-et-voies-fluviales","status":"publish","type":"post","link":"https:\/\/voyagesimpressionnistes.com\/en\/giverny-its-surroundings\/le-pont-de-vernon-et-la-seine-transports-et-voies-fluviales\/","title":{"rendered":"Le pont de Vernon et la Seine : transports et voies fluviales"},"content":{"rendered":"<p>Du 21 septembre au 22 d\u00e9cembre 2024, le <a href=\"https:\/\/voyagesimpressionnistes.com\/en\/giverny-its-surroundings\/musee-blanche-hoschede-monet-vernon\/\">Mus\u00e9e Blanche Hosched\u00e9-Monet<\/a> de Vernon propose sa nouvelle exposition : <em>Le pont de Vernon et la Seine : transports et voies fluviales<\/em>.<\/p>\n<p>Le pont de Vernon est primordial pour les activit\u00e9s humaines de transport et de commerce de la ville et de son territoire. Il \u00e9tablit d\u00e8s le Moyen-\u00c2ge une connexion terrestre strat\u00e9gique situ\u00e9e au croisement de deux grands axes : Rouen et Paris, et \u00c9vreux et Beauvais. Enjambant la Seine, qui est elle aussi une voie fluviale importante, le pont de Vernon, tout comme le fleuve, sont des lieux de vie et de relations sociales, t\u00e9moins des r\u00e9seaux et connexions humaines.<\/p>\n<p>Devenu aujourd\u2019hui le motif pittoresque et embl\u00e9matique de la ville de Vernon, le vieux pont et son vieux moulin et leurs tr\u00e8s nombreuses repr\u00e9sentations dessin\u00e9es, grav\u00e9es, peintes et photographi\u00e9es sont les t\u00e9moins de l&#8217;histoire des r\u00e9seaux et connexions humaines au fil des si\u00e8cles.<\/p>\n","protected":false},"excerpt":{"rendered":"<p>Du 21 septembre au 22 d\u00e9cembre 2024, le Mus\u00e9e Blanche  [&#8230;]<\/p>\n","protected":false},"author":2,"featured_media":13548,"comment_status":"closed","ping_status":"closed","sticky":false,"template":"","format":"standard","meta":{"_acf_changed":false,"inline_featured_image":false,"_jetpack_memberships_contains_paid_content":false,"footnotes":""},"categories":[83],"slider_une":[],"regions":[133],"coups_coeur":[],"inspiration-type":[],"label":[],"categories-agenda":[172],"class_list":["post-13310","post","type-post","status-publish","format-standard","has-post-thumbnail","hentry","category-giverny-its-surroundings","tag-diary","regions-normandy","categories-agenda-exhibition"],"acf":[],"yoast_head":"<!-- This site is optimized with the Yoast SEO plugin v26.3 - https:\/\/yoast.com\/wordpress\/plugins\/seo\/ -->\n<title>Le pont de Vernon et la Seine - Impressionist adventures<\/title>\n<meta name=\"description\" content=\"Venez visiter la nouvelle exposition du Mus\u00e9e Blanche Hosched\u00e9-Monet : &quot;Le pont de Vernon et la Seine : transports et voies fluviales&quot;.\" \/>\n<meta name=\"robots\" content=\"index, follow, max-snippet:-1, max-image-preview:large, max-video-preview:-1\" \/>\n<link rel=\"canonical\" href=\"https:\/\/voyagesimpressionnistes.com\/en\/giverny-its-surroundings\/le-pont-de-vernon-et-la-seine-transports-et-voies-fluviales\/\" \/>\n<meta property=\"og:locale\" content=\"en_US\" \/>\n<meta property=\"og:type\" content=\"article\" \/>\n<meta property=\"og:title\" content=\"Le pont de Vernon et la Seine - Impressionist adventures\" \/>\n<meta property=\"og:description\" content=\"Venez visiter la nouvelle exposition du Mus\u00e9e Blanche Hosched\u00e9-Monet : &quot;Le pont de Vernon et la Seine : transports et voies fluviales&quot;.\" \/>\n<meta property=\"og:url\" content=\"https:\/\/voyagesimpressionnistes.com\/en\/giverny-its-surroundings\/le-pont-de-vernon-et-la-seine-transports-et-voies-fluviales\/\" \/>\n<meta property=\"og:site_name\" content=\"Impressionist adventures\" \/>\n<meta property=\"article:publisher\" content=\"https:\/\/www.facebook.com\/LesVoyagesImpressionnistes\/\" \/>\n<meta property=\"article:published_time\" content=\"2024-11-28T13:14:13+00:00\" \/>\n<meta property=\"article:modified_time\" content=\"2024-11-28T13:16:52+00:00\" \/>\n<meta property=\"og:image\" content=\"https:\/\/voyagesimpressionnistes.com\/wp-content\/uploads\/2024\/09\/Affiche-expo-pont-de-vernon.png\" \/>\n\t<meta property=\"og:image:width\" content=\"670\" \/>\n\t<meta property=\"og:image:height\" content=\"948\" \/>\n\t<meta property=\"og:image:type\" content=\"image\/png\" \/>\n<meta name=\"author\" content=\"Phane\" \/>\n<meta name=\"twitter:card\" content=\"summary_large_image\" \/>\n<meta name=\"twitter:label1\" content=\"Written by\" \/>\n\t<meta name=\"twitter:data1\" content=\"Phane\" \/>\n\t<meta name=\"twitter:label2\" content=\"Est. reading time\" \/>\n\t<meta name=\"twitter:data2\" content=\"1 minute\" \/>\n<script type=\"application\/ld+json\" class=\"yoast-schema-graph\">{\"@context\":\"https:\/\/schema.org\",\"@graph\":[{\"@type\":[\"Article\",\"BlogPosting\"],\"@id\":\"https:\/\/voyagesimpressionnistes.com\/en\/giverny-its-surroundings\/le-pont-de-vernon-et-la-seine-transports-et-voies-fluviales\/#article\",\"isPartOf\":{\"@id\":\"https:\/\/voyagesimpressionnistes.com\/en\/giverny-its-surroundings\/le-pont-de-vernon-et-la-seine-transports-et-voies-fluviales\/\"},\"author\":{\"name\":\"Phane\",\"@id\":\"https:\/\/voyagesimpressionnistes.com\/en\/#\/schema\/person\/78c37c19aa7ae1bd6f4902f296c80e5f\"},\"headline\":\"Le pont de Vernon et la Seine : transports et voies fluviales\",\"datePublished\":\"2024-11-28T13:14:13+00:00\",\"dateModified\":\"2024-11-28T13:16:52+00:00\",\"mainEntityOfPage\":{\"@id\":\"https:\/\/voyagesimpressionnistes.com\/en\/giverny-its-surroundings\/le-pont-de-vernon-et-la-seine-transports-et-voies-fluviales\/\"},\"wordCount\":179,\"publisher\":{\"@id\":\"https:\/\/voyagesimpressionnistes.com\/en\/#organization\"},\"image\":{\"@id\":\"https:\/\/voyagesimpressionnistes.com\/en\/giverny-its-surroundings\/le-pont-de-vernon-et-la-seine-transports-et-voies-fluviales\/#primaryimage\"},\"thumbnailUrl\":\"https:\/\/voyagesimpressionnistes.com\/wp-content\/uploads\/2024\/09\/Affiche-expo-pont-de-vernon.png\",\"keywords\":[\"Diary\"],\"articleSection\":[\"Giverny &amp; its surroundings\"],\"inLanguage\":\"en-US\"},{\"@type\":\"WebPage\",\"@id\":\"https:\/\/voyagesimpressionnistes.com\/en\/giverny-its-surroundings\/le-pont-de-vernon-et-la-seine-transports-et-voies-fluviales\/\",\"url\":\"https:\/\/voyagesimpressionnistes.com\/en\/giverny-its-surroundings\/le-pont-de-vernon-et-la-seine-transports-et-voies-fluviales\/\",\"name\":\"Le pont de Vernon et la Seine - Impressionist adventures\",\"isPartOf\":{\"@id\":\"https:\/\/voyagesimpressionnistes.com\/en\/#website\"},\"primaryImageOfPage\":{\"@id\":\"https:\/\/voyagesimpressionnistes.com\/en\/giverny-its-surroundings\/le-pont-de-vernon-et-la-seine-transports-et-voies-fluviales\/#primaryimage\"},\"image\":{\"@id\":\"https:\/\/voyagesimpressionnistes.com\/en\/giverny-its-surroundings\/le-pont-de-vernon-et-la-seine-transports-et-voies-fluviales\/#primaryimage\"},\"thumbnailUrl\":\"https:\/\/voyagesimpressionnistes.com\/wp-content\/uploads\/2024\/09\/Affiche-expo-pont-de-vernon.png\",\"datePublished\":\"2024-11-28T13:14:13+00:00\",\"dateModified\":\"2024-11-28T13:16:52+00:00\",\"description\":\"Venez visiter la nouvelle exposition du Mus\u00e9e Blanche Hosched\u00e9-Monet : \\\"Le pont de Vernon et la Seine : transports et voies fluviales\\\".\",\"breadcrumb\":{\"@id\":\"https:\/\/voyagesimpressionnistes.com\/en\/giverny-its-surroundings\/le-pont-de-vernon-et-la-seine-transports-et-voies-fluviales\/#breadcrumb\"},\"inLanguage\":\"en-US\",\"potentialAction\":[{\"@type\":\"ReadAction\",\"target\":[\"https:\/\/voyagesimpressionnistes.com\/en\/giverny-its-surroundings\/le-pont-de-vernon-et-la-seine-transports-et-voies-fluviales\/\"]}]},{\"@type\":\"ImageObject\",\"inLanguage\":\"en-US\",\"@id\":\"https:\/\/voyagesimpressionnistes.com\/en\/giverny-its-surroundings\/le-pont-de-vernon-et-la-seine-transports-et-voies-fluviales\/#primaryimage\",\"url\":\"https:\/\/voyagesimpressionnistes.com\/wp-content\/uploads\/2024\/09\/Affiche-expo-pont-de-vernon.png\",\"contentUrl\":\"https:\/\/voyagesimpressionnistes.com\/wp-content\/uploads\/2024\/09\/Affiche-expo-pont-de-vernon.png\",\"width\":670,\"height\":948,\"caption\":\"Le pont et la Seine \u00e0 Vernon : affiche de l'exposition\"},{\"@type\":\"BreadcrumbList\",\"@id\":\"https:\/\/voyagesimpressionnistes.com\/en\/giverny-its-surroundings\/le-pont-de-vernon-et-la-seine-transports-et-voies-fluviales\/#breadcrumb\",\"itemListElement\":[{\"@type\":\"ListItem\",\"position\":1,\"name\":\"Giverny &amp; its surroundings\",\"item\":\"https:\/\/voyagesimpressionnistes.com\/en\/giverny-its-surroundings\/\"},{\"@type\":\"ListItem\",\"position\":2,\"name\":\"Le pont de Vernon et la Seine : transports et voies fluviales\"}]},{\"@type\":\"WebSite\",\"@id\":\"https:\/\/voyagesimpressionnistes.com\/en\/#website\",\"url\":\"https:\/\/voyagesimpressionnistes.com\/en\/\",\"name\":\"Impressionist adventures\",\"description\":\"Inspiring moments\",\"publisher\":{\"@id\":\"https:\/\/voyagesimpressionnistes.com\/en\/#organization\"},\"potentialAction\":[{\"@type\":\"SearchAction\",\"target\":{\"@type\":\"EntryPoint\",\"urlTemplate\":\"https:\/\/voyagesimpressionnistes.com\/en\/?s={search_term_string}\"},\"query-input\":{\"@type\":\"PropertyValueSpecification\",\"valueRequired\":true,\"valueName\":\"search_term_string\"}}],\"inLanguage\":\"en-US\"},{\"@type\":\"Organization\",\"@id\":\"https:\/\/voyagesimpressionnistes.com\/en\/#organization\",\"name\":\"Voyages Impressionnistes\",\"url\":\"https:\/\/voyagesimpressionnistes.com\/en\/\",\"logo\":{\"@type\":\"ImageObject\",\"inLanguage\":\"en-US\",\"@id\":\"https:\/\/voyagesimpressionnistes.com\/en\/#\/schema\/logo\/image\/\",\"url\":\"https:\/\/voyagesimpressionnistes.com\/wp-content\/uploads\/2021\/06\/vi-logo-507x216-1.svg\",\"contentUrl\":\"https:\/\/voyagesimpressionnistes.com\/wp-content\/uploads\/2021\/06\/vi-logo-507x216-1.svg\",\"width\":507,\"height\":216,\"caption\":\"Voyages Impressionnistes\"},\"image\":{\"@id\":\"https:\/\/voyagesimpressionnistes.com\/en\/#\/schema\/logo\/image\/\"},\"sameAs\":[\"https:\/\/www.facebook.com\/LesVoyagesImpressionnistes\/\"]},{\"@type\":\"Person\",\"@id\":\"https:\/\/voyagesimpressionnistes.com\/en\/#\/schema\/person\/78c37c19aa7ae1bd6f4902f296c80e5f\",\"name\":\"Phane\",\"image\":{\"@type\":\"ImageObject\",\"inLanguage\":\"en-US\",\"@id\":\"https:\/\/voyagesimpressionnistes.com\/en\/#\/schema\/person\/image\/\",\"url\":\"https:\/\/secure.gravatar.com\/avatar\/ea705fa375f21b62a2facac16bc19ee8d664629e3399a374a188d355bc5d00b9?s=96&d=mm&r=g\",\"contentUrl\":\"https:\/\/secure.gravatar.com\/avatar\/ea705fa375f21b62a2facac16bc19ee8d664629e3399a374a188d355bc5d00b9?s=96&d=mm&r=g\",\"caption\":\"Phane\"}}]}<\/script>\n<!-- \/ Yoast SEO plugin. -->","yoast_head_json":{"title":"Le pont de Vernon et la Seine - Impressionist adventures","description":"Venez visiter la nouvelle exposition du Mus\u00e9e Blanche Hosched\u00e9-Monet : \"Le pont de Vernon et la Seine : transports et voies fluviales\".","robots":{"index":"index","follow":"follow","max-snippet":"max-snippet:-1","max-image-preview":"max-image-preview:large","max-video-preview":"max-video-preview:-1"},"canonical":"https:\/\/voyagesimpressionnistes.com\/en\/giverny-its-surroundings\/le-pont-de-vernon-et-la-seine-transports-et-voies-fluviales\/","og_locale":"en_US","og_type":"article","og_title":"Le pont de Vernon et la Seine - Impressionist adventures","og_description":"Venez visiter la nouvelle exposition du Mus\u00e9e Blanche Hosched\u00e9-Monet : \"Le pont de Vernon et la Seine : transports et voies fluviales\".","og_url":"https:\/\/voyagesimpressionnistes.com\/en\/giverny-its-surroundings\/le-pont-de-vernon-et-la-seine-transports-et-voies-fluviales\/","og_site_name":"Impressionist adventures","article_publisher":"https:\/\/www.facebook.com\/LesVoyagesImpressionnistes\/","article_published_time":"2024-11-28T13:14:13+00:00","article_modified_time":"2024-11-28T13:16:52+00:00","og_image":[{"width":670,"height":948,"url":"https:\/\/voyagesimpressionnistes.com\/wp-content\/uploads\/2024\/09\/Affiche-expo-pont-de-vernon.png","type":"image\/png"}],"author":"Phane","twitter_card":"summary_large_image","twitter_misc":{"Written by":"Phane","Est. reading time":"1 minute"},"schema":{"@context":"https:\/\/schema.org","@graph":[{"@type":["Article","BlogPosting"],"@id":"https:\/\/voyagesimpressionnistes.com\/en\/giverny-its-surroundings\/le-pont-de-vernon-et-la-seine-transports-et-voies-fluviales\/#article","isPartOf":{"@id":"https:\/\/voyagesimpressionnistes.com\/en\/giverny-its-surroundings\/le-pont-de-vernon-et-la-seine-transports-et-voies-fluviales\/"},"author":{"name":"Phane","@id":"https:\/\/voyagesimpressionnistes.com\/en\/#\/schema\/person\/78c37c19aa7ae1bd6f4902f296c80e5f"},"headline":"Le pont de Vernon et la Seine : transports et voies fluviales","datePublished":"2024-11-28T13:14:13+00:00","dateModified":"2024-11-28T13:16:52+00:00","mainEntityOfPage":{"@id":"https:\/\/voyagesimpressionnistes.com\/en\/giverny-its-surroundings\/le-pont-de-vernon-et-la-seine-transports-et-voies-fluviales\/"},"wordCount":179,"publisher":{"@id":"https:\/\/voyagesimpressionnistes.com\/en\/#organization"},"image":{"@id":"https:\/\/voyagesimpressionnistes.com\/en\/giverny-its-surroundings\/le-pont-de-vernon-et-la-seine-transports-et-voies-fluviales\/#primaryimage"},"thumbnailUrl":"https:\/\/voyagesimpressionnistes.com\/wp-content\/uploads\/2024\/09\/Affiche-expo-pont-de-vernon.png","keywords":["Diary"],"articleSection":["Giverny &amp; its surroundings"],"inLanguage":"en-US"},{"@type":"WebPage","@id":"https:\/\/voyagesimpressionnistes.com\/en\/giverny-its-surroundings\/le-pont-de-vernon-et-la-seine-transports-et-voies-fluviales\/","url":"https:\/\/voyagesimpressionnistes.com\/en\/giverny-its-surroundings\/le-pont-de-vernon-et-la-seine-transports-et-voies-fluviales\/","name":"Le pont de Vernon et la Seine - Impressionist adventures","isPartOf":{"@id":"https:\/\/voyagesimpressionnistes.com\/en\/#website"},"primaryImageOfPage":{"@id":"https:\/\/voyagesimpressionnistes.com\/en\/giverny-its-surroundings\/le-pont-de-vernon-et-la-seine-transports-et-voies-fluviales\/#primaryimage"},"image":{"@id":"https:\/\/voyagesimpressionnistes.com\/en\/giverny-its-surroundings\/le-pont-de-vernon-et-la-seine-transports-et-voies-fluviales\/#primaryimage"},"thumbnailUrl":"https:\/\/voyagesimpressionnistes.com\/wp-content\/uploads\/2024\/09\/Affiche-expo-pont-de-vernon.png","datePublished":"2024-11-28T13:14:13+00:00","dateModified":"2024-11-28T13:16:52+00:00","description":"Venez visiter la nouvelle exposition du Mus\u00e9e Blanche Hosched\u00e9-Monet : \"Le pont de Vernon et la Seine : transports et voies fluviales\".","breadcrumb":{"@id":"https:\/\/voyagesimpressionnistes.com\/en\/giverny-its-surroundings\/le-pont-de-vernon-et-la-seine-transports-et-voies-fluviales\/#breadcrumb"},"inLanguage":"en-US","potentialAction":[{"@type":"ReadAction","target":["https:\/\/voyagesimpressionnistes.com\/en\/giverny-its-surroundings\/le-pont-de-vernon-et-la-seine-transports-et-voies-fluviales\/"]}]},{"@type":"ImageObject","inLanguage":"en-US","@id":"https:\/\/voyagesimpressionnistes.com\/en\/giverny-its-surroundings\/le-pont-de-vernon-et-la-seine-transports-et-voies-fluviales\/#primaryimage","url":"https:\/\/voyagesimpressionnistes.com\/wp-content\/uploads\/2024\/09\/Affiche-expo-pont-de-vernon.png","contentUrl":"https:\/\/voyagesimpressionnistes.com\/wp-content\/uploads\/2024\/09\/Affiche-expo-pont-de-vernon.png","width":670,"height":948,"caption":"Le pont et la Seine \u00e0 Vernon : affiche de l'exposition"},{"@type":"BreadcrumbList","@id":"https:\/\/voyagesimpressionnistes.com\/en\/giverny-its-surroundings\/le-pont-de-vernon-et-la-seine-transports-et-voies-fluviales\/#breadcrumb","itemListElement":[{"@type":"ListItem","position":1,"name":"Giverny &amp; its surroundings","item":"https:\/\/voyagesimpressionnistes.com\/en\/giverny-its-surroundings\/"},{"@type":"ListItem","position":2,"name":"Le pont de Vernon et la Seine : transports et voies fluviales"}]},{"@type":"WebSite","@id":"https:\/\/voyagesimpressionnistes.com\/en\/#website","url":"https:\/\/voyagesimpressionnistes.com\/en\/","name":"Impressionist adventures","description":"Inspiring moments","publisher":{"@id":"https:\/\/voyagesimpressionnistes.com\/en\/#organization"},"potentialAction":[{"@type":"SearchAction","target":{"@type":"EntryPoint","urlTemplate":"https:\/\/voyagesimpressionnistes.com\/en\/?s={search_term_string}"},"query-input":{"@type":"PropertyValueSpecification","valueRequired":true,"valueName":"search_term_string"}}],"inLanguage":"en-US"},{"@type":"Organization","@id":"https:\/\/voyagesimpressionnistes.com\/en\/#organization","name":"Voyages Impressionnistes","url":"https:\/\/voyagesimpressionnistes.com\/en\/","logo":{"@type":"ImageObject","inLanguage":"en-US","@id":"https:\/\/voyagesimpressionnistes.com\/en\/#\/schema\/logo\/image\/","url":"https:\/\/voyagesimpressionnistes.com\/wp-content\/uploads\/2021\/06\/vi-logo-507x216-1.svg","contentUrl":"https:\/\/voyagesimpressionnistes.com\/wp-content\/uploads\/2021\/06\/vi-logo-507x216-1.svg","width":507,"height":216,"caption":"Voyages Impressionnistes"},"image":{"@id":"https:\/\/voyagesimpressionnistes.com\/en\/#\/schema\/logo\/image\/"},"sameAs":["https:\/\/www.facebook.com\/LesVoyagesImpressionnistes\/"]},{"@type":"Person","@id":"https:\/\/voyagesimpressionnistes.com\/en\/#\/schema\/person\/78c37c19aa7ae1bd6f4902f296c80e5f","name":"Phane","image":{"@type":"ImageObject","inLanguage":"en-US","@id":"https:\/\/voyagesimpressionnistes.com\/en\/#\/schema\/person\/image\/","url":"https:\/\/secure.gravatar.com\/avatar\/ea705fa375f21b62a2facac16bc19ee8d664629e3399a374a188d355bc5d00b9?s=96&d=mm&r=g","contentUrl":"https:\/\/secure.gravatar.com\/avatar\/ea705fa375f21b62a2facac16bc19ee8d664629e3399a374a188d355bc5d00b9?s=96&d=mm&r=g","caption":"Phane"}}]}},"jetpack_featured_media_url":"https:\/\/voyagesimpressionnistes.com\/wp-content\/uploads\/2024\/09\/Affiche-expo-pont-de-vernon.png","jetpack_sharing_enabled":true,"_links":{"self":[{"href":"https:\/\/voyagesimpressionnistes.com\/en\/wp-json\/wp\/v2\/posts\/13310","targetHints":{"allow":["GET"]}}],"collection":[{"href":"https:\/\/voyagesimpressionnistes.com\/en\/wp-json\/wp\/v2\/posts"}],"about":[{"href":"https:\/\/voyagesimpressionnistes.com\/en\/wp-json\/wp\/v2\/types\/post"}],"author":[{"embeddable":true,"href":"https:\/\/voyagesimpressionnistes.com\/en\/wp-json\/wp\/v2\/users\/2"}],"replies":[{"embeddable":true,"href":"https:\/\/voyagesimpressionnistes.com\/en\/wp-json\/wp\/v2\/comments?post=13310"}],"version-history":[{"count":3,"href":"https:\/\/voyagesimpressionnistes.com\/en\/wp-json\/wp\/v2\/posts\/13310\/revisions"}],"predecessor-version":[{"id":13551,"href":"https:\/\/voyagesimpressionnistes.com\/en\/wp-json\/wp\/v2\/posts\/13310\/revisions\/13551"}],"wp:featuredmedia":[{"embeddable":true,"href":"https:\/\/voyagesimpressionnistes.com\/en\/wp-json\/wp\/v2\/media\/13548"}],"wp:attachment":[{"href":"https:\/\/voyagesimpressionnistes.com\/en\/wp-json\/wp\/v2\/media?parent=13310"}],"wp:term":[{"taxonomy":"category","embeddable":true,"href":"https:\/\/voyagesimpressionnistes.com\/en\/wp-json\/wp\/v2\/categories?post=13310"},{"taxonomy":"slider_une","embeddable":true,"href":"https:\/\/voyagesimpressionnistes.com\/en\/wp-json\/wp\/v2\/slider_une?post=13310"},{"taxonomy":"regions","embeddable":true,"href":"https:\/\/voyagesimpressionnistes.com\/en\/wp-json\/wp\/v2\/regions?post=13310"},{"taxonomy":"coups_coeur","embeddable":true,"href":"https:\/\/voyagesimpressionnistes.com\/en\/wp-json\/wp\/v2\/coups_coeur?post=13310"},{"taxonomy":"inspiration-type","embeddable":true,"href":"https:\/\/voyagesimpressionnistes.com\/en\/wp-json\/wp\/v2\/inspiration-type?post=13310"},{"taxonomy":"label","embeddable":true,"href":"https:\/\/voyagesimpressionnistes.com\/en\/wp-json\/wp\/v2\/label?post=13310"},{"taxonomy":"categories-agenda","embeddable":true,"href":"https:\/\/voyagesimpressionnistes.com\/en\/wp-json\/wp\/v2\/categories-agenda?post=13310"}],"curies":[{"name":"wp","href":"https:\/\/api.w.org\/{rel}","templated":true}]}}