{"id":13334,"date":"2024-11-28T14:32:49","date_gmt":"2024-11-28T13:32:49","guid":{"rendered":"https:\/\/voyagesimpressionnistes.com\/?p=13334"},"modified":"2024-11-28T14:32:49","modified_gmt":"2024-11-28T13:32:49","slug":"1874-l-instant-impressionniste","status":"publish","type":"post","link":"https:\/\/voyagesimpressionnistes.com\/en\/banks-seine\/1874-l-instant-impressionniste\/","title":{"rendered":"1874, L&#8217;instant impressionniste dans les boucles de Seine"},"content":{"rendered":"<p>De mars \u00e0 octobre 2024, l\u2019Office de Tourisme Intercommunal Saint Germain Boucles de Seine c\u00e9l\u00e8bre les <a href=\"https:\/\/voyagesimpressionnistes.com\/en\/banks-seine\/150-anniversary-impressionism-banks-of-the-seine\/\">150 ans de l\u2019Impressionnisme<\/a> avec une programmation exceptionnelle. Le samedi 19 octobre, de 14h30 \u00e0 16h, une conf\u00e9rence intitul\u00e9e <em>1874, L\u2019instant impressionniste dans les boucles de Seine<\/em> sera pr\u00e9sent\u00e9e \u00e0 la Gare, tiers-lieu de Mareil-Marly.<\/p>\n<p>Il y a 150 ans, le 15 avril 1874, ouvre \u00e0 Paris la premi\u00e8re exposition impressionniste. Cette peinture est nourrie des paysages de la banlieue parisienne que les peintres rejoignent facilement en train depuis la gare Saint-Lazare. Venez vivre un voyage impressionniste au fil de l\u2019eau.<\/p>\n<p>La conf\u00e9rence <em>1874, L\u2019instant impressionniste dans les boucles de Seine <\/em>sera anim\u00e9e par Sandrine Faucher, guide-conf\u00e9renci\u00e8re et conf\u00e9renci\u00e8re de la R\u00e9union des Mus\u00e9es Nationaux &#8211; Grand Palais.<\/p>\n","protected":false},"excerpt":{"rendered":"<p>De mars \u00e0 octobre 2024, l\u2019Office de Tourisme Intercommunal Saint  [&#8230;]<\/p>\n","protected":false},"author":2,"featured_media":13333,"comment_status":"closed","ping_status":"closed","sticky":false,"template":"","format":"standard","meta":{"_acf_changed":false,"inline_featured_image":false,"_jetpack_memberships_contains_paid_content":false,"footnotes":""},"categories":[86],"slider_une":[],"regions":[132],"coups_coeur":[],"inspiration-type":[],"label":[141],"categories-agenda":[179],"class_list":["post-13334","post","type-post","status-publish","format-standard","has-post-thumbnail","hentry","category-banks-seine","tag-diary","regions-idf-en","label-150-years","categories-agenda-conference-en"],"acf":[],"yoast_head":"<!-- This site is optimized with the Yoast SEO plugin v26.3 - https:\/\/yoast.com\/wordpress\/plugins\/seo\/ -->\n<title>1874, L&#039;instant impressionniste dans les boucles de Seine - Impressionist adventures<\/title>\n<meta name=\"robots\" content=\"index, follow, max-snippet:-1, max-image-preview:large, max-video-preview:-1\" \/>\n<link rel=\"canonical\" href=\"https:\/\/voyagesimpressionnistes.com\/en\/banks-seine\/1874-l-instant-impressionniste\/\" \/>\n<meta property=\"og:locale\" content=\"en_US\" \/>\n<meta property=\"og:type\" content=\"article\" \/>\n<meta property=\"og:title\" content=\"1874, L&#039;instant impressionniste dans les boucles de Seine - Impressionist adventures\" \/>\n<meta property=\"og:description\" content=\"De mars \u00e0 octobre 2024, l\u2019Office de Tourisme Intercommunal Saint [...]\" \/>\n<meta property=\"og:url\" content=\"https:\/\/voyagesimpressionnistes.com\/en\/banks-seine\/1874-l-instant-impressionniste\/\" \/>\n<meta property=\"og:site_name\" content=\"Impressionist adventures\" \/>\n<meta property=\"article:publisher\" content=\"https:\/\/www.facebook.com\/LesVoyagesImpressionnistes\/\" \/>\n<meta property=\"article:published_time\" content=\"2024-11-28T13:32:49+00:00\" \/>\n<meta property=\"og:image\" content=\"https:\/\/voyagesimpressionnistes.com\/wp-content\/uploads\/2024\/09\/21712996-diaporama.jpg\" \/>\n\t<meta property=\"og:image:width\" content=\"856\" \/>\n\t<meta property=\"og:image:height\" content=\"600\" \/>\n\t<meta property=\"og:image:type\" content=\"image\/jpeg\" \/>\n<meta name=\"author\" content=\"Phane\" \/>\n<meta name=\"twitter:card\" content=\"summary_large_image\" \/>\n<meta name=\"twitter:label1\" content=\"Written by\" \/>\n\t<meta name=\"twitter:data1\" content=\"Phane\" \/>\n\t<meta name=\"twitter:label2\" content=\"Est. reading time\" \/>\n\t<meta name=\"twitter:data2\" content=\"1 minute\" \/>\n<script type=\"application\/ld+json\" class=\"yoast-schema-graph\">{\"@context\":\"https:\/\/schema.org\",\"@graph\":[{\"@type\":[\"Article\",\"BlogPosting\"],\"@id\":\"https:\/\/voyagesimpressionnistes.com\/en\/banks-seine\/1874-l-instant-impressionniste\/#article\",\"isPartOf\":{\"@id\":\"https:\/\/voyagesimpressionnistes.com\/en\/banks-seine\/1874-l-instant-impressionniste\/\"},\"author\":{\"name\":\"Phane\",\"@id\":\"https:\/\/voyagesimpressionnistes.com\/en\/#\/schema\/person\/78c37c19aa7ae1bd6f4902f296c80e5f\"},\"headline\":\"1874, L&#8217;instant impressionniste dans les boucles de Seine\",\"datePublished\":\"2024-11-28T13:32:49+00:00\",\"mainEntityOfPage\":{\"@id\":\"https:\/\/voyagesimpressionnistes.com\/en\/banks-seine\/1874-l-instant-impressionniste\/\"},\"wordCount\":140,\"publisher\":{\"@id\":\"https:\/\/voyagesimpressionnistes.com\/en\/#organization\"},\"image\":{\"@id\":\"https:\/\/voyagesimpressionnistes.com\/en\/banks-seine\/1874-l-instant-impressionniste\/#primaryimage\"},\"thumbnailUrl\":\"https:\/\/voyagesimpressionnistes.com\/wp-content\/uploads\/2024\/09\/21712996-diaporama.jpg\",\"keywords\":[\"Diary\"],\"articleSection\":[\"Along the Banks of the Seine\"],\"inLanguage\":\"en-US\"},{\"@type\":\"WebPage\",\"@id\":\"https:\/\/voyagesimpressionnistes.com\/en\/banks-seine\/1874-l-instant-impressionniste\/\",\"url\":\"https:\/\/voyagesimpressionnistes.com\/en\/banks-seine\/1874-l-instant-impressionniste\/\",\"name\":\"1874, L'instant impressionniste dans les boucles de Seine - Impressionist adventures\",\"isPartOf\":{\"@id\":\"https:\/\/voyagesimpressionnistes.com\/en\/#website\"},\"primaryImageOfPage\":{\"@id\":\"https:\/\/voyagesimpressionnistes.com\/en\/banks-seine\/1874-l-instant-impressionniste\/#primaryimage\"},\"image\":{\"@id\":\"https:\/\/voyagesimpressionnistes.com\/en\/banks-seine\/1874-l-instant-impressionniste\/#primaryimage\"},\"thumbnailUrl\":\"https:\/\/voyagesimpressionnistes.com\/wp-content\/uploads\/2024\/09\/21712996-diaporama.jpg\",\"datePublished\":\"2024-11-28T13:32:49+00:00\",\"breadcrumb\":{\"@id\":\"https:\/\/voyagesimpressionnistes.com\/en\/banks-seine\/1874-l-instant-impressionniste\/#breadcrumb\"},\"inLanguage\":\"en-US\",\"potentialAction\":[{\"@type\":\"ReadAction\",\"target\":[\"https:\/\/voyagesimpressionnistes.com\/en\/banks-seine\/1874-l-instant-impressionniste\/\"]}]},{\"@type\":\"ImageObject\",\"inLanguage\":\"en-US\",\"@id\":\"https:\/\/voyagesimpressionnistes.com\/en\/banks-seine\/1874-l-instant-impressionniste\/#primaryimage\",\"url\":\"https:\/\/voyagesimpressionnistes.com\/wp-content\/uploads\/2024\/09\/21712996-diaporama.jpg\",\"contentUrl\":\"https:\/\/voyagesimpressionnistes.com\/wp-content\/uploads\/2024\/09\/21712996-diaporama.jpg\",\"width\":856,\"height\":600,\"caption\":\"1874 L\u2019instant impressionniste dans les boucles de Seine : conf\u00e9rence \u00e0 La Gare de Mareil\"},{\"@type\":\"BreadcrumbList\",\"@id\":\"https:\/\/voyagesimpressionnistes.com\/en\/banks-seine\/1874-l-instant-impressionniste\/#breadcrumb\",\"itemListElement\":[{\"@type\":\"ListItem\",\"position\":1,\"name\":\"Along the Banks of the Seine\",\"item\":\"https:\/\/voyagesimpressionnistes.com\/en\/banks-seine\/\"},{\"@type\":\"ListItem\",\"position\":2,\"name\":\"1874, L&rsquo;instant impressionniste dans les boucles de Seine\"}]},{\"@type\":\"WebSite\",\"@id\":\"https:\/\/voyagesimpressionnistes.com\/en\/#website\",\"url\":\"https:\/\/voyagesimpressionnistes.com\/en\/\",\"name\":\"Impressionist adventures\",\"description\":\"Inspiring moments\",\"publisher\":{\"@id\":\"https:\/\/voyagesimpressionnistes.com\/en\/#organization\"},\"potentialAction\":[{\"@type\":\"SearchAction\",\"target\":{\"@type\":\"EntryPoint\",\"urlTemplate\":\"https:\/\/voyagesimpressionnistes.com\/en\/?s={search_term_string}\"},\"query-input\":{\"@type\":\"PropertyValueSpecification\",\"valueRequired\":true,\"valueName\":\"search_term_string\"}}],\"inLanguage\":\"en-US\"},{\"@type\":\"Organization\",\"@id\":\"https:\/\/voyagesimpressionnistes.com\/en\/#organization\",\"name\":\"Voyages Impressionnistes\",\"url\":\"https:\/\/voyagesimpressionnistes.com\/en\/\",\"logo\":{\"@type\":\"ImageObject\",\"inLanguage\":\"en-US\",\"@id\":\"https:\/\/voyagesimpressionnistes.com\/en\/#\/schema\/logo\/image\/\",\"url\":\"https:\/\/voyagesimpressionnistes.com\/wp-content\/uploads\/2021\/06\/vi-logo-507x216-1.svg\",\"contentUrl\":\"https:\/\/voyagesimpressionnistes.com\/wp-content\/uploads\/2021\/06\/vi-logo-507x216-1.svg\",\"width\":507,\"height\":216,\"caption\":\"Voyages Impressionnistes\"},\"image\":{\"@id\":\"https:\/\/voyagesimpressionnistes.com\/en\/#\/schema\/logo\/image\/\"},\"sameAs\":[\"https:\/\/www.facebook.com\/LesVoyagesImpressionnistes\/\"]},{\"@type\":\"Person\",\"@id\":\"https:\/\/voyagesimpressionnistes.com\/en\/#\/schema\/person\/78c37c19aa7ae1bd6f4902f296c80e5f\",\"name\":\"Phane\",\"image\":{\"@type\":\"ImageObject\",\"inLanguage\":\"en-US\",\"@id\":\"https:\/\/voyagesimpressionnistes.com\/en\/#\/schema\/person\/image\/\",\"url\":\"https:\/\/secure.gravatar.com\/avatar\/ea705fa375f21b62a2facac16bc19ee8d664629e3399a374a188d355bc5d00b9?s=96&d=mm&r=g\",\"contentUrl\":\"https:\/\/secure.gravatar.com\/avatar\/ea705fa375f21b62a2facac16bc19ee8d664629e3399a374a188d355bc5d00b9?s=96&d=mm&r=g\",\"caption\":\"Phane\"}}]}<\/script>\n<!-- \/ Yoast SEO plugin. -->","yoast_head_json":{"title":"1874, L'instant impressionniste dans les boucles de Seine - Impressionist adventures","robots":{"index":"index","follow":"follow","max-snippet":"max-snippet:-1","max-image-preview":"max-image-preview:large","max-video-preview":"max-video-preview:-1"},"canonical":"https:\/\/voyagesimpressionnistes.com\/en\/banks-seine\/1874-l-instant-impressionniste\/","og_locale":"en_US","og_type":"article","og_title":"1874, L'instant impressionniste dans les boucles de Seine - Impressionist adventures","og_description":"De mars \u00e0 octobre 2024, l\u2019Office de Tourisme Intercommunal Saint [...]","og_url":"https:\/\/voyagesimpressionnistes.com\/en\/banks-seine\/1874-l-instant-impressionniste\/","og_site_name":"Impressionist adventures","article_publisher":"https:\/\/www.facebook.com\/LesVoyagesImpressionnistes\/","article_published_time":"2024-11-28T13:32:49+00:00","og_image":[{"width":856,"height":600,"url":"https:\/\/voyagesimpressionnistes.com\/wp-content\/uploads\/2024\/09\/21712996-diaporama.jpg","type":"image\/jpeg"}],"author":"Phane","twitter_card":"summary_large_image","twitter_misc":{"Written by":"Phane","Est. reading time":"1 minute"},"schema":{"@context":"https:\/\/schema.org","@graph":[{"@type":["Article","BlogPosting"],"@id":"https:\/\/voyagesimpressionnistes.com\/en\/banks-seine\/1874-l-instant-impressionniste\/#article","isPartOf":{"@id":"https:\/\/voyagesimpressionnistes.com\/en\/banks-seine\/1874-l-instant-impressionniste\/"},"author":{"name":"Phane","@id":"https:\/\/voyagesimpressionnistes.com\/en\/#\/schema\/person\/78c37c19aa7ae1bd6f4902f296c80e5f"},"headline":"1874, L&#8217;instant impressionniste dans les boucles de Seine","datePublished":"2024-11-28T13:32:49+00:00","mainEntityOfPage":{"@id":"https:\/\/voyagesimpressionnistes.com\/en\/banks-seine\/1874-l-instant-impressionniste\/"},"wordCount":140,"publisher":{"@id":"https:\/\/voyagesimpressionnistes.com\/en\/#organization"},"image":{"@id":"https:\/\/voyagesimpressionnistes.com\/en\/banks-seine\/1874-l-instant-impressionniste\/#primaryimage"},"thumbnailUrl":"https:\/\/voyagesimpressionnistes.com\/wp-content\/uploads\/2024\/09\/21712996-diaporama.jpg","keywords":["Diary"],"articleSection":["Along the Banks of the Seine"],"inLanguage":"en-US"},{"@type":"WebPage","@id":"https:\/\/voyagesimpressionnistes.com\/en\/banks-seine\/1874-l-instant-impressionniste\/","url":"https:\/\/voyagesimpressionnistes.com\/en\/banks-seine\/1874-l-instant-impressionniste\/","name":"1874, L'instant impressionniste dans les boucles de Seine - Impressionist adventures","isPartOf":{"@id":"https:\/\/voyagesimpressionnistes.com\/en\/#website"},"primaryImageOfPage":{"@id":"https:\/\/voyagesimpressionnistes.com\/en\/banks-seine\/1874-l-instant-impressionniste\/#primaryimage"},"image":{"@id":"https:\/\/voyagesimpressionnistes.com\/en\/banks-seine\/1874-l-instant-impressionniste\/#primaryimage"},"thumbnailUrl":"https:\/\/voyagesimpressionnistes.com\/wp-content\/uploads\/2024\/09\/21712996-diaporama.jpg","datePublished":"2024-11-28T13:32:49+00:00","breadcrumb":{"@id":"https:\/\/voyagesimpressionnistes.com\/en\/banks-seine\/1874-l-instant-impressionniste\/#breadcrumb"},"inLanguage":"en-US","potentialAction":[{"@type":"ReadAction","target":["https:\/\/voyagesimpressionnistes.com\/en\/banks-seine\/1874-l-instant-impressionniste\/"]}]},{"@type":"ImageObject","inLanguage":"en-US","@id":"https:\/\/voyagesimpressionnistes.com\/en\/banks-seine\/1874-l-instant-impressionniste\/#primaryimage","url":"https:\/\/voyagesimpressionnistes.com\/wp-content\/uploads\/2024\/09\/21712996-diaporama.jpg","contentUrl":"https:\/\/voyagesimpressionnistes.com\/wp-content\/uploads\/2024\/09\/21712996-diaporama.jpg","width":856,"height":600,"caption":"1874 L\u2019instant impressionniste dans les boucles de Seine : conf\u00e9rence \u00e0 La Gare de Mareil"},{"@type":"BreadcrumbList","@id":"https:\/\/voyagesimpressionnistes.com\/en\/banks-seine\/1874-l-instant-impressionniste\/#breadcrumb","itemListElement":[{"@type":"ListItem","position":1,"name":"Along the Banks of the Seine","item":"https:\/\/voyagesimpressionnistes.com\/en\/banks-seine\/"},{"@type":"ListItem","position":2,"name":"1874, L&rsquo;instant impressionniste dans les boucles de Seine"}]},{"@type":"WebSite","@id":"https:\/\/voyagesimpressionnistes.com\/en\/#website","url":"https:\/\/voyagesimpressionnistes.com\/en\/","name":"Impressionist adventures","description":"Inspiring moments","publisher":{"@id":"https:\/\/voyagesimpressionnistes.com\/en\/#organization"},"potentialAction":[{"@type":"SearchAction","target":{"@type":"EntryPoint","urlTemplate":"https:\/\/voyagesimpressionnistes.com\/en\/?s={search_term_string}"},"query-input":{"@type":"PropertyValueSpecification","valueRequired":true,"valueName":"search_term_string"}}],"inLanguage":"en-US"},{"@type":"Organization","@id":"https:\/\/voyagesimpressionnistes.com\/en\/#organization","name":"Voyages Impressionnistes","url":"https:\/\/voyagesimpressionnistes.com\/en\/","logo":{"@type":"ImageObject","inLanguage":"en-US","@id":"https:\/\/voyagesimpressionnistes.com\/en\/#\/schema\/logo\/image\/","url":"https:\/\/voyagesimpressionnistes.com\/wp-content\/uploads\/2021\/06\/vi-logo-507x216-1.svg","contentUrl":"https:\/\/voyagesimpressionnistes.com\/wp-content\/uploads\/2021\/06\/vi-logo-507x216-1.svg","width":507,"height":216,"caption":"Voyages Impressionnistes"},"image":{"@id":"https:\/\/voyagesimpressionnistes.com\/en\/#\/schema\/logo\/image\/"},"sameAs":["https:\/\/www.facebook.com\/LesVoyagesImpressionnistes\/"]},{"@type":"Person","@id":"https:\/\/voyagesimpressionnistes.com\/en\/#\/schema\/person\/78c37c19aa7ae1bd6f4902f296c80e5f","name":"Phane","image":{"@type":"ImageObject","inLanguage":"en-US","@id":"https:\/\/voyagesimpressionnistes.com\/en\/#\/schema\/person\/image\/","url":"https:\/\/secure.gravatar.com\/avatar\/ea705fa375f21b62a2facac16bc19ee8d664629e3399a374a188d355bc5d00b9?s=96&d=mm&r=g","contentUrl":"https:\/\/secure.gravatar.com\/avatar\/ea705fa375f21b62a2facac16bc19ee8d664629e3399a374a188d355bc5d00b9?s=96&d=mm&r=g","caption":"Phane"}}]}},"jetpack_featured_media_url":"https:\/\/voyagesimpressionnistes.com\/wp-content\/uploads\/2024\/09\/21712996-diaporama.jpg","jetpack_sharing_enabled":true,"_links":{"self":[{"href":"https:\/\/voyagesimpressionnistes.com\/en\/wp-json\/wp\/v2\/posts\/13334","targetHints":{"allow":["GET"]}}],"collection":[{"href":"https:\/\/voyagesimpressionnistes.com\/en\/wp-json\/wp\/v2\/posts"}],"about":[{"href":"https:\/\/voyagesimpressionnistes.com\/en\/wp-json\/wp\/v2\/types\/post"}],"author":[{"embeddable":true,"href":"https:\/\/voyagesimpressionnistes.com\/en\/wp-json\/wp\/v2\/users\/2"}],"replies":[{"embeddable":true,"href":"https:\/\/voyagesimpressionnistes.com\/en\/wp-json\/wp\/v2\/comments?post=13334"}],"version-history":[{"count":3,"href":"https:\/\/voyagesimpressionnistes.com\/en\/wp-json\/wp\/v2\/posts\/13334\/revisions"}],"predecessor-version":[{"id":13559,"href":"https:\/\/voyagesimpressionnistes.com\/en\/wp-json\/wp\/v2\/posts\/13334\/revisions\/13559"}],"wp:featuredmedia":[{"embeddable":true,"href":"https:\/\/voyagesimpressionnistes.com\/en\/wp-json\/wp\/v2\/media\/13333"}],"wp:attachment":[{"href":"https:\/\/voyagesimpressionnistes.com\/en\/wp-json\/wp\/v2\/media?parent=13334"}],"wp:term":[{"taxonomy":"category","embeddable":true,"href":"https:\/\/voyagesimpressionnistes.com\/en\/wp-json\/wp\/v2\/categories?post=13334"},{"taxonomy":"slider_une","embeddable":true,"href":"https:\/\/voyagesimpressionnistes.com\/en\/wp-json\/wp\/v2\/slider_une?post=13334"},{"taxonomy":"regions","embeddable":true,"href":"https:\/\/voyagesimpressionnistes.com\/en\/wp-json\/wp\/v2\/regions?post=13334"},{"taxonomy":"coups_coeur","embeddable":true,"href":"https:\/\/voyagesimpressionnistes.com\/en\/wp-json\/wp\/v2\/coups_coeur?post=13334"},{"taxonomy":"inspiration-type","embeddable":true,"href":"https:\/\/voyagesimpressionnistes.com\/en\/wp-json\/wp\/v2\/inspiration-type?post=13334"},{"taxonomy":"label","embeddable":true,"href":"https:\/\/voyagesimpressionnistes.com\/en\/wp-json\/wp\/v2\/label?post=13334"},{"taxonomy":"categories-agenda","embeddable":true,"href":"https:\/\/voyagesimpressionnistes.com\/en\/wp-json\/wp\/v2\/categories-agenda?post=13334"}],"curies":[{"name":"wp","href":"https:\/\/api.w.org\/{rel}","templated":true}]}}