{"id":13419,"date":"2024-11-04T12:57:01","date_gmt":"2024-11-04T11:57:01","guid":{"rendered":"https:\/\/voyagesimpressionnistes.com\/?p=13419"},"modified":"2025-02-28T16:51:30","modified_gmt":"2025-02-28T15:51:30","slug":"senn-collectionneurs-et-mecenes","status":"publish","type":"post","link":"https:\/\/voyagesimpressionnistes.com\/en\/seine-estuary\/senn-collectionneurs-et-mecenes\/","title":{"rendered":"Senn, collectionneurs et m\u00e9c\u00e8nes"},"content":{"rendered":"<p>Du 16 novembre 2024 au 16 f\u00e9vrier 2025, le <a href=\"https:\/\/voyagesimpressionnistes.com\/en\/seine-estuary\/musee-dart-moderne-andre-malraux-muma\/\">MuMa<\/a> (Mus\u00e9e d&#8217;Art moderne Andr\u00e9 Malraux) du Havre propose une exposition c\u00e9l\u00e9brant le 20<sup>\u00e8me<\/sup> anniversaire de la donation par H\u00e9l\u00e8ne Senn-Foulds de 205 \u0153uvres impressionnistes et fauves h\u00e9rit\u00e9es de son grand-p\u00e8re, Olivier Senn : <em>Senn, collectionneurs et m\u00e9c\u00e8nes<\/em>. Parmi celles-ci, des \u0153uvres de Courbet, Delacroix, Monet, Sisley, Pissarro, Renoir, Degas, S\u00e9rusier, Vallotton, Marquet ou Cross. Le don, en 2014, de 17 \u0153uvres provenant de la m\u00eame collection par Pierre-Maurice Mathey, petit-fils par alliance du collectionneur, compl\u00e9tait l&#8217;ensemble.<\/p>\n<p>Gr\u00e2ce aux pr\u00eats provenant de collections publiques (Centre Pompidou, <a href=\"https:\/\/voyagesimpressionnistes.com\/en\/paris-montmartre\/musee-dorsay\/\">Mus\u00e9e d&#8217;Orsay<\/a> ou <a href=\"https:\/\/voyagesimpressionnistes.com\/en\/giverny-its-surroundings\/musee-des-impressionnismes-giverny\/\">Mus\u00e9e des impressionnismes Giverny<\/a> notamment) et particuli\u00e8res, l&#8217;exposition <em>Senn, collectionneurs et m\u00e9c\u00e8nes<\/em> donne un aper\u00e7u de la collection originale d&#8217;Olivier Senn, bien plus large et diversifi\u00e9e que celle connue aujourd&#8217;hui, avec de nombreux artistes aujourd&#8217;hui absents des collections du MuMa.<\/p>\n<p>C&#8217;est \u00e9galement l&#8217;occasion de mettre en avant l&#8217;insigne g\u00e9n\u00e9rosit\u00e9 d&#8217;H\u00e9l\u00e8ne Senn-Foulds qui donne en 2009 la collection de son p\u00e8re Edouard Senn (avec notamment <em>Paysage d&#8217;Antibes<\/em> de Nicolas de Sta\u00ebl) et d&#8217;\u00e9voquer la propre collection d&#8217;art contemporain constitu\u00e9e par cette femme d&#8217;exception, soulignant l&#8217;int\u00e9r\u00eat port\u00e9 par trois g\u00e9n\u00e9rations successives de collectionneurs pour l&#8217;art de leur temps.<\/p>\n","protected":false},"excerpt":{"rendered":"<p>Du 16 novembre 2024 au 16 f\u00e9vrier 2025, le MuMa  [&#8230;]<\/p>\n","protected":false},"author":2,"featured_media":13438,"comment_status":"closed","ping_status":"closed","sticky":false,"template":"","format":"standard","meta":{"_acf_changed":false,"inline_featured_image":false,"_jetpack_memberships_contains_paid_content":false,"footnotes":""},"categories":[84],"slider_une":[],"regions":[133],"coups_coeur":[],"inspiration-type":[],"label":[],"categories-agenda":[172],"class_list":["post-13419","post","type-post","status-publish","format-standard","has-post-thumbnail","hentry","category-seine-estuary","tag-diary","regions-normandy","categories-agenda-exhibition"],"acf":[],"yoast_head":"<!-- This site is optimized with the Yoast SEO plugin v26.3 - https:\/\/yoast.com\/wordpress\/plugins\/seo\/ -->\n<title>Senn collectionneurs et m\u00e9c\u00e8nes - Impressionist adventures<\/title>\n<meta name=\"description\" content=\"Venez visiter l&#039;exposition &quot;Senn, collectionneurs et m\u00e9c\u00e8nes&quot; c\u00e9l\u00e9brant l&#039;importante donation de tableaux impressionnistes au MuMa du Havre.\" \/>\n<meta name=\"robots\" content=\"index, follow, max-snippet:-1, max-image-preview:large, max-video-preview:-1\" \/>\n<link rel=\"canonical\" href=\"https:\/\/voyagesimpressionnistes.com\/en\/seine-estuary\/senn-collectionneurs-et-mecenes\/\" \/>\n<meta property=\"og:locale\" content=\"en_US\" \/>\n<meta property=\"og:type\" content=\"article\" \/>\n<meta property=\"og:title\" content=\"Senn collectionneurs et m\u00e9c\u00e8nes - Impressionist adventures\" \/>\n<meta property=\"og:description\" content=\"Venez visiter l&#039;exposition &quot;Senn, collectionneurs et m\u00e9c\u00e8nes&quot; c\u00e9l\u00e9brant l&#039;importante donation de tableaux impressionnistes au MuMa du Havre.\" \/>\n<meta property=\"og:url\" content=\"https:\/\/voyagesimpressionnistes.com\/en\/seine-estuary\/senn-collectionneurs-et-mecenes\/\" \/>\n<meta property=\"og:site_name\" content=\"Impressionist adventures\" \/>\n<meta property=\"article:publisher\" content=\"https:\/\/www.facebook.com\/LesVoyagesImpressionnistes\/\" \/>\n<meta property=\"article:published_time\" content=\"2024-11-04T11:57:01+00:00\" \/>\n<meta property=\"article:modified_time\" content=\"2025-02-28T15:51:30+00:00\" \/>\n<meta property=\"og:image\" content=\"https:\/\/voyagesimpressionnistes.com\/wp-content\/uploads\/2024\/10\/muma-senn-collectionneurs-mecenes.jpg\" \/>\n\t<meta property=\"og:image:width\" content=\"400\" \/>\n\t<meta property=\"og:image:height\" content=\"600\" \/>\n\t<meta property=\"og:image:type\" content=\"image\/jpeg\" \/>\n<meta name=\"author\" content=\"Phane\" \/>\n<meta name=\"twitter:card\" content=\"summary_large_image\" \/>\n<meta name=\"twitter:label1\" content=\"Written by\" \/>\n\t<meta name=\"twitter:data1\" content=\"Phane\" \/>\n\t<meta name=\"twitter:label2\" content=\"Est. reading time\" \/>\n\t<meta name=\"twitter:data2\" content=\"1 minute\" \/>\n<script type=\"application\/ld+json\" class=\"yoast-schema-graph\">{\"@context\":\"https:\/\/schema.org\",\"@graph\":[{\"@type\":[\"Article\",\"BlogPosting\"],\"@id\":\"https:\/\/voyagesimpressionnistes.com\/en\/seine-estuary\/senn-collectionneurs-et-mecenes\/#article\",\"isPartOf\":{\"@id\":\"https:\/\/voyagesimpressionnistes.com\/en\/seine-estuary\/senn-collectionneurs-et-mecenes\/\"},\"author\":{\"name\":\"Phane\",\"@id\":\"https:\/\/voyagesimpressionnistes.com\/en\/#\/schema\/person\/78c37c19aa7ae1bd6f4902f296c80e5f\"},\"headline\":\"Senn, collectionneurs et m\u00e9c\u00e8nes\",\"datePublished\":\"2024-11-04T11:57:01+00:00\",\"dateModified\":\"2025-02-28T15:51:30+00:00\",\"mainEntityOfPage\":{\"@id\":\"https:\/\/voyagesimpressionnistes.com\/en\/seine-estuary\/senn-collectionneurs-et-mecenes\/\"},\"wordCount\":242,\"publisher\":{\"@id\":\"https:\/\/voyagesimpressionnistes.com\/en\/#organization\"},\"image\":{\"@id\":\"https:\/\/voyagesimpressionnistes.com\/en\/seine-estuary\/senn-collectionneurs-et-mecenes\/#primaryimage\"},\"thumbnailUrl\":\"https:\/\/voyagesimpressionnistes.com\/wp-content\/uploads\/2024\/10\/muma-senn-collectionneurs-mecenes.jpg\",\"keywords\":[\"Diary\"],\"articleSection\":[\"The Seine Estuary\"],\"inLanguage\":\"en-US\"},{\"@type\":\"WebPage\",\"@id\":\"https:\/\/voyagesimpressionnistes.com\/en\/seine-estuary\/senn-collectionneurs-et-mecenes\/\",\"url\":\"https:\/\/voyagesimpressionnistes.com\/en\/seine-estuary\/senn-collectionneurs-et-mecenes\/\",\"name\":\"Senn collectionneurs et m\u00e9c\u00e8nes - Impressionist adventures\",\"isPartOf\":{\"@id\":\"https:\/\/voyagesimpressionnistes.com\/en\/#website\"},\"primaryImageOfPage\":{\"@id\":\"https:\/\/voyagesimpressionnistes.com\/en\/seine-estuary\/senn-collectionneurs-et-mecenes\/#primaryimage\"},\"image\":{\"@id\":\"https:\/\/voyagesimpressionnistes.com\/en\/seine-estuary\/senn-collectionneurs-et-mecenes\/#primaryimage\"},\"thumbnailUrl\":\"https:\/\/voyagesimpressionnistes.com\/wp-content\/uploads\/2024\/10\/muma-senn-collectionneurs-mecenes.jpg\",\"datePublished\":\"2024-11-04T11:57:01+00:00\",\"dateModified\":\"2025-02-28T15:51:30+00:00\",\"description\":\"Venez visiter l'exposition \\\"Senn, collectionneurs et m\u00e9c\u00e8nes\\\" c\u00e9l\u00e9brant l'importante donation de tableaux impressionnistes au MuMa du Havre.\",\"breadcrumb\":{\"@id\":\"https:\/\/voyagesimpressionnistes.com\/en\/seine-estuary\/senn-collectionneurs-et-mecenes\/#breadcrumb\"},\"inLanguage\":\"en-US\",\"potentialAction\":[{\"@type\":\"ReadAction\",\"target\":[\"https:\/\/voyagesimpressionnistes.com\/en\/seine-estuary\/senn-collectionneurs-et-mecenes\/\"]}]},{\"@type\":\"ImageObject\",\"inLanguage\":\"en-US\",\"@id\":\"https:\/\/voyagesimpressionnistes.com\/en\/seine-estuary\/senn-collectionneurs-et-mecenes\/#primaryimage\",\"url\":\"https:\/\/voyagesimpressionnistes.com\/wp-content\/uploads\/2024\/10\/muma-senn-collectionneurs-mecenes.jpg\",\"contentUrl\":\"https:\/\/voyagesimpressionnistes.com\/wp-content\/uploads\/2024\/10\/muma-senn-collectionneurs-mecenes.jpg\",\"width\":400,\"height\":600,\"caption\":\"Senn, collectionneurs et m\u00e9c\u00e8nes : affiche de l'exposition au MuMa\"},{\"@type\":\"BreadcrumbList\",\"@id\":\"https:\/\/voyagesimpressionnistes.com\/en\/seine-estuary\/senn-collectionneurs-et-mecenes\/#breadcrumb\",\"itemListElement\":[{\"@type\":\"ListItem\",\"position\":1,\"name\":\"The Seine Estuary\",\"item\":\"https:\/\/voyagesimpressionnistes.com\/en\/seine-estuary\/\"},{\"@type\":\"ListItem\",\"position\":2,\"name\":\"Senn, collectionneurs et m\u00e9c\u00e8nes\"}]},{\"@type\":\"WebSite\",\"@id\":\"https:\/\/voyagesimpressionnistes.com\/en\/#website\",\"url\":\"https:\/\/voyagesimpressionnistes.com\/en\/\",\"name\":\"Impressionist adventures\",\"description\":\"Inspiring moments\",\"publisher\":{\"@id\":\"https:\/\/voyagesimpressionnistes.com\/en\/#organization\"},\"potentialAction\":[{\"@type\":\"SearchAction\",\"target\":{\"@type\":\"EntryPoint\",\"urlTemplate\":\"https:\/\/voyagesimpressionnistes.com\/en\/?s={search_term_string}\"},\"query-input\":{\"@type\":\"PropertyValueSpecification\",\"valueRequired\":true,\"valueName\":\"search_term_string\"}}],\"inLanguage\":\"en-US\"},{\"@type\":\"Organization\",\"@id\":\"https:\/\/voyagesimpressionnistes.com\/en\/#organization\",\"name\":\"Voyages Impressionnistes\",\"url\":\"https:\/\/voyagesimpressionnistes.com\/en\/\",\"logo\":{\"@type\":\"ImageObject\",\"inLanguage\":\"en-US\",\"@id\":\"https:\/\/voyagesimpressionnistes.com\/en\/#\/schema\/logo\/image\/\",\"url\":\"https:\/\/voyagesimpressionnistes.com\/wp-content\/uploads\/2021\/06\/vi-logo-507x216-1.svg\",\"contentUrl\":\"https:\/\/voyagesimpressionnistes.com\/wp-content\/uploads\/2021\/06\/vi-logo-507x216-1.svg\",\"width\":507,\"height\":216,\"caption\":\"Voyages Impressionnistes\"},\"image\":{\"@id\":\"https:\/\/voyagesimpressionnistes.com\/en\/#\/schema\/logo\/image\/\"},\"sameAs\":[\"https:\/\/www.facebook.com\/LesVoyagesImpressionnistes\/\"]},{\"@type\":\"Person\",\"@id\":\"https:\/\/voyagesimpressionnistes.com\/en\/#\/schema\/person\/78c37c19aa7ae1bd6f4902f296c80e5f\",\"name\":\"Phane\",\"image\":{\"@type\":\"ImageObject\",\"inLanguage\":\"en-US\",\"@id\":\"https:\/\/voyagesimpressionnistes.com\/en\/#\/schema\/person\/image\/\",\"url\":\"https:\/\/secure.gravatar.com\/avatar\/ea705fa375f21b62a2facac16bc19ee8d664629e3399a374a188d355bc5d00b9?s=96&d=mm&r=g\",\"contentUrl\":\"https:\/\/secure.gravatar.com\/avatar\/ea705fa375f21b62a2facac16bc19ee8d664629e3399a374a188d355bc5d00b9?s=96&d=mm&r=g\",\"caption\":\"Phane\"}}]}<\/script>\n<!-- \/ Yoast SEO plugin. -->","yoast_head_json":{"title":"Senn collectionneurs et m\u00e9c\u00e8nes - Impressionist adventures","description":"Venez visiter l'exposition \"Senn, collectionneurs et m\u00e9c\u00e8nes\" c\u00e9l\u00e9brant l'importante donation de tableaux impressionnistes au MuMa du Havre.","robots":{"index":"index","follow":"follow","max-snippet":"max-snippet:-1","max-image-preview":"max-image-preview:large","max-video-preview":"max-video-preview:-1"},"canonical":"https:\/\/voyagesimpressionnistes.com\/en\/seine-estuary\/senn-collectionneurs-et-mecenes\/","og_locale":"en_US","og_type":"article","og_title":"Senn collectionneurs et m\u00e9c\u00e8nes - Impressionist adventures","og_description":"Venez visiter l'exposition \"Senn, collectionneurs et m\u00e9c\u00e8nes\" c\u00e9l\u00e9brant l'importante donation de tableaux impressionnistes au MuMa du Havre.","og_url":"https:\/\/voyagesimpressionnistes.com\/en\/seine-estuary\/senn-collectionneurs-et-mecenes\/","og_site_name":"Impressionist adventures","article_publisher":"https:\/\/www.facebook.com\/LesVoyagesImpressionnistes\/","article_published_time":"2024-11-04T11:57:01+00:00","article_modified_time":"2025-02-28T15:51:30+00:00","og_image":[{"width":400,"height":600,"url":"https:\/\/voyagesimpressionnistes.com\/wp-content\/uploads\/2024\/10\/muma-senn-collectionneurs-mecenes.jpg","type":"image\/jpeg"}],"author":"Phane","twitter_card":"summary_large_image","twitter_misc":{"Written by":"Phane","Est. reading time":"1 minute"},"schema":{"@context":"https:\/\/schema.org","@graph":[{"@type":["Article","BlogPosting"],"@id":"https:\/\/voyagesimpressionnistes.com\/en\/seine-estuary\/senn-collectionneurs-et-mecenes\/#article","isPartOf":{"@id":"https:\/\/voyagesimpressionnistes.com\/en\/seine-estuary\/senn-collectionneurs-et-mecenes\/"},"author":{"name":"Phane","@id":"https:\/\/voyagesimpressionnistes.com\/en\/#\/schema\/person\/78c37c19aa7ae1bd6f4902f296c80e5f"},"headline":"Senn, collectionneurs et m\u00e9c\u00e8nes","datePublished":"2024-11-04T11:57:01+00:00","dateModified":"2025-02-28T15:51:30+00:00","mainEntityOfPage":{"@id":"https:\/\/voyagesimpressionnistes.com\/en\/seine-estuary\/senn-collectionneurs-et-mecenes\/"},"wordCount":242,"publisher":{"@id":"https:\/\/voyagesimpressionnistes.com\/en\/#organization"},"image":{"@id":"https:\/\/voyagesimpressionnistes.com\/en\/seine-estuary\/senn-collectionneurs-et-mecenes\/#primaryimage"},"thumbnailUrl":"https:\/\/voyagesimpressionnistes.com\/wp-content\/uploads\/2024\/10\/muma-senn-collectionneurs-mecenes.jpg","keywords":["Diary"],"articleSection":["The Seine Estuary"],"inLanguage":"en-US"},{"@type":"WebPage","@id":"https:\/\/voyagesimpressionnistes.com\/en\/seine-estuary\/senn-collectionneurs-et-mecenes\/","url":"https:\/\/voyagesimpressionnistes.com\/en\/seine-estuary\/senn-collectionneurs-et-mecenes\/","name":"Senn collectionneurs et m\u00e9c\u00e8nes - Impressionist adventures","isPartOf":{"@id":"https:\/\/voyagesimpressionnistes.com\/en\/#website"},"primaryImageOfPage":{"@id":"https:\/\/voyagesimpressionnistes.com\/en\/seine-estuary\/senn-collectionneurs-et-mecenes\/#primaryimage"},"image":{"@id":"https:\/\/voyagesimpressionnistes.com\/en\/seine-estuary\/senn-collectionneurs-et-mecenes\/#primaryimage"},"thumbnailUrl":"https:\/\/voyagesimpressionnistes.com\/wp-content\/uploads\/2024\/10\/muma-senn-collectionneurs-mecenes.jpg","datePublished":"2024-11-04T11:57:01+00:00","dateModified":"2025-02-28T15:51:30+00:00","description":"Venez visiter l'exposition \"Senn, collectionneurs et m\u00e9c\u00e8nes\" c\u00e9l\u00e9brant l'importante donation de tableaux impressionnistes au MuMa du Havre.","breadcrumb":{"@id":"https:\/\/voyagesimpressionnistes.com\/en\/seine-estuary\/senn-collectionneurs-et-mecenes\/#breadcrumb"},"inLanguage":"en-US","potentialAction":[{"@type":"ReadAction","target":["https:\/\/voyagesimpressionnistes.com\/en\/seine-estuary\/senn-collectionneurs-et-mecenes\/"]}]},{"@type":"ImageObject","inLanguage":"en-US","@id":"https:\/\/voyagesimpressionnistes.com\/en\/seine-estuary\/senn-collectionneurs-et-mecenes\/#primaryimage","url":"https:\/\/voyagesimpressionnistes.com\/wp-content\/uploads\/2024\/10\/muma-senn-collectionneurs-mecenes.jpg","contentUrl":"https:\/\/voyagesimpressionnistes.com\/wp-content\/uploads\/2024\/10\/muma-senn-collectionneurs-mecenes.jpg","width":400,"height":600,"caption":"Senn, collectionneurs et m\u00e9c\u00e8nes : affiche de l'exposition au MuMa"},{"@type":"BreadcrumbList","@id":"https:\/\/voyagesimpressionnistes.com\/en\/seine-estuary\/senn-collectionneurs-et-mecenes\/#breadcrumb","itemListElement":[{"@type":"ListItem","position":1,"name":"The Seine Estuary","item":"https:\/\/voyagesimpressionnistes.com\/en\/seine-estuary\/"},{"@type":"ListItem","position":2,"name":"Senn, collectionneurs et m\u00e9c\u00e8nes"}]},{"@type":"WebSite","@id":"https:\/\/voyagesimpressionnistes.com\/en\/#website","url":"https:\/\/voyagesimpressionnistes.com\/en\/","name":"Impressionist adventures","description":"Inspiring moments","publisher":{"@id":"https:\/\/voyagesimpressionnistes.com\/en\/#organization"},"potentialAction":[{"@type":"SearchAction","target":{"@type":"EntryPoint","urlTemplate":"https:\/\/voyagesimpressionnistes.com\/en\/?s={search_term_string}"},"query-input":{"@type":"PropertyValueSpecification","valueRequired":true,"valueName":"search_term_string"}}],"inLanguage":"en-US"},{"@type":"Organization","@id":"https:\/\/voyagesimpressionnistes.com\/en\/#organization","name":"Voyages Impressionnistes","url":"https:\/\/voyagesimpressionnistes.com\/en\/","logo":{"@type":"ImageObject","inLanguage":"en-US","@id":"https:\/\/voyagesimpressionnistes.com\/en\/#\/schema\/logo\/image\/","url":"https:\/\/voyagesimpressionnistes.com\/wp-content\/uploads\/2021\/06\/vi-logo-507x216-1.svg","contentUrl":"https:\/\/voyagesimpressionnistes.com\/wp-content\/uploads\/2021\/06\/vi-logo-507x216-1.svg","width":507,"height":216,"caption":"Voyages Impressionnistes"},"image":{"@id":"https:\/\/voyagesimpressionnistes.com\/en\/#\/schema\/logo\/image\/"},"sameAs":["https:\/\/www.facebook.com\/LesVoyagesImpressionnistes\/"]},{"@type":"Person","@id":"https:\/\/voyagesimpressionnistes.com\/en\/#\/schema\/person\/78c37c19aa7ae1bd6f4902f296c80e5f","name":"Phane","image":{"@type":"ImageObject","inLanguage":"en-US","@id":"https:\/\/voyagesimpressionnistes.com\/en\/#\/schema\/person\/image\/","url":"https:\/\/secure.gravatar.com\/avatar\/ea705fa375f21b62a2facac16bc19ee8d664629e3399a374a188d355bc5d00b9?s=96&d=mm&r=g","contentUrl":"https:\/\/secure.gravatar.com\/avatar\/ea705fa375f21b62a2facac16bc19ee8d664629e3399a374a188d355bc5d00b9?s=96&d=mm&r=g","caption":"Phane"}}]}},"jetpack_featured_media_url":"https:\/\/voyagesimpressionnistes.com\/wp-content\/uploads\/2024\/10\/muma-senn-collectionneurs-mecenes.jpg","jetpack_sharing_enabled":true,"_links":{"self":[{"href":"https:\/\/voyagesimpressionnistes.com\/en\/wp-json\/wp\/v2\/posts\/13419","targetHints":{"allow":["GET"]}}],"collection":[{"href":"https:\/\/voyagesimpressionnistes.com\/en\/wp-json\/wp\/v2\/posts"}],"about":[{"href":"https:\/\/voyagesimpressionnistes.com\/en\/wp-json\/wp\/v2\/types\/post"}],"author":[{"embeddable":true,"href":"https:\/\/voyagesimpressionnistes.com\/en\/wp-json\/wp\/v2\/users\/2"}],"replies":[{"embeddable":true,"href":"https:\/\/voyagesimpressionnistes.com\/en\/wp-json\/wp\/v2\/comments?post=13419"}],"version-history":[{"count":6,"href":"https:\/\/voyagesimpressionnistes.com\/en\/wp-json\/wp\/v2\/posts\/13419\/revisions"}],"predecessor-version":[{"id":13948,"href":"https:\/\/voyagesimpressionnistes.com\/en\/wp-json\/wp\/v2\/posts\/13419\/revisions\/13948"}],"wp:featuredmedia":[{"embeddable":true,"href":"https:\/\/voyagesimpressionnistes.com\/en\/wp-json\/wp\/v2\/media\/13438"}],"wp:attachment":[{"href":"https:\/\/voyagesimpressionnistes.com\/en\/wp-json\/wp\/v2\/media?parent=13419"}],"wp:term":[{"taxonomy":"category","embeddable":true,"href":"https:\/\/voyagesimpressionnistes.com\/en\/wp-json\/wp\/v2\/categories?post=13419"},{"taxonomy":"slider_une","embeddable":true,"href":"https:\/\/voyagesimpressionnistes.com\/en\/wp-json\/wp\/v2\/slider_une?post=13419"},{"taxonomy":"regions","embeddable":true,"href":"https:\/\/voyagesimpressionnistes.com\/en\/wp-json\/wp\/v2\/regions?post=13419"},{"taxonomy":"coups_coeur","embeddable":true,"href":"https:\/\/voyagesimpressionnistes.com\/en\/wp-json\/wp\/v2\/coups_coeur?post=13419"},{"taxonomy":"inspiration-type","embeddable":true,"href":"https:\/\/voyagesimpressionnistes.com\/en\/wp-json\/wp\/v2\/inspiration-type?post=13419"},{"taxonomy":"label","embeddable":true,"href":"https:\/\/voyagesimpressionnistes.com\/en\/wp-json\/wp\/v2\/label?post=13419"},{"taxonomy":"categories-agenda","embeddable":true,"href":"https:\/\/voyagesimpressionnistes.com\/en\/wp-json\/wp\/v2\/categories-agenda?post=13419"}],"curies":[{"name":"wp","href":"https:\/\/api.w.org\/{rel}","templated":true}]}}