{"id":13893,"date":"2025-02-28T14:46:41","date_gmt":"2025-02-28T13:46:41","guid":{"rendered":"https:\/\/voyagesimpressionnistes.com\/?p=13893"},"modified":"2025-11-18T09:01:48","modified_gmt":"2025-11-18T08:01:48","slug":"dans-les-pas-des-impressionnistes-a-dieppe","status":"publish","type":"post","link":"https:\/\/voyagesimpressionnistes.com\/en\/cote-albatre\/dans-les-pas-des-impressionnistes-a-dieppe\/","title":{"rendered":"Dans les pas des Impressionnistes \u00e0 Dieppe"},"content":{"rendered":"<p><a href=\"https:\/\/voyagesimpressionnistes.com\/en\/auvers-oise-valley\/impressionism-celebrates-its-150th-anniversary\/\">150 ans apr\u00e8s la naissance de ce mouvement<\/a>, remontez dans le temps et venez d\u00e9couvrir Dieppe comme vous ne l\u2019avez jamais vue avec la visite guid\u00e9e : <em>Dans les pas des Impressionnistes \u00e0 Dieppe<\/em>\u2026<\/p>\n<p>Au cours du 19<sup>\u00e8me<\/sup> si\u00e8cle, parall\u00e8lement \u00e0 la r\u00e9volution industrielle, le monde de l\u2019art subit \u00e9galement une vraie r\u00e9volution avec l\u2019\u00e9mergence d\u2019un nouveau mouvement de peinture : l\u2019Impressionnisme.<\/p>\n<p>Mais saviez-vous que Dieppe fut un t\u00e9moin privil\u00e9gi\u00e9 de la naissance de ce nouveau courant artistique et qu\u2019elle accueillit, en son sein, nombre de ces peintres novateurs venus ici respirer les embruns vivifiants et immortaliser les ciels changeants de la c\u00f4te d\u2019Alb\u00e2tre ?<\/p>\n<p>La visite guid\u00e9e par Laura, <em>Dans les pas des Impressionnistes \u00e0 Dieppe<\/em> dure 2h et aura lieu les 21 avril, 2 et 30 mai, 9 juin, 13 juillet, 15 ao\u00fbt, 14 septembre et 10 novembre 2025.<\/p>\n<div class=\"fusion-button-wrapper\"><a class=\"fusion-button button-flat fusion-button-default-size button-default fusion-button-default button-1 fusion-button-default-span fusion-button-default-type\" target=\"_blank\" rel=\"noopener noreferrer\" href=\"https:\/\/www.dieppetourisme.com\/offres\/visite-guidee-dans-les-pas-des-impressionnistes-a-dieppe-dieppe-fr-4743813\/\"><span class=\"fusion-button-text awb-button__text awb-button__text--default\">R\u00e9servez votre visite sur le site de l&#8217;OT de Dieppe<\/span><\/a><\/div>\n","protected":false},"excerpt":{"rendered":"<p>150 ans apr\u00e8s la naissance de ce mouvement, remontez dans  [&#8230;]<\/p>\n","protected":false},"author":2,"featured_media":13886,"comment_status":"closed","ping_status":"closed","sticky":false,"template":"","format":"standard","meta":{"_acf_changed":false,"inline_featured_image":false,"_jetpack_memberships_contains_paid_content":false,"footnotes":""},"categories":[85],"slider_une":[],"regions":[133],"coups_coeur":[],"inspiration-type":[],"label":[],"categories-agenda":[176],"class_list":["post-13893","post","type-post","status-publish","format-standard","has-post-thumbnail","hentry","category-cote-albatre","tag-diary","regions-normandy","categories-agenda-guided-tour-workshop"],"acf":[],"yoast_head":"<!-- This site is optimized with the Yoast SEO plugin v26.3 - https:\/\/yoast.com\/wordpress\/plugins\/seo\/ -->\n<title>Dieppe et les Impressionnistes - Impressionist adventures<\/title>\n<meta name=\"description\" content=\"Avec Laura, participez \u00e0 une visite guid\u00e9e dans les pas des Impressionnistes \u00e0 Dieppe au d\u00e9part de l&#039;Office de Tourisme.\" \/>\n<meta name=\"robots\" content=\"index, follow, max-snippet:-1, max-image-preview:large, max-video-preview:-1\" \/>\n<link rel=\"canonical\" href=\"https:\/\/voyagesimpressionnistes.com\/en\/cote-albatre\/dans-les-pas-des-impressionnistes-a-dieppe\/\" \/>\n<meta property=\"og:locale\" content=\"en_US\" \/>\n<meta property=\"og:type\" content=\"article\" \/>\n<meta property=\"og:title\" content=\"Dieppe et les Impressionnistes - Impressionist adventures\" \/>\n<meta property=\"og:description\" content=\"Avec Laura, participez \u00e0 une visite guid\u00e9e dans les pas des Impressionnistes \u00e0 Dieppe au d\u00e9part de l&#039;Office de Tourisme.\" \/>\n<meta property=\"og:url\" content=\"https:\/\/voyagesimpressionnistes.com\/en\/cote-albatre\/dans-les-pas-des-impressionnistes-a-dieppe\/\" \/>\n<meta property=\"og:site_name\" content=\"Impressionist adventures\" \/>\n<meta property=\"article:publisher\" content=\"https:\/\/www.facebook.com\/LesVoyagesImpressionnistes\/\" \/>\n<meta property=\"article:published_time\" content=\"2025-02-28T13:46:41+00:00\" \/>\n<meta property=\"article:modified_time\" content=\"2025-11-18T08:01:48+00:00\" \/>\n<meta property=\"og:image\" content=\"https:\/\/voyagesimpressionnistes.com\/wp-content\/uploads\/2025\/02\/IMG-20240818-WA0021.jpg\" \/>\n\t<meta property=\"og:image:width\" content=\"1200\" \/>\n\t<meta property=\"og:image:height\" content=\"1600\" \/>\n\t<meta property=\"og:image:type\" content=\"image\/jpeg\" \/>\n<meta name=\"author\" content=\"Phane\" \/>\n<meta name=\"twitter:card\" content=\"summary_large_image\" \/>\n<meta name=\"twitter:label1\" content=\"Written by\" \/>\n\t<meta name=\"twitter:data1\" content=\"Phane\" \/>\n\t<meta name=\"twitter:label2\" content=\"Est. reading time\" \/>\n\t<meta name=\"twitter:data2\" content=\"2 minutes\" \/>\n<script type=\"application\/ld+json\" class=\"yoast-schema-graph\">{\"@context\":\"https:\/\/schema.org\",\"@graph\":[{\"@type\":[\"Article\",\"BlogPosting\"],\"@id\":\"https:\/\/voyagesimpressionnistes.com\/en\/cote-albatre\/dans-les-pas-des-impressionnistes-a-dieppe\/#article\",\"isPartOf\":{\"@id\":\"https:\/\/voyagesimpressionnistes.com\/en\/cote-albatre\/dans-les-pas-des-impressionnistes-a-dieppe\/\"},\"author\":{\"name\":\"Phane\",\"@id\":\"https:\/\/voyagesimpressionnistes.com\/en\/#\/schema\/person\/78c37c19aa7ae1bd6f4902f296c80e5f\"},\"headline\":\"Dans les pas des Impressionnistes \u00e0 Dieppe\",\"datePublished\":\"2025-02-28T13:46:41+00:00\",\"dateModified\":\"2025-11-18T08:01:48+00:00\",\"mainEntityOfPage\":{\"@id\":\"https:\/\/voyagesimpressionnistes.com\/en\/cote-albatre\/dans-les-pas-des-impressionnistes-a-dieppe\/\"},\"wordCount\":326,\"publisher\":{\"@id\":\"https:\/\/voyagesimpressionnistes.com\/en\/#organization\"},\"image\":{\"@id\":\"https:\/\/voyagesimpressionnistes.com\/en\/cote-albatre\/dans-les-pas-des-impressionnistes-a-dieppe\/#primaryimage\"},\"thumbnailUrl\":\"https:\/\/voyagesimpressionnistes.com\/wp-content\/uploads\/2025\/02\/IMG-20240818-WA0021.jpg\",\"keywords\":[\"Diary\"],\"articleSection\":[\"The C\u00f4te d\u2019Alb\u00e2tre\"],\"inLanguage\":\"en-US\"},{\"@type\":\"WebPage\",\"@id\":\"https:\/\/voyagesimpressionnistes.com\/en\/cote-albatre\/dans-les-pas-des-impressionnistes-a-dieppe\/\",\"url\":\"https:\/\/voyagesimpressionnistes.com\/en\/cote-albatre\/dans-les-pas-des-impressionnistes-a-dieppe\/\",\"name\":\"Dieppe et les Impressionnistes - Impressionist adventures\",\"isPartOf\":{\"@id\":\"https:\/\/voyagesimpressionnistes.com\/en\/#website\"},\"primaryImageOfPage\":{\"@id\":\"https:\/\/voyagesimpressionnistes.com\/en\/cote-albatre\/dans-les-pas-des-impressionnistes-a-dieppe\/#primaryimage\"},\"image\":{\"@id\":\"https:\/\/voyagesimpressionnistes.com\/en\/cote-albatre\/dans-les-pas-des-impressionnistes-a-dieppe\/#primaryimage\"},\"thumbnailUrl\":\"https:\/\/voyagesimpressionnistes.com\/wp-content\/uploads\/2025\/02\/IMG-20240818-WA0021.jpg\",\"datePublished\":\"2025-02-28T13:46:41+00:00\",\"dateModified\":\"2025-11-18T08:01:48+00:00\",\"description\":\"Avec Laura, participez \u00e0 une visite guid\u00e9e dans les pas des Impressionnistes \u00e0 Dieppe au d\u00e9part de l'Office de Tourisme.\",\"breadcrumb\":{\"@id\":\"https:\/\/voyagesimpressionnistes.com\/en\/cote-albatre\/dans-les-pas-des-impressionnistes-a-dieppe\/#breadcrumb\"},\"inLanguage\":\"en-US\",\"potentialAction\":[{\"@type\":\"ReadAction\",\"target\":[\"https:\/\/voyagesimpressionnistes.com\/en\/cote-albatre\/dans-les-pas-des-impressionnistes-a-dieppe\/\"]}]},{\"@type\":\"ImageObject\",\"inLanguage\":\"en-US\",\"@id\":\"https:\/\/voyagesimpressionnistes.com\/en\/cote-albatre\/dans-les-pas-des-impressionnistes-a-dieppe\/#primaryimage\",\"url\":\"https:\/\/voyagesimpressionnistes.com\/wp-content\/uploads\/2025\/02\/IMG-20240818-WA0021.jpg\",\"contentUrl\":\"https:\/\/voyagesimpressionnistes.com\/wp-content\/uploads\/2025\/02\/IMG-20240818-WA0021.jpg\",\"width\":1200,\"height\":1600,\"caption\":\"Dans les pas des Impressionnistes \u00e0 Dieppe\"},{\"@type\":\"BreadcrumbList\",\"@id\":\"https:\/\/voyagesimpressionnistes.com\/en\/cote-albatre\/dans-les-pas-des-impressionnistes-a-dieppe\/#breadcrumb\",\"itemListElement\":[{\"@type\":\"ListItem\",\"position\":1,\"name\":\"The C\u00f4te d\u2019Alb\u00e2tre\",\"item\":\"https:\/\/voyagesimpressionnistes.com\/en\/cote-albatre\/\"},{\"@type\":\"ListItem\",\"position\":2,\"name\":\"Dans les pas des Impressionnistes \u00e0 Dieppe\"}]},{\"@type\":\"WebSite\",\"@id\":\"https:\/\/voyagesimpressionnistes.com\/en\/#website\",\"url\":\"https:\/\/voyagesimpressionnistes.com\/en\/\",\"name\":\"Impressionist adventures\",\"description\":\"Inspiring moments\",\"publisher\":{\"@id\":\"https:\/\/voyagesimpressionnistes.com\/en\/#organization\"},\"potentialAction\":[{\"@type\":\"SearchAction\",\"target\":{\"@type\":\"EntryPoint\",\"urlTemplate\":\"https:\/\/voyagesimpressionnistes.com\/en\/?s={search_term_string}\"},\"query-input\":{\"@type\":\"PropertyValueSpecification\",\"valueRequired\":true,\"valueName\":\"search_term_string\"}}],\"inLanguage\":\"en-US\"},{\"@type\":\"Organization\",\"@id\":\"https:\/\/voyagesimpressionnistes.com\/en\/#organization\",\"name\":\"Voyages Impressionnistes\",\"url\":\"https:\/\/voyagesimpressionnistes.com\/en\/\",\"logo\":{\"@type\":\"ImageObject\",\"inLanguage\":\"en-US\",\"@id\":\"https:\/\/voyagesimpressionnistes.com\/en\/#\/schema\/logo\/image\/\",\"url\":\"https:\/\/voyagesimpressionnistes.com\/wp-content\/uploads\/2021\/06\/vi-logo-507x216-1.svg\",\"contentUrl\":\"https:\/\/voyagesimpressionnistes.com\/wp-content\/uploads\/2021\/06\/vi-logo-507x216-1.svg\",\"width\":507,\"height\":216,\"caption\":\"Voyages Impressionnistes\"},\"image\":{\"@id\":\"https:\/\/voyagesimpressionnistes.com\/en\/#\/schema\/logo\/image\/\"},\"sameAs\":[\"https:\/\/www.facebook.com\/LesVoyagesImpressionnistes\/\"]},{\"@type\":\"Person\",\"@id\":\"https:\/\/voyagesimpressionnistes.com\/en\/#\/schema\/person\/78c37c19aa7ae1bd6f4902f296c80e5f\",\"name\":\"Phane\",\"image\":{\"@type\":\"ImageObject\",\"inLanguage\":\"en-US\",\"@id\":\"https:\/\/voyagesimpressionnistes.com\/en\/#\/schema\/person\/image\/\",\"url\":\"https:\/\/secure.gravatar.com\/avatar\/ea705fa375f21b62a2facac16bc19ee8d664629e3399a374a188d355bc5d00b9?s=96&d=mm&r=g\",\"contentUrl\":\"https:\/\/secure.gravatar.com\/avatar\/ea705fa375f21b62a2facac16bc19ee8d664629e3399a374a188d355bc5d00b9?s=96&d=mm&r=g\",\"caption\":\"Phane\"}}]}<\/script>\n<!-- \/ Yoast SEO plugin. -->","yoast_head_json":{"title":"Dieppe et les Impressionnistes - Impressionist adventures","description":"Avec Laura, participez \u00e0 une visite guid\u00e9e dans les pas des Impressionnistes \u00e0 Dieppe au d\u00e9part de l'Office de Tourisme.","robots":{"index":"index","follow":"follow","max-snippet":"max-snippet:-1","max-image-preview":"max-image-preview:large","max-video-preview":"max-video-preview:-1"},"canonical":"https:\/\/voyagesimpressionnistes.com\/en\/cote-albatre\/dans-les-pas-des-impressionnistes-a-dieppe\/","og_locale":"en_US","og_type":"article","og_title":"Dieppe et les Impressionnistes - Impressionist adventures","og_description":"Avec Laura, participez \u00e0 une visite guid\u00e9e dans les pas des Impressionnistes \u00e0 Dieppe au d\u00e9part de l'Office de Tourisme.","og_url":"https:\/\/voyagesimpressionnistes.com\/en\/cote-albatre\/dans-les-pas-des-impressionnistes-a-dieppe\/","og_site_name":"Impressionist adventures","article_publisher":"https:\/\/www.facebook.com\/LesVoyagesImpressionnistes\/","article_published_time":"2025-02-28T13:46:41+00:00","article_modified_time":"2025-11-18T08:01:48+00:00","og_image":[{"width":1200,"height":1600,"url":"https:\/\/voyagesimpressionnistes.com\/wp-content\/uploads\/2025\/02\/IMG-20240818-WA0021.jpg","type":"image\/jpeg"}],"author":"Phane","twitter_card":"summary_large_image","twitter_misc":{"Written by":"Phane","Est. reading time":"2 minutes"},"schema":{"@context":"https:\/\/schema.org","@graph":[{"@type":["Article","BlogPosting"],"@id":"https:\/\/voyagesimpressionnistes.com\/en\/cote-albatre\/dans-les-pas-des-impressionnistes-a-dieppe\/#article","isPartOf":{"@id":"https:\/\/voyagesimpressionnistes.com\/en\/cote-albatre\/dans-les-pas-des-impressionnistes-a-dieppe\/"},"author":{"name":"Phane","@id":"https:\/\/voyagesimpressionnistes.com\/en\/#\/schema\/person\/78c37c19aa7ae1bd6f4902f296c80e5f"},"headline":"Dans les pas des Impressionnistes \u00e0 Dieppe","datePublished":"2025-02-28T13:46:41+00:00","dateModified":"2025-11-18T08:01:48+00:00","mainEntityOfPage":{"@id":"https:\/\/voyagesimpressionnistes.com\/en\/cote-albatre\/dans-les-pas-des-impressionnistes-a-dieppe\/"},"wordCount":326,"publisher":{"@id":"https:\/\/voyagesimpressionnistes.com\/en\/#organization"},"image":{"@id":"https:\/\/voyagesimpressionnistes.com\/en\/cote-albatre\/dans-les-pas-des-impressionnistes-a-dieppe\/#primaryimage"},"thumbnailUrl":"https:\/\/voyagesimpressionnistes.com\/wp-content\/uploads\/2025\/02\/IMG-20240818-WA0021.jpg","keywords":["Diary"],"articleSection":["The C\u00f4te d\u2019Alb\u00e2tre"],"inLanguage":"en-US"},{"@type":"WebPage","@id":"https:\/\/voyagesimpressionnistes.com\/en\/cote-albatre\/dans-les-pas-des-impressionnistes-a-dieppe\/","url":"https:\/\/voyagesimpressionnistes.com\/en\/cote-albatre\/dans-les-pas-des-impressionnistes-a-dieppe\/","name":"Dieppe et les Impressionnistes - Impressionist adventures","isPartOf":{"@id":"https:\/\/voyagesimpressionnistes.com\/en\/#website"},"primaryImageOfPage":{"@id":"https:\/\/voyagesimpressionnistes.com\/en\/cote-albatre\/dans-les-pas-des-impressionnistes-a-dieppe\/#primaryimage"},"image":{"@id":"https:\/\/voyagesimpressionnistes.com\/en\/cote-albatre\/dans-les-pas-des-impressionnistes-a-dieppe\/#primaryimage"},"thumbnailUrl":"https:\/\/voyagesimpressionnistes.com\/wp-content\/uploads\/2025\/02\/IMG-20240818-WA0021.jpg","datePublished":"2025-02-28T13:46:41+00:00","dateModified":"2025-11-18T08:01:48+00:00","description":"Avec Laura, participez \u00e0 une visite guid\u00e9e dans les pas des Impressionnistes \u00e0 Dieppe au d\u00e9part de l'Office de Tourisme.","breadcrumb":{"@id":"https:\/\/voyagesimpressionnistes.com\/en\/cote-albatre\/dans-les-pas-des-impressionnistes-a-dieppe\/#breadcrumb"},"inLanguage":"en-US","potentialAction":[{"@type":"ReadAction","target":["https:\/\/voyagesimpressionnistes.com\/en\/cote-albatre\/dans-les-pas-des-impressionnistes-a-dieppe\/"]}]},{"@type":"ImageObject","inLanguage":"en-US","@id":"https:\/\/voyagesimpressionnistes.com\/en\/cote-albatre\/dans-les-pas-des-impressionnistes-a-dieppe\/#primaryimage","url":"https:\/\/voyagesimpressionnistes.com\/wp-content\/uploads\/2025\/02\/IMG-20240818-WA0021.jpg","contentUrl":"https:\/\/voyagesimpressionnistes.com\/wp-content\/uploads\/2025\/02\/IMG-20240818-WA0021.jpg","width":1200,"height":1600,"caption":"Dans les pas des Impressionnistes \u00e0 Dieppe"},{"@type":"BreadcrumbList","@id":"https:\/\/voyagesimpressionnistes.com\/en\/cote-albatre\/dans-les-pas-des-impressionnistes-a-dieppe\/#breadcrumb","itemListElement":[{"@type":"ListItem","position":1,"name":"The C\u00f4te d\u2019Alb\u00e2tre","item":"https:\/\/voyagesimpressionnistes.com\/en\/cote-albatre\/"},{"@type":"ListItem","position":2,"name":"Dans les pas des Impressionnistes \u00e0 Dieppe"}]},{"@type":"WebSite","@id":"https:\/\/voyagesimpressionnistes.com\/en\/#website","url":"https:\/\/voyagesimpressionnistes.com\/en\/","name":"Impressionist adventures","description":"Inspiring moments","publisher":{"@id":"https:\/\/voyagesimpressionnistes.com\/en\/#organization"},"potentialAction":[{"@type":"SearchAction","target":{"@type":"EntryPoint","urlTemplate":"https:\/\/voyagesimpressionnistes.com\/en\/?s={search_term_string}"},"query-input":{"@type":"PropertyValueSpecification","valueRequired":true,"valueName":"search_term_string"}}],"inLanguage":"en-US"},{"@type":"Organization","@id":"https:\/\/voyagesimpressionnistes.com\/en\/#organization","name":"Voyages Impressionnistes","url":"https:\/\/voyagesimpressionnistes.com\/en\/","logo":{"@type":"ImageObject","inLanguage":"en-US","@id":"https:\/\/voyagesimpressionnistes.com\/en\/#\/schema\/logo\/image\/","url":"https:\/\/voyagesimpressionnistes.com\/wp-content\/uploads\/2021\/06\/vi-logo-507x216-1.svg","contentUrl":"https:\/\/voyagesimpressionnistes.com\/wp-content\/uploads\/2021\/06\/vi-logo-507x216-1.svg","width":507,"height":216,"caption":"Voyages Impressionnistes"},"image":{"@id":"https:\/\/voyagesimpressionnistes.com\/en\/#\/schema\/logo\/image\/"},"sameAs":["https:\/\/www.facebook.com\/LesVoyagesImpressionnistes\/"]},{"@type":"Person","@id":"https:\/\/voyagesimpressionnistes.com\/en\/#\/schema\/person\/78c37c19aa7ae1bd6f4902f296c80e5f","name":"Phane","image":{"@type":"ImageObject","inLanguage":"en-US","@id":"https:\/\/voyagesimpressionnistes.com\/en\/#\/schema\/person\/image\/","url":"https:\/\/secure.gravatar.com\/avatar\/ea705fa375f21b62a2facac16bc19ee8d664629e3399a374a188d355bc5d00b9?s=96&d=mm&r=g","contentUrl":"https:\/\/secure.gravatar.com\/avatar\/ea705fa375f21b62a2facac16bc19ee8d664629e3399a374a188d355bc5d00b9?s=96&d=mm&r=g","caption":"Phane"}}]}},"jetpack_featured_media_url":"https:\/\/voyagesimpressionnistes.com\/wp-content\/uploads\/2025\/02\/IMG-20240818-WA0021.jpg","jetpack_sharing_enabled":true,"_links":{"self":[{"href":"https:\/\/voyagesimpressionnistes.com\/en\/wp-json\/wp\/v2\/posts\/13893","targetHints":{"allow":["GET"]}}],"collection":[{"href":"https:\/\/voyagesimpressionnistes.com\/en\/wp-json\/wp\/v2\/posts"}],"about":[{"href":"https:\/\/voyagesimpressionnistes.com\/en\/wp-json\/wp\/v2\/types\/post"}],"author":[{"embeddable":true,"href":"https:\/\/voyagesimpressionnistes.com\/en\/wp-json\/wp\/v2\/users\/2"}],"replies":[{"embeddable":true,"href":"https:\/\/voyagesimpressionnistes.com\/en\/wp-json\/wp\/v2\/comments?post=13893"}],"version-history":[{"count":11,"href":"https:\/\/voyagesimpressionnistes.com\/en\/wp-json\/wp\/v2\/posts\/13893\/revisions"}],"predecessor-version":[{"id":15680,"href":"https:\/\/voyagesimpressionnistes.com\/en\/wp-json\/wp\/v2\/posts\/13893\/revisions\/15680"}],"wp:featuredmedia":[{"embeddable":true,"href":"https:\/\/voyagesimpressionnistes.com\/en\/wp-json\/wp\/v2\/media\/13886"}],"wp:attachment":[{"href":"https:\/\/voyagesimpressionnistes.com\/en\/wp-json\/wp\/v2\/media?parent=13893"}],"wp:term":[{"taxonomy":"category","embeddable":true,"href":"https:\/\/voyagesimpressionnistes.com\/en\/wp-json\/wp\/v2\/categories?post=13893"},{"taxonomy":"slider_une","embeddable":true,"href":"https:\/\/voyagesimpressionnistes.com\/en\/wp-json\/wp\/v2\/slider_une?post=13893"},{"taxonomy":"regions","embeddable":true,"href":"https:\/\/voyagesimpressionnistes.com\/en\/wp-json\/wp\/v2\/regions?post=13893"},{"taxonomy":"coups_coeur","embeddable":true,"href":"https:\/\/voyagesimpressionnistes.com\/en\/wp-json\/wp\/v2\/coups_coeur?post=13893"},{"taxonomy":"inspiration-type","embeddable":true,"href":"https:\/\/voyagesimpressionnistes.com\/en\/wp-json\/wp\/v2\/inspiration-type?post=13893"},{"taxonomy":"label","embeddable":true,"href":"https:\/\/voyagesimpressionnistes.com\/en\/wp-json\/wp\/v2\/label?post=13893"},{"taxonomy":"categories-agenda","embeddable":true,"href":"https:\/\/voyagesimpressionnistes.com\/en\/wp-json\/wp\/v2\/categories-agenda?post=13893"}],"curies":[{"name":"wp","href":"https:\/\/api.w.org\/{rel}","templated":true}]}}