{"id":14200,"date":"2025-04-09T11:14:31","date_gmt":"2025-04-09T09:14:31","guid":{"rendered":"https:\/\/voyagesimpressionnistes.com\/uncategorized\/paysages-et-paysans\/"},"modified":"2025-04-09T11:14:31","modified_gmt":"2025-04-09T09:14:31","slug":"paysages-et-paysans","status":"publish","type":"post","link":"https:\/\/voyagesimpressionnistes.com\/en\/barbizon-yerres\/paysages-et-paysans\/","title":{"rendered":"Paysages et paysans"},"content":{"rendered":"<p>Dans le cadre de l\u2019op\u00e9ration nationale &#8220;100 \u0153uvres qui racontent le climat&#8221;, le <a href=\"https:\/\/voyagesimpressionnistes.com\/en\/barbizon-yerres\/musee-departemental-des-peintres-de-barbizon\/\">Mus\u00e9e d\u00e9partemental des Peintres de Barbizon<\/a> pr\u00e9sente, du 22 mars au 15 juillet 2025, l&#8217;exposition <em>Paysages et paysans<\/em>.<\/p>\n<p>\u00c0 travers de nombreuses plusieurs photographies et tableaux pr\u00eat\u00e9es par le <a href=\"https:\/\/voyagesimpressionnistes.com\/en\/paris-montmartre\/musee-dorsay\/\">Mus\u00e9e d&#8217;Orsay<\/a>, dont <em>Moisson<\/em>, peinte par Charles-Fran\u00e7ois Daubigny, l&#8217;exposition explore le travail de la terre \u00e0 travers l&#8217;art. Ces \u0153uvres s\u00e9lectionn\u00e9es pour l&#8217;op\u00e9ration &#8220;100 \u0153uvres qui racontent le climat&#8221; r\u00e9sonnent avec le projet du mus\u00e9e des peintres de Barbizon dont les paysages, les sc\u00e8nes animali\u00e8res et les natures mortes sont un support essentiel pour interroger les notions de climat et de biodiversit\u00e9. Plus que jamais les liens entre art et \u00e9cologie m\u00e9ritent d\u2019\u00eatre mis en lumi\u00e8re dans ce lieu fondateur pour la protection de la &#8220;nature&#8221;. Le renouvellement de l\u2019accrochage \u00e0 l\u2019\u00e9tage du mus\u00e9e d\u00e9bouchera ainsi sur un focus <em>Paysages et paysans<\/em>.<\/p>\n<p><em>La Clairi\u00e8re dans la haute futaie<\/em>, paysage de Th\u00e9odore Rousseau, permettra d\u2019\u00e9voquer tout \u00e0 la fois l\u2019h\u00e9ritage de la peinture anglaise, l\u2019engagement exemplaire du peintre pour la d\u00e9fense de la for\u00eat et la juste place qu\u2019il assigne \u00e0 l\u2019\u00eatre humain au sein du vivant, le pavage puis le bitumage des sentiers, ainsi que la multiplication des voies de circulation sillonnant d\u00e9sormais la for\u00eat. Un parall\u00e8le saisissant pourra \u00eatre \u00e9tabli avec le clich\u00e9 du fameux <em>Pav\u00e9 de Chaill<\/em>y offert par l\u2019artiste Claire Tenu.<\/p>\n<p>La <em>Moisson<\/em> de Daubigny pourra de m\u00eame \u00eatre abord\u00e9e sous l\u2019angle esth\u00e9tique (la palette \u00e9claircie et la touche allusive relevant d\u00e9j\u00e0 de l&#8217;Impressionnisme) ou historique, croisant les enjeux soci\u00e9taux et environnementaux : ouvriers et charrettes perdurant en parall\u00e8le de la m\u00e9canisation croissante, \u00e9vocation du calendrier des travaux des champs rythm\u00e9s par les cycles des saisons (ainsi de l\u2019hiver et du printemps capt\u00e9s par Eug\u00e8ne Lavieille) aujourd\u2019hui perturb\u00e9s par les bouleversements climatiques.<\/p>\n<p>M\u00e9connu, Constant Famin compte pourtant, avec Cuvelier, parmi les photographes les plus significatifs de la for\u00eat de Fontainebleau. Entre document et \u0153uvre d&#8217;art, ses \u00e9preuves traduisent une conception singuli\u00e8re de la figure du paysan et d&#8217;un rapport simple et honn\u00eate \u00e0 la terre. Confront\u00e9es aux \u00e9crits et clich\u00e9s de la jeune Nina Ferrer-Gleize, elles permettront de questionner le corps des travailleurs, leurs gestes et postures, la place des outils et \u00e9volutions technologiques.<\/p>\n","protected":false},"excerpt":{"rendered":"<p>Dans le cadre de l\u2019op\u00e9ration nationale &#8220;100 \u0153uvres qui racontent  [&#8230;]<\/p>\n","protected":false},"author":2,"featured_media":14198,"comment_status":"closed","ping_status":"closed","sticky":false,"template":"","format":"standard","meta":{"_acf_changed":false,"inline_featured_image":false,"_jetpack_memberships_contains_paid_content":false,"footnotes":""},"categories":[81],"slider_une":[],"regions":[132],"coups_coeur":[],"inspiration-type":[],"label":[],"categories-agenda":[172],"class_list":["post-14200","post","type-post","status-publish","format-standard","has-post-thumbnail","hentry","category-barbizon-yerres","tag-diary","regions-idf-en","categories-agenda-exhibition"],"acf":[],"yoast_head":"<!-- This site is optimized with the Yoast SEO plugin v26.3 - https:\/\/yoast.com\/wordpress\/plugins\/seo\/ -->\n<title>Paysages et paysans - Impressionist adventures<\/title>\n<meta name=\"robots\" content=\"index, follow, max-snippet:-1, max-image-preview:large, max-video-preview:-1\" \/>\n<link rel=\"canonical\" href=\"https:\/\/voyagesimpressionnistes.com\/en\/barbizon-yerres\/paysages-et-paysans\/\" \/>\n<meta property=\"og:locale\" content=\"en_US\" \/>\n<meta property=\"og:type\" content=\"article\" \/>\n<meta property=\"og:title\" content=\"Paysages et paysans - Impressionist adventures\" \/>\n<meta property=\"og:description\" content=\"Dans le cadre de l\u2019op\u00e9ration nationale &#8220;100 \u0153uvres qui racontent [...]\" \/>\n<meta property=\"og:url\" content=\"https:\/\/voyagesimpressionnistes.com\/en\/barbizon-yerres\/paysages-et-paysans\/\" \/>\n<meta property=\"og:site_name\" content=\"Impressionist adventures\" \/>\n<meta property=\"article:publisher\" content=\"https:\/\/www.facebook.com\/LesVoyagesImpressionnistes\/\" \/>\n<meta property=\"article:published_time\" content=\"2025-04-09T09:14:31+00:00\" \/>\n<meta property=\"og:image\" content=\"https:\/\/voyagesimpressionnistes.com\/wp-content\/uploads\/2021\/06\/vi-slider-default.jpg\" \/>\n\t<meta property=\"og:image:width\" content=\"1600\" \/>\n\t<meta property=\"og:image:height\" content=\"900\" \/>\n\t<meta property=\"og:image:type\" content=\"image\/jpeg\" \/>\n<meta name=\"author\" content=\"Phane\" \/>\n<meta name=\"twitter:card\" content=\"summary_large_image\" \/>\n<meta name=\"twitter:label1\" content=\"Written by\" \/>\n\t<meta name=\"twitter:data1\" content=\"Phane\" \/>\n\t<meta name=\"twitter:label2\" content=\"Est. reading time\" \/>\n\t<meta name=\"twitter:data2\" content=\"2 minutes\" \/>\n<script type=\"application\/ld+json\" class=\"yoast-schema-graph\">{\"@context\":\"https:\/\/schema.org\",\"@graph\":[{\"@type\":[\"Article\",\"BlogPosting\"],\"@id\":\"https:\/\/voyagesimpressionnistes.com\/en\/barbizon-yerres\/paysages-et-paysans\/#article\",\"isPartOf\":{\"@id\":\"https:\/\/voyagesimpressionnistes.com\/en\/barbizon-yerres\/paysages-et-paysans\/\"},\"author\":{\"name\":\"Phane\",\"@id\":\"https:\/\/voyagesimpressionnistes.com\/en\/#\/schema\/person\/78c37c19aa7ae1bd6f4902f296c80e5f\"},\"headline\":\"Paysages et paysans\",\"datePublished\":\"2025-04-09T09:14:31+00:00\",\"mainEntityOfPage\":{\"@id\":\"https:\/\/voyagesimpressionnistes.com\/en\/barbizon-yerres\/paysages-et-paysans\/\"},\"wordCount\":425,\"publisher\":{\"@id\":\"https:\/\/voyagesimpressionnistes.com\/en\/#organization\"},\"image\":{\"@id\":\"https:\/\/voyagesimpressionnistes.com\/en\/barbizon-yerres\/paysages-et-paysans\/#primaryimage\"},\"thumbnailUrl\":\"https:\/\/voyagesimpressionnistes.com\/wp-content\/uploads\/2025\/04\/affiche-exposition-paysans-et-paysages-musee-des-peintres-de-barbizon.jpg\",\"keywords\":[\"Diary\"],\"articleSection\":[\"Barbizon, its surrounds &amp; Yerres\"],\"inLanguage\":\"en-US\"},{\"@type\":\"WebPage\",\"@id\":\"https:\/\/voyagesimpressionnistes.com\/en\/barbizon-yerres\/paysages-et-paysans\/\",\"url\":\"https:\/\/voyagesimpressionnistes.com\/en\/barbizon-yerres\/paysages-et-paysans\/\",\"name\":\"Paysages et paysans - Impressionist adventures\",\"isPartOf\":{\"@id\":\"https:\/\/voyagesimpressionnistes.com\/en\/#website\"},\"primaryImageOfPage\":{\"@id\":\"https:\/\/voyagesimpressionnistes.com\/en\/barbizon-yerres\/paysages-et-paysans\/#primaryimage\"},\"image\":{\"@id\":\"https:\/\/voyagesimpressionnistes.com\/en\/barbizon-yerres\/paysages-et-paysans\/#primaryimage\"},\"thumbnailUrl\":\"https:\/\/voyagesimpressionnistes.com\/wp-content\/uploads\/2025\/04\/affiche-exposition-paysans-et-paysages-musee-des-peintres-de-barbizon.jpg\",\"datePublished\":\"2025-04-09T09:14:31+00:00\",\"breadcrumb\":{\"@id\":\"https:\/\/voyagesimpressionnistes.com\/en\/barbizon-yerres\/paysages-et-paysans\/#breadcrumb\"},\"inLanguage\":\"en-US\",\"potentialAction\":[{\"@type\":\"ReadAction\",\"target\":[\"https:\/\/voyagesimpressionnistes.com\/en\/barbizon-yerres\/paysages-et-paysans\/\"]}]},{\"@type\":\"ImageObject\",\"inLanguage\":\"en-US\",\"@id\":\"https:\/\/voyagesimpressionnistes.com\/en\/barbizon-yerres\/paysages-et-paysans\/#primaryimage\",\"url\":\"https:\/\/voyagesimpressionnistes.com\/wp-content\/uploads\/2025\/04\/affiche-exposition-paysans-et-paysages-musee-des-peintres-de-barbizon.jpg\",\"contentUrl\":\"https:\/\/voyagesimpressionnistes.com\/wp-content\/uploads\/2025\/04\/affiche-exposition-paysans-et-paysages-musee-des-peintres-de-barbizon.jpg\",\"width\":400,\"height\":500,\"caption\":\"Paysages et paysans : affiche de l'exposition au Mus\u00e9e d\u00e9partemental des peintres de Barbizon\"},{\"@type\":\"BreadcrumbList\",\"@id\":\"https:\/\/voyagesimpressionnistes.com\/en\/barbizon-yerres\/paysages-et-paysans\/#breadcrumb\",\"itemListElement\":[{\"@type\":\"ListItem\",\"position\":1,\"name\":\"Uncategorized\",\"item\":\"https:\/\/voyagesimpressionnistes.com\/en\/uncategorized\/\"},{\"@type\":\"ListItem\",\"position\":2,\"name\":\"Paysages et paysans\"}]},{\"@type\":\"WebSite\",\"@id\":\"https:\/\/voyagesimpressionnistes.com\/en\/#website\",\"url\":\"https:\/\/voyagesimpressionnistes.com\/en\/\",\"name\":\"Impressionist adventures\",\"description\":\"Inspiring moments\",\"publisher\":{\"@id\":\"https:\/\/voyagesimpressionnistes.com\/en\/#organization\"},\"potentialAction\":[{\"@type\":\"SearchAction\",\"target\":{\"@type\":\"EntryPoint\",\"urlTemplate\":\"https:\/\/voyagesimpressionnistes.com\/en\/?s={search_term_string}\"},\"query-input\":{\"@type\":\"PropertyValueSpecification\",\"valueRequired\":true,\"valueName\":\"search_term_string\"}}],\"inLanguage\":\"en-US\"},{\"@type\":\"Organization\",\"@id\":\"https:\/\/voyagesimpressionnistes.com\/en\/#organization\",\"name\":\"Voyages Impressionnistes\",\"url\":\"https:\/\/voyagesimpressionnistes.com\/en\/\",\"logo\":{\"@type\":\"ImageObject\",\"inLanguage\":\"en-US\",\"@id\":\"https:\/\/voyagesimpressionnistes.com\/en\/#\/schema\/logo\/image\/\",\"url\":\"https:\/\/voyagesimpressionnistes.com\/wp-content\/uploads\/2021\/06\/vi-logo-507x216-1.svg\",\"contentUrl\":\"https:\/\/voyagesimpressionnistes.com\/wp-content\/uploads\/2021\/06\/vi-logo-507x216-1.svg\",\"width\":507,\"height\":216,\"caption\":\"Voyages Impressionnistes\"},\"image\":{\"@id\":\"https:\/\/voyagesimpressionnistes.com\/en\/#\/schema\/logo\/image\/\"},\"sameAs\":[\"https:\/\/www.facebook.com\/LesVoyagesImpressionnistes\/\"]},{\"@type\":\"Person\",\"@id\":\"https:\/\/voyagesimpressionnistes.com\/en\/#\/schema\/person\/78c37c19aa7ae1bd6f4902f296c80e5f\",\"name\":\"Phane\",\"image\":{\"@type\":\"ImageObject\",\"inLanguage\":\"en-US\",\"@id\":\"https:\/\/voyagesimpressionnistes.com\/en\/#\/schema\/person\/image\/\",\"url\":\"https:\/\/secure.gravatar.com\/avatar\/ea705fa375f21b62a2facac16bc19ee8d664629e3399a374a188d355bc5d00b9?s=96&d=mm&r=g\",\"contentUrl\":\"https:\/\/secure.gravatar.com\/avatar\/ea705fa375f21b62a2facac16bc19ee8d664629e3399a374a188d355bc5d00b9?s=96&d=mm&r=g\",\"caption\":\"Phane\"}}]}<\/script>\n<!-- \/ Yoast SEO plugin. -->","yoast_head_json":{"title":"Paysages et paysans - Impressionist adventures","robots":{"index":"index","follow":"follow","max-snippet":"max-snippet:-1","max-image-preview":"max-image-preview:large","max-video-preview":"max-video-preview:-1"},"canonical":"https:\/\/voyagesimpressionnistes.com\/en\/barbizon-yerres\/paysages-et-paysans\/","og_locale":"en_US","og_type":"article","og_title":"Paysages et paysans - Impressionist adventures","og_description":"Dans le cadre de l\u2019op\u00e9ration nationale &#8220;100 \u0153uvres qui racontent [...]","og_url":"https:\/\/voyagesimpressionnistes.com\/en\/barbizon-yerres\/paysages-et-paysans\/","og_site_name":"Impressionist adventures","article_publisher":"https:\/\/www.facebook.com\/LesVoyagesImpressionnistes\/","article_published_time":"2025-04-09T09:14:31+00:00","og_image":[{"width":1600,"height":900,"url":"https:\/\/voyagesimpressionnistes.com\/wp-content\/uploads\/2021\/06\/vi-slider-default.jpg","type":"image\/jpeg"}],"author":"Phane","twitter_card":"summary_large_image","twitter_misc":{"Written by":"Phane","Est. reading time":"2 minutes"},"schema":{"@context":"https:\/\/schema.org","@graph":[{"@type":["Article","BlogPosting"],"@id":"https:\/\/voyagesimpressionnistes.com\/en\/barbizon-yerres\/paysages-et-paysans\/#article","isPartOf":{"@id":"https:\/\/voyagesimpressionnistes.com\/en\/barbizon-yerres\/paysages-et-paysans\/"},"author":{"name":"Phane","@id":"https:\/\/voyagesimpressionnistes.com\/en\/#\/schema\/person\/78c37c19aa7ae1bd6f4902f296c80e5f"},"headline":"Paysages et paysans","datePublished":"2025-04-09T09:14:31+00:00","mainEntityOfPage":{"@id":"https:\/\/voyagesimpressionnistes.com\/en\/barbizon-yerres\/paysages-et-paysans\/"},"wordCount":425,"publisher":{"@id":"https:\/\/voyagesimpressionnistes.com\/en\/#organization"},"image":{"@id":"https:\/\/voyagesimpressionnistes.com\/en\/barbizon-yerres\/paysages-et-paysans\/#primaryimage"},"thumbnailUrl":"https:\/\/voyagesimpressionnistes.com\/wp-content\/uploads\/2025\/04\/affiche-exposition-paysans-et-paysages-musee-des-peintres-de-barbizon.jpg","keywords":["Diary"],"articleSection":["Barbizon, its surrounds &amp; Yerres"],"inLanguage":"en-US"},{"@type":"WebPage","@id":"https:\/\/voyagesimpressionnistes.com\/en\/barbizon-yerres\/paysages-et-paysans\/","url":"https:\/\/voyagesimpressionnistes.com\/en\/barbizon-yerres\/paysages-et-paysans\/","name":"Paysages et paysans - Impressionist adventures","isPartOf":{"@id":"https:\/\/voyagesimpressionnistes.com\/en\/#website"},"primaryImageOfPage":{"@id":"https:\/\/voyagesimpressionnistes.com\/en\/barbizon-yerres\/paysages-et-paysans\/#primaryimage"},"image":{"@id":"https:\/\/voyagesimpressionnistes.com\/en\/barbizon-yerres\/paysages-et-paysans\/#primaryimage"},"thumbnailUrl":"https:\/\/voyagesimpressionnistes.com\/wp-content\/uploads\/2025\/04\/affiche-exposition-paysans-et-paysages-musee-des-peintres-de-barbizon.jpg","datePublished":"2025-04-09T09:14:31+00:00","breadcrumb":{"@id":"https:\/\/voyagesimpressionnistes.com\/en\/barbizon-yerres\/paysages-et-paysans\/#breadcrumb"},"inLanguage":"en-US","potentialAction":[{"@type":"ReadAction","target":["https:\/\/voyagesimpressionnistes.com\/en\/barbizon-yerres\/paysages-et-paysans\/"]}]},{"@type":"ImageObject","inLanguage":"en-US","@id":"https:\/\/voyagesimpressionnistes.com\/en\/barbizon-yerres\/paysages-et-paysans\/#primaryimage","url":"https:\/\/voyagesimpressionnistes.com\/wp-content\/uploads\/2025\/04\/affiche-exposition-paysans-et-paysages-musee-des-peintres-de-barbizon.jpg","contentUrl":"https:\/\/voyagesimpressionnistes.com\/wp-content\/uploads\/2025\/04\/affiche-exposition-paysans-et-paysages-musee-des-peintres-de-barbizon.jpg","width":400,"height":500,"caption":"Paysages et paysans : affiche de l'exposition au Mus\u00e9e d\u00e9partemental des peintres de Barbizon"},{"@type":"BreadcrumbList","@id":"https:\/\/voyagesimpressionnistes.com\/en\/barbizon-yerres\/paysages-et-paysans\/#breadcrumb","itemListElement":[{"@type":"ListItem","position":1,"name":"Uncategorized","item":"https:\/\/voyagesimpressionnistes.com\/en\/uncategorized\/"},{"@type":"ListItem","position":2,"name":"Paysages et paysans"}]},{"@type":"WebSite","@id":"https:\/\/voyagesimpressionnistes.com\/en\/#website","url":"https:\/\/voyagesimpressionnistes.com\/en\/","name":"Impressionist adventures","description":"Inspiring moments","publisher":{"@id":"https:\/\/voyagesimpressionnistes.com\/en\/#organization"},"potentialAction":[{"@type":"SearchAction","target":{"@type":"EntryPoint","urlTemplate":"https:\/\/voyagesimpressionnistes.com\/en\/?s={search_term_string}"},"query-input":{"@type":"PropertyValueSpecification","valueRequired":true,"valueName":"search_term_string"}}],"inLanguage":"en-US"},{"@type":"Organization","@id":"https:\/\/voyagesimpressionnistes.com\/en\/#organization","name":"Voyages Impressionnistes","url":"https:\/\/voyagesimpressionnistes.com\/en\/","logo":{"@type":"ImageObject","inLanguage":"en-US","@id":"https:\/\/voyagesimpressionnistes.com\/en\/#\/schema\/logo\/image\/","url":"https:\/\/voyagesimpressionnistes.com\/wp-content\/uploads\/2021\/06\/vi-logo-507x216-1.svg","contentUrl":"https:\/\/voyagesimpressionnistes.com\/wp-content\/uploads\/2021\/06\/vi-logo-507x216-1.svg","width":507,"height":216,"caption":"Voyages Impressionnistes"},"image":{"@id":"https:\/\/voyagesimpressionnistes.com\/en\/#\/schema\/logo\/image\/"},"sameAs":["https:\/\/www.facebook.com\/LesVoyagesImpressionnistes\/"]},{"@type":"Person","@id":"https:\/\/voyagesimpressionnistes.com\/en\/#\/schema\/person\/78c37c19aa7ae1bd6f4902f296c80e5f","name":"Phane","image":{"@type":"ImageObject","inLanguage":"en-US","@id":"https:\/\/voyagesimpressionnistes.com\/en\/#\/schema\/person\/image\/","url":"https:\/\/secure.gravatar.com\/avatar\/ea705fa375f21b62a2facac16bc19ee8d664629e3399a374a188d355bc5d00b9?s=96&d=mm&r=g","contentUrl":"https:\/\/secure.gravatar.com\/avatar\/ea705fa375f21b62a2facac16bc19ee8d664629e3399a374a188d355bc5d00b9?s=96&d=mm&r=g","caption":"Phane"}}]}},"jetpack_featured_media_url":"https:\/\/voyagesimpressionnistes.com\/wp-content\/uploads\/2025\/04\/affiche-exposition-paysans-et-paysages-musee-des-peintres-de-barbizon.jpg","jetpack_sharing_enabled":true,"_links":{"self":[{"href":"https:\/\/voyagesimpressionnistes.com\/en\/wp-json\/wp\/v2\/posts\/14200","targetHints":{"allow":["GET"]}}],"collection":[{"href":"https:\/\/voyagesimpressionnistes.com\/en\/wp-json\/wp\/v2\/posts"}],"about":[{"href":"https:\/\/voyagesimpressionnistes.com\/en\/wp-json\/wp\/v2\/types\/post"}],"author":[{"embeddable":true,"href":"https:\/\/voyagesimpressionnistes.com\/en\/wp-json\/wp\/v2\/users\/2"}],"replies":[{"embeddable":true,"href":"https:\/\/voyagesimpressionnistes.com\/en\/wp-json\/wp\/v2\/comments?post=14200"}],"version-history":[{"count":0,"href":"https:\/\/voyagesimpressionnistes.com\/en\/wp-json\/wp\/v2\/posts\/14200\/revisions"}],"wp:featuredmedia":[{"embeddable":true,"href":"https:\/\/voyagesimpressionnistes.com\/en\/wp-json\/wp\/v2\/media\/14198"}],"wp:attachment":[{"href":"https:\/\/voyagesimpressionnistes.com\/en\/wp-json\/wp\/v2\/media?parent=14200"}],"wp:term":[{"taxonomy":"category","embeddable":true,"href":"https:\/\/voyagesimpressionnistes.com\/en\/wp-json\/wp\/v2\/categories?post=14200"},{"taxonomy":"slider_une","embeddable":true,"href":"https:\/\/voyagesimpressionnistes.com\/en\/wp-json\/wp\/v2\/slider_une?post=14200"},{"taxonomy":"regions","embeddable":true,"href":"https:\/\/voyagesimpressionnistes.com\/en\/wp-json\/wp\/v2\/regions?post=14200"},{"taxonomy":"coups_coeur","embeddable":true,"href":"https:\/\/voyagesimpressionnistes.com\/en\/wp-json\/wp\/v2\/coups_coeur?post=14200"},{"taxonomy":"inspiration-type","embeddable":true,"href":"https:\/\/voyagesimpressionnistes.com\/en\/wp-json\/wp\/v2\/inspiration-type?post=14200"},{"taxonomy":"label","embeddable":true,"href":"https:\/\/voyagesimpressionnistes.com\/en\/wp-json\/wp\/v2\/label?post=14200"},{"taxonomy":"categories-agenda","embeddable":true,"href":"https:\/\/voyagesimpressionnistes.com\/en\/wp-json\/wp\/v2\/categories-agenda?post=14200"}],"curies":[{"name":"wp","href":"https:\/\/api.w.org\/{rel}","templated":true}]}}