{"id":14537,"date":"2025-05-26T15:31:50","date_gmt":"2025-05-26T13:31:50","guid":{"rendered":"https:\/\/voyagesimpressionnistes.com\/?p=14537"},"modified":"2025-07-03T11:34:36","modified_gmt":"2025-07-03T09:34:36","slug":"100-oeuvres-qui-racontent-le-climat-claude-monet-les-glacons-a-vernon","status":"publish","type":"post","link":"https:\/\/voyagesimpressionnistes.com\/en\/giverny-its-surroundings\/100-oeuvres-qui-racontent-le-climat-claude-monet-les-glacons-a-vernon\/","title":{"rendered":"Claude Monet. Les Gla\u00e7ons \u00e0 Vernon"},"content":{"rendered":"<p>Dans le cadre de l\u2019op\u00e9ration nationale men\u00e9e par le <a href=\"https:\/\/voyagesimpressionnistes.com\/en\/paris-montmartre\/musee-dorsay\/\">Mus\u00e9e d&#8217;Orsay<\/a>, \u00ab 100 \u0153uvres qui racontent le climat \u00bb, le <a href=\"https:\/\/voyagesimpressionnistes.com\/en\/giverny-its-surroundings\/musee-blanche-hoschede-monet-vernon\/\">Mus\u00e9e Blanche Hosched\u00e9-Monet<\/a> de Vernon accueille, du 11 mars au 29 juin 2025, <em>Les gla\u00e7ons<\/em> de Claude Monet.<\/p>\n<p>Ce tableau repr\u00e9sentant la Seine gel\u00e9e est une sc\u00e8ne r\u00e9alis\u00e9e \u00e0 Moisson pr\u00e8s de V\u00e9theuil, \u00e0 une douzaine de kilom\u00e8tres de Vernon. La toile t\u00e9moigne pr\u00e9cis\u00e9ment de la d\u00e9b\u00e2cle de la Seine en janvier 1880 qui, apr\u00e8s 75 jours de gel, avait provoqu\u00e9 \u00e0 Paris l\u2019effondrement de deux arches du pont des Invalides sous la pression de la glace.<\/p>\n<p><em>Les gla\u00e7ons<\/em> \u00e0 Vernon de Claude Monet viennent compl\u00e9ter durant quelques mois la collection permanente du mus\u00e9e qui pr\u00e9sente d\u00e9j\u00e0 de nombreux \u00e9pisodes de neige sign\u00e9s Blanche Hosched\u00e9-Monet, Mary Fairchild MacMonnies et Pierre Maubert. Cet accrochage sp\u00e9cial explorera \u00e0 travers une s\u00e9lection d\u2019\u0153uvres les \u00e9pisodes de grand froid en Val de Seine normand du 19<sup>\u00e8me<\/sup> si\u00e8cle au 20<sup>\u00e8me<\/sup> si\u00e8cle.<\/p>\n","protected":false},"excerpt":{"rendered":"<p>Dans le cadre de l\u2019op\u00e9ration nationale men\u00e9e par le Mus\u00e9e  [&#8230;]<\/p>\n","protected":false},"author":2,"featured_media":14645,"comment_status":"closed","ping_status":"closed","sticky":false,"template":"","format":"standard","meta":{"_acf_changed":false,"inline_featured_image":false,"_jetpack_memberships_contains_paid_content":false,"footnotes":""},"categories":[83],"slider_une":[],"regions":[133],"coups_coeur":[],"inspiration-type":[],"label":[],"categories-agenda":[172],"class_list":["post-14537","post","type-post","status-publish","format-standard","has-post-thumbnail","hentry","category-giverny-its-surroundings","tag-diary","regions-normandy","categories-agenda-exhibition"],"acf":[],"yoast_head":"<!-- This site is optimized with the Yoast SEO plugin v26.3 - https:\/\/yoast.com\/wordpress\/plugins\/seo\/ -->\n<title>Les Gla\u00e7ons \u00e0 Vernon. Claude Monet - Impressionist adventures<\/title>\n<meta name=\"description\" content=\"Venez d\u00e9couvrir l&#039;accrochage exceptionnel &quot;Les Gla\u00e7ons&quot; de Claude Monet \u00e0 Vernon, au Mus\u00e9e Blanche Hosched\u00e9-Monet, pr\u00eat du Mus\u00e9e d&#039;Orsay.\" \/>\n<meta name=\"robots\" content=\"index, follow, max-snippet:-1, max-image-preview:large, max-video-preview:-1\" \/>\n<link rel=\"canonical\" href=\"https:\/\/voyagesimpressionnistes.com\/en\/giverny-its-surroundings\/100-oeuvres-qui-racontent-le-climat-claude-monet-les-glacons-a-vernon\/\" \/>\n<meta property=\"og:locale\" content=\"en_US\" \/>\n<meta property=\"og:type\" content=\"article\" \/>\n<meta property=\"og:title\" content=\"Les Gla\u00e7ons \u00e0 Vernon. Claude Monet - Impressionist adventures\" \/>\n<meta property=\"og:description\" content=\"Venez d\u00e9couvrir l&#039;accrochage exceptionnel &quot;Les Gla\u00e7ons&quot; de Claude Monet \u00e0 Vernon, au Mus\u00e9e Blanche Hosched\u00e9-Monet, pr\u00eat du Mus\u00e9e d&#039;Orsay.\" \/>\n<meta property=\"og:url\" content=\"https:\/\/voyagesimpressionnistes.com\/en\/giverny-its-surroundings\/100-oeuvres-qui-racontent-le-climat-claude-monet-les-glacons-a-vernon\/\" \/>\n<meta property=\"og:site_name\" content=\"Impressionist adventures\" \/>\n<meta property=\"article:publisher\" content=\"https:\/\/www.facebook.com\/LesVoyagesImpressionnistes\/\" \/>\n<meta property=\"article:published_time\" content=\"2025-05-26T13:31:50+00:00\" \/>\n<meta property=\"article:modified_time\" content=\"2025-07-03T09:34:36+00:00\" \/>\n<meta property=\"og:image\" content=\"https:\/\/voyagesimpressionnistes.com\/wp-content\/uploads\/2025\/05\/Exposition-Les-Glacons.jpg\" \/>\n\t<meta property=\"og:image:width\" content=\"504\" \/>\n\t<meta property=\"og:image:height\" content=\"611\" \/>\n\t<meta property=\"og:image:type\" content=\"image\/jpeg\" \/>\n<meta name=\"author\" content=\"Phane\" \/>\n<meta name=\"twitter:card\" content=\"summary_large_image\" \/>\n<meta name=\"twitter:label1\" content=\"Written by\" \/>\n\t<meta name=\"twitter:data1\" content=\"Phane\" \/>\n\t<meta name=\"twitter:label2\" content=\"Est. reading time\" \/>\n\t<meta name=\"twitter:data2\" content=\"1 minute\" \/>\n<script type=\"application\/ld+json\" class=\"yoast-schema-graph\">{\"@context\":\"https:\/\/schema.org\",\"@graph\":[{\"@type\":[\"Article\",\"BlogPosting\"],\"@id\":\"https:\/\/voyagesimpressionnistes.com\/en\/giverny-its-surroundings\/100-oeuvres-qui-racontent-le-climat-claude-monet-les-glacons-a-vernon\/#article\",\"isPartOf\":{\"@id\":\"https:\/\/voyagesimpressionnistes.com\/en\/giverny-its-surroundings\/100-oeuvres-qui-racontent-le-climat-claude-monet-les-glacons-a-vernon\/\"},\"author\":{\"name\":\"Phane\",\"@id\":\"https:\/\/voyagesimpressionnistes.com\/en\/#\/schema\/person\/78c37c19aa7ae1bd6f4902f296c80e5f\"},\"headline\":\"Claude Monet. Les Gla\u00e7ons \u00e0 Vernon\",\"datePublished\":\"2025-05-26T13:31:50+00:00\",\"dateModified\":\"2025-07-03T09:34:36+00:00\",\"mainEntityOfPage\":{\"@id\":\"https:\/\/voyagesimpressionnistes.com\/en\/giverny-its-surroundings\/100-oeuvres-qui-racontent-le-climat-claude-monet-les-glacons-a-vernon\/\"},\"wordCount\":184,\"publisher\":{\"@id\":\"https:\/\/voyagesimpressionnistes.com\/en\/#organization\"},\"image\":{\"@id\":\"https:\/\/voyagesimpressionnistes.com\/en\/giverny-its-surroundings\/100-oeuvres-qui-racontent-le-climat-claude-monet-les-glacons-a-vernon\/#primaryimage\"},\"thumbnailUrl\":\"https:\/\/voyagesimpressionnistes.com\/wp-content\/uploads\/2025\/05\/Exposition-Les-Glacons.jpg\",\"keywords\":[\"Diary\"],\"articleSection\":[\"Giverny &amp; its surroundings\"],\"inLanguage\":\"en-US\"},{\"@type\":\"WebPage\",\"@id\":\"https:\/\/voyagesimpressionnistes.com\/en\/giverny-its-surroundings\/100-oeuvres-qui-racontent-le-climat-claude-monet-les-glacons-a-vernon\/\",\"url\":\"https:\/\/voyagesimpressionnistes.com\/en\/giverny-its-surroundings\/100-oeuvres-qui-racontent-le-climat-claude-monet-les-glacons-a-vernon\/\",\"name\":\"Les Gla\u00e7ons \u00e0 Vernon. Claude Monet - Impressionist adventures\",\"isPartOf\":{\"@id\":\"https:\/\/voyagesimpressionnistes.com\/en\/#website\"},\"primaryImageOfPage\":{\"@id\":\"https:\/\/voyagesimpressionnistes.com\/en\/giverny-its-surroundings\/100-oeuvres-qui-racontent-le-climat-claude-monet-les-glacons-a-vernon\/#primaryimage\"},\"image\":{\"@id\":\"https:\/\/voyagesimpressionnistes.com\/en\/giverny-its-surroundings\/100-oeuvres-qui-racontent-le-climat-claude-monet-les-glacons-a-vernon\/#primaryimage\"},\"thumbnailUrl\":\"https:\/\/voyagesimpressionnistes.com\/wp-content\/uploads\/2025\/05\/Exposition-Les-Glacons.jpg\",\"datePublished\":\"2025-05-26T13:31:50+00:00\",\"dateModified\":\"2025-07-03T09:34:36+00:00\",\"description\":\"Venez d\u00e9couvrir l'accrochage exceptionnel \\\"Les Gla\u00e7ons\\\" de Claude Monet \u00e0 Vernon, au Mus\u00e9e Blanche Hosched\u00e9-Monet, pr\u00eat du Mus\u00e9e d'Orsay.\",\"breadcrumb\":{\"@id\":\"https:\/\/voyagesimpressionnistes.com\/en\/giverny-its-surroundings\/100-oeuvres-qui-racontent-le-climat-claude-monet-les-glacons-a-vernon\/#breadcrumb\"},\"inLanguage\":\"en-US\",\"potentialAction\":[{\"@type\":\"ReadAction\",\"target\":[\"https:\/\/voyagesimpressionnistes.com\/en\/giverny-its-surroundings\/100-oeuvres-qui-racontent-le-climat-claude-monet-les-glacons-a-vernon\/\"]}]},{\"@type\":\"ImageObject\",\"inLanguage\":\"en-US\",\"@id\":\"https:\/\/voyagesimpressionnistes.com\/en\/giverny-its-surroundings\/100-oeuvres-qui-racontent-le-climat-claude-monet-les-glacons-a-vernon\/#primaryimage\",\"url\":\"https:\/\/voyagesimpressionnistes.com\/wp-content\/uploads\/2025\/05\/Exposition-Les-Glacons.jpg\",\"contentUrl\":\"https:\/\/voyagesimpressionnistes.com\/wp-content\/uploads\/2025\/05\/Exposition-Les-Glacons.jpg\",\"width\":504,\"height\":611,\"caption\":\"Les Gla\u00e7ons \u00e0 Vernon (Claude Monet), accrochage au Mus\u00e9e Blanche Hosched\u00e9-Monet\"},{\"@type\":\"BreadcrumbList\",\"@id\":\"https:\/\/voyagesimpressionnistes.com\/en\/giverny-its-surroundings\/100-oeuvres-qui-racontent-le-climat-claude-monet-les-glacons-a-vernon\/#breadcrumb\",\"itemListElement\":[{\"@type\":\"ListItem\",\"position\":1,\"name\":\"Giverny &amp; its surroundings\",\"item\":\"https:\/\/voyagesimpressionnistes.com\/en\/giverny-its-surroundings\/\"},{\"@type\":\"ListItem\",\"position\":2,\"name\":\"Claude Monet. Les Gla\u00e7ons \u00e0 Vernon\"}]},{\"@type\":\"WebSite\",\"@id\":\"https:\/\/voyagesimpressionnistes.com\/en\/#website\",\"url\":\"https:\/\/voyagesimpressionnistes.com\/en\/\",\"name\":\"Impressionist adventures\",\"description\":\"Inspiring moments\",\"publisher\":{\"@id\":\"https:\/\/voyagesimpressionnistes.com\/en\/#organization\"},\"potentialAction\":[{\"@type\":\"SearchAction\",\"target\":{\"@type\":\"EntryPoint\",\"urlTemplate\":\"https:\/\/voyagesimpressionnistes.com\/en\/?s={search_term_string}\"},\"query-input\":{\"@type\":\"PropertyValueSpecification\",\"valueRequired\":true,\"valueName\":\"search_term_string\"}}],\"inLanguage\":\"en-US\"},{\"@type\":\"Organization\",\"@id\":\"https:\/\/voyagesimpressionnistes.com\/en\/#organization\",\"name\":\"Voyages Impressionnistes\",\"url\":\"https:\/\/voyagesimpressionnistes.com\/en\/\",\"logo\":{\"@type\":\"ImageObject\",\"inLanguage\":\"en-US\",\"@id\":\"https:\/\/voyagesimpressionnistes.com\/en\/#\/schema\/logo\/image\/\",\"url\":\"https:\/\/voyagesimpressionnistes.com\/wp-content\/uploads\/2021\/06\/vi-logo-507x216-1.svg\",\"contentUrl\":\"https:\/\/voyagesimpressionnistes.com\/wp-content\/uploads\/2021\/06\/vi-logo-507x216-1.svg\",\"width\":507,\"height\":216,\"caption\":\"Voyages Impressionnistes\"},\"image\":{\"@id\":\"https:\/\/voyagesimpressionnistes.com\/en\/#\/schema\/logo\/image\/\"},\"sameAs\":[\"https:\/\/www.facebook.com\/LesVoyagesImpressionnistes\/\"]},{\"@type\":\"Person\",\"@id\":\"https:\/\/voyagesimpressionnistes.com\/en\/#\/schema\/person\/78c37c19aa7ae1bd6f4902f296c80e5f\",\"name\":\"Phane\",\"image\":{\"@type\":\"ImageObject\",\"inLanguage\":\"en-US\",\"@id\":\"https:\/\/voyagesimpressionnistes.com\/en\/#\/schema\/person\/image\/\",\"url\":\"https:\/\/secure.gravatar.com\/avatar\/ea705fa375f21b62a2facac16bc19ee8d664629e3399a374a188d355bc5d00b9?s=96&d=mm&r=g\",\"contentUrl\":\"https:\/\/secure.gravatar.com\/avatar\/ea705fa375f21b62a2facac16bc19ee8d664629e3399a374a188d355bc5d00b9?s=96&d=mm&r=g\",\"caption\":\"Phane\"}}]}<\/script>\n<!-- \/ Yoast SEO plugin. -->","yoast_head_json":{"title":"Les Gla\u00e7ons \u00e0 Vernon. Claude Monet - Impressionist adventures","description":"Venez d\u00e9couvrir l'accrochage exceptionnel \"Les Gla\u00e7ons\" de Claude Monet \u00e0 Vernon, au Mus\u00e9e Blanche Hosched\u00e9-Monet, pr\u00eat du Mus\u00e9e d'Orsay.","robots":{"index":"index","follow":"follow","max-snippet":"max-snippet:-1","max-image-preview":"max-image-preview:large","max-video-preview":"max-video-preview:-1"},"canonical":"https:\/\/voyagesimpressionnistes.com\/en\/giverny-its-surroundings\/100-oeuvres-qui-racontent-le-climat-claude-monet-les-glacons-a-vernon\/","og_locale":"en_US","og_type":"article","og_title":"Les Gla\u00e7ons \u00e0 Vernon. Claude Monet - Impressionist adventures","og_description":"Venez d\u00e9couvrir l'accrochage exceptionnel \"Les Gla\u00e7ons\" de Claude Monet \u00e0 Vernon, au Mus\u00e9e Blanche Hosched\u00e9-Monet, pr\u00eat du Mus\u00e9e d'Orsay.","og_url":"https:\/\/voyagesimpressionnistes.com\/en\/giverny-its-surroundings\/100-oeuvres-qui-racontent-le-climat-claude-monet-les-glacons-a-vernon\/","og_site_name":"Impressionist adventures","article_publisher":"https:\/\/www.facebook.com\/LesVoyagesImpressionnistes\/","article_published_time":"2025-05-26T13:31:50+00:00","article_modified_time":"2025-07-03T09:34:36+00:00","og_image":[{"width":504,"height":611,"url":"https:\/\/voyagesimpressionnistes.com\/wp-content\/uploads\/2025\/05\/Exposition-Les-Glacons.jpg","type":"image\/jpeg"}],"author":"Phane","twitter_card":"summary_large_image","twitter_misc":{"Written by":"Phane","Est. reading time":"1 minute"},"schema":{"@context":"https:\/\/schema.org","@graph":[{"@type":["Article","BlogPosting"],"@id":"https:\/\/voyagesimpressionnistes.com\/en\/giverny-its-surroundings\/100-oeuvres-qui-racontent-le-climat-claude-monet-les-glacons-a-vernon\/#article","isPartOf":{"@id":"https:\/\/voyagesimpressionnistes.com\/en\/giverny-its-surroundings\/100-oeuvres-qui-racontent-le-climat-claude-monet-les-glacons-a-vernon\/"},"author":{"name":"Phane","@id":"https:\/\/voyagesimpressionnistes.com\/en\/#\/schema\/person\/78c37c19aa7ae1bd6f4902f296c80e5f"},"headline":"Claude Monet. Les Gla\u00e7ons \u00e0 Vernon","datePublished":"2025-05-26T13:31:50+00:00","dateModified":"2025-07-03T09:34:36+00:00","mainEntityOfPage":{"@id":"https:\/\/voyagesimpressionnistes.com\/en\/giverny-its-surroundings\/100-oeuvres-qui-racontent-le-climat-claude-monet-les-glacons-a-vernon\/"},"wordCount":184,"publisher":{"@id":"https:\/\/voyagesimpressionnistes.com\/en\/#organization"},"image":{"@id":"https:\/\/voyagesimpressionnistes.com\/en\/giverny-its-surroundings\/100-oeuvres-qui-racontent-le-climat-claude-monet-les-glacons-a-vernon\/#primaryimage"},"thumbnailUrl":"https:\/\/voyagesimpressionnistes.com\/wp-content\/uploads\/2025\/05\/Exposition-Les-Glacons.jpg","keywords":["Diary"],"articleSection":["Giverny &amp; its surroundings"],"inLanguage":"en-US"},{"@type":"WebPage","@id":"https:\/\/voyagesimpressionnistes.com\/en\/giverny-its-surroundings\/100-oeuvres-qui-racontent-le-climat-claude-monet-les-glacons-a-vernon\/","url":"https:\/\/voyagesimpressionnistes.com\/en\/giverny-its-surroundings\/100-oeuvres-qui-racontent-le-climat-claude-monet-les-glacons-a-vernon\/","name":"Les Gla\u00e7ons \u00e0 Vernon. Claude Monet - Impressionist adventures","isPartOf":{"@id":"https:\/\/voyagesimpressionnistes.com\/en\/#website"},"primaryImageOfPage":{"@id":"https:\/\/voyagesimpressionnistes.com\/en\/giverny-its-surroundings\/100-oeuvres-qui-racontent-le-climat-claude-monet-les-glacons-a-vernon\/#primaryimage"},"image":{"@id":"https:\/\/voyagesimpressionnistes.com\/en\/giverny-its-surroundings\/100-oeuvres-qui-racontent-le-climat-claude-monet-les-glacons-a-vernon\/#primaryimage"},"thumbnailUrl":"https:\/\/voyagesimpressionnistes.com\/wp-content\/uploads\/2025\/05\/Exposition-Les-Glacons.jpg","datePublished":"2025-05-26T13:31:50+00:00","dateModified":"2025-07-03T09:34:36+00:00","description":"Venez d\u00e9couvrir l'accrochage exceptionnel \"Les Gla\u00e7ons\" de Claude Monet \u00e0 Vernon, au Mus\u00e9e Blanche Hosched\u00e9-Monet, pr\u00eat du Mus\u00e9e d'Orsay.","breadcrumb":{"@id":"https:\/\/voyagesimpressionnistes.com\/en\/giverny-its-surroundings\/100-oeuvres-qui-racontent-le-climat-claude-monet-les-glacons-a-vernon\/#breadcrumb"},"inLanguage":"en-US","potentialAction":[{"@type":"ReadAction","target":["https:\/\/voyagesimpressionnistes.com\/en\/giverny-its-surroundings\/100-oeuvres-qui-racontent-le-climat-claude-monet-les-glacons-a-vernon\/"]}]},{"@type":"ImageObject","inLanguage":"en-US","@id":"https:\/\/voyagesimpressionnistes.com\/en\/giverny-its-surroundings\/100-oeuvres-qui-racontent-le-climat-claude-monet-les-glacons-a-vernon\/#primaryimage","url":"https:\/\/voyagesimpressionnistes.com\/wp-content\/uploads\/2025\/05\/Exposition-Les-Glacons.jpg","contentUrl":"https:\/\/voyagesimpressionnistes.com\/wp-content\/uploads\/2025\/05\/Exposition-Les-Glacons.jpg","width":504,"height":611,"caption":"Les Gla\u00e7ons \u00e0 Vernon (Claude Monet), accrochage au Mus\u00e9e Blanche Hosched\u00e9-Monet"},{"@type":"BreadcrumbList","@id":"https:\/\/voyagesimpressionnistes.com\/en\/giverny-its-surroundings\/100-oeuvres-qui-racontent-le-climat-claude-monet-les-glacons-a-vernon\/#breadcrumb","itemListElement":[{"@type":"ListItem","position":1,"name":"Giverny &amp; its surroundings","item":"https:\/\/voyagesimpressionnistes.com\/en\/giverny-its-surroundings\/"},{"@type":"ListItem","position":2,"name":"Claude Monet. Les Gla\u00e7ons \u00e0 Vernon"}]},{"@type":"WebSite","@id":"https:\/\/voyagesimpressionnistes.com\/en\/#website","url":"https:\/\/voyagesimpressionnistes.com\/en\/","name":"Impressionist adventures","description":"Inspiring moments","publisher":{"@id":"https:\/\/voyagesimpressionnistes.com\/en\/#organization"},"potentialAction":[{"@type":"SearchAction","target":{"@type":"EntryPoint","urlTemplate":"https:\/\/voyagesimpressionnistes.com\/en\/?s={search_term_string}"},"query-input":{"@type":"PropertyValueSpecification","valueRequired":true,"valueName":"search_term_string"}}],"inLanguage":"en-US"},{"@type":"Organization","@id":"https:\/\/voyagesimpressionnistes.com\/en\/#organization","name":"Voyages Impressionnistes","url":"https:\/\/voyagesimpressionnistes.com\/en\/","logo":{"@type":"ImageObject","inLanguage":"en-US","@id":"https:\/\/voyagesimpressionnistes.com\/en\/#\/schema\/logo\/image\/","url":"https:\/\/voyagesimpressionnistes.com\/wp-content\/uploads\/2021\/06\/vi-logo-507x216-1.svg","contentUrl":"https:\/\/voyagesimpressionnistes.com\/wp-content\/uploads\/2021\/06\/vi-logo-507x216-1.svg","width":507,"height":216,"caption":"Voyages Impressionnistes"},"image":{"@id":"https:\/\/voyagesimpressionnistes.com\/en\/#\/schema\/logo\/image\/"},"sameAs":["https:\/\/www.facebook.com\/LesVoyagesImpressionnistes\/"]},{"@type":"Person","@id":"https:\/\/voyagesimpressionnistes.com\/en\/#\/schema\/person\/78c37c19aa7ae1bd6f4902f296c80e5f","name":"Phane","image":{"@type":"ImageObject","inLanguage":"en-US","@id":"https:\/\/voyagesimpressionnistes.com\/en\/#\/schema\/person\/image\/","url":"https:\/\/secure.gravatar.com\/avatar\/ea705fa375f21b62a2facac16bc19ee8d664629e3399a374a188d355bc5d00b9?s=96&d=mm&r=g","contentUrl":"https:\/\/secure.gravatar.com\/avatar\/ea705fa375f21b62a2facac16bc19ee8d664629e3399a374a188d355bc5d00b9?s=96&d=mm&r=g","caption":"Phane"}}]}},"jetpack_featured_media_url":"https:\/\/voyagesimpressionnistes.com\/wp-content\/uploads\/2025\/05\/Exposition-Les-Glacons.jpg","jetpack_sharing_enabled":true,"_links":{"self":[{"href":"https:\/\/voyagesimpressionnistes.com\/en\/wp-json\/wp\/v2\/posts\/14537","targetHints":{"allow":["GET"]}}],"collection":[{"href":"https:\/\/voyagesimpressionnistes.com\/en\/wp-json\/wp\/v2\/posts"}],"about":[{"href":"https:\/\/voyagesimpressionnistes.com\/en\/wp-json\/wp\/v2\/types\/post"}],"author":[{"embeddable":true,"href":"https:\/\/voyagesimpressionnistes.com\/en\/wp-json\/wp\/v2\/users\/2"}],"replies":[{"embeddable":true,"href":"https:\/\/voyagesimpressionnistes.com\/en\/wp-json\/wp\/v2\/comments?post=14537"}],"version-history":[{"count":4,"href":"https:\/\/voyagesimpressionnistes.com\/en\/wp-json\/wp\/v2\/posts\/14537\/revisions"}],"predecessor-version":[{"id":14945,"href":"https:\/\/voyagesimpressionnistes.com\/en\/wp-json\/wp\/v2\/posts\/14537\/revisions\/14945"}],"wp:featuredmedia":[{"embeddable":true,"href":"https:\/\/voyagesimpressionnistes.com\/en\/wp-json\/wp\/v2\/media\/14645"}],"wp:attachment":[{"href":"https:\/\/voyagesimpressionnistes.com\/en\/wp-json\/wp\/v2\/media?parent=14537"}],"wp:term":[{"taxonomy":"category","embeddable":true,"href":"https:\/\/voyagesimpressionnistes.com\/en\/wp-json\/wp\/v2\/categories?post=14537"},{"taxonomy":"slider_une","embeddable":true,"href":"https:\/\/voyagesimpressionnistes.com\/en\/wp-json\/wp\/v2\/slider_une?post=14537"},{"taxonomy":"regions","embeddable":true,"href":"https:\/\/voyagesimpressionnistes.com\/en\/wp-json\/wp\/v2\/regions?post=14537"},{"taxonomy":"coups_coeur","embeddable":true,"href":"https:\/\/voyagesimpressionnistes.com\/en\/wp-json\/wp\/v2\/coups_coeur?post=14537"},{"taxonomy":"inspiration-type","embeddable":true,"href":"https:\/\/voyagesimpressionnistes.com\/en\/wp-json\/wp\/v2\/inspiration-type?post=14537"},{"taxonomy":"label","embeddable":true,"href":"https:\/\/voyagesimpressionnistes.com\/en\/wp-json\/wp\/v2\/label?post=14537"},{"taxonomy":"categories-agenda","embeddable":true,"href":"https:\/\/voyagesimpressionnistes.com\/en\/wp-json\/wp\/v2\/categories-agenda?post=14537"}],"curies":[{"name":"wp","href":"https:\/\/api.w.org\/{rel}","templated":true}]}}