{"id":15363,"date":"2025-09-25T12:46:57","date_gmt":"2025-09-25T10:46:57","guid":{"rendered":"https:\/\/voyagesimpressionnistes.com\/?p=15363"},"modified":"2025-11-25T12:06:08","modified_gmt":"2025-11-25T11:06:08","slug":"enfance-impressionniste-de-cecile-delile-rencontre-et-dedicace","status":"publish","type":"post","link":"https:\/\/voyagesimpressionnistes.com\/en\/cote-albatre\/enfance-impressionniste-de-cecile-delile-rencontre-et-dedicace\/","title":{"rendered":"<em>Enfance impressionniste<\/em> de C\u00e9cile Del\u00eele : rencontre et d\u00e9dicace"},"content":{"rendered":"<p>Pour sa saison 2025-2026, le <a href=\"https:\/\/voyagesimpressionnistes.com\/en\/cote-albatre\/musee-des-pecheries\/\">Mus\u00e9e des P\u00eacheries<\/a> \u00e0 F\u00e9camp enrichit sa programmation avec &#8220;Les rendez-vous de la boutique&#8221;, des sessions de rencontres avec des auteurs et des autrices dans son auditorium. Le samedi 22 novembre 2025, de 15h \u00e0 16h30, le 1<sup>er<\/sup> rendez-vous est donn\u00e9 \u00e0 C\u00e9cile Del\u00eele qui pr\u00e9sentera son dernier ouvrage <em>Enfance impressionniste<\/em>, suivi d\u2019une d\u00e9dicace.<\/p>\n<blockquote><p>En peignant l\u2019enfance, les artistes impressionnistes ont attrap\u00e9 sa fugacit\u00e9 comme un coup de vent, fix\u00e9 l\u2019instant pr\u00e9sent et \u00e9labor\u00e9 la quintessence de leur art. Je c\u00e8de \u00e0 ce d\u00e9sir, entre les plantes sauvages et parfum\u00e9es, l\u2019eau claire, le sable, la pierre rougie par le soleil, le murmure de la campagne et de la ville, de le d\u00e9voiler\u2026<\/p><\/blockquote>\n<p style=\"text-align: right;\">C\u00e9cile Del\u00eele, autrice d&#8217;<em>Enfance impressionniste<\/em><\/p>\n<p>Cette rencontre est libre et gratuite, dans la limite des places disponibles.<\/p>\n<p>&nbsp;<\/p>\n<p>&nbsp;<\/p>\n","protected":false},"excerpt":{"rendered":"<p>Pour sa saison 2025-2026, le Mus\u00e9e des P\u00eacheries \u00e0 F\u00e9camp  [&#8230;]<\/p>\n","protected":false},"author":2,"featured_media":15362,"comment_status":"closed","ping_status":"closed","sticky":false,"template":"","format":"standard","meta":{"_acf_changed":false,"inline_featured_image":false,"_jetpack_memberships_contains_paid_content":false,"footnotes":""},"categories":[85],"slider_une":[],"regions":[133],"coups_coeur":[],"inspiration-type":[],"label":[],"categories-agenda":[179],"class_list":["post-15363","post","type-post","status-publish","format-standard","has-post-thumbnail","hentry","category-cote-albatre","tag-diary","regions-normandy","categories-agenda-conference-en"],"acf":[],"yoast_head":"<!-- This site is optimized with the Yoast SEO plugin v26.3 - https:\/\/yoast.com\/wordpress\/plugins\/seo\/ -->\n<title>Enfance impressionniste C\u00e9cile Del\u00eele \u00e0 F\u00e9camp - Impressionist adventures<\/title>\n<meta name=\"description\" content=\"Assistez \u00e0 une rencontre et une s\u00e9ance de d\u00e9dicace avec C\u00e9cile Del\u00eele autour de son nouveau livre &quot;Enfance impressionniste&quot;, aux P\u00eacheries.\" \/>\n<meta name=\"robots\" content=\"index, follow, max-snippet:-1, max-image-preview:large, max-video-preview:-1\" \/>\n<link rel=\"canonical\" href=\"https:\/\/voyagesimpressionnistes.com\/en\/cote-albatre\/enfance-impressionniste-de-cecile-delile-rencontre-et-dedicace\/\" \/>\n<meta property=\"og:locale\" content=\"en_US\" \/>\n<meta property=\"og:type\" content=\"article\" \/>\n<meta property=\"og:title\" content=\"Enfance impressionniste C\u00e9cile Del\u00eele \u00e0 F\u00e9camp - Impressionist adventures\" \/>\n<meta property=\"og:description\" content=\"Assistez \u00e0 une rencontre et une s\u00e9ance de d\u00e9dicace avec C\u00e9cile Del\u00eele autour de son nouveau livre &quot;Enfance impressionniste&quot;, aux P\u00eacheries.\" \/>\n<meta property=\"og:url\" content=\"https:\/\/voyagesimpressionnistes.com\/en\/cote-albatre\/enfance-impressionniste-de-cecile-delile-rencontre-et-dedicace\/\" \/>\n<meta property=\"og:site_name\" content=\"Impressionist adventures\" \/>\n<meta property=\"article:publisher\" content=\"https:\/\/www.facebook.com\/LesVoyagesImpressionnistes\/\" \/>\n<meta property=\"article:published_time\" content=\"2025-09-25T10:46:57+00:00\" \/>\n<meta property=\"article:modified_time\" content=\"2025-11-25T11:06:08+00:00\" \/>\n<meta property=\"og:image\" content=\"https:\/\/voyagesimpressionnistes.com\/wp-content\/uploads\/2025\/09\/250624-Photos-cafe-museo-boutiques-Louise-Legeleux-la-Fabrique-de-Patrimoine-07-Copie-scaled-1.jpeg\" \/>\n\t<meta property=\"og:image:width\" content=\"2560\" \/>\n\t<meta property=\"og:image:height\" content=\"1786\" \/>\n\t<meta property=\"og:image:type\" content=\"image\/jpeg\" \/>\n<meta name=\"author\" content=\"Phane\" \/>\n<meta name=\"twitter:card\" content=\"summary_large_image\" \/>\n<meta name=\"twitter:label1\" content=\"Written by\" \/>\n\t<meta name=\"twitter:data1\" content=\"Phane\" \/>\n\t<meta name=\"twitter:label2\" content=\"Est. reading time\" \/>\n\t<meta name=\"twitter:data2\" content=\"1 minute\" \/>\n<script type=\"application\/ld+json\" class=\"yoast-schema-graph\">{\"@context\":\"https:\/\/schema.org\",\"@graph\":[{\"@type\":[\"Article\",\"BlogPosting\"],\"@id\":\"https:\/\/voyagesimpressionnistes.com\/en\/cote-albatre\/enfance-impressionniste-de-cecile-delile-rencontre-et-dedicace\/#article\",\"isPartOf\":{\"@id\":\"https:\/\/voyagesimpressionnistes.com\/en\/cote-albatre\/enfance-impressionniste-de-cecile-delile-rencontre-et-dedicace\/\"},\"author\":{\"name\":\"Phane\",\"@id\":\"https:\/\/voyagesimpressionnistes.com\/en\/#\/schema\/person\/78c37c19aa7ae1bd6f4902f296c80e5f\"},\"headline\":\"Enfance impressionniste de C\u00e9cile Del\u00eele : rencontre et d\u00e9dicace\",\"datePublished\":\"2025-09-25T10:46:57+00:00\",\"dateModified\":\"2025-11-25T11:06:08+00:00\",\"mainEntityOfPage\":{\"@id\":\"https:\/\/voyagesimpressionnistes.com\/en\/cote-albatre\/enfance-impressionniste-de-cecile-delile-rencontre-et-dedicace\/\"},\"wordCount\":160,\"publisher\":{\"@id\":\"https:\/\/voyagesimpressionnistes.com\/en\/#organization\"},\"image\":{\"@id\":\"https:\/\/voyagesimpressionnistes.com\/en\/cote-albatre\/enfance-impressionniste-de-cecile-delile-rencontre-et-dedicace\/#primaryimage\"},\"thumbnailUrl\":\"https:\/\/voyagesimpressionnistes.com\/wp-content\/uploads\/2025\/09\/250624-Photos-cafe-museo-boutiques-Louise-Legeleux-la-Fabrique-de-Patrimoine-07-Copie-scaled-1.jpeg\",\"keywords\":[\"Diary\"],\"articleSection\":[\"The C\u00f4te d\u2019Alb\u00e2tre\"],\"inLanguage\":\"en-US\"},{\"@type\":\"WebPage\",\"@id\":\"https:\/\/voyagesimpressionnistes.com\/en\/cote-albatre\/enfance-impressionniste-de-cecile-delile-rencontre-et-dedicace\/\",\"url\":\"https:\/\/voyagesimpressionnistes.com\/en\/cote-albatre\/enfance-impressionniste-de-cecile-delile-rencontre-et-dedicace\/\",\"name\":\"Enfance impressionniste C\u00e9cile Del\u00eele \u00e0 F\u00e9camp - Impressionist adventures\",\"isPartOf\":{\"@id\":\"https:\/\/voyagesimpressionnistes.com\/en\/#website\"},\"primaryImageOfPage\":{\"@id\":\"https:\/\/voyagesimpressionnistes.com\/en\/cote-albatre\/enfance-impressionniste-de-cecile-delile-rencontre-et-dedicace\/#primaryimage\"},\"image\":{\"@id\":\"https:\/\/voyagesimpressionnistes.com\/en\/cote-albatre\/enfance-impressionniste-de-cecile-delile-rencontre-et-dedicace\/#primaryimage\"},\"thumbnailUrl\":\"https:\/\/voyagesimpressionnistes.com\/wp-content\/uploads\/2025\/09\/250624-Photos-cafe-museo-boutiques-Louise-Legeleux-la-Fabrique-de-Patrimoine-07-Copie-scaled-1.jpeg\",\"datePublished\":\"2025-09-25T10:46:57+00:00\",\"dateModified\":\"2025-11-25T11:06:08+00:00\",\"description\":\"Assistez \u00e0 une rencontre et une s\u00e9ance de d\u00e9dicace avec C\u00e9cile Del\u00eele autour de son nouveau livre \\\"Enfance impressionniste\\\", aux P\u00eacheries.\",\"breadcrumb\":{\"@id\":\"https:\/\/voyagesimpressionnistes.com\/en\/cote-albatre\/enfance-impressionniste-de-cecile-delile-rencontre-et-dedicace\/#breadcrumb\"},\"inLanguage\":\"en-US\",\"potentialAction\":[{\"@type\":\"ReadAction\",\"target\":[\"https:\/\/voyagesimpressionnistes.com\/en\/cote-albatre\/enfance-impressionniste-de-cecile-delile-rencontre-et-dedicace\/\"]}]},{\"@type\":\"ImageObject\",\"inLanguage\":\"en-US\",\"@id\":\"https:\/\/voyagesimpressionnistes.com\/en\/cote-albatre\/enfance-impressionniste-de-cecile-delile-rencontre-et-dedicace\/#primaryimage\",\"url\":\"https:\/\/voyagesimpressionnistes.com\/wp-content\/uploads\/2025\/09\/250624-Photos-cafe-museo-boutiques-Louise-Legeleux-la-Fabrique-de-Patrimoine-07-Copie-scaled-1.jpeg\",\"contentUrl\":\"https:\/\/voyagesimpressionnistes.com\/wp-content\/uploads\/2025\/09\/250624-Photos-cafe-museo-boutiques-Louise-Legeleux-la-Fabrique-de-Patrimoine-07-Copie-scaled-1.jpeg\",\"width\":2560,\"height\":1786,\"caption\":\"Rencontre d\u00e9dicace autour d'Enfance impressionniste de C\u00e9cile Del\u00eele au Mus\u00e9e des P\u00eacheries de F\u00e9camp\"},{\"@type\":\"BreadcrumbList\",\"@id\":\"https:\/\/voyagesimpressionnistes.com\/en\/cote-albatre\/enfance-impressionniste-de-cecile-delile-rencontre-et-dedicace\/#breadcrumb\",\"itemListElement\":[{\"@type\":\"ListItem\",\"position\":1,\"name\":\"The C\u00f4te d\u2019Alb\u00e2tre\",\"item\":\"https:\/\/voyagesimpressionnistes.com\/en\/cote-albatre\/\"},{\"@type\":\"ListItem\",\"position\":2,\"name\":\"Enfance impressionniste de C\u00e9cile Del\u00eele : rencontre et d\u00e9dicace\"}]},{\"@type\":\"WebSite\",\"@id\":\"https:\/\/voyagesimpressionnistes.com\/en\/#website\",\"url\":\"https:\/\/voyagesimpressionnistes.com\/en\/\",\"name\":\"Impressionist adventures\",\"description\":\"Inspiring moments\",\"publisher\":{\"@id\":\"https:\/\/voyagesimpressionnistes.com\/en\/#organization\"},\"potentialAction\":[{\"@type\":\"SearchAction\",\"target\":{\"@type\":\"EntryPoint\",\"urlTemplate\":\"https:\/\/voyagesimpressionnistes.com\/en\/?s={search_term_string}\"},\"query-input\":{\"@type\":\"PropertyValueSpecification\",\"valueRequired\":true,\"valueName\":\"search_term_string\"}}],\"inLanguage\":\"en-US\"},{\"@type\":\"Organization\",\"@id\":\"https:\/\/voyagesimpressionnistes.com\/en\/#organization\",\"name\":\"Voyages Impressionnistes\",\"url\":\"https:\/\/voyagesimpressionnistes.com\/en\/\",\"logo\":{\"@type\":\"ImageObject\",\"inLanguage\":\"en-US\",\"@id\":\"https:\/\/voyagesimpressionnistes.com\/en\/#\/schema\/logo\/image\/\",\"url\":\"https:\/\/voyagesimpressionnistes.com\/wp-content\/uploads\/2021\/06\/vi-logo-507x216-1.svg\",\"contentUrl\":\"https:\/\/voyagesimpressionnistes.com\/wp-content\/uploads\/2021\/06\/vi-logo-507x216-1.svg\",\"width\":507,\"height\":216,\"caption\":\"Voyages Impressionnistes\"},\"image\":{\"@id\":\"https:\/\/voyagesimpressionnistes.com\/en\/#\/schema\/logo\/image\/\"},\"sameAs\":[\"https:\/\/www.facebook.com\/LesVoyagesImpressionnistes\/\"]},{\"@type\":\"Person\",\"@id\":\"https:\/\/voyagesimpressionnistes.com\/en\/#\/schema\/person\/78c37c19aa7ae1bd6f4902f296c80e5f\",\"name\":\"Phane\",\"image\":{\"@type\":\"ImageObject\",\"inLanguage\":\"en-US\",\"@id\":\"https:\/\/voyagesimpressionnistes.com\/en\/#\/schema\/person\/image\/\",\"url\":\"https:\/\/secure.gravatar.com\/avatar\/ea705fa375f21b62a2facac16bc19ee8d664629e3399a374a188d355bc5d00b9?s=96&d=mm&r=g\",\"contentUrl\":\"https:\/\/secure.gravatar.com\/avatar\/ea705fa375f21b62a2facac16bc19ee8d664629e3399a374a188d355bc5d00b9?s=96&d=mm&r=g\",\"caption\":\"Phane\"}}]}<\/script>\n<!-- \/ Yoast SEO plugin. -->","yoast_head_json":{"title":"Enfance impressionniste C\u00e9cile Del\u00eele \u00e0 F\u00e9camp - Impressionist adventures","description":"Assistez \u00e0 une rencontre et une s\u00e9ance de d\u00e9dicace avec C\u00e9cile Del\u00eele autour de son nouveau livre \"Enfance impressionniste\", aux P\u00eacheries.","robots":{"index":"index","follow":"follow","max-snippet":"max-snippet:-1","max-image-preview":"max-image-preview:large","max-video-preview":"max-video-preview:-1"},"canonical":"https:\/\/voyagesimpressionnistes.com\/en\/cote-albatre\/enfance-impressionniste-de-cecile-delile-rencontre-et-dedicace\/","og_locale":"en_US","og_type":"article","og_title":"Enfance impressionniste C\u00e9cile Del\u00eele \u00e0 F\u00e9camp - Impressionist adventures","og_description":"Assistez \u00e0 une rencontre et une s\u00e9ance de d\u00e9dicace avec C\u00e9cile Del\u00eele autour de son nouveau livre \"Enfance impressionniste\", aux P\u00eacheries.","og_url":"https:\/\/voyagesimpressionnistes.com\/en\/cote-albatre\/enfance-impressionniste-de-cecile-delile-rencontre-et-dedicace\/","og_site_name":"Impressionist adventures","article_publisher":"https:\/\/www.facebook.com\/LesVoyagesImpressionnistes\/","article_published_time":"2025-09-25T10:46:57+00:00","article_modified_time":"2025-11-25T11:06:08+00:00","og_image":[{"width":2560,"height":1786,"url":"https:\/\/voyagesimpressionnistes.com\/wp-content\/uploads\/2025\/09\/250624-Photos-cafe-museo-boutiques-Louise-Legeleux-la-Fabrique-de-Patrimoine-07-Copie-scaled-1.jpeg","type":"image\/jpeg"}],"author":"Phane","twitter_card":"summary_large_image","twitter_misc":{"Written by":"Phane","Est. reading time":"1 minute"},"schema":{"@context":"https:\/\/schema.org","@graph":[{"@type":["Article","BlogPosting"],"@id":"https:\/\/voyagesimpressionnistes.com\/en\/cote-albatre\/enfance-impressionniste-de-cecile-delile-rencontre-et-dedicace\/#article","isPartOf":{"@id":"https:\/\/voyagesimpressionnistes.com\/en\/cote-albatre\/enfance-impressionniste-de-cecile-delile-rencontre-et-dedicace\/"},"author":{"name":"Phane","@id":"https:\/\/voyagesimpressionnistes.com\/en\/#\/schema\/person\/78c37c19aa7ae1bd6f4902f296c80e5f"},"headline":"Enfance impressionniste de C\u00e9cile Del\u00eele : rencontre et d\u00e9dicace","datePublished":"2025-09-25T10:46:57+00:00","dateModified":"2025-11-25T11:06:08+00:00","mainEntityOfPage":{"@id":"https:\/\/voyagesimpressionnistes.com\/en\/cote-albatre\/enfance-impressionniste-de-cecile-delile-rencontre-et-dedicace\/"},"wordCount":160,"publisher":{"@id":"https:\/\/voyagesimpressionnistes.com\/en\/#organization"},"image":{"@id":"https:\/\/voyagesimpressionnistes.com\/en\/cote-albatre\/enfance-impressionniste-de-cecile-delile-rencontre-et-dedicace\/#primaryimage"},"thumbnailUrl":"https:\/\/voyagesimpressionnistes.com\/wp-content\/uploads\/2025\/09\/250624-Photos-cafe-museo-boutiques-Louise-Legeleux-la-Fabrique-de-Patrimoine-07-Copie-scaled-1.jpeg","keywords":["Diary"],"articleSection":["The C\u00f4te d\u2019Alb\u00e2tre"],"inLanguage":"en-US"},{"@type":"WebPage","@id":"https:\/\/voyagesimpressionnistes.com\/en\/cote-albatre\/enfance-impressionniste-de-cecile-delile-rencontre-et-dedicace\/","url":"https:\/\/voyagesimpressionnistes.com\/en\/cote-albatre\/enfance-impressionniste-de-cecile-delile-rencontre-et-dedicace\/","name":"Enfance impressionniste C\u00e9cile Del\u00eele \u00e0 F\u00e9camp - Impressionist adventures","isPartOf":{"@id":"https:\/\/voyagesimpressionnistes.com\/en\/#website"},"primaryImageOfPage":{"@id":"https:\/\/voyagesimpressionnistes.com\/en\/cote-albatre\/enfance-impressionniste-de-cecile-delile-rencontre-et-dedicace\/#primaryimage"},"image":{"@id":"https:\/\/voyagesimpressionnistes.com\/en\/cote-albatre\/enfance-impressionniste-de-cecile-delile-rencontre-et-dedicace\/#primaryimage"},"thumbnailUrl":"https:\/\/voyagesimpressionnistes.com\/wp-content\/uploads\/2025\/09\/250624-Photos-cafe-museo-boutiques-Louise-Legeleux-la-Fabrique-de-Patrimoine-07-Copie-scaled-1.jpeg","datePublished":"2025-09-25T10:46:57+00:00","dateModified":"2025-11-25T11:06:08+00:00","description":"Assistez \u00e0 une rencontre et une s\u00e9ance de d\u00e9dicace avec C\u00e9cile Del\u00eele autour de son nouveau livre \"Enfance impressionniste\", aux P\u00eacheries.","breadcrumb":{"@id":"https:\/\/voyagesimpressionnistes.com\/en\/cote-albatre\/enfance-impressionniste-de-cecile-delile-rencontre-et-dedicace\/#breadcrumb"},"inLanguage":"en-US","potentialAction":[{"@type":"ReadAction","target":["https:\/\/voyagesimpressionnistes.com\/en\/cote-albatre\/enfance-impressionniste-de-cecile-delile-rencontre-et-dedicace\/"]}]},{"@type":"ImageObject","inLanguage":"en-US","@id":"https:\/\/voyagesimpressionnistes.com\/en\/cote-albatre\/enfance-impressionniste-de-cecile-delile-rencontre-et-dedicace\/#primaryimage","url":"https:\/\/voyagesimpressionnistes.com\/wp-content\/uploads\/2025\/09\/250624-Photos-cafe-museo-boutiques-Louise-Legeleux-la-Fabrique-de-Patrimoine-07-Copie-scaled-1.jpeg","contentUrl":"https:\/\/voyagesimpressionnistes.com\/wp-content\/uploads\/2025\/09\/250624-Photos-cafe-museo-boutiques-Louise-Legeleux-la-Fabrique-de-Patrimoine-07-Copie-scaled-1.jpeg","width":2560,"height":1786,"caption":"Rencontre d\u00e9dicace autour d'Enfance impressionniste de C\u00e9cile Del\u00eele au Mus\u00e9e des P\u00eacheries de F\u00e9camp"},{"@type":"BreadcrumbList","@id":"https:\/\/voyagesimpressionnistes.com\/en\/cote-albatre\/enfance-impressionniste-de-cecile-delile-rencontre-et-dedicace\/#breadcrumb","itemListElement":[{"@type":"ListItem","position":1,"name":"The C\u00f4te d\u2019Alb\u00e2tre","item":"https:\/\/voyagesimpressionnistes.com\/en\/cote-albatre\/"},{"@type":"ListItem","position":2,"name":"Enfance impressionniste de C\u00e9cile Del\u00eele : rencontre et d\u00e9dicace"}]},{"@type":"WebSite","@id":"https:\/\/voyagesimpressionnistes.com\/en\/#website","url":"https:\/\/voyagesimpressionnistes.com\/en\/","name":"Impressionist adventures","description":"Inspiring moments","publisher":{"@id":"https:\/\/voyagesimpressionnistes.com\/en\/#organization"},"potentialAction":[{"@type":"SearchAction","target":{"@type":"EntryPoint","urlTemplate":"https:\/\/voyagesimpressionnistes.com\/en\/?s={search_term_string}"},"query-input":{"@type":"PropertyValueSpecification","valueRequired":true,"valueName":"search_term_string"}}],"inLanguage":"en-US"},{"@type":"Organization","@id":"https:\/\/voyagesimpressionnistes.com\/en\/#organization","name":"Voyages Impressionnistes","url":"https:\/\/voyagesimpressionnistes.com\/en\/","logo":{"@type":"ImageObject","inLanguage":"en-US","@id":"https:\/\/voyagesimpressionnistes.com\/en\/#\/schema\/logo\/image\/","url":"https:\/\/voyagesimpressionnistes.com\/wp-content\/uploads\/2021\/06\/vi-logo-507x216-1.svg","contentUrl":"https:\/\/voyagesimpressionnistes.com\/wp-content\/uploads\/2021\/06\/vi-logo-507x216-1.svg","width":507,"height":216,"caption":"Voyages Impressionnistes"},"image":{"@id":"https:\/\/voyagesimpressionnistes.com\/en\/#\/schema\/logo\/image\/"},"sameAs":["https:\/\/www.facebook.com\/LesVoyagesImpressionnistes\/"]},{"@type":"Person","@id":"https:\/\/voyagesimpressionnistes.com\/en\/#\/schema\/person\/78c37c19aa7ae1bd6f4902f296c80e5f","name":"Phane","image":{"@type":"ImageObject","inLanguage":"en-US","@id":"https:\/\/voyagesimpressionnistes.com\/en\/#\/schema\/person\/image\/","url":"https:\/\/secure.gravatar.com\/avatar\/ea705fa375f21b62a2facac16bc19ee8d664629e3399a374a188d355bc5d00b9?s=96&d=mm&r=g","contentUrl":"https:\/\/secure.gravatar.com\/avatar\/ea705fa375f21b62a2facac16bc19ee8d664629e3399a374a188d355bc5d00b9?s=96&d=mm&r=g","caption":"Phane"}}]}},"jetpack_featured_media_url":"https:\/\/voyagesimpressionnistes.com\/wp-content\/uploads\/2025\/09\/250624-Photos-cafe-museo-boutiques-Louise-Legeleux-la-Fabrique-de-Patrimoine-07-Copie-scaled-1.jpeg","jetpack_sharing_enabled":true,"_links":{"self":[{"href":"https:\/\/voyagesimpressionnistes.com\/en\/wp-json\/wp\/v2\/posts\/15363","targetHints":{"allow":["GET"]}}],"collection":[{"href":"https:\/\/voyagesimpressionnistes.com\/en\/wp-json\/wp\/v2\/posts"}],"about":[{"href":"https:\/\/voyagesimpressionnistes.com\/en\/wp-json\/wp\/v2\/types\/post"}],"author":[{"embeddable":true,"href":"https:\/\/voyagesimpressionnistes.com\/en\/wp-json\/wp\/v2\/users\/2"}],"replies":[{"embeddable":true,"href":"https:\/\/voyagesimpressionnistes.com\/en\/wp-json\/wp\/v2\/comments?post=15363"}],"version-history":[{"count":7,"href":"https:\/\/voyagesimpressionnistes.com\/en\/wp-json\/wp\/v2\/posts\/15363\/revisions"}],"predecessor-version":[{"id":15724,"href":"https:\/\/voyagesimpressionnistes.com\/en\/wp-json\/wp\/v2\/posts\/15363\/revisions\/15724"}],"wp:featuredmedia":[{"embeddable":true,"href":"https:\/\/voyagesimpressionnistes.com\/en\/wp-json\/wp\/v2\/media\/15362"}],"wp:attachment":[{"href":"https:\/\/voyagesimpressionnistes.com\/en\/wp-json\/wp\/v2\/media?parent=15363"}],"wp:term":[{"taxonomy":"category","embeddable":true,"href":"https:\/\/voyagesimpressionnistes.com\/en\/wp-json\/wp\/v2\/categories?post=15363"},{"taxonomy":"slider_une","embeddable":true,"href":"https:\/\/voyagesimpressionnistes.com\/en\/wp-json\/wp\/v2\/slider_une?post=15363"},{"taxonomy":"regions","embeddable":true,"href":"https:\/\/voyagesimpressionnistes.com\/en\/wp-json\/wp\/v2\/regions?post=15363"},{"taxonomy":"coups_coeur","embeddable":true,"href":"https:\/\/voyagesimpressionnistes.com\/en\/wp-json\/wp\/v2\/coups_coeur?post=15363"},{"taxonomy":"inspiration-type","embeddable":true,"href":"https:\/\/voyagesimpressionnistes.com\/en\/wp-json\/wp\/v2\/inspiration-type?post=15363"},{"taxonomy":"label","embeddable":true,"href":"https:\/\/voyagesimpressionnistes.com\/en\/wp-json\/wp\/v2\/label?post=15363"},{"taxonomy":"categories-agenda","embeddable":true,"href":"https:\/\/voyagesimpressionnistes.com\/en\/wp-json\/wp\/v2\/categories-agenda?post=15363"}],"curies":[{"name":"wp","href":"https:\/\/api.w.org\/{rel}","templated":true}]}}