{"id":15519,"date":"2025-10-03T17:02:18","date_gmt":"2025-10-03T15:02:18","guid":{"rendered":"https:\/\/voyagesimpressionnistes.com\/uncategorized\/rueil-impressionniste\/"},"modified":"2026-02-20T12:21:08","modified_gmt":"2026-02-20T11:21:08","slug":"rueil-impressionniste","status":"publish","type":"post","link":"https:\/\/voyagesimpressionnistes.com\/en\/banks-seine\/rueil-impressionniste\/","title":{"rendered":"Rueil impressionniste"},"content":{"rendered":"<p>De septembre \u00e0 d\u00e9cembre 2025, la ville de Rueil-Malmaison poursuit la c\u00e9l\u00e9bration des <a href=\"https:\/\/voyagesimpressionnistes.com\/en\/all-areas\/impressionism-celebrates-its-150th-anniversary\/\">150 ans de l&#8217;Impressionnisme<\/a> avec une programmation riche de rendez-vous festifs, culturels et touristiques : expositions, colloque, soir\u00e9e guinguette, croisi\u00e8res, activit\u00e9s nautiques, jeux de piste, divers ateliers.<\/p>\n<p>Des moments joyeux et conviviaux \u00e0 vivre ensemble, pour petits et grands, curieux ou passionn\u00e9s, pour d\u00e9couvrir ou red\u00e9couvrir cet illustre mouvement artistique, avec la Seine comme muse des plus grands ma\u00eetres impressionnistes.<\/p>\n<h3>Colloque et guinguette : l\u2019Impressionnisme s\u2019invite \u00e0 Rueil<\/h3>\n<p>Les 27 et 28 septembre 2025, un week-end riche en \u00e9v\u00e9nements se profile au plus pr\u00e8s des bords de la Seine. Un programme riche et joyeux pour continuer \u00e0 c\u00e9l\u00e9brer les 150 ans de l&#8217;impressionnisme entre culture, d\u00e9tente et plaisir partag\u00e9 ! <\/p>\n<ul>\n<li>Colloque <em>L&#8217;impressionnisme dans le d\u00e9tail<\/em> le 27 septembre \u00e0 14h \u00e0 la M\u00e9diath\u00e8que Jacques-Baumel, pr\u00e9sid\u00e9 par Xavier Mauduit, historien, animateur et producteur de radio et de t\u00e9l\u00e9vision et avec Gr\u00e9goire Bouillier, \u00e9crivain ; F\u00e9licie Faizand de Maupeou, chercheuse post-doctorante \u00e0 l&#8217;Universit\u00e9 Paris-Nanterre; Sylvie Patry, conservatrice g\u00e9n\u00e9rale du patrimoine au mus\u00e9e d\u2019Orsay; Anne Robbins, conservatrice peinture au mus\u00e9e d&#8217;Orsay; Cl\u00e9mence Simon, m\u00e9diatrice culturelle sp\u00e9cialis\u00e9e dans l\u2019histoire de l\u2019art; B\u00e9n\u00e9dicte Tr\u00e9moli\u00e8res, restauratrice de peinture ;<\/li>\n<li>Soir\u00e9e guinguette le 27 septembre \u00e0 partir de 17h au Parc des Bords-de-Seine ;<\/li>\n<li>Croisi\u00e8re comment\u00e9e le 28 septembre \u00e0 10h30 : d\u00e9part \u00e0 la halte fluviale, Place des Impressionnistes ;<\/li>\n<li>Ateliers peinture sur \u00e9ventail au Pavillon Maurice-de-Vlaminck ou photo au <a href=\"https:\/\/voyagesimpressionnistes.com\/en\/banks-seine\/parc-des-impressionnistes\/\">Parc des Impressionnistes<\/a> le 28 septembre \u00e0 14h30.<\/li>\n<\/ul>\n<h3>Rueil impressionniste : programmation d&#8217;automne<\/h3>\n<h4>Octobre<\/h4>\n<ul>\n<li>Mercredi 8 octobre \u00e0 16h30 \u00e0 la M\u00e9diath\u00e8que Jacques-Baumel &#8211; P\u00f4le Jeunesse : lecture d&#8217;albums suivie d&#8217;un atelier de dessin pour les enfants \u00e0 partir de 4 ans ;<\/li>\n<li>Samedi 18 octobre \u00e0 16h00 \u00e0 la M\u00e9diath\u00e8que Jacques-Baumel &#8211; P\u00f4le Jeunesse : jeux de mots et autres r\u00e9bus autour de l\u2019Impressionnisme pour les enfants \u00e0 partir de 8 ans ;<\/li>\n<li>Samedi 4 octobre \u00e0 16H30 \u00e0 la M\u00e9diath\u00e8que Jacques-Baumel &#8211; Auditorium : projection du documentaire <em>La victoire de C\u00e9zanne<\/em>.<\/li>\n<\/ul>\n<h4>D\u00e9cembre<\/h4>\n<ul>\n<li>Vendredi 5 d\u00e9cembre \u00e0 20h30 \u00e0 la M\u00e9diath\u00e8que Jacques-Baumel &#8211; Auditorium : spectacle musical <em>Aller en paysage<\/em> autour de Berthe Morisot ;<\/li>\n<li>Samedi 6 d\u00e9cembre \u00e0 18h30 au Mus\u00e9e d&#8217;Histoire Locale &#8211; Salle des mariages : concert-conf\u00e9rence <em>L&#8217;impressionnisme musical<\/em> avec des \u0153uvres pour piano de Debussy, Ravel, Faur\u00e9, D&#8217;Indy, S\u00e9verac et Dupont, par Christophe Maynard, pianiste et professeur au Conservatoire de Rueil-Malmaison ;<\/li>\n<li>Du 16 d\u00e9cembre au 1<sup>er <\/sup>mars \u00e0 l&#8217;Atelier Grognard : exposition <em>\u00c9vasions d&#8217;autrefois. Trois si\u00e8cles de vill\u00e9giature en \u00cele-de-France<\/em>.<\/li>\n<\/ul>\n","protected":false},"excerpt":{"rendered":"<p>De septembre \u00e0 d\u00e9cembre 2025, la ville de Rueil-Malmaison poursuit  [&#8230;]<\/p>\n","protected":false},"author":2,"featured_media":15514,"comment_status":"closed","ping_status":"closed","sticky":false,"template":"","format":"standard","meta":{"_acf_changed":false,"inline_featured_image":false,"_jetpack_memberships_contains_paid_content":false,"footnotes":""},"categories":[86],"slider_une":[],"regions":[132],"coups_coeur":[],"inspiration-type":[],"label":[],"categories-agenda":[177],"class_list":["post-15519","post","type-post","status-publish","format-standard","has-post-thumbnail","hentry","category-banks-seine","tag-diary","regions-idf-en","categories-agenda-festival-en"],"acf":[],"yoast_head":"<!-- This site is optimized with the Yoast SEO plugin v26.3 - https:\/\/yoast.com\/wordpress\/plugins\/seo\/ -->\n<title>Rueil impressionniste - Impressionist adventures<\/title>\n<meta name=\"description\" content=\"Prenez part au festival Rueil Impressionniste qui prolonge les c\u00e9l\u00e9brations des 150 ans de l&#039;Impressionnisme avec une riche programmation.\" \/>\n<meta name=\"robots\" content=\"index, follow, max-snippet:-1, max-image-preview:large, max-video-preview:-1\" \/>\n<link rel=\"canonical\" href=\"https:\/\/voyagesimpressionnistes.com\/en\/banks-seine\/rueil-impressionniste\/\" \/>\n<meta property=\"og:locale\" content=\"en_US\" \/>\n<meta property=\"og:type\" content=\"article\" \/>\n<meta property=\"og:title\" content=\"Rueil impressionniste - Impressionist adventures\" \/>\n<meta property=\"og:description\" content=\"Prenez part au festival Rueil Impressionniste qui prolonge les c\u00e9l\u00e9brations des 150 ans de l&#039;Impressionnisme avec une riche programmation.\" \/>\n<meta property=\"og:url\" content=\"https:\/\/voyagesimpressionnistes.com\/en\/banks-seine\/rueil-impressionniste\/\" \/>\n<meta property=\"og:site_name\" content=\"Impressionist adventures\" \/>\n<meta property=\"article:publisher\" content=\"https:\/\/www.facebook.com\/LesVoyagesImpressionnistes\/\" \/>\n<meta property=\"article:published_time\" content=\"2025-10-03T15:02:18+00:00\" \/>\n<meta property=\"article:modified_time\" content=\"2026-02-20T11:21:08+00:00\" \/>\n<meta property=\"og:image\" content=\"https:\/\/voyagesimpressionnistes.com\/wp-content\/uploads\/2025\/10\/rueil-impressionniste-2025.jpg\" \/>\n\t<meta property=\"og:image:width\" content=\"717\" \/>\n\t<meta property=\"og:image:height\" content=\"1080\" \/>\n\t<meta property=\"og:image:type\" content=\"image\/jpeg\" \/>\n<meta name=\"author\" content=\"Phane\" \/>\n<meta name=\"twitter:card\" content=\"summary_large_image\" \/>\n<meta name=\"twitter:label1\" content=\"Written by\" \/>\n\t<meta name=\"twitter:data1\" content=\"Phane\" \/>\n\t<meta name=\"twitter:label2\" content=\"Est. reading time\" \/>\n\t<meta name=\"twitter:data2\" content=\"2 minutes\" \/>\n<script type=\"application\/ld+json\" class=\"yoast-schema-graph\">{\"@context\":\"https:\/\/schema.org\",\"@graph\":[{\"@type\":[\"Article\",\"BlogPosting\"],\"@id\":\"https:\/\/voyagesimpressionnistes.com\/en\/banks-seine\/rueil-impressionniste\/#article\",\"isPartOf\":{\"@id\":\"https:\/\/voyagesimpressionnistes.com\/en\/banks-seine\/rueil-impressionniste\/\"},\"author\":{\"name\":\"Phane\",\"@id\":\"https:\/\/voyagesimpressionnistes.com\/en\/#\/schema\/person\/78c37c19aa7ae1bd6f4902f296c80e5f\"},\"headline\":\"Rueil impressionniste\",\"datePublished\":\"2025-10-03T15:02:18+00:00\",\"dateModified\":\"2026-02-20T11:21:08+00:00\",\"mainEntityOfPage\":{\"@id\":\"https:\/\/voyagesimpressionnistes.com\/en\/banks-seine\/rueil-impressionniste\/\"},\"wordCount\":434,\"publisher\":{\"@id\":\"https:\/\/voyagesimpressionnistes.com\/en\/#organization\"},\"image\":{\"@id\":\"https:\/\/voyagesimpressionnistes.com\/en\/banks-seine\/rueil-impressionniste\/#primaryimage\"},\"thumbnailUrl\":\"https:\/\/voyagesimpressionnistes.com\/wp-content\/uploads\/2025\/10\/rueil-impressionniste-2025.jpg\",\"keywords\":[\"Diary\"],\"articleSection\":[\"Along the Banks of the Seine\"],\"inLanguage\":\"en-US\"},{\"@type\":\"WebPage\",\"@id\":\"https:\/\/voyagesimpressionnistes.com\/en\/banks-seine\/rueil-impressionniste\/\",\"url\":\"https:\/\/voyagesimpressionnistes.com\/en\/banks-seine\/rueil-impressionniste\/\",\"name\":\"Rueil impressionniste - Impressionist adventures\",\"isPartOf\":{\"@id\":\"https:\/\/voyagesimpressionnistes.com\/en\/#website\"},\"primaryImageOfPage\":{\"@id\":\"https:\/\/voyagesimpressionnistes.com\/en\/banks-seine\/rueil-impressionniste\/#primaryimage\"},\"image\":{\"@id\":\"https:\/\/voyagesimpressionnistes.com\/en\/banks-seine\/rueil-impressionniste\/#primaryimage\"},\"thumbnailUrl\":\"https:\/\/voyagesimpressionnistes.com\/wp-content\/uploads\/2025\/10\/rueil-impressionniste-2025.jpg\",\"datePublished\":\"2025-10-03T15:02:18+00:00\",\"dateModified\":\"2026-02-20T11:21:08+00:00\",\"description\":\"Prenez part au festival Rueil Impressionniste qui prolonge les c\u00e9l\u00e9brations des 150 ans de l'Impressionnisme avec une riche programmation.\",\"breadcrumb\":{\"@id\":\"https:\/\/voyagesimpressionnistes.com\/en\/banks-seine\/rueil-impressionniste\/#breadcrumb\"},\"inLanguage\":\"en-US\",\"potentialAction\":[{\"@type\":\"ReadAction\",\"target\":[\"https:\/\/voyagesimpressionnistes.com\/en\/banks-seine\/rueil-impressionniste\/\"]}]},{\"@type\":\"ImageObject\",\"inLanguage\":\"en-US\",\"@id\":\"https:\/\/voyagesimpressionnistes.com\/en\/banks-seine\/rueil-impressionniste\/#primaryimage\",\"url\":\"https:\/\/voyagesimpressionnistes.com\/wp-content\/uploads\/2025\/10\/rueil-impressionniste-2025.jpg\",\"contentUrl\":\"https:\/\/voyagesimpressionnistes.com\/wp-content\/uploads\/2025\/10\/rueil-impressionniste-2025.jpg\",\"width\":717,\"height\":1080,\"caption\":\"Rueil Impressionniste 2025 : affiche\"},{\"@type\":\"BreadcrumbList\",\"@id\":\"https:\/\/voyagesimpressionnistes.com\/en\/banks-seine\/rueil-impressionniste\/#breadcrumb\",\"itemListElement\":[{\"@type\":\"ListItem\",\"position\":1,\"name\":\"Along the Banks of the Seine\",\"item\":\"https:\/\/voyagesimpressionnistes.com\/en\/banks-seine\/\"},{\"@type\":\"ListItem\",\"position\":2,\"name\":\"Rueil impressionniste\"}]},{\"@type\":\"WebSite\",\"@id\":\"https:\/\/voyagesimpressionnistes.com\/en\/#website\",\"url\":\"https:\/\/voyagesimpressionnistes.com\/en\/\",\"name\":\"Impressionist adventures\",\"description\":\"Inspiring moments\",\"publisher\":{\"@id\":\"https:\/\/voyagesimpressionnistes.com\/en\/#organization\"},\"potentialAction\":[{\"@type\":\"SearchAction\",\"target\":{\"@type\":\"EntryPoint\",\"urlTemplate\":\"https:\/\/voyagesimpressionnistes.com\/en\/?s={search_term_string}\"},\"query-input\":{\"@type\":\"PropertyValueSpecification\",\"valueRequired\":true,\"valueName\":\"search_term_string\"}}],\"inLanguage\":\"en-US\"},{\"@type\":\"Organization\",\"@id\":\"https:\/\/voyagesimpressionnistes.com\/en\/#organization\",\"name\":\"Voyages Impressionnistes\",\"url\":\"https:\/\/voyagesimpressionnistes.com\/en\/\",\"logo\":{\"@type\":\"ImageObject\",\"inLanguage\":\"en-US\",\"@id\":\"https:\/\/voyagesimpressionnistes.com\/en\/#\/schema\/logo\/image\/\",\"url\":\"https:\/\/voyagesimpressionnistes.com\/wp-content\/uploads\/2021\/06\/vi-logo-507x216-1.svg\",\"contentUrl\":\"https:\/\/voyagesimpressionnistes.com\/wp-content\/uploads\/2021\/06\/vi-logo-507x216-1.svg\",\"width\":507,\"height\":216,\"caption\":\"Voyages Impressionnistes\"},\"image\":{\"@id\":\"https:\/\/voyagesimpressionnistes.com\/en\/#\/schema\/logo\/image\/\"},\"sameAs\":[\"https:\/\/www.facebook.com\/LesVoyagesImpressionnistes\/\"]},{\"@type\":\"Person\",\"@id\":\"https:\/\/voyagesimpressionnistes.com\/en\/#\/schema\/person\/78c37c19aa7ae1bd6f4902f296c80e5f\",\"name\":\"Phane\",\"image\":{\"@type\":\"ImageObject\",\"inLanguage\":\"en-US\",\"@id\":\"https:\/\/voyagesimpressionnistes.com\/en\/#\/schema\/person\/image\/\",\"url\":\"https:\/\/secure.gravatar.com\/avatar\/ea705fa375f21b62a2facac16bc19ee8d664629e3399a374a188d355bc5d00b9?s=96&d=mm&r=g\",\"contentUrl\":\"https:\/\/secure.gravatar.com\/avatar\/ea705fa375f21b62a2facac16bc19ee8d664629e3399a374a188d355bc5d00b9?s=96&d=mm&r=g\",\"caption\":\"Phane\"}}]}<\/script>\n<!-- \/ Yoast SEO plugin. -->","yoast_head_json":{"title":"Rueil impressionniste - Impressionist adventures","description":"Prenez part au festival Rueil Impressionniste qui prolonge les c\u00e9l\u00e9brations des 150 ans de l'Impressionnisme avec une riche programmation.","robots":{"index":"index","follow":"follow","max-snippet":"max-snippet:-1","max-image-preview":"max-image-preview:large","max-video-preview":"max-video-preview:-1"},"canonical":"https:\/\/voyagesimpressionnistes.com\/en\/banks-seine\/rueil-impressionniste\/","og_locale":"en_US","og_type":"article","og_title":"Rueil impressionniste - Impressionist adventures","og_description":"Prenez part au festival Rueil Impressionniste qui prolonge les c\u00e9l\u00e9brations des 150 ans de l'Impressionnisme avec une riche programmation.","og_url":"https:\/\/voyagesimpressionnistes.com\/en\/banks-seine\/rueil-impressionniste\/","og_site_name":"Impressionist adventures","article_publisher":"https:\/\/www.facebook.com\/LesVoyagesImpressionnistes\/","article_published_time":"2025-10-03T15:02:18+00:00","article_modified_time":"2026-02-20T11:21:08+00:00","og_image":[{"width":717,"height":1080,"url":"https:\/\/voyagesimpressionnistes.com\/wp-content\/uploads\/2025\/10\/rueil-impressionniste-2025.jpg","type":"image\/jpeg"}],"author":"Phane","twitter_card":"summary_large_image","twitter_misc":{"Written by":"Phane","Est. reading time":"2 minutes"},"schema":{"@context":"https:\/\/schema.org","@graph":[{"@type":["Article","BlogPosting"],"@id":"https:\/\/voyagesimpressionnistes.com\/en\/banks-seine\/rueil-impressionniste\/#article","isPartOf":{"@id":"https:\/\/voyagesimpressionnistes.com\/en\/banks-seine\/rueil-impressionniste\/"},"author":{"name":"Phane","@id":"https:\/\/voyagesimpressionnistes.com\/en\/#\/schema\/person\/78c37c19aa7ae1bd6f4902f296c80e5f"},"headline":"Rueil impressionniste","datePublished":"2025-10-03T15:02:18+00:00","dateModified":"2026-02-20T11:21:08+00:00","mainEntityOfPage":{"@id":"https:\/\/voyagesimpressionnistes.com\/en\/banks-seine\/rueil-impressionniste\/"},"wordCount":434,"publisher":{"@id":"https:\/\/voyagesimpressionnistes.com\/en\/#organization"},"image":{"@id":"https:\/\/voyagesimpressionnistes.com\/en\/banks-seine\/rueil-impressionniste\/#primaryimage"},"thumbnailUrl":"https:\/\/voyagesimpressionnistes.com\/wp-content\/uploads\/2025\/10\/rueil-impressionniste-2025.jpg","keywords":["Diary"],"articleSection":["Along the Banks of the Seine"],"inLanguage":"en-US"},{"@type":"WebPage","@id":"https:\/\/voyagesimpressionnistes.com\/en\/banks-seine\/rueil-impressionniste\/","url":"https:\/\/voyagesimpressionnistes.com\/en\/banks-seine\/rueil-impressionniste\/","name":"Rueil impressionniste - Impressionist adventures","isPartOf":{"@id":"https:\/\/voyagesimpressionnistes.com\/en\/#website"},"primaryImageOfPage":{"@id":"https:\/\/voyagesimpressionnistes.com\/en\/banks-seine\/rueil-impressionniste\/#primaryimage"},"image":{"@id":"https:\/\/voyagesimpressionnistes.com\/en\/banks-seine\/rueil-impressionniste\/#primaryimage"},"thumbnailUrl":"https:\/\/voyagesimpressionnistes.com\/wp-content\/uploads\/2025\/10\/rueil-impressionniste-2025.jpg","datePublished":"2025-10-03T15:02:18+00:00","dateModified":"2026-02-20T11:21:08+00:00","description":"Prenez part au festival Rueil Impressionniste qui prolonge les c\u00e9l\u00e9brations des 150 ans de l'Impressionnisme avec une riche programmation.","breadcrumb":{"@id":"https:\/\/voyagesimpressionnistes.com\/en\/banks-seine\/rueil-impressionniste\/#breadcrumb"},"inLanguage":"en-US","potentialAction":[{"@type":"ReadAction","target":["https:\/\/voyagesimpressionnistes.com\/en\/banks-seine\/rueil-impressionniste\/"]}]},{"@type":"ImageObject","inLanguage":"en-US","@id":"https:\/\/voyagesimpressionnistes.com\/en\/banks-seine\/rueil-impressionniste\/#primaryimage","url":"https:\/\/voyagesimpressionnistes.com\/wp-content\/uploads\/2025\/10\/rueil-impressionniste-2025.jpg","contentUrl":"https:\/\/voyagesimpressionnistes.com\/wp-content\/uploads\/2025\/10\/rueil-impressionniste-2025.jpg","width":717,"height":1080,"caption":"Rueil Impressionniste 2025 : affiche"},{"@type":"BreadcrumbList","@id":"https:\/\/voyagesimpressionnistes.com\/en\/banks-seine\/rueil-impressionniste\/#breadcrumb","itemListElement":[{"@type":"ListItem","position":1,"name":"Along the Banks of the Seine","item":"https:\/\/voyagesimpressionnistes.com\/en\/banks-seine\/"},{"@type":"ListItem","position":2,"name":"Rueil impressionniste"}]},{"@type":"WebSite","@id":"https:\/\/voyagesimpressionnistes.com\/en\/#website","url":"https:\/\/voyagesimpressionnistes.com\/en\/","name":"Impressionist adventures","description":"Inspiring moments","publisher":{"@id":"https:\/\/voyagesimpressionnistes.com\/en\/#organization"},"potentialAction":[{"@type":"SearchAction","target":{"@type":"EntryPoint","urlTemplate":"https:\/\/voyagesimpressionnistes.com\/en\/?s={search_term_string}"},"query-input":{"@type":"PropertyValueSpecification","valueRequired":true,"valueName":"search_term_string"}}],"inLanguage":"en-US"},{"@type":"Organization","@id":"https:\/\/voyagesimpressionnistes.com\/en\/#organization","name":"Voyages Impressionnistes","url":"https:\/\/voyagesimpressionnistes.com\/en\/","logo":{"@type":"ImageObject","inLanguage":"en-US","@id":"https:\/\/voyagesimpressionnistes.com\/en\/#\/schema\/logo\/image\/","url":"https:\/\/voyagesimpressionnistes.com\/wp-content\/uploads\/2021\/06\/vi-logo-507x216-1.svg","contentUrl":"https:\/\/voyagesimpressionnistes.com\/wp-content\/uploads\/2021\/06\/vi-logo-507x216-1.svg","width":507,"height":216,"caption":"Voyages Impressionnistes"},"image":{"@id":"https:\/\/voyagesimpressionnistes.com\/en\/#\/schema\/logo\/image\/"},"sameAs":["https:\/\/www.facebook.com\/LesVoyagesImpressionnistes\/"]},{"@type":"Person","@id":"https:\/\/voyagesimpressionnistes.com\/en\/#\/schema\/person\/78c37c19aa7ae1bd6f4902f296c80e5f","name":"Phane","image":{"@type":"ImageObject","inLanguage":"en-US","@id":"https:\/\/voyagesimpressionnistes.com\/en\/#\/schema\/person\/image\/","url":"https:\/\/secure.gravatar.com\/avatar\/ea705fa375f21b62a2facac16bc19ee8d664629e3399a374a188d355bc5d00b9?s=96&d=mm&r=g","contentUrl":"https:\/\/secure.gravatar.com\/avatar\/ea705fa375f21b62a2facac16bc19ee8d664629e3399a374a188d355bc5d00b9?s=96&d=mm&r=g","caption":"Phane"}}]}},"jetpack_featured_media_url":"https:\/\/voyagesimpressionnistes.com\/wp-content\/uploads\/2025\/10\/rueil-impressionniste-2025.jpg","jetpack_sharing_enabled":true,"_links":{"self":[{"href":"https:\/\/voyagesimpressionnistes.com\/en\/wp-json\/wp\/v2\/posts\/15519","targetHints":{"allow":["GET"]}}],"collection":[{"href":"https:\/\/voyagesimpressionnistes.com\/en\/wp-json\/wp\/v2\/posts"}],"about":[{"href":"https:\/\/voyagesimpressionnistes.com\/en\/wp-json\/wp\/v2\/types\/post"}],"author":[{"embeddable":true,"href":"https:\/\/voyagesimpressionnistes.com\/en\/wp-json\/wp\/v2\/users\/2"}],"replies":[{"embeddable":true,"href":"https:\/\/voyagesimpressionnistes.com\/en\/wp-json\/wp\/v2\/comments?post=15519"}],"version-history":[{"count":3,"href":"https:\/\/voyagesimpressionnistes.com\/en\/wp-json\/wp\/v2\/posts\/15519\/revisions"}],"predecessor-version":[{"id":16188,"href":"https:\/\/voyagesimpressionnistes.com\/en\/wp-json\/wp\/v2\/posts\/15519\/revisions\/16188"}],"wp:featuredmedia":[{"embeddable":true,"href":"https:\/\/voyagesimpressionnistes.com\/en\/wp-json\/wp\/v2\/media\/15514"}],"wp:attachment":[{"href":"https:\/\/voyagesimpressionnistes.com\/en\/wp-json\/wp\/v2\/media?parent=15519"}],"wp:term":[{"taxonomy":"category","embeddable":true,"href":"https:\/\/voyagesimpressionnistes.com\/en\/wp-json\/wp\/v2\/categories?post=15519"},{"taxonomy":"slider_une","embeddable":true,"href":"https:\/\/voyagesimpressionnistes.com\/en\/wp-json\/wp\/v2\/slider_une?post=15519"},{"taxonomy":"regions","embeddable":true,"href":"https:\/\/voyagesimpressionnistes.com\/en\/wp-json\/wp\/v2\/regions?post=15519"},{"taxonomy":"coups_coeur","embeddable":true,"href":"https:\/\/voyagesimpressionnistes.com\/en\/wp-json\/wp\/v2\/coups_coeur?post=15519"},{"taxonomy":"inspiration-type","embeddable":true,"href":"https:\/\/voyagesimpressionnistes.com\/en\/wp-json\/wp\/v2\/inspiration-type?post=15519"},{"taxonomy":"label","embeddable":true,"href":"https:\/\/voyagesimpressionnistes.com\/en\/wp-json\/wp\/v2\/label?post=15519"},{"taxonomy":"categories-agenda","embeddable":true,"href":"https:\/\/voyagesimpressionnistes.com\/en\/wp-json\/wp\/v2\/categories-agenda?post=15519"}],"curies":[{"name":"wp","href":"https:\/\/api.w.org\/{rel}","templated":true}]}}