{"id":15538,"date":"2025-10-08T15:05:20","date_gmt":"2025-10-08T13:05:20","guid":{"rendered":"https:\/\/voyagesimpressionnistes.com\/uncategorized\/le-balcon-voir-ou-etre-vu-exposition-bougival\/"},"modified":"2025-10-08T15:05:20","modified_gmt":"2025-10-08T13:05:20","slug":"le-balcon-voir-ou-etre-vu-exposition-bougival","status":"publish","type":"post","link":"https:\/\/voyagesimpressionnistes.com\/en\/banks-seine\/le-balcon-voir-ou-etre-vu-exposition-bougival\/","title":{"rendered":"Le Balcon, voir ou \u00eatre vu ?"},"content":{"rendered":"<p>De la sc\u00e8ne au th\u00e9\u00e2tre, le balcon traverse l\u2019histoire comme un motif architectural, social et artistique. L\u2019exposition <em>Le Balcon, voir ou \u00eatre vu ?<\/em> propos\u00e9e par la <a href=\"https:\/\/voyagesimpressionnistes.com\/en\/banks-seine\/maison-berthe-morisot\/\">Maison Berthe Morisot<\/a> \u00e0 Bougival du 10 septembre au 30 novembre 2025 invite \u00e0 red\u00e9couvrir ce seuil singulier qui inspira tant les artistes et continue aujourd\u2019hui de questionner.<\/p>\n<h3>Pourquoi une exposition sur le th\u00e8me du balcon ?<\/h3>\n<p>L\u2019\u00e9dition 2025 des Journ\u00e9es Europ\u00e9ennes du Patrimoine a pour th\u00e8me le patrimoine architectural. La ville de Bougival a souhait\u00e9 inscrire la Maison Berthe Morisot dans cette th\u00e9matique puisque subsistent deux \u00e9l\u00e9ments d\u2019architecture que l\u2019artiste peintre a connus : l\u2019escalier central en bois et le balcon de la fa\u00e7ade ouest. Berthe Morisot a immortalis\u00e9 ce dernier dans son tableau <em>Sur le balcon de la chambre d\u2019Eug\u00e8ne Manet<\/em>.<\/p>\n<p>Motif architectural, le balcon est un espace de visibilit\u00e9 tout \u00e0 la fois dedans et dehors, un seuil, un mat\u00e9riau. Motif social, le balcon est une \u00e9l\u00e9vation qui \u00e9loigne de la rue. Motif de la litt\u00e9rature et du th\u00e9\u00e2tre, le balcon est le cadre de nombreuses sc\u00e8nes m\u00e9morables. Motif pictural, le balcon inspire de nombreux artistes au fil des si\u00e8cles.<\/p>\n<p>Lors du confinement d\u00fb \u00e0 l\u2019\u00e9pid\u00e9mie de Covid, le balcon est devenu un lieu essentiel qui offrait respiration et communication. D\u00e8s lors, les professionnels de l\u2019immobilier constatent l\u2019engouement des acheteurs pour les appartements avec balcon.<br \/>\nL\u2019exposition invite le spectateur \u00e0 questionner au prisme de l\u2019art ce dispositif architectural tout \u00e0 la fois dedans et dehors.<\/p>\n","protected":false},"excerpt":{"rendered":"<p>De la sc\u00e8ne au th\u00e9\u00e2tre, le balcon traverse l\u2019histoire comme  [&#8230;]<\/p>\n","protected":false},"author":2,"featured_media":15536,"comment_status":"closed","ping_status":"closed","sticky":false,"template":"","format":"standard","meta":{"_acf_changed":false,"inline_featured_image":false,"_jetpack_memberships_contains_paid_content":false,"footnotes":""},"categories":[86],"slider_une":[],"regions":[132],"coups_coeur":[],"inspiration-type":[],"label":[],"categories-agenda":[172],"class_list":["post-15538","post","type-post","status-publish","format-standard","has-post-thumbnail","hentry","category-banks-seine","tag-diary","regions-idf-en","categories-agenda-exhibition"],"acf":[],"yoast_head":"<!-- This site is optimized with the Yoast SEO plugin v26.3 - https:\/\/yoast.com\/wordpress\/plugins\/seo\/ -->\n<title>Le Balcon, voir ou \u00eatre vu ? - Impressionist adventures<\/title>\n<meta name=\"robots\" content=\"index, follow, max-snippet:-1, max-image-preview:large, max-video-preview:-1\" \/>\n<link rel=\"canonical\" href=\"https:\/\/voyagesimpressionnistes.com\/en\/banks-seine\/le-balcon-voir-ou-etre-vu-exposition-bougival\/\" \/>\n<meta property=\"og:locale\" content=\"en_US\" \/>\n<meta property=\"og:type\" content=\"article\" \/>\n<meta property=\"og:title\" content=\"Le Balcon, voir ou \u00eatre vu ? - Impressionist adventures\" \/>\n<meta property=\"og:description\" content=\"De la sc\u00e8ne au th\u00e9\u00e2tre, le balcon traverse l\u2019histoire comme [...]\" \/>\n<meta property=\"og:url\" content=\"https:\/\/voyagesimpressionnistes.com\/en\/banks-seine\/le-balcon-voir-ou-etre-vu-exposition-bougival\/\" \/>\n<meta property=\"og:site_name\" content=\"Impressionist adventures\" \/>\n<meta property=\"article:publisher\" content=\"https:\/\/www.facebook.com\/LesVoyagesImpressionnistes\/\" \/>\n<meta property=\"article:published_time\" content=\"2025-10-08T13:05:20+00:00\" \/>\n<meta property=\"og:image\" content=\"https:\/\/voyagesimpressionnistes.com\/wp-content\/uploads\/2021\/06\/vi-slider-default.jpg\" \/>\n\t<meta property=\"og:image:width\" content=\"1600\" \/>\n\t<meta property=\"og:image:height\" content=\"900\" \/>\n\t<meta property=\"og:image:type\" content=\"image\/jpeg\" \/>\n<meta name=\"author\" content=\"Phane\" \/>\n<meta name=\"twitter:card\" content=\"summary_large_image\" \/>\n<meta name=\"twitter:label1\" content=\"Written by\" \/>\n\t<meta name=\"twitter:data1\" content=\"Phane\" \/>\n\t<meta name=\"twitter:label2\" content=\"Est. reading time\" \/>\n\t<meta name=\"twitter:data2\" content=\"1 minute\" \/>\n<script type=\"application\/ld+json\" class=\"yoast-schema-graph\">{\"@context\":\"https:\/\/schema.org\",\"@graph\":[{\"@type\":[\"Article\",\"BlogPosting\"],\"@id\":\"https:\/\/voyagesimpressionnistes.com\/en\/banks-seine\/le-balcon-voir-ou-etre-vu-exposition-bougival\/#article\",\"isPartOf\":{\"@id\":\"https:\/\/voyagesimpressionnistes.com\/en\/banks-seine\/le-balcon-voir-ou-etre-vu-exposition-bougival\/\"},\"author\":{\"name\":\"Phane\",\"@id\":\"https:\/\/voyagesimpressionnistes.com\/en\/#\/schema\/person\/78c37c19aa7ae1bd6f4902f296c80e5f\"},\"headline\":\"Le Balcon, voir ou \u00eatre vu ?\",\"datePublished\":\"2025-10-08T13:05:20+00:00\",\"mainEntityOfPage\":{\"@id\":\"https:\/\/voyagesimpressionnistes.com\/en\/banks-seine\/le-balcon-voir-ou-etre-vu-exposition-bougival\/\"},\"wordCount\":272,\"publisher\":{\"@id\":\"https:\/\/voyagesimpressionnistes.com\/en\/#organization\"},\"image\":{\"@id\":\"https:\/\/voyagesimpressionnistes.com\/en\/banks-seine\/le-balcon-voir-ou-etre-vu-exposition-bougival\/#primaryimage\"},\"thumbnailUrl\":\"https:\/\/voyagesimpressionnistes.com\/wp-content\/uploads\/2025\/10\/Affiche-Expo-Le-Balcon-Bougival.jpg\",\"keywords\":[\"Diary\"],\"articleSection\":[\"Along the Banks of the Seine\"],\"inLanguage\":\"en-US\"},{\"@type\":\"WebPage\",\"@id\":\"https:\/\/voyagesimpressionnistes.com\/en\/banks-seine\/le-balcon-voir-ou-etre-vu-exposition-bougival\/\",\"url\":\"https:\/\/voyagesimpressionnistes.com\/en\/banks-seine\/le-balcon-voir-ou-etre-vu-exposition-bougival\/\",\"name\":\"Le Balcon, voir ou \u00eatre vu ? - Impressionist adventures\",\"isPartOf\":{\"@id\":\"https:\/\/voyagesimpressionnistes.com\/en\/#website\"},\"primaryImageOfPage\":{\"@id\":\"https:\/\/voyagesimpressionnistes.com\/en\/banks-seine\/le-balcon-voir-ou-etre-vu-exposition-bougival\/#primaryimage\"},\"image\":{\"@id\":\"https:\/\/voyagesimpressionnistes.com\/en\/banks-seine\/le-balcon-voir-ou-etre-vu-exposition-bougival\/#primaryimage\"},\"thumbnailUrl\":\"https:\/\/voyagesimpressionnistes.com\/wp-content\/uploads\/2025\/10\/Affiche-Expo-Le-Balcon-Bougival.jpg\",\"datePublished\":\"2025-10-08T13:05:20+00:00\",\"breadcrumb\":{\"@id\":\"https:\/\/voyagesimpressionnistes.com\/en\/banks-seine\/le-balcon-voir-ou-etre-vu-exposition-bougival\/#breadcrumb\"},\"inLanguage\":\"en-US\",\"potentialAction\":[{\"@type\":\"ReadAction\",\"target\":[\"https:\/\/voyagesimpressionnistes.com\/en\/banks-seine\/le-balcon-voir-ou-etre-vu-exposition-bougival\/\"]}]},{\"@type\":\"ImageObject\",\"inLanguage\":\"en-US\",\"@id\":\"https:\/\/voyagesimpressionnistes.com\/en\/banks-seine\/le-balcon-voir-ou-etre-vu-exposition-bougival\/#primaryimage\",\"url\":\"https:\/\/voyagesimpressionnistes.com\/wp-content\/uploads\/2025\/10\/Affiche-Expo-Le-Balcon-Bougival.jpg\",\"contentUrl\":\"https:\/\/voyagesimpressionnistes.com\/wp-content\/uploads\/2025\/10\/Affiche-Expo-Le-Balcon-Bougival.jpg\",\"width\":1755,\"height\":2480,\"caption\":\"Le Balcon, voir ou \u00eatre vu ? : affiche de l'exposition \u00e0 la Maison Berthe Morisot, Bougival\"},{\"@type\":\"BreadcrumbList\",\"@id\":\"https:\/\/voyagesimpressionnistes.com\/en\/banks-seine\/le-balcon-voir-ou-etre-vu-exposition-bougival\/#breadcrumb\",\"itemListElement\":[{\"@type\":\"ListItem\",\"position\":1,\"name\":\"Uncategorized\",\"item\":\"https:\/\/voyagesimpressionnistes.com\/en\/uncategorized\/\"},{\"@type\":\"ListItem\",\"position\":2,\"name\":\"Le Balcon, voir ou \u00eatre vu ?\"}]},{\"@type\":\"WebSite\",\"@id\":\"https:\/\/voyagesimpressionnistes.com\/en\/#website\",\"url\":\"https:\/\/voyagesimpressionnistes.com\/en\/\",\"name\":\"Impressionist adventures\",\"description\":\"Inspiring moments\",\"publisher\":{\"@id\":\"https:\/\/voyagesimpressionnistes.com\/en\/#organization\"},\"potentialAction\":[{\"@type\":\"SearchAction\",\"target\":{\"@type\":\"EntryPoint\",\"urlTemplate\":\"https:\/\/voyagesimpressionnistes.com\/en\/?s={search_term_string}\"},\"query-input\":{\"@type\":\"PropertyValueSpecification\",\"valueRequired\":true,\"valueName\":\"search_term_string\"}}],\"inLanguage\":\"en-US\"},{\"@type\":\"Organization\",\"@id\":\"https:\/\/voyagesimpressionnistes.com\/en\/#organization\",\"name\":\"Voyages Impressionnistes\",\"url\":\"https:\/\/voyagesimpressionnistes.com\/en\/\",\"logo\":{\"@type\":\"ImageObject\",\"inLanguage\":\"en-US\",\"@id\":\"https:\/\/voyagesimpressionnistes.com\/en\/#\/schema\/logo\/image\/\",\"url\":\"https:\/\/voyagesimpressionnistes.com\/wp-content\/uploads\/2021\/06\/vi-logo-507x216-1.svg\",\"contentUrl\":\"https:\/\/voyagesimpressionnistes.com\/wp-content\/uploads\/2021\/06\/vi-logo-507x216-1.svg\",\"width\":507,\"height\":216,\"caption\":\"Voyages Impressionnistes\"},\"image\":{\"@id\":\"https:\/\/voyagesimpressionnistes.com\/en\/#\/schema\/logo\/image\/\"},\"sameAs\":[\"https:\/\/www.facebook.com\/LesVoyagesImpressionnistes\/\"]},{\"@type\":\"Person\",\"@id\":\"https:\/\/voyagesimpressionnistes.com\/en\/#\/schema\/person\/78c37c19aa7ae1bd6f4902f296c80e5f\",\"name\":\"Phane\",\"image\":{\"@type\":\"ImageObject\",\"inLanguage\":\"en-US\",\"@id\":\"https:\/\/voyagesimpressionnistes.com\/en\/#\/schema\/person\/image\/\",\"url\":\"https:\/\/secure.gravatar.com\/avatar\/ea705fa375f21b62a2facac16bc19ee8d664629e3399a374a188d355bc5d00b9?s=96&d=mm&r=g\",\"contentUrl\":\"https:\/\/secure.gravatar.com\/avatar\/ea705fa375f21b62a2facac16bc19ee8d664629e3399a374a188d355bc5d00b9?s=96&d=mm&r=g\",\"caption\":\"Phane\"}}]}<\/script>\n<!-- \/ Yoast SEO plugin. -->","yoast_head_json":{"title":"Le Balcon, voir ou \u00eatre vu ? - Impressionist adventures","robots":{"index":"index","follow":"follow","max-snippet":"max-snippet:-1","max-image-preview":"max-image-preview:large","max-video-preview":"max-video-preview:-1"},"canonical":"https:\/\/voyagesimpressionnistes.com\/en\/banks-seine\/le-balcon-voir-ou-etre-vu-exposition-bougival\/","og_locale":"en_US","og_type":"article","og_title":"Le Balcon, voir ou \u00eatre vu ? - Impressionist adventures","og_description":"De la sc\u00e8ne au th\u00e9\u00e2tre, le balcon traverse l\u2019histoire comme [...]","og_url":"https:\/\/voyagesimpressionnistes.com\/en\/banks-seine\/le-balcon-voir-ou-etre-vu-exposition-bougival\/","og_site_name":"Impressionist adventures","article_publisher":"https:\/\/www.facebook.com\/LesVoyagesImpressionnistes\/","article_published_time":"2025-10-08T13:05:20+00:00","og_image":[{"width":1600,"height":900,"url":"https:\/\/voyagesimpressionnistes.com\/wp-content\/uploads\/2021\/06\/vi-slider-default.jpg","type":"image\/jpeg"}],"author":"Phane","twitter_card":"summary_large_image","twitter_misc":{"Written by":"Phane","Est. reading time":"1 minute"},"schema":{"@context":"https:\/\/schema.org","@graph":[{"@type":["Article","BlogPosting"],"@id":"https:\/\/voyagesimpressionnistes.com\/en\/banks-seine\/le-balcon-voir-ou-etre-vu-exposition-bougival\/#article","isPartOf":{"@id":"https:\/\/voyagesimpressionnistes.com\/en\/banks-seine\/le-balcon-voir-ou-etre-vu-exposition-bougival\/"},"author":{"name":"Phane","@id":"https:\/\/voyagesimpressionnistes.com\/en\/#\/schema\/person\/78c37c19aa7ae1bd6f4902f296c80e5f"},"headline":"Le Balcon, voir ou \u00eatre vu ?","datePublished":"2025-10-08T13:05:20+00:00","mainEntityOfPage":{"@id":"https:\/\/voyagesimpressionnistes.com\/en\/banks-seine\/le-balcon-voir-ou-etre-vu-exposition-bougival\/"},"wordCount":272,"publisher":{"@id":"https:\/\/voyagesimpressionnistes.com\/en\/#organization"},"image":{"@id":"https:\/\/voyagesimpressionnistes.com\/en\/banks-seine\/le-balcon-voir-ou-etre-vu-exposition-bougival\/#primaryimage"},"thumbnailUrl":"https:\/\/voyagesimpressionnistes.com\/wp-content\/uploads\/2025\/10\/Affiche-Expo-Le-Balcon-Bougival.jpg","keywords":["Diary"],"articleSection":["Along the Banks of the Seine"],"inLanguage":"en-US"},{"@type":"WebPage","@id":"https:\/\/voyagesimpressionnistes.com\/en\/banks-seine\/le-balcon-voir-ou-etre-vu-exposition-bougival\/","url":"https:\/\/voyagesimpressionnistes.com\/en\/banks-seine\/le-balcon-voir-ou-etre-vu-exposition-bougival\/","name":"Le Balcon, voir ou \u00eatre vu ? - Impressionist adventures","isPartOf":{"@id":"https:\/\/voyagesimpressionnistes.com\/en\/#website"},"primaryImageOfPage":{"@id":"https:\/\/voyagesimpressionnistes.com\/en\/banks-seine\/le-balcon-voir-ou-etre-vu-exposition-bougival\/#primaryimage"},"image":{"@id":"https:\/\/voyagesimpressionnistes.com\/en\/banks-seine\/le-balcon-voir-ou-etre-vu-exposition-bougival\/#primaryimage"},"thumbnailUrl":"https:\/\/voyagesimpressionnistes.com\/wp-content\/uploads\/2025\/10\/Affiche-Expo-Le-Balcon-Bougival.jpg","datePublished":"2025-10-08T13:05:20+00:00","breadcrumb":{"@id":"https:\/\/voyagesimpressionnistes.com\/en\/banks-seine\/le-balcon-voir-ou-etre-vu-exposition-bougival\/#breadcrumb"},"inLanguage":"en-US","potentialAction":[{"@type":"ReadAction","target":["https:\/\/voyagesimpressionnistes.com\/en\/banks-seine\/le-balcon-voir-ou-etre-vu-exposition-bougival\/"]}]},{"@type":"ImageObject","inLanguage":"en-US","@id":"https:\/\/voyagesimpressionnistes.com\/en\/banks-seine\/le-balcon-voir-ou-etre-vu-exposition-bougival\/#primaryimage","url":"https:\/\/voyagesimpressionnistes.com\/wp-content\/uploads\/2025\/10\/Affiche-Expo-Le-Balcon-Bougival.jpg","contentUrl":"https:\/\/voyagesimpressionnistes.com\/wp-content\/uploads\/2025\/10\/Affiche-Expo-Le-Balcon-Bougival.jpg","width":1755,"height":2480,"caption":"Le Balcon, voir ou \u00eatre vu ? : affiche de l'exposition \u00e0 la Maison Berthe Morisot, Bougival"},{"@type":"BreadcrumbList","@id":"https:\/\/voyagesimpressionnistes.com\/en\/banks-seine\/le-balcon-voir-ou-etre-vu-exposition-bougival\/#breadcrumb","itemListElement":[{"@type":"ListItem","position":1,"name":"Uncategorized","item":"https:\/\/voyagesimpressionnistes.com\/en\/uncategorized\/"},{"@type":"ListItem","position":2,"name":"Le Balcon, voir ou \u00eatre vu ?"}]},{"@type":"WebSite","@id":"https:\/\/voyagesimpressionnistes.com\/en\/#website","url":"https:\/\/voyagesimpressionnistes.com\/en\/","name":"Impressionist adventures","description":"Inspiring moments","publisher":{"@id":"https:\/\/voyagesimpressionnistes.com\/en\/#organization"},"potentialAction":[{"@type":"SearchAction","target":{"@type":"EntryPoint","urlTemplate":"https:\/\/voyagesimpressionnistes.com\/en\/?s={search_term_string}"},"query-input":{"@type":"PropertyValueSpecification","valueRequired":true,"valueName":"search_term_string"}}],"inLanguage":"en-US"},{"@type":"Organization","@id":"https:\/\/voyagesimpressionnistes.com\/en\/#organization","name":"Voyages Impressionnistes","url":"https:\/\/voyagesimpressionnistes.com\/en\/","logo":{"@type":"ImageObject","inLanguage":"en-US","@id":"https:\/\/voyagesimpressionnistes.com\/en\/#\/schema\/logo\/image\/","url":"https:\/\/voyagesimpressionnistes.com\/wp-content\/uploads\/2021\/06\/vi-logo-507x216-1.svg","contentUrl":"https:\/\/voyagesimpressionnistes.com\/wp-content\/uploads\/2021\/06\/vi-logo-507x216-1.svg","width":507,"height":216,"caption":"Voyages Impressionnistes"},"image":{"@id":"https:\/\/voyagesimpressionnistes.com\/en\/#\/schema\/logo\/image\/"},"sameAs":["https:\/\/www.facebook.com\/LesVoyagesImpressionnistes\/"]},{"@type":"Person","@id":"https:\/\/voyagesimpressionnistes.com\/en\/#\/schema\/person\/78c37c19aa7ae1bd6f4902f296c80e5f","name":"Phane","image":{"@type":"ImageObject","inLanguage":"en-US","@id":"https:\/\/voyagesimpressionnistes.com\/en\/#\/schema\/person\/image\/","url":"https:\/\/secure.gravatar.com\/avatar\/ea705fa375f21b62a2facac16bc19ee8d664629e3399a374a188d355bc5d00b9?s=96&d=mm&r=g","contentUrl":"https:\/\/secure.gravatar.com\/avatar\/ea705fa375f21b62a2facac16bc19ee8d664629e3399a374a188d355bc5d00b9?s=96&d=mm&r=g","caption":"Phane"}}]}},"jetpack_featured_media_url":"https:\/\/voyagesimpressionnistes.com\/wp-content\/uploads\/2025\/10\/Affiche-Expo-Le-Balcon-Bougival.jpg","jetpack_sharing_enabled":true,"_links":{"self":[{"href":"https:\/\/voyagesimpressionnistes.com\/en\/wp-json\/wp\/v2\/posts\/15538","targetHints":{"allow":["GET"]}}],"collection":[{"href":"https:\/\/voyagesimpressionnistes.com\/en\/wp-json\/wp\/v2\/posts"}],"about":[{"href":"https:\/\/voyagesimpressionnistes.com\/en\/wp-json\/wp\/v2\/types\/post"}],"author":[{"embeddable":true,"href":"https:\/\/voyagesimpressionnistes.com\/en\/wp-json\/wp\/v2\/users\/2"}],"replies":[{"embeddable":true,"href":"https:\/\/voyagesimpressionnistes.com\/en\/wp-json\/wp\/v2\/comments?post=15538"}],"version-history":[{"count":0,"href":"https:\/\/voyagesimpressionnistes.com\/en\/wp-json\/wp\/v2\/posts\/15538\/revisions"}],"wp:featuredmedia":[{"embeddable":true,"href":"https:\/\/voyagesimpressionnistes.com\/en\/wp-json\/wp\/v2\/media\/15536"}],"wp:attachment":[{"href":"https:\/\/voyagesimpressionnistes.com\/en\/wp-json\/wp\/v2\/media?parent=15538"}],"wp:term":[{"taxonomy":"category","embeddable":true,"href":"https:\/\/voyagesimpressionnistes.com\/en\/wp-json\/wp\/v2\/categories?post=15538"},{"taxonomy":"slider_une","embeddable":true,"href":"https:\/\/voyagesimpressionnistes.com\/en\/wp-json\/wp\/v2\/slider_une?post=15538"},{"taxonomy":"regions","embeddable":true,"href":"https:\/\/voyagesimpressionnistes.com\/en\/wp-json\/wp\/v2\/regions?post=15538"},{"taxonomy":"coups_coeur","embeddable":true,"href":"https:\/\/voyagesimpressionnistes.com\/en\/wp-json\/wp\/v2\/coups_coeur?post=15538"},{"taxonomy":"inspiration-type","embeddable":true,"href":"https:\/\/voyagesimpressionnistes.com\/en\/wp-json\/wp\/v2\/inspiration-type?post=15538"},{"taxonomy":"label","embeddable":true,"href":"https:\/\/voyagesimpressionnistes.com\/en\/wp-json\/wp\/v2\/label?post=15538"},{"taxonomy":"categories-agenda","embeddable":true,"href":"https:\/\/voyagesimpressionnistes.com\/en\/wp-json\/wp\/v2\/categories-agenda?post=15538"}],"curies":[{"name":"wp","href":"https:\/\/api.w.org\/{rel}","templated":true}]}}