{"id":15546,"date":"2025-10-13T15:12:44","date_gmt":"2025-10-13T13:12:44","guid":{"rendered":"https:\/\/voyagesimpressionnistes.com\/uncategorized\/toussaint-impressionniste-en-normandie-en-famille\/"},"modified":"2025-11-04T17:41:17","modified_gmt":"2025-11-04T16:41:17","slug":"toussaint-impressionniste-en-normandie-en-famille","status":"publish","type":"post","link":"https:\/\/voyagesimpressionnistes.com\/en\/giverny-its-surroundings\/toussaint-impressionniste-en-normandie-en-famille\/","title":{"rendered":"Toussaint 2025 en Normandie : s\u00e9lection d&#8217;activit\u00e9s impressionnistes en famille"},"content":{"rendered":"<p>Du 20 au 31 octobre 2025, les Voyages impressionnistes vous proposent leur s\u00e9lection d&#8217;activit\u00e9s pour les enfants et les familles sur la th\u00e9matique impressionniste pendant les vacances de la Toussaint, en Normandie.<\/p>\n<h3>Mus\u00e9e des impressionnismes Giverny<\/h3>\n<p>Plusieurs ateliers jeune public (5 &#8211; 12 ans) sont programm\u00e9s dans le cadre de l&#8217;exposition <a href=\"https:\/\/voyagesimpressionnistes.com\/en\/?p=14525\"><em>Les Collections au jardin. Andrea Branzi, le r\u00e8gne des vivants<\/em><\/a> :<\/p>\n<ul>\n<li>&#8220;Les fleurs de Joan Mitchell&#8221; : les 20 et 22 octobre de 14h30 \u00e0 16h30 ;<\/li>\n<li>&#8220;Du noir et blanc \u00e0 la couleur&#8221; : les 21 et 23 octobre de 14h30 \u00e0 16h30 ;<\/li>\n<li>&#8220;Une for\u00eat de petits monstres&#8221; (sp\u00e9cial Halloween) : le 24 octobre de 14h30 \u00e0 16h30.<\/li>\n<\/ul>\n<div class=\"fusion-button-wrapper\"><a class=\"fusion-button button-flat fusion-button-default-size button-default fusion-button-default button-1 fusion-button-default-span fusion-button-default-type\" target=\"_blank\" rel=\"noopener noreferrer\" href=\"https:\/\/www.mdig.fr\/expositions-et-activites\/activites\/type\/atelier\/public\/enfant\/\"><span class=\"fusion-button-text awb-button__text awb-button__text--default\">R\u00e9servez votre activit\u00e9 en famille sur le site du Mus\u00e9e des impressionnismes Giverny<\/span><\/a><\/div>\n<p>&nbsp;<\/p>\n<h3>Mus\u00e9e Blanche Hosched\u00e9-Monet<\/h3>\n<p>\u00c0 Vernon, le <a href=\"https:\/\/voyagesimpressionnistes.com\/en\/giverny-its-surroundings\/musee-blanche-hoschede-monet-vernon\/\">Mus\u00e9e Blanche Hosched\u00e9-Monet<\/a> propose plusieurs s\u00e9ances pour les artistes en herbe avec des ateliers plac\u00e9s sous le signe d&#8217;Halloween pour les 3 &#8211; 12 ans :<\/p>\n<ul>\n<li>&#8220;Le corbeau et le renard en bas-relief&#8221; : le 22 octobre de 10h30 \u00e0 16h ;<\/li>\n<li>&#8220;Ma planche de stickers Halloween&#8221; : le 25 octobre de 10h30 \u00e0 16h ;<\/li>\n<li>&#8220;Nature Morte-Vivante&#8221; : le 29 octobre de 10h30 \u00e0 16h ;<\/li>\n<li>&#8220;Ton monstrueux mobile d&#8217;Halloween&#8221; : les 30 et 31 octobre de 10h30 \u00e0 12h.<\/li>\n<\/ul>\n<div class=\"fusion-button-wrapper\"><a class=\"fusion-button button-flat fusion-button-default-size button-default fusion-button-default button-2 fusion-button-default-span fusion-button-default-type\" target=\"_blank\" rel=\"noopener noreferrer\" href=\"https:\/\/www.vernon27.fr\/locations\/musee-blanche-hoschede-monet\/\"><span class=\"fusion-button-text awb-button__text awb-button__text--default\">Inscrivez-vous \u00e0 une activit\u00e9 en famille au Mus\u00e9e Blanche Hosched\u00e9-Monet<\/span><\/a><\/div>\n<p>&nbsp;<\/p>\n<h3>Mus\u00e9e Alfred Canel<\/h3>\n<p>\u00c0 Pont-Audemer, le <a href=\"https:\/\/voyagesimpressionnistes.com\/en\/seine-estuary\/musee-canel\/\">Mus\u00e9e Canel<\/a> propose 2 s\u00e9ries d&#8217;ateliers graphiques pour les familles :<\/p>\n<ul>\n<li>&#8220;Transfert et colorisation&#8221; : les 20 et 22 octobre \u00e0 10h30, pour les 2\/5 ans, \u00e0 quatre mains avec 1 parent. Transfert d\u2019une image de photographie ancienne sur papier et mise en couleur ;<\/li>\n<li>&#8220;\u00c0 la d\u00e9couverte du cyanotype&#8221; : les 21, 23 et 24 octobre \u00e0 10h. Un atelier pour comprendre le r\u00f4le essentiel de la lumi\u00e8re dans la photographie gr\u00e2ce au cyanotype.<\/li>\n<\/ul>\n<div class=\"fusion-button-wrapper\"><a class=\"fusion-button button-flat fusion-button-default-size button-default fusion-button-default button-3 fusion-button-default-span fusion-button-default-type\" target=\"_blank\" rel=\"noopener noreferrer\" href=\"https:\/\/www.ville-pont-audemer.fr\/culture\/musee-alfred-canel\/\"><span class=\"fusion-button-text awb-button__text awb-button__text--default\">En savoir plus sur les Vacances au Mus\u00e9e pour les familles sur le site du Mus\u00e9e Canel<\/span><\/a><\/div>\n<p>&nbsp;<\/p>\n<h3>Mus\u00e9e d&#8217;art moderne Andr\u00e9 Malraux (MuMa)<\/h3>\n<p>Le MuMa accueille au Havre les enfants pour des ateliers sur plusieurs s\u00e9ances au sein du mus\u00e9e :<\/p>\n<ul>\n<li>&#8220;Boudin avant\/apr\u00e8s&#8221; : les 22 et 23 octobre de 10h \u00e0 12h, pour les 7-13 ans ;<\/li>\n<li>&#8220;Par la fen\u00eatre&#8221; : les 21 et 28 octobre de 10h \u00e0 12h, pour les 4-6 ans ;<\/li>\n<li>&#8220;Stickers portuaires&#8221; : les 29 et 30 octobre, de 10h \u00e0 12h, pour les 7-13 ans ;<\/li>\n<li>&#8220;Cyanotypes portuaires&#8221; : le 31 octobre de 10h \u00e0 12h, pour les 7-13 ans.<\/li>\n<\/ul>\n<div class=\"fusion-button-wrapper\"><a class=\"fusion-button button-flat fusion-button-default-size button-default fusion-button-default button-4 fusion-button-default-span fusion-button-default-type\" target=\"_blank\" rel=\"noopener noreferrer\" href=\"https:\/\/www.muma-lehavre.fr\/fr\/agenda?date_d=2025-10-18&amp;date_f=2025-11-02&amp;type%5B120%5D=120&amp;cible%5B63%5D=63&amp;cible%5B3979%5D=3979&amp;cible%5B4176%5D=4176&amp;cible%5B4149%5D=4149&amp;cible%5B4008%5D=4008&amp;cible%5B4327%5D=4327&amp;cible%5B1776%5D=1776&amp;cible%5B64%5D=64&amp;cible%5B1565%5D=1565&amp;cible%5B65%5D=65\"><span class=\"fusion-button-text awb-button__text awb-button__text--default\">R\u00e9servez votre activit\u00e9 en famille sur le site du MuMa<\/span><\/a><\/div>\n<p>&nbsp;<\/p>\n<h3>Villa du Temps retrouv\u00e9<\/h3>\n<p>\u00c0 Cabourg, la <a href=\"https:\/\/voyagesimpressionnistes.com\/en\/seine-estuary\/villa-du-temps-retrouve\/\">Villa du Temps retrouv\u00e9<\/a> propose plusieurs activit\u00e9s en famille ou pour les enfants :<\/p>\n<ul>\n<li>&#8220;L&#8217;art du paperolle&#8221; : le 22 octobre \u00e0 15h30, en famille ;<\/li>\n<li>&#8220;Couleurs d&#8217;automne&#8221; : le 23 octobre \u00e0 14h30, pour les 7-12 ans ;<\/li>\n<li>Visites en famille : les 24 et 31 octobre \u00e0 16h ;<\/li>\n<li>Visites th\u00e9\u00e2tralis\u00e9es &#8220;La visite imaginaire&#8221; : le 24 octobre \u00e0 18h15 et \u00e0 20h15 (2 s\u00e9ances) ;<\/li>\n<li>&#8220;Apprenti sculpteur&#8221; : le 29 octobre \u00e0 15h30, en famille ;<\/li>\n<li>&#8220;Dans le laboratoire de Louis Pasteur&#8221; : le 30 octobre \u00e0 14h30, pour les 7-12 ans.<\/li>\n<\/ul>\n<div class=\"fusion-button-wrapper\"><a class=\"fusion-button button-flat fusion-button-default-size button-default fusion-button-default button-5 fusion-button-default-span fusion-button-default-type\" target=\"_blank\" rel=\"noopener noreferrer\" href=\"https:\/\/villadutempsretrouve.com\/agenda\/?selected_month=10\"><span class=\"fusion-button-text awb-button__text awb-button__text--default\">En savoir plus sur le site de la Villa du Temps retrouv\u00e9<\/span><\/a><\/div>\n<p>&nbsp;<\/p>\n<h3>Mus\u00e9e des Beaux-Arts de Caen<\/h3>\n<p>Enfin, le <a href=\"https:\/\/voyagesimpressionnistes.com\/en\/caen-the-cotentin\/musee-des-beaux-arts-de-caen\/\">Mus\u00e9e des Beaux-Arts de Caen<\/a> organise pour le soir d&#8217;Halloween une visite du mus\u00e9e \u00e0 la lampe torche en famille, le 31 octobre \u00e0 partir de 18h30.<\/p>\n<div class=\"fusion-button-wrapper\"><a class=\"fusion-button button-flat fusion-button-default-size button-default fusion-button-default button-6 fusion-button-default-span fusion-button-default-type\" target=\"_blank\" rel=\"noopener noreferrer\" href=\"https:\/\/mba.caen.fr\/evenement\/special-halloween\"><span class=\"fusion-button-text awb-button__text awb-button__text--default\">En savoir plus sur le site du Mus\u00e9e des Beaux-Arts de Caen<\/span><\/a><\/div>\n","protected":false},"excerpt":{"rendered":"<p>Du 20 au 31 octobre 2025, les Voyages impressionnistes vous  [&#8230;]<\/p>\n","protected":false},"author":2,"featured_media":15541,"comment_status":"closed","ping_status":"closed","sticky":false,"template":"","format":"standard","meta":{"_acf_changed":false,"inline_featured_image":false,"_jetpack_memberships_contains_paid_content":false,"footnotes":""},"categories":[170,83,84,82],"slider_une":[],"regions":[133],"coups_coeur":[],"inspiration-type":[],"label":[],"categories-agenda":[177],"class_list":["post-15546","post","type-post","status-publish","format-standard","has-post-thumbnail","hentry","category-normandy","category-giverny-its-surroundings","category-seine-estuary","category-caen-the-cotentin","tag-diary","regions-normandy","categories-agenda-festival-en"],"acf":[],"yoast_head":"<!-- This site is optimized with the Yoast SEO plugin v26.3 - https:\/\/yoast.com\/wordpress\/plugins\/seo\/ -->\n<title>Toussaint impressionniste en Normandie et en famille - Impressionist adventures<\/title>\n<meta name=\"description\" content=\"D\u00e9couvrez notre s\u00e9lection d&#039;activit\u00e9s programm\u00e9es pour les familles pour des vacances de la Toussaint impressionniste en Normandie.\" \/>\n<meta name=\"robots\" content=\"index, follow, max-snippet:-1, max-image-preview:large, max-video-preview:-1\" \/>\n<link rel=\"canonical\" href=\"https:\/\/voyagesimpressionnistes.com\/en\/giverny-its-surroundings\/toussaint-impressionniste-en-normandie-en-famille\/\" \/>\n<meta property=\"og:locale\" content=\"en_US\" \/>\n<meta property=\"og:type\" content=\"article\" \/>\n<meta property=\"og:title\" content=\"Toussaint impressionniste en Normandie et en famille - Impressionist adventures\" \/>\n<meta property=\"og:description\" content=\"D\u00e9couvrez notre s\u00e9lection d&#039;activit\u00e9s programm\u00e9es pour les familles pour des vacances de la Toussaint impressionniste en Normandie.\" \/>\n<meta property=\"og:url\" content=\"https:\/\/voyagesimpressionnistes.com\/en\/giverny-its-surroundings\/toussaint-impressionniste-en-normandie-en-famille\/\" \/>\n<meta property=\"og:site_name\" content=\"Impressionist adventures\" \/>\n<meta property=\"article:publisher\" content=\"https:\/\/www.facebook.com\/LesVoyagesImpressionnistes\/\" \/>\n<meta property=\"article:published_time\" content=\"2025-10-13T13:12:44+00:00\" \/>\n<meta property=\"article:modified_time\" content=\"2025-11-04T16:41:17+00:00\" \/>\n<meta property=\"og:image\" content=\"https:\/\/voyagesimpressionnistes.com\/wp-content\/uploads\/2025\/10\/MuMa__musee_d_art_moderne_Andre-Malraux._Le_Havre_-_Marie-Anais_Thierry-Marie-Anais_Thierry-19086-1600px.jpg\" \/>\n\t<meta property=\"og:image:width\" content=\"1068\" \/>\n\t<meta property=\"og:image:height\" content=\"1600\" \/>\n\t<meta property=\"og:image:type\" content=\"image\/jpeg\" \/>\n<meta name=\"author\" content=\"Phane\" \/>\n<meta name=\"twitter:card\" content=\"summary_large_image\" \/>\n<meta name=\"twitter:label1\" content=\"Written by\" \/>\n\t<meta name=\"twitter:data1\" content=\"Phane\" \/>\n\t<meta name=\"twitter:label2\" content=\"Est. reading time\" \/>\n\t<meta name=\"twitter:data2\" content=\"8 minutes\" \/>\n<script type=\"application\/ld+json\" class=\"yoast-schema-graph\">{\"@context\":\"https:\/\/schema.org\",\"@graph\":[{\"@type\":[\"Article\",\"BlogPosting\"],\"@id\":\"https:\/\/voyagesimpressionnistes.com\/en\/giverny-its-surroundings\/toussaint-impressionniste-en-normandie-en-famille\/#article\",\"isPartOf\":{\"@id\":\"https:\/\/voyagesimpressionnistes.com\/en\/giverny-its-surroundings\/toussaint-impressionniste-en-normandie-en-famille\/\"},\"author\":{\"name\":\"Phane\",\"@id\":\"https:\/\/voyagesimpressionnistes.com\/en\/#\/schema\/person\/78c37c19aa7ae1bd6f4902f296c80e5f\"},\"headline\":\"Toussaint 2025 en Normandie : s\u00e9lection d&#8217;activit\u00e9s impressionnistes en famille\",\"datePublished\":\"2025-10-13T13:12:44+00:00\",\"dateModified\":\"2025-11-04T16:41:17+00:00\",\"mainEntityOfPage\":{\"@id\":\"https:\/\/voyagesimpressionnistes.com\/en\/giverny-its-surroundings\/toussaint-impressionniste-en-normandie-en-famille\/\"},\"wordCount\":1688,\"publisher\":{\"@id\":\"https:\/\/voyagesimpressionnistes.com\/en\/#organization\"},\"image\":{\"@id\":\"https:\/\/voyagesimpressionnistes.com\/en\/giverny-its-surroundings\/toussaint-impressionniste-en-normandie-en-famille\/#primaryimage\"},\"thumbnailUrl\":\"https:\/\/voyagesimpressionnistes.com\/wp-content\/uploads\/2025\/10\/MuMa__musee_d_art_moderne_Andre-Malraux._Le_Havre_-_Marie-Anais_Thierry-Marie-Anais_Thierry-19086-1600px.jpg\",\"keywords\":[\"Diary\"],\"articleSection\":[\"All Normandy\",\"Giverny &amp; its surroundings\",\"The Seine Estuary\",\"From Caen to the Cotentin\"],\"inLanguage\":\"en-US\"},{\"@type\":\"WebPage\",\"@id\":\"https:\/\/voyagesimpressionnistes.com\/en\/giverny-its-surroundings\/toussaint-impressionniste-en-normandie-en-famille\/\",\"url\":\"https:\/\/voyagesimpressionnistes.com\/en\/giverny-its-surroundings\/toussaint-impressionniste-en-normandie-en-famille\/\",\"name\":\"Toussaint impressionniste en Normandie et en famille - Impressionist adventures\",\"isPartOf\":{\"@id\":\"https:\/\/voyagesimpressionnistes.com\/en\/#website\"},\"primaryImageOfPage\":{\"@id\":\"https:\/\/voyagesimpressionnistes.com\/en\/giverny-its-surroundings\/toussaint-impressionniste-en-normandie-en-famille\/#primaryimage\"},\"image\":{\"@id\":\"https:\/\/voyagesimpressionnistes.com\/en\/giverny-its-surroundings\/toussaint-impressionniste-en-normandie-en-famille\/#primaryimage\"},\"thumbnailUrl\":\"https:\/\/voyagesimpressionnistes.com\/wp-content\/uploads\/2025\/10\/MuMa__musee_d_art_moderne_Andre-Malraux._Le_Havre_-_Marie-Anais_Thierry-Marie-Anais_Thierry-19086-1600px.jpg\",\"datePublished\":\"2025-10-13T13:12:44+00:00\",\"dateModified\":\"2025-11-04T16:41:17+00:00\",\"description\":\"D\u00e9couvrez notre s\u00e9lection d'activit\u00e9s programm\u00e9es pour les familles pour des vacances de la Toussaint impressionniste en Normandie.\",\"breadcrumb\":{\"@id\":\"https:\/\/voyagesimpressionnistes.com\/en\/giverny-its-surroundings\/toussaint-impressionniste-en-normandie-en-famille\/#breadcrumb\"},\"inLanguage\":\"en-US\",\"potentialAction\":[{\"@type\":\"ReadAction\",\"target\":[\"https:\/\/voyagesimpressionnistes.com\/en\/giverny-its-surroundings\/toussaint-impressionniste-en-normandie-en-famille\/\"]}]},{\"@type\":\"ImageObject\",\"inLanguage\":\"en-US\",\"@id\":\"https:\/\/voyagesimpressionnistes.com\/en\/giverny-its-surroundings\/toussaint-impressionniste-en-normandie-en-famille\/#primaryimage\",\"url\":\"https:\/\/voyagesimpressionnistes.com\/wp-content\/uploads\/2025\/10\/MuMa__musee_d_art_moderne_Andre-Malraux._Le_Havre_-_Marie-Anais_Thierry-Marie-Anais_Thierry-19086-1600px.jpg\",\"contentUrl\":\"https:\/\/voyagesimpressionnistes.com\/wp-content\/uploads\/2025\/10\/MuMa__musee_d_art_moderne_Andre-Malraux._Le_Havre_-_Marie-Anais_Thierry-Marie-Anais_Thierry-19086-1600px.jpg\",\"width\":1068,\"height\":1600,\"caption\":\"Muma, Le Havre : \u00a9 Marie-Ana\u00efs Thierry\"},{\"@type\":\"BreadcrumbList\",\"@id\":\"https:\/\/voyagesimpressionnistes.com\/en\/giverny-its-surroundings\/toussaint-impressionniste-en-normandie-en-famille\/#breadcrumb\",\"itemListElement\":[{\"@type\":\"ListItem\",\"position\":1,\"name\":\"All Normandy\",\"item\":\"https:\/\/voyagesimpressionnistes.com\/en\/normandy\/\"},{\"@type\":\"ListItem\",\"position\":2,\"name\":\"Toussaint 2025 en Normandie : s\u00e9lection d&rsquo;activit\u00e9s impressionnistes en famille\"}]},{\"@type\":\"WebSite\",\"@id\":\"https:\/\/voyagesimpressionnistes.com\/en\/#website\",\"url\":\"https:\/\/voyagesimpressionnistes.com\/en\/\",\"name\":\"Impressionist adventures\",\"description\":\"Inspiring moments\",\"publisher\":{\"@id\":\"https:\/\/voyagesimpressionnistes.com\/en\/#organization\"},\"potentialAction\":[{\"@type\":\"SearchAction\",\"target\":{\"@type\":\"EntryPoint\",\"urlTemplate\":\"https:\/\/voyagesimpressionnistes.com\/en\/?s={search_term_string}\"},\"query-input\":{\"@type\":\"PropertyValueSpecification\",\"valueRequired\":true,\"valueName\":\"search_term_string\"}}],\"inLanguage\":\"en-US\"},{\"@type\":\"Organization\",\"@id\":\"https:\/\/voyagesimpressionnistes.com\/en\/#organization\",\"name\":\"Voyages Impressionnistes\",\"url\":\"https:\/\/voyagesimpressionnistes.com\/en\/\",\"logo\":{\"@type\":\"ImageObject\",\"inLanguage\":\"en-US\",\"@id\":\"https:\/\/voyagesimpressionnistes.com\/en\/#\/schema\/logo\/image\/\",\"url\":\"https:\/\/voyagesimpressionnistes.com\/wp-content\/uploads\/2021\/06\/vi-logo-507x216-1.svg\",\"contentUrl\":\"https:\/\/voyagesimpressionnistes.com\/wp-content\/uploads\/2021\/06\/vi-logo-507x216-1.svg\",\"width\":507,\"height\":216,\"caption\":\"Voyages Impressionnistes\"},\"image\":{\"@id\":\"https:\/\/voyagesimpressionnistes.com\/en\/#\/schema\/logo\/image\/\"},\"sameAs\":[\"https:\/\/www.facebook.com\/LesVoyagesImpressionnistes\/\"]},{\"@type\":\"Person\",\"@id\":\"https:\/\/voyagesimpressionnistes.com\/en\/#\/schema\/person\/78c37c19aa7ae1bd6f4902f296c80e5f\",\"name\":\"Phane\",\"image\":{\"@type\":\"ImageObject\",\"inLanguage\":\"en-US\",\"@id\":\"https:\/\/voyagesimpressionnistes.com\/en\/#\/schema\/person\/image\/\",\"url\":\"https:\/\/secure.gravatar.com\/avatar\/ea705fa375f21b62a2facac16bc19ee8d664629e3399a374a188d355bc5d00b9?s=96&d=mm&r=g\",\"contentUrl\":\"https:\/\/secure.gravatar.com\/avatar\/ea705fa375f21b62a2facac16bc19ee8d664629e3399a374a188d355bc5d00b9?s=96&d=mm&r=g\",\"caption\":\"Phane\"}}]}<\/script>\n<!-- \/ Yoast SEO plugin. -->","yoast_head_json":{"title":"Toussaint impressionniste en Normandie et en famille - Impressionist adventures","description":"D\u00e9couvrez notre s\u00e9lection d'activit\u00e9s programm\u00e9es pour les familles pour des vacances de la Toussaint impressionniste en Normandie.","robots":{"index":"index","follow":"follow","max-snippet":"max-snippet:-1","max-image-preview":"max-image-preview:large","max-video-preview":"max-video-preview:-1"},"canonical":"https:\/\/voyagesimpressionnistes.com\/en\/giverny-its-surroundings\/toussaint-impressionniste-en-normandie-en-famille\/","og_locale":"en_US","og_type":"article","og_title":"Toussaint impressionniste en Normandie et en famille - Impressionist adventures","og_description":"D\u00e9couvrez notre s\u00e9lection d'activit\u00e9s programm\u00e9es pour les familles pour des vacances de la Toussaint impressionniste en Normandie.","og_url":"https:\/\/voyagesimpressionnistes.com\/en\/giverny-its-surroundings\/toussaint-impressionniste-en-normandie-en-famille\/","og_site_name":"Impressionist adventures","article_publisher":"https:\/\/www.facebook.com\/LesVoyagesImpressionnistes\/","article_published_time":"2025-10-13T13:12:44+00:00","article_modified_time":"2025-11-04T16:41:17+00:00","og_image":[{"width":1068,"height":1600,"url":"https:\/\/voyagesimpressionnistes.com\/wp-content\/uploads\/2025\/10\/MuMa__musee_d_art_moderne_Andre-Malraux._Le_Havre_-_Marie-Anais_Thierry-Marie-Anais_Thierry-19086-1600px.jpg","type":"image\/jpeg"}],"author":"Phane","twitter_card":"summary_large_image","twitter_misc":{"Written by":"Phane","Est. reading time":"8 minutes"},"schema":{"@context":"https:\/\/schema.org","@graph":[{"@type":["Article","BlogPosting"],"@id":"https:\/\/voyagesimpressionnistes.com\/en\/giverny-its-surroundings\/toussaint-impressionniste-en-normandie-en-famille\/#article","isPartOf":{"@id":"https:\/\/voyagesimpressionnistes.com\/en\/giverny-its-surroundings\/toussaint-impressionniste-en-normandie-en-famille\/"},"author":{"name":"Phane","@id":"https:\/\/voyagesimpressionnistes.com\/en\/#\/schema\/person\/78c37c19aa7ae1bd6f4902f296c80e5f"},"headline":"Toussaint 2025 en Normandie : s\u00e9lection d&#8217;activit\u00e9s impressionnistes en famille","datePublished":"2025-10-13T13:12:44+00:00","dateModified":"2025-11-04T16:41:17+00:00","mainEntityOfPage":{"@id":"https:\/\/voyagesimpressionnistes.com\/en\/giverny-its-surroundings\/toussaint-impressionniste-en-normandie-en-famille\/"},"wordCount":1688,"publisher":{"@id":"https:\/\/voyagesimpressionnistes.com\/en\/#organization"},"image":{"@id":"https:\/\/voyagesimpressionnistes.com\/en\/giverny-its-surroundings\/toussaint-impressionniste-en-normandie-en-famille\/#primaryimage"},"thumbnailUrl":"https:\/\/voyagesimpressionnistes.com\/wp-content\/uploads\/2025\/10\/MuMa__musee_d_art_moderne_Andre-Malraux._Le_Havre_-_Marie-Anais_Thierry-Marie-Anais_Thierry-19086-1600px.jpg","keywords":["Diary"],"articleSection":["All Normandy","Giverny &amp; its surroundings","The Seine Estuary","From Caen to the Cotentin"],"inLanguage":"en-US"},{"@type":"WebPage","@id":"https:\/\/voyagesimpressionnistes.com\/en\/giverny-its-surroundings\/toussaint-impressionniste-en-normandie-en-famille\/","url":"https:\/\/voyagesimpressionnistes.com\/en\/giverny-its-surroundings\/toussaint-impressionniste-en-normandie-en-famille\/","name":"Toussaint impressionniste en Normandie et en famille - Impressionist adventures","isPartOf":{"@id":"https:\/\/voyagesimpressionnistes.com\/en\/#website"},"primaryImageOfPage":{"@id":"https:\/\/voyagesimpressionnistes.com\/en\/giverny-its-surroundings\/toussaint-impressionniste-en-normandie-en-famille\/#primaryimage"},"image":{"@id":"https:\/\/voyagesimpressionnistes.com\/en\/giverny-its-surroundings\/toussaint-impressionniste-en-normandie-en-famille\/#primaryimage"},"thumbnailUrl":"https:\/\/voyagesimpressionnistes.com\/wp-content\/uploads\/2025\/10\/MuMa__musee_d_art_moderne_Andre-Malraux._Le_Havre_-_Marie-Anais_Thierry-Marie-Anais_Thierry-19086-1600px.jpg","datePublished":"2025-10-13T13:12:44+00:00","dateModified":"2025-11-04T16:41:17+00:00","description":"D\u00e9couvrez notre s\u00e9lection d'activit\u00e9s programm\u00e9es pour les familles pour des vacances de la Toussaint impressionniste en Normandie.","breadcrumb":{"@id":"https:\/\/voyagesimpressionnistes.com\/en\/giverny-its-surroundings\/toussaint-impressionniste-en-normandie-en-famille\/#breadcrumb"},"inLanguage":"en-US","potentialAction":[{"@type":"ReadAction","target":["https:\/\/voyagesimpressionnistes.com\/en\/giverny-its-surroundings\/toussaint-impressionniste-en-normandie-en-famille\/"]}]},{"@type":"ImageObject","inLanguage":"en-US","@id":"https:\/\/voyagesimpressionnistes.com\/en\/giverny-its-surroundings\/toussaint-impressionniste-en-normandie-en-famille\/#primaryimage","url":"https:\/\/voyagesimpressionnistes.com\/wp-content\/uploads\/2025\/10\/MuMa__musee_d_art_moderne_Andre-Malraux._Le_Havre_-_Marie-Anais_Thierry-Marie-Anais_Thierry-19086-1600px.jpg","contentUrl":"https:\/\/voyagesimpressionnistes.com\/wp-content\/uploads\/2025\/10\/MuMa__musee_d_art_moderne_Andre-Malraux._Le_Havre_-_Marie-Anais_Thierry-Marie-Anais_Thierry-19086-1600px.jpg","width":1068,"height":1600,"caption":"Muma, Le Havre : \u00a9 Marie-Ana\u00efs Thierry"},{"@type":"BreadcrumbList","@id":"https:\/\/voyagesimpressionnistes.com\/en\/giverny-its-surroundings\/toussaint-impressionniste-en-normandie-en-famille\/#breadcrumb","itemListElement":[{"@type":"ListItem","position":1,"name":"All Normandy","item":"https:\/\/voyagesimpressionnistes.com\/en\/normandy\/"},{"@type":"ListItem","position":2,"name":"Toussaint 2025 en Normandie : s\u00e9lection d&rsquo;activit\u00e9s impressionnistes en famille"}]},{"@type":"WebSite","@id":"https:\/\/voyagesimpressionnistes.com\/en\/#website","url":"https:\/\/voyagesimpressionnistes.com\/en\/","name":"Impressionist adventures","description":"Inspiring moments","publisher":{"@id":"https:\/\/voyagesimpressionnistes.com\/en\/#organization"},"potentialAction":[{"@type":"SearchAction","target":{"@type":"EntryPoint","urlTemplate":"https:\/\/voyagesimpressionnistes.com\/en\/?s={search_term_string}"},"query-input":{"@type":"PropertyValueSpecification","valueRequired":true,"valueName":"search_term_string"}}],"inLanguage":"en-US"},{"@type":"Organization","@id":"https:\/\/voyagesimpressionnistes.com\/en\/#organization","name":"Voyages Impressionnistes","url":"https:\/\/voyagesimpressionnistes.com\/en\/","logo":{"@type":"ImageObject","inLanguage":"en-US","@id":"https:\/\/voyagesimpressionnistes.com\/en\/#\/schema\/logo\/image\/","url":"https:\/\/voyagesimpressionnistes.com\/wp-content\/uploads\/2021\/06\/vi-logo-507x216-1.svg","contentUrl":"https:\/\/voyagesimpressionnistes.com\/wp-content\/uploads\/2021\/06\/vi-logo-507x216-1.svg","width":507,"height":216,"caption":"Voyages Impressionnistes"},"image":{"@id":"https:\/\/voyagesimpressionnistes.com\/en\/#\/schema\/logo\/image\/"},"sameAs":["https:\/\/www.facebook.com\/LesVoyagesImpressionnistes\/"]},{"@type":"Person","@id":"https:\/\/voyagesimpressionnistes.com\/en\/#\/schema\/person\/78c37c19aa7ae1bd6f4902f296c80e5f","name":"Phane","image":{"@type":"ImageObject","inLanguage":"en-US","@id":"https:\/\/voyagesimpressionnistes.com\/en\/#\/schema\/person\/image\/","url":"https:\/\/secure.gravatar.com\/avatar\/ea705fa375f21b62a2facac16bc19ee8d664629e3399a374a188d355bc5d00b9?s=96&d=mm&r=g","contentUrl":"https:\/\/secure.gravatar.com\/avatar\/ea705fa375f21b62a2facac16bc19ee8d664629e3399a374a188d355bc5d00b9?s=96&d=mm&r=g","caption":"Phane"}}]}},"jetpack_featured_media_url":"https:\/\/voyagesimpressionnistes.com\/wp-content\/uploads\/2025\/10\/MuMa__musee_d_art_moderne_Andre-Malraux._Le_Havre_-_Marie-Anais_Thierry-Marie-Anais_Thierry-19086-1600px.jpg","jetpack_sharing_enabled":true,"_links":{"self":[{"href":"https:\/\/voyagesimpressionnistes.com\/en\/wp-json\/wp\/v2\/posts\/15546","targetHints":{"allow":["GET"]}}],"collection":[{"href":"https:\/\/voyagesimpressionnistes.com\/en\/wp-json\/wp\/v2\/posts"}],"about":[{"href":"https:\/\/voyagesimpressionnistes.com\/en\/wp-json\/wp\/v2\/types\/post"}],"author":[{"embeddable":true,"href":"https:\/\/voyagesimpressionnistes.com\/en\/wp-json\/wp\/v2\/users\/2"}],"replies":[{"embeddable":true,"href":"https:\/\/voyagesimpressionnistes.com\/en\/wp-json\/wp\/v2\/comments?post=15546"}],"version-history":[{"count":5,"href":"https:\/\/voyagesimpressionnistes.com\/en\/wp-json\/wp\/v2\/posts\/15546\/revisions"}],"predecessor-version":[{"id":15565,"href":"https:\/\/voyagesimpressionnistes.com\/en\/wp-json\/wp\/v2\/posts\/15546\/revisions\/15565"}],"wp:featuredmedia":[{"embeddable":true,"href":"https:\/\/voyagesimpressionnistes.com\/en\/wp-json\/wp\/v2\/media\/15541"}],"wp:attachment":[{"href":"https:\/\/voyagesimpressionnistes.com\/en\/wp-json\/wp\/v2\/media?parent=15546"}],"wp:term":[{"taxonomy":"category","embeddable":true,"href":"https:\/\/voyagesimpressionnistes.com\/en\/wp-json\/wp\/v2\/categories?post=15546"},{"taxonomy":"slider_une","embeddable":true,"href":"https:\/\/voyagesimpressionnistes.com\/en\/wp-json\/wp\/v2\/slider_une?post=15546"},{"taxonomy":"regions","embeddable":true,"href":"https:\/\/voyagesimpressionnistes.com\/en\/wp-json\/wp\/v2\/regions?post=15546"},{"taxonomy":"coups_coeur","embeddable":true,"href":"https:\/\/voyagesimpressionnistes.com\/en\/wp-json\/wp\/v2\/coups_coeur?post=15546"},{"taxonomy":"inspiration-type","embeddable":true,"href":"https:\/\/voyagesimpressionnistes.com\/en\/wp-json\/wp\/v2\/inspiration-type?post=15546"},{"taxonomy":"label","embeddable":true,"href":"https:\/\/voyagesimpressionnistes.com\/en\/wp-json\/wp\/v2\/label?post=15546"},{"taxonomy":"categories-agenda","embeddable":true,"href":"https:\/\/voyagesimpressionnistes.com\/en\/wp-json\/wp\/v2\/categories-agenda?post=15546"}],"curies":[{"name":"wp","href":"https:\/\/api.w.org\/{rel}","templated":true}]}}