{"id":15581,"date":"2025-10-15T10:08:31","date_gmt":"2025-10-15T08:08:31","guid":{"rendered":"https:\/\/voyagesimpressionnistes.com\/uncategorized\/toussaint-2025-en-ile-de-france-activites-impressionnistes-pour-les-familles\/"},"modified":"2026-01-29T09:40:15","modified_gmt":"2026-01-29T08:40:15","slug":"toussaint-2025-en-ile-de-france-activites-impressionnistes-pour-les-familles","status":"publish","type":"post","link":"https:\/\/voyagesimpressionnistes.com\/en\/paris-region\/toussaint-2025-en-ile-de-france-activites-impressionnistes-pour-les-familles\/","title":{"rendered":"Toussaint 2025 en \u00cele-de-France : activit\u00e9s impressionnistes pour les familles"},"content":{"rendered":"<p>Pour les vacances de la Toussaint 2025, les Voyages impressionnistes mettent en avant une s\u00e9lection d&#8217;activit\u00e9s \u00e0 destination des familles et des enfants dans les mus\u00e9es de Paris et d&#8217;\u00cele-de-France.<\/p>\n<h3>Mus\u00e9e d&#8217;Orsay<\/h3>\n<p>Le Mus\u00e9e d&#8217;Orsay \u00e0 Paris, qui abrite la plus grande collection impressionniste du monde, organise plusieurs visites pour les familles accompagn\u00e9es d&#8217;enfants de 6 \u00e0 12 ans :<\/p>\n<ul>\n<li>&#8220;Les grandes \u0153uvres du mus\u00e9e d&#8217;Orsay&#8221; : visite guid\u00e9e, le 18 octobre \u00e0 14h ;<\/li>\n<li>&#8220;Les merveilles d&#8217;Orsay&#8221; : visite cont\u00e9e, le 19 octobre \u00e0 11h ;<\/li>\n<li>&#8220;Orsay en fleurs&#8221; : visite en famille, le 19 octobre \u00e0 14h ;<\/li>\n<li>&#8220;Croque-statue&#8221; : visite en famille, le 19 octobre \u00e0 16h ;<\/li>\n<li>&#8220;Sortir du cadre&#8221; : visite en famille, le 26 octobre \u00e0 10h ;<\/li>\n<li>&#8220;\u00c0 pas dans\u00e9s&#8221; : visite dans\u00e9e, le 26 octobre \u00e0 11h ;<\/li>\n<li>&#8220;Le grand d\u00e9tournement&#8221; : visite en famille, le 26 octobre \u00e0 14h, pour les 12-16 ans ;<\/li>\n<li>&#8220;La belle saison&#8221; : visite en famille, le 2 novembre \u00e0 11h.<\/li>\n<\/ul>\n<div class=\"fusion-button-wrapper\"><a class=\"fusion-button button-flat fusion-button-default-size button-default fusion-button-default button-1 fusion-button-default-span fusion-button-default-type\" target=\"_blank\" rel=\"noopener noreferrer\" href=\"https:\/\/www.musee-orsay.fr\/fr\/agenda\/visites-et-ateliers?field_event_type_target_id=28&amp;page=0\"><span class=\"fusion-button-text awb-button__text awb-button__text--default\">R\u00e9servez votre activit\u00e9 en famille sur le site du Mus\u00e9e d&#8217;Orsay<\/span><\/a><\/div>\n<p>&nbsp;<\/p>\n<h3>Mus\u00e9e Marmottan Monet<\/h3>\n<p>Dans le cadre de sa programmation sp\u00e9ciale &#8220;Les p&#8217;tits Marmottan&#8221;, le <a href=\"https:\/\/voyagesimpressionnistes.com\/en\/paris-montmartre\/musee-marmottan-monet\/\">Mus\u00e9e Marmottan Monet<\/a> \u00e0 Paris propose un cycle de m\u00e9diation \u00e0 destination du jeune public (4-12 ans) pendant les vacances de la Toussaint 2025 :<\/p>\n<ul>\n<li>&#8220;Un paysage de r\u00eave&#8221; : le 22 octobre \u00e0 10h30 et le 23 octobre \u00e0 15h ;<\/li>\n<li>&#8220;Histoires d&#8217;enfance&#8221; : le 22 octobre \u00e0 10h ;<\/li>\n<li>&#8220;Le bassin aux nymph\u00e9as&#8221; : les 23 et 30 octobre \u00e0 10h30 ;<\/li>\n<li>&#8220;Nuits magiques&#8221; : le 29 octobre \u00e0 10h30 et le 30 octobre \u00e0 15h ;<\/li>\n<li>&#8220;Le voyage des animaux&#8221; : le 29 octobre \u00e0 15h.<\/li>\n<\/ul>\n<div class=\"fusion-button-wrapper\"><a class=\"fusion-button button-flat fusion-button-default-size button-default fusion-button-default button-2 fusion-button-default-span fusion-button-default-type\" target=\"_blank\" rel=\"noopener noreferrer\" href=\"https:\/\/www.marmottan.fr\/publics\/enfants-et-familles\/\"><span class=\"fusion-button-text awb-button__text awb-button__text--default\">R\u00e9servez votre activit\u00e9 en famille sur le site du Mus\u00e9e Marmottan Monet<\/span><\/a><\/div>\n<p>&nbsp;<\/p>\n<h3>Mus\u00e9e de l&#8217;Orangerie<\/h3>\n<p>Le <a href=\"https:\/\/voyagesimpressionnistes.com\/en\/paris-montmartre\/musee-de-lorangerie\/\">Mus\u00e9e de l&#8217;Orangerie<\/a> invite les familles \u00e0 d\u00e9couvrir <em>les Nymph\u00e9as<\/em> de Claude Monet et ses expositions avec une s\u00e9rie de visites guid\u00e9es et visites-ateliers :<\/p>\n<ul>\n<li>&#8220;Berthe Weill. Galeriste d&#8217;avant-garde&#8221; : visite guid\u00e9e de l&#8217;exposition, le 25 octobre \u00e0 10h ;<\/li>\n<li>&#8220;Berthe Weill, une femme pionni\u00e8re&#8221; : visite-atelier, les 19 et 26 octobre \u00e0 14h30 ;<\/li>\n<li>&#8220;La fabrique des Nymph\u00e9as&#8221; : visite-atelier, les 18, 22, 25 et 29 octobre \u00e0 14h30 ;<\/li>\n<li>&#8220;Au rendez-vous des artistes&#8221; : visite pour les 6-12 ans, le 18 octobre \u00e0 10h ;<\/li>\n<li>&#8220;Visite promenade&#8221; : pour les 4-6 ans, les 19 et 26 octobre \u00e0 11h.<\/li>\n<\/ul>\n<div class=\"fusion-button-wrapper\"><a class=\"fusion-button button-flat fusion-button-default-size button-default fusion-button-default button-3 fusion-button-default-span fusion-button-default-type\" target=\"_blank\" rel=\"noopener noreferrer\" href=\"https:\/\/www.musee-orangerie.fr\/fr\/agenda\/visites-et-ateliers?field_event_type_target_id=28\"><span class=\"fusion-button-text awb-button__text awb-button__text--default\">R\u00e9servez votre activit\u00e9 en famille sur le site du Mus\u00e9e de l&#8217;Orangerie<\/span><\/a><\/div>\n<p>&nbsp;<\/p>\n<h3>Maison impressionniste Argenteuil<\/h3>\n<p>Sur les bords de Seine, la <a href=\"https:\/\/voyagesimpressionnistes.com\/en\/banks-seine\/maison-impressionniste-argenteuil\/\">Maison impressionniste Argenteuil<\/a> ouvre ses portes aux &#8220;P&#8217;tits Cr\u00e9atifs&#8221; et propose un jeu de piste nocturne :<\/p>\n<ul>\n<li>&#8220;Les P&#8217;tits Cr\u00e9atifs&#8221; : visite et atelier cr\u00e9atif, les 22 et 29 octobre \u00e0 14h ;<\/li>\n<li>&#8220;Jeu de piste nocturne, \u00e9dition sp\u00e9ciale Halloween&#8221; : le 31 octobre \u00e0 20h.<\/li>\n<\/ul>\n<div class=\"fusion-button-wrapper\"><a class=\"fusion-button button-flat fusion-button-default-size button-default fusion-button-default button-4 fusion-button-default-span fusion-button-default-type\" target=\"_blank\" rel=\"noopener noreferrer\" href=\"https:\/\/www.maisonimpressionniste.fr\/fr\/agenda\"><span class=\"fusion-button-text awb-button__text awb-button__text--default\">R\u00e9servez votre activit\u00e9 en famille sur le site de la Maison impressionniste Argenteuil<\/span><\/a><\/div>\n<p>&nbsp;<\/p>\n<h3>Mus\u00e9e Daubigny<\/h3>\n<p>\u00c0 Auvers-sur-Oise, dans le <a href=\"https:\/\/voyagesimpressionnistes.com\/en\/auvers-oise-valley\/musee-daubigny\/\">Mus\u00e9e Daubigny<\/a> temporairement h\u00e9berg\u00e9 \u00e0 la Maison de l&#8217;Isle pendant les travaux de r\u00e9novation, visites guid\u00e9es et stages pour les enfants sont au programme pour les vacances de la Toussaint :<\/p>\n<ul>\n<li>&#8220;D\u00e9couvrez les \u0153uvres de Charles Fran\u00e7ois Daubigny et ses \u00e9l\u00e8ves&#8221; : visite guid\u00e9e, le 18 octobre \u00e0 11h ;<\/li>\n<li>&#8220;Tisse ton visage&#8221; : stage de vacances pour les 6-12 ans, les 21, 22 et 23 octobre de 15h \u00e0 16h30 ;<\/li>\n<li>&#8220;Cr\u00e9ation audio&#8221; : stage de pratique artistique num\u00e9rique pour les 12-16 ans, les 28, 29 et 30 octobre de 11h \u00e0 12h30.<\/li>\n<\/ul>\n<div class=\"fusion-button-wrapper\"><a class=\"fusion-button button-flat fusion-button-default-size button-default fusion-button-default button-5 fusion-button-default-span fusion-button-default-type\" target=\"_blank\" rel=\"noopener noreferrer\" href=\"https:\/\/museedaubigny.com\/jeunes-public\/familles\/\"><span class=\"fusion-button-text awb-button__text awb-button__text--default\">En savoir plus sur les Vacances au Mus\u00e9e pour les familles sur le site du Mus\u00e9e Daubigny<\/span><\/a><\/div>\n","protected":false},"excerpt":{"rendered":"<p>Pour les vacances de la Toussaint 2025, les Voyages impressionnistes  [&#8230;]<\/p>\n","protected":false},"author":2,"featured_media":15570,"comment_status":"closed","ping_status":"closed","sticky":false,"template":"","format":"standard","meta":{"_acf_changed":false,"inline_featured_image":false,"_jetpack_memberships_contains_paid_content":false,"footnotes":""},"categories":[169,87,86,80],"slider_une":[],"regions":[132],"coups_coeur":[],"inspiration-type":[],"label":[],"categories-agenda":[177],"class_list":["post-15581","post","type-post","status-publish","format-standard","has-post-thumbnail","hentry","category-paris-region","category-paris-montmartre","category-banks-seine","category-auvers-oise-valley","tag-diary","regions-idf-en","categories-agenda-festival-en"],"acf":[],"yoast_head":"<!-- This site is optimized with the Yoast SEO plugin v26.3 - https:\/\/yoast.com\/wordpress\/plugins\/seo\/ -->\n<title>Activit\u00e9s impressionnistes Toussaint \u00cele-de-France - Impressionist adventures<\/title>\n<meta name=\"description\" content=\"D\u00e9couvrez notre s\u00e9lection d&#039;activit\u00e9s impressionnistes pour les familles pour les vacances de la Toussaint \u00e0 Paris et en \u00cele-de-France.\" \/>\n<meta name=\"robots\" content=\"index, follow, max-snippet:-1, max-image-preview:large, max-video-preview:-1\" \/>\n<link rel=\"canonical\" href=\"https:\/\/voyagesimpressionnistes.com\/en\/paris-region\/toussaint-2025-en-ile-de-france-activites-impressionnistes-pour-les-familles\/\" \/>\n<meta property=\"og:locale\" content=\"en_US\" \/>\n<meta property=\"og:type\" content=\"article\" \/>\n<meta property=\"og:title\" content=\"Activit\u00e9s impressionnistes Toussaint \u00cele-de-France - Impressionist adventures\" \/>\n<meta property=\"og:description\" content=\"D\u00e9couvrez notre s\u00e9lection d&#039;activit\u00e9s impressionnistes pour les familles pour les vacances de la Toussaint \u00e0 Paris et en \u00cele-de-France.\" \/>\n<meta property=\"og:url\" content=\"https:\/\/voyagesimpressionnistes.com\/en\/paris-region\/toussaint-2025-en-ile-de-france-activites-impressionnistes-pour-les-familles\/\" \/>\n<meta property=\"og:site_name\" content=\"Impressionist adventures\" \/>\n<meta property=\"article:publisher\" content=\"https:\/\/www.facebook.com\/LesVoyagesImpressionnistes\/\" \/>\n<meta property=\"article:published_time\" content=\"2025-10-15T08:08:31+00:00\" \/>\n<meta property=\"article:modified_time\" content=\"2026-01-29T08:40:15+00:00\" \/>\n<meta property=\"og:image\" content=\"https:\/\/voyagesimpressionnistes.com\/wp-content\/uploads\/2025\/10\/IMG_1235.jpg\" \/>\n\t<meta property=\"og:image:width\" content=\"1905\" \/>\n\t<meta property=\"og:image:height\" content=\"2560\" \/>\n\t<meta property=\"og:image:type\" content=\"image\/jpeg\" \/>\n<meta name=\"author\" content=\"Phane\" \/>\n<meta name=\"twitter:card\" content=\"summary_large_image\" \/>\n<meta name=\"twitter:label1\" content=\"Written by\" \/>\n\t<meta name=\"twitter:data1\" content=\"Phane\" \/>\n\t<meta name=\"twitter:label2\" content=\"Est. reading time\" \/>\n\t<meta name=\"twitter:data2\" content=\"3 minutes\" \/>\n<script type=\"application\/ld+json\" class=\"yoast-schema-graph\">{\"@context\":\"https:\/\/schema.org\",\"@graph\":[{\"@type\":[\"Article\",\"BlogPosting\"],\"@id\":\"https:\/\/voyagesimpressionnistes.com\/en\/paris-region\/toussaint-2025-en-ile-de-france-activites-impressionnistes-pour-les-familles\/#article\",\"isPartOf\":{\"@id\":\"https:\/\/voyagesimpressionnistes.com\/en\/paris-region\/toussaint-2025-en-ile-de-france-activites-impressionnistes-pour-les-familles\/\"},\"author\":{\"name\":\"Phane\",\"@id\":\"https:\/\/voyagesimpressionnistes.com\/en\/#\/schema\/person\/78c37c19aa7ae1bd6f4902f296c80e5f\"},\"headline\":\"Toussaint 2025 en \u00cele-de-France : activit\u00e9s impressionnistes pour les familles\",\"datePublished\":\"2025-10-15T08:08:31+00:00\",\"dateModified\":\"2026-01-29T08:40:15+00:00\",\"mainEntityOfPage\":{\"@id\":\"https:\/\/voyagesimpressionnistes.com\/en\/paris-region\/toussaint-2025-en-ile-de-france-activites-impressionnistes-pour-les-familles\/\"},\"wordCount\":1478,\"publisher\":{\"@id\":\"https:\/\/voyagesimpressionnistes.com\/en\/#organization\"},\"image\":{\"@id\":\"https:\/\/voyagesimpressionnistes.com\/en\/paris-region\/toussaint-2025-en-ile-de-france-activites-impressionnistes-pour-les-familles\/#primaryimage\"},\"thumbnailUrl\":\"https:\/\/voyagesimpressionnistes.com\/wp-content\/uploads\/2025\/10\/IMG_1235.jpg\",\"keywords\":[\"Diary\"],\"articleSection\":[\"All Paris Region\",\"Paris &amp; Montmartre\",\"Along the Banks of the Seine\",\"Auvers &amp; the Oise valley\"],\"inLanguage\":\"en-US\"},{\"@type\":\"WebPage\",\"@id\":\"https:\/\/voyagesimpressionnistes.com\/en\/paris-region\/toussaint-2025-en-ile-de-france-activites-impressionnistes-pour-les-familles\/\",\"url\":\"https:\/\/voyagesimpressionnistes.com\/en\/paris-region\/toussaint-2025-en-ile-de-france-activites-impressionnistes-pour-les-familles\/\",\"name\":\"Activit\u00e9s impressionnistes Toussaint \u00cele-de-France - Impressionist adventures\",\"isPartOf\":{\"@id\":\"https:\/\/voyagesimpressionnistes.com\/en\/#website\"},\"primaryImageOfPage\":{\"@id\":\"https:\/\/voyagesimpressionnistes.com\/en\/paris-region\/toussaint-2025-en-ile-de-france-activites-impressionnistes-pour-les-familles\/#primaryimage\"},\"image\":{\"@id\":\"https:\/\/voyagesimpressionnistes.com\/en\/paris-region\/toussaint-2025-en-ile-de-france-activites-impressionnistes-pour-les-familles\/#primaryimage\"},\"thumbnailUrl\":\"https:\/\/voyagesimpressionnistes.com\/wp-content\/uploads\/2025\/10\/IMG_1235.jpg\",\"datePublished\":\"2025-10-15T08:08:31+00:00\",\"dateModified\":\"2026-01-29T08:40:15+00:00\",\"description\":\"D\u00e9couvrez notre s\u00e9lection d'activit\u00e9s impressionnistes pour les familles pour les vacances de la Toussaint \u00e0 Paris et en \u00cele-de-France.\",\"breadcrumb\":{\"@id\":\"https:\/\/voyagesimpressionnistes.com\/en\/paris-region\/toussaint-2025-en-ile-de-france-activites-impressionnistes-pour-les-familles\/#breadcrumb\"},\"inLanguage\":\"en-US\",\"potentialAction\":[{\"@type\":\"ReadAction\",\"target\":[\"https:\/\/voyagesimpressionnistes.com\/en\/paris-region\/toussaint-2025-en-ile-de-france-activites-impressionnistes-pour-les-familles\/\"]}]},{\"@type\":\"ImageObject\",\"inLanguage\":\"en-US\",\"@id\":\"https:\/\/voyagesimpressionnistes.com\/en\/paris-region\/toussaint-2025-en-ile-de-france-activites-impressionnistes-pour-les-familles\/#primaryimage\",\"url\":\"https:\/\/voyagesimpressionnistes.com\/wp-content\/uploads\/2025\/10\/IMG_1235.jpg\",\"contentUrl\":\"https:\/\/voyagesimpressionnistes.com\/wp-content\/uploads\/2025\/10\/IMG_1235.jpg\",\"width\":1905,\"height\":2560,\"caption\":\"Bal du Moulin de la Galette Renoir\"},{\"@type\":\"BreadcrumbList\",\"@id\":\"https:\/\/voyagesimpressionnistes.com\/en\/paris-region\/toussaint-2025-en-ile-de-france-activites-impressionnistes-pour-les-familles\/#breadcrumb\",\"itemListElement\":[{\"@type\":\"ListItem\",\"position\":1,\"name\":\"All Paris Region\",\"item\":\"https:\/\/voyagesimpressionnistes.com\/en\/paris-region\/\"},{\"@type\":\"ListItem\",\"position\":2,\"name\":\"Toussaint 2025 en \u00cele-de-France : activit\u00e9s impressionnistes pour les familles\"}]},{\"@type\":\"WebSite\",\"@id\":\"https:\/\/voyagesimpressionnistes.com\/en\/#website\",\"url\":\"https:\/\/voyagesimpressionnistes.com\/en\/\",\"name\":\"Impressionist adventures\",\"description\":\"Inspiring moments\",\"publisher\":{\"@id\":\"https:\/\/voyagesimpressionnistes.com\/en\/#organization\"},\"potentialAction\":[{\"@type\":\"SearchAction\",\"target\":{\"@type\":\"EntryPoint\",\"urlTemplate\":\"https:\/\/voyagesimpressionnistes.com\/en\/?s={search_term_string}\"},\"query-input\":{\"@type\":\"PropertyValueSpecification\",\"valueRequired\":true,\"valueName\":\"search_term_string\"}}],\"inLanguage\":\"en-US\"},{\"@type\":\"Organization\",\"@id\":\"https:\/\/voyagesimpressionnistes.com\/en\/#organization\",\"name\":\"Voyages Impressionnistes\",\"url\":\"https:\/\/voyagesimpressionnistes.com\/en\/\",\"logo\":{\"@type\":\"ImageObject\",\"inLanguage\":\"en-US\",\"@id\":\"https:\/\/voyagesimpressionnistes.com\/en\/#\/schema\/logo\/image\/\",\"url\":\"https:\/\/voyagesimpressionnistes.com\/wp-content\/uploads\/2021\/06\/vi-logo-507x216-1.svg\",\"contentUrl\":\"https:\/\/voyagesimpressionnistes.com\/wp-content\/uploads\/2021\/06\/vi-logo-507x216-1.svg\",\"width\":507,\"height\":216,\"caption\":\"Voyages Impressionnistes\"},\"image\":{\"@id\":\"https:\/\/voyagesimpressionnistes.com\/en\/#\/schema\/logo\/image\/\"},\"sameAs\":[\"https:\/\/www.facebook.com\/LesVoyagesImpressionnistes\/\"]},{\"@type\":\"Person\",\"@id\":\"https:\/\/voyagesimpressionnistes.com\/en\/#\/schema\/person\/78c37c19aa7ae1bd6f4902f296c80e5f\",\"name\":\"Phane\",\"image\":{\"@type\":\"ImageObject\",\"inLanguage\":\"en-US\",\"@id\":\"https:\/\/voyagesimpressionnistes.com\/en\/#\/schema\/person\/image\/\",\"url\":\"https:\/\/secure.gravatar.com\/avatar\/ea705fa375f21b62a2facac16bc19ee8d664629e3399a374a188d355bc5d00b9?s=96&d=mm&r=g\",\"contentUrl\":\"https:\/\/secure.gravatar.com\/avatar\/ea705fa375f21b62a2facac16bc19ee8d664629e3399a374a188d355bc5d00b9?s=96&d=mm&r=g\",\"caption\":\"Phane\"}}]}<\/script>\n<!-- \/ Yoast SEO plugin. -->","yoast_head_json":{"title":"Activit\u00e9s impressionnistes Toussaint \u00cele-de-France - Impressionist adventures","description":"D\u00e9couvrez notre s\u00e9lection d'activit\u00e9s impressionnistes pour les familles pour les vacances de la Toussaint \u00e0 Paris et en \u00cele-de-France.","robots":{"index":"index","follow":"follow","max-snippet":"max-snippet:-1","max-image-preview":"max-image-preview:large","max-video-preview":"max-video-preview:-1"},"canonical":"https:\/\/voyagesimpressionnistes.com\/en\/paris-region\/toussaint-2025-en-ile-de-france-activites-impressionnistes-pour-les-familles\/","og_locale":"en_US","og_type":"article","og_title":"Activit\u00e9s impressionnistes Toussaint \u00cele-de-France - Impressionist adventures","og_description":"D\u00e9couvrez notre s\u00e9lection d'activit\u00e9s impressionnistes pour les familles pour les vacances de la Toussaint \u00e0 Paris et en \u00cele-de-France.","og_url":"https:\/\/voyagesimpressionnistes.com\/en\/paris-region\/toussaint-2025-en-ile-de-france-activites-impressionnistes-pour-les-familles\/","og_site_name":"Impressionist adventures","article_publisher":"https:\/\/www.facebook.com\/LesVoyagesImpressionnistes\/","article_published_time":"2025-10-15T08:08:31+00:00","article_modified_time":"2026-01-29T08:40:15+00:00","og_image":[{"width":1905,"height":2560,"url":"https:\/\/voyagesimpressionnistes.com\/wp-content\/uploads\/2025\/10\/IMG_1235.jpg","type":"image\/jpeg"}],"author":"Phane","twitter_card":"summary_large_image","twitter_misc":{"Written by":"Phane","Est. reading time":"3 minutes"},"schema":{"@context":"https:\/\/schema.org","@graph":[{"@type":["Article","BlogPosting"],"@id":"https:\/\/voyagesimpressionnistes.com\/en\/paris-region\/toussaint-2025-en-ile-de-france-activites-impressionnistes-pour-les-familles\/#article","isPartOf":{"@id":"https:\/\/voyagesimpressionnistes.com\/en\/paris-region\/toussaint-2025-en-ile-de-france-activites-impressionnistes-pour-les-familles\/"},"author":{"name":"Phane","@id":"https:\/\/voyagesimpressionnistes.com\/en\/#\/schema\/person\/78c37c19aa7ae1bd6f4902f296c80e5f"},"headline":"Toussaint 2025 en \u00cele-de-France : activit\u00e9s impressionnistes pour les familles","datePublished":"2025-10-15T08:08:31+00:00","dateModified":"2026-01-29T08:40:15+00:00","mainEntityOfPage":{"@id":"https:\/\/voyagesimpressionnistes.com\/en\/paris-region\/toussaint-2025-en-ile-de-france-activites-impressionnistes-pour-les-familles\/"},"wordCount":1478,"publisher":{"@id":"https:\/\/voyagesimpressionnistes.com\/en\/#organization"},"image":{"@id":"https:\/\/voyagesimpressionnistes.com\/en\/paris-region\/toussaint-2025-en-ile-de-france-activites-impressionnistes-pour-les-familles\/#primaryimage"},"thumbnailUrl":"https:\/\/voyagesimpressionnistes.com\/wp-content\/uploads\/2025\/10\/IMG_1235.jpg","keywords":["Diary"],"articleSection":["All Paris Region","Paris &amp; Montmartre","Along the Banks of the Seine","Auvers &amp; the Oise valley"],"inLanguage":"en-US"},{"@type":"WebPage","@id":"https:\/\/voyagesimpressionnistes.com\/en\/paris-region\/toussaint-2025-en-ile-de-france-activites-impressionnistes-pour-les-familles\/","url":"https:\/\/voyagesimpressionnistes.com\/en\/paris-region\/toussaint-2025-en-ile-de-france-activites-impressionnistes-pour-les-familles\/","name":"Activit\u00e9s impressionnistes Toussaint \u00cele-de-France - Impressionist adventures","isPartOf":{"@id":"https:\/\/voyagesimpressionnistes.com\/en\/#website"},"primaryImageOfPage":{"@id":"https:\/\/voyagesimpressionnistes.com\/en\/paris-region\/toussaint-2025-en-ile-de-france-activites-impressionnistes-pour-les-familles\/#primaryimage"},"image":{"@id":"https:\/\/voyagesimpressionnistes.com\/en\/paris-region\/toussaint-2025-en-ile-de-france-activites-impressionnistes-pour-les-familles\/#primaryimage"},"thumbnailUrl":"https:\/\/voyagesimpressionnistes.com\/wp-content\/uploads\/2025\/10\/IMG_1235.jpg","datePublished":"2025-10-15T08:08:31+00:00","dateModified":"2026-01-29T08:40:15+00:00","description":"D\u00e9couvrez notre s\u00e9lection d'activit\u00e9s impressionnistes pour les familles pour les vacances de la Toussaint \u00e0 Paris et en \u00cele-de-France.","breadcrumb":{"@id":"https:\/\/voyagesimpressionnistes.com\/en\/paris-region\/toussaint-2025-en-ile-de-france-activites-impressionnistes-pour-les-familles\/#breadcrumb"},"inLanguage":"en-US","potentialAction":[{"@type":"ReadAction","target":["https:\/\/voyagesimpressionnistes.com\/en\/paris-region\/toussaint-2025-en-ile-de-france-activites-impressionnistes-pour-les-familles\/"]}]},{"@type":"ImageObject","inLanguage":"en-US","@id":"https:\/\/voyagesimpressionnistes.com\/en\/paris-region\/toussaint-2025-en-ile-de-france-activites-impressionnistes-pour-les-familles\/#primaryimage","url":"https:\/\/voyagesimpressionnistes.com\/wp-content\/uploads\/2025\/10\/IMG_1235.jpg","contentUrl":"https:\/\/voyagesimpressionnistes.com\/wp-content\/uploads\/2025\/10\/IMG_1235.jpg","width":1905,"height":2560,"caption":"Bal du Moulin de la Galette Renoir"},{"@type":"BreadcrumbList","@id":"https:\/\/voyagesimpressionnistes.com\/en\/paris-region\/toussaint-2025-en-ile-de-france-activites-impressionnistes-pour-les-familles\/#breadcrumb","itemListElement":[{"@type":"ListItem","position":1,"name":"All Paris Region","item":"https:\/\/voyagesimpressionnistes.com\/en\/paris-region\/"},{"@type":"ListItem","position":2,"name":"Toussaint 2025 en \u00cele-de-France : activit\u00e9s impressionnistes pour les familles"}]},{"@type":"WebSite","@id":"https:\/\/voyagesimpressionnistes.com\/en\/#website","url":"https:\/\/voyagesimpressionnistes.com\/en\/","name":"Impressionist adventures","description":"Inspiring moments","publisher":{"@id":"https:\/\/voyagesimpressionnistes.com\/en\/#organization"},"potentialAction":[{"@type":"SearchAction","target":{"@type":"EntryPoint","urlTemplate":"https:\/\/voyagesimpressionnistes.com\/en\/?s={search_term_string}"},"query-input":{"@type":"PropertyValueSpecification","valueRequired":true,"valueName":"search_term_string"}}],"inLanguage":"en-US"},{"@type":"Organization","@id":"https:\/\/voyagesimpressionnistes.com\/en\/#organization","name":"Voyages Impressionnistes","url":"https:\/\/voyagesimpressionnistes.com\/en\/","logo":{"@type":"ImageObject","inLanguage":"en-US","@id":"https:\/\/voyagesimpressionnistes.com\/en\/#\/schema\/logo\/image\/","url":"https:\/\/voyagesimpressionnistes.com\/wp-content\/uploads\/2021\/06\/vi-logo-507x216-1.svg","contentUrl":"https:\/\/voyagesimpressionnistes.com\/wp-content\/uploads\/2021\/06\/vi-logo-507x216-1.svg","width":507,"height":216,"caption":"Voyages Impressionnistes"},"image":{"@id":"https:\/\/voyagesimpressionnistes.com\/en\/#\/schema\/logo\/image\/"},"sameAs":["https:\/\/www.facebook.com\/LesVoyagesImpressionnistes\/"]},{"@type":"Person","@id":"https:\/\/voyagesimpressionnistes.com\/en\/#\/schema\/person\/78c37c19aa7ae1bd6f4902f296c80e5f","name":"Phane","image":{"@type":"ImageObject","inLanguage":"en-US","@id":"https:\/\/voyagesimpressionnistes.com\/en\/#\/schema\/person\/image\/","url":"https:\/\/secure.gravatar.com\/avatar\/ea705fa375f21b62a2facac16bc19ee8d664629e3399a374a188d355bc5d00b9?s=96&d=mm&r=g","contentUrl":"https:\/\/secure.gravatar.com\/avatar\/ea705fa375f21b62a2facac16bc19ee8d664629e3399a374a188d355bc5d00b9?s=96&d=mm&r=g","caption":"Phane"}}]}},"jetpack_featured_media_url":"https:\/\/voyagesimpressionnistes.com\/wp-content\/uploads\/2025\/10\/IMG_1235.jpg","jetpack_sharing_enabled":true,"_links":{"self":[{"href":"https:\/\/voyagesimpressionnistes.com\/en\/wp-json\/wp\/v2\/posts\/15581","targetHints":{"allow":["GET"]}}],"collection":[{"href":"https:\/\/voyagesimpressionnistes.com\/en\/wp-json\/wp\/v2\/posts"}],"about":[{"href":"https:\/\/voyagesimpressionnistes.com\/en\/wp-json\/wp\/v2\/types\/post"}],"author":[{"embeddable":true,"href":"https:\/\/voyagesimpressionnistes.com\/en\/wp-json\/wp\/v2\/users\/2"}],"replies":[{"embeddable":true,"href":"https:\/\/voyagesimpressionnistes.com\/en\/wp-json\/wp\/v2\/comments?post=15581"}],"version-history":[{"count":7,"href":"https:\/\/voyagesimpressionnistes.com\/en\/wp-json\/wp\/v2\/posts\/15581\/revisions"}],"predecessor-version":[{"id":16045,"href":"https:\/\/voyagesimpressionnistes.com\/en\/wp-json\/wp\/v2\/posts\/15581\/revisions\/16045"}],"wp:featuredmedia":[{"embeddable":true,"href":"https:\/\/voyagesimpressionnistes.com\/en\/wp-json\/wp\/v2\/media\/15570"}],"wp:attachment":[{"href":"https:\/\/voyagesimpressionnistes.com\/en\/wp-json\/wp\/v2\/media?parent=15581"}],"wp:term":[{"taxonomy":"category","embeddable":true,"href":"https:\/\/voyagesimpressionnistes.com\/en\/wp-json\/wp\/v2\/categories?post=15581"},{"taxonomy":"slider_une","embeddable":true,"href":"https:\/\/voyagesimpressionnistes.com\/en\/wp-json\/wp\/v2\/slider_une?post=15581"},{"taxonomy":"regions","embeddable":true,"href":"https:\/\/voyagesimpressionnistes.com\/en\/wp-json\/wp\/v2\/regions?post=15581"},{"taxonomy":"coups_coeur","embeddable":true,"href":"https:\/\/voyagesimpressionnistes.com\/en\/wp-json\/wp\/v2\/coups_coeur?post=15581"},{"taxonomy":"inspiration-type","embeddable":true,"href":"https:\/\/voyagesimpressionnistes.com\/en\/wp-json\/wp\/v2\/inspiration-type?post=15581"},{"taxonomy":"label","embeddable":true,"href":"https:\/\/voyagesimpressionnistes.com\/en\/wp-json\/wp\/v2\/label?post=15581"},{"taxonomy":"categories-agenda","embeddable":true,"href":"https:\/\/voyagesimpressionnistes.com\/en\/wp-json\/wp\/v2\/categories-agenda?post=15581"}],"curies":[{"name":"wp","href":"https:\/\/api.w.org\/{rel}","templated":true}]}}