{"id":15983,"date":"2026-01-09T15:35:26","date_gmt":"2026-01-09T14:35:26","guid":{"rendered":"https:\/\/voyagesimpressionnistes.com\/uncategorized\/vetheuil-an-impressionist-village-claude-monet-in-vetheuil\/"},"modified":"2026-03-18T10:17:59","modified_gmt":"2026-03-18T09:17:59","slug":"vetheuil-an-impressionist-village-claude-monet-in-vetheuil","status":"publish","type":"post","link":"https:\/\/voyagesimpressionnistes.com\/en\/giverny-its-surroundings\/vetheuil-an-impressionist-village-claude-monet-in-vetheuil\/","title":{"rendered":"Claude Monet in V\u00e9theuil"},"content":{"rendered":"<p>On the <a href=\"https:\/\/voyagesimpressionnistes.com\/en\/all-areas\/centenary-of-claude-monets-passing\/\">centenary of Claude Monet\u2019s death<\/a>, the house where he lived in the Seine-side village of V\u00e9theuil between 1878 and 1881 is opening its doors to the public, from spring 2026 onwards. Even if he only spent a few years here, the master of Impressionism was extraordinarily creative during this spell, painting almost 200 canvases. <\/p>\n<p>Monet\u2019s time at this place, marked by inspiration, but also by life-changing events, proved a key period in his career. Now, you can explore his V\u00e9theuil home via a permanent exhibition designed to bring the great painter\u2019s world back to life. On the ground floor and in the courtyard, an exhibition based around nine thematic and chronological panels retraces the daily life of the artist and his family. <\/p>\n<p>Arriving here in straitened circumstances, Monet and his family shared this home with Ernest Hosched\u00e9, his bankrupt patron, the latter\u2019s wife Alice and that couple\u2019s six children. At the time, Monet had great difficulty selling his works and his financial problems grew. On top of that, his wife, Camille, fell ill, dying on 5 September 1879.  <\/p>\n<p>Despite such troubling challenges, V\u00e9theuil provided the great artist with intense inspiration. He was fascinated by the ever-changing light along the Seine and its slopes. His open-air studio included his garden and the riverbanks, which he focused on, depicting them time and again. However painful this period was on a personal level, Monet\u2019s painting developed in significant manner, as he sought more profound ways to capture the effects of light and variations in atmosphere.  <\/p>\n<p>At the end of 1881, Monet, his children and the Hosched\u00e9 family left V\u00e9theuil to settle for a time in Poissy. Two years later, traveling by train through the village of Giverny, he was instantly charmed by that place, where he would find another house to rent; it would become his final home, where he would spend the rest of his life, surrounded by Alice and the eight children making up their blended family. <\/p>\n<p>Back at V\u00e9theuil, do explore the <a href=\"https:\/\/voyagesimpressionnistes.com\/en\/giverny-its-surroundings\/in-claude-monets-footsteps-in-vetheuil\/\">village, following in Monet\u2019s footsteps<\/a>, seeing the streets he painted, the banks of the Seine, the heights of the village, and the cemetery where Camille was laid to rest. It\u2019s easy to extend your tour around these parts, heading to Claude Monet\u2019s nearby home and gardens in <a href=\"https:\/\/voyagesimpressionnistes.com\/en\/giverny-its-surroundings\/maison-et-jardins-de-claude-monet\/\">Giverny<\/a>, gaining an understanding of the changes in the great artist\u2019s life and work via these two iconic places. <\/p>\n<p>The V\u00e9theuil home is managed by the association, Les amis de Claude Monet \u00e0 V\u00e9theuil, committed to keeping alive memories of Claude Monet in V\u00e9theuil.<\/p>\n","protected":false},"excerpt":{"rendered":"<p>On the centenary of Claude Monet\u2019s death, the house where  [&#8230;]<\/p>\n","protected":false},"author":2,"featured_media":16067,"comment_status":"closed","ping_status":"closed","sticky":false,"template":"","format":"standard","meta":{"_acf_changed":false,"inline_featured_image":false,"_jetpack_memberships_contains_paid_content":false,"footnotes":""},"categories":[83],"slider_une":[108],"regions":[132],"coups_coeur":[],"inspiration-type":[],"label":[142],"categories-agenda":[],"class_list":["post-15983","post","type-post","status-publish","format-standard","has-post-thumbnail","hentry","category-giverny-its-surroundings","tag-museums-sites","slider_une-une-giverny-en","regions-idf-en","label-recents"],"acf":[],"yoast_head":"<!-- This site is optimized with the Yoast SEO plugin v26.3 - https:\/\/yoast.com\/wordpress\/plugins\/seo\/ -->\n<title>Monet&#039;s home V\u00e9theuil - Impressionist adventures<\/title>\n<meta name=\"description\" content=\"Come visit the home occupied by Claude Monet in V\u00e9theuil, which is reopening its doors to the public for the centenary of the painter&#039;s death.\" \/>\n<meta name=\"robots\" content=\"index, follow, max-snippet:-1, max-image-preview:large, max-video-preview:-1\" \/>\n<link rel=\"canonical\" href=\"https:\/\/voyagesimpressionnistes.com\/en\/giverny-its-surroundings\/vetheuil-an-impressionist-village-claude-monet-in-vetheuil\/\" \/>\n<meta property=\"og:locale\" content=\"en_US\" \/>\n<meta property=\"og:type\" content=\"article\" \/>\n<meta property=\"og:title\" content=\"Monet&#039;s home V\u00e9theuil - Impressionist adventures\" \/>\n<meta property=\"og:description\" content=\"Come visit the home occupied by Claude Monet in V\u00e9theuil, which is reopening its doors to the public for the centenary of the painter&#039;s death.\" \/>\n<meta property=\"og:url\" content=\"https:\/\/voyagesimpressionnistes.com\/en\/giverny-its-surroundings\/vetheuil-an-impressionist-village-claude-monet-in-vetheuil\/\" \/>\n<meta property=\"og:site_name\" content=\"Impressionist adventures\" \/>\n<meta property=\"article:publisher\" content=\"https:\/\/www.facebook.com\/LesVoyagesImpressionnistes\/\" \/>\n<meta property=\"article:published_time\" content=\"2026-01-09T14:35:26+00:00\" \/>\n<meta property=\"article:modified_time\" content=\"2026-03-18T09:17:59+00:00\" \/>\n<meta property=\"og:image\" content=\"https:\/\/voyagesimpressionnistes.com\/wp-content\/uploads\/2026\/01\/Maison-Vetheuil-c-Nathalie-Lecerf.jpg\" \/>\n\t<meta property=\"og:image:width\" content=\"1600\" \/>\n\t<meta property=\"og:image:height\" content=\"1200\" \/>\n\t<meta property=\"og:image:type\" content=\"image\/jpeg\" \/>\n<meta name=\"author\" content=\"Phane\" \/>\n<meta name=\"twitter:card\" content=\"summary_large_image\" \/>\n<meta name=\"twitter:label1\" content=\"Written by\" \/>\n\t<meta name=\"twitter:data1\" content=\"Phane\" \/>\n\t<meta name=\"twitter:label2\" content=\"Est. reading time\" \/>\n\t<meta name=\"twitter:data2\" content=\"2 minutes\" \/>\n<script type=\"application\/ld+json\" class=\"yoast-schema-graph\">{\"@context\":\"https:\/\/schema.org\",\"@graph\":[{\"@type\":[\"Article\",\"BlogPosting\"],\"@id\":\"https:\/\/voyagesimpressionnistes.com\/en\/giverny-its-surroundings\/vetheuil-an-impressionist-village-claude-monet-in-vetheuil\/#article\",\"isPartOf\":{\"@id\":\"https:\/\/voyagesimpressionnistes.com\/en\/giverny-its-surroundings\/vetheuil-an-impressionist-village-claude-monet-in-vetheuil\/\"},\"author\":{\"name\":\"Phane\",\"@id\":\"https:\/\/voyagesimpressionnistes.com\/en\/#\/schema\/person\/78c37c19aa7ae1bd6f4902f296c80e5f\"},\"headline\":\"Claude Monet in V\u00e9theuil\",\"datePublished\":\"2026-01-09T14:35:26+00:00\",\"dateModified\":\"2026-03-18T09:17:59+00:00\",\"mainEntityOfPage\":{\"@id\":\"https:\/\/voyagesimpressionnistes.com\/en\/giverny-its-surroundings\/vetheuil-an-impressionist-village-claude-monet-in-vetheuil\/\"},\"wordCount\":440,\"publisher\":{\"@id\":\"https:\/\/voyagesimpressionnistes.com\/en\/#organization\"},\"image\":{\"@id\":\"https:\/\/voyagesimpressionnistes.com\/en\/giverny-its-surroundings\/vetheuil-an-impressionist-village-claude-monet-in-vetheuil\/#primaryimage\"},\"thumbnailUrl\":\"https:\/\/voyagesimpressionnistes.com\/wp-content\/uploads\/2026\/01\/Maison-Vetheuil-c-Nathalie-Lecerf.jpg\",\"keywords\":[\"Museums &amp; sites\"],\"articleSection\":[\"Giverny &amp; its surroundings\"],\"inLanguage\":\"en-US\"},{\"@type\":\"WebPage\",\"@id\":\"https:\/\/voyagesimpressionnistes.com\/en\/giverny-its-surroundings\/vetheuil-an-impressionist-village-claude-monet-in-vetheuil\/\",\"url\":\"https:\/\/voyagesimpressionnistes.com\/en\/giverny-its-surroundings\/vetheuil-an-impressionist-village-claude-monet-in-vetheuil\/\",\"name\":\"Monet's home V\u00e9theuil - Impressionist adventures\",\"isPartOf\":{\"@id\":\"https:\/\/voyagesimpressionnistes.com\/en\/#website\"},\"primaryImageOfPage\":{\"@id\":\"https:\/\/voyagesimpressionnistes.com\/en\/giverny-its-surroundings\/vetheuil-an-impressionist-village-claude-monet-in-vetheuil\/#primaryimage\"},\"image\":{\"@id\":\"https:\/\/voyagesimpressionnistes.com\/en\/giverny-its-surroundings\/vetheuil-an-impressionist-village-claude-monet-in-vetheuil\/#primaryimage\"},\"thumbnailUrl\":\"https:\/\/voyagesimpressionnistes.com\/wp-content\/uploads\/2026\/01\/Maison-Vetheuil-c-Nathalie-Lecerf.jpg\",\"datePublished\":\"2026-01-09T14:35:26+00:00\",\"dateModified\":\"2026-03-18T09:17:59+00:00\",\"description\":\"Come visit the home occupied by Claude Monet in V\u00e9theuil, which is reopening its doors to the public for the centenary of the painter's death.\",\"breadcrumb\":{\"@id\":\"https:\/\/voyagesimpressionnistes.com\/en\/giverny-its-surroundings\/vetheuil-an-impressionist-village-claude-monet-in-vetheuil\/#breadcrumb\"},\"inLanguage\":\"en-US\",\"potentialAction\":[{\"@type\":\"ReadAction\",\"target\":[\"https:\/\/voyagesimpressionnistes.com\/en\/giverny-its-surroundings\/vetheuil-an-impressionist-village-claude-monet-in-vetheuil\/\"]}]},{\"@type\":\"ImageObject\",\"inLanguage\":\"en-US\",\"@id\":\"https:\/\/voyagesimpressionnistes.com\/en\/giverny-its-surroundings\/vetheuil-an-impressionist-village-claude-monet-in-vetheuil\/#primaryimage\",\"url\":\"https:\/\/voyagesimpressionnistes.com\/wp-content\/uploads\/2026\/01\/Maison-Vetheuil-c-Nathalie-Lecerf.jpg\",\"contentUrl\":\"https:\/\/voyagesimpressionnistes.com\/wp-content\/uploads\/2026\/01\/Maison-Vetheuil-c-Nathalie-Lecerf.jpg\",\"width\":1600,\"height\":1200,\"caption\":\"Home occupied by Claude Monet in V\u00e9theuil \u00a9 Nathalie Lecerf\"},{\"@type\":\"BreadcrumbList\",\"@id\":\"https:\/\/voyagesimpressionnistes.com\/en\/giverny-its-surroundings\/vetheuil-an-impressionist-village-claude-monet-in-vetheuil\/#breadcrumb\",\"itemListElement\":[{\"@type\":\"ListItem\",\"position\":1,\"name\":\"Giverny &amp; its surroundings\",\"item\":\"https:\/\/voyagesimpressionnistes.com\/en\/giverny-its-surroundings\/\"},{\"@type\":\"ListItem\",\"position\":2,\"name\":\"Claude Monet in V\u00e9theuil\"}]},{\"@type\":\"WebSite\",\"@id\":\"https:\/\/voyagesimpressionnistes.com\/en\/#website\",\"url\":\"https:\/\/voyagesimpressionnistes.com\/en\/\",\"name\":\"Impressionist adventures\",\"description\":\"Inspiring moments\",\"publisher\":{\"@id\":\"https:\/\/voyagesimpressionnistes.com\/en\/#organization\"},\"potentialAction\":[{\"@type\":\"SearchAction\",\"target\":{\"@type\":\"EntryPoint\",\"urlTemplate\":\"https:\/\/voyagesimpressionnistes.com\/en\/?s={search_term_string}\"},\"query-input\":{\"@type\":\"PropertyValueSpecification\",\"valueRequired\":true,\"valueName\":\"search_term_string\"}}],\"inLanguage\":\"en-US\"},{\"@type\":\"Organization\",\"@id\":\"https:\/\/voyagesimpressionnistes.com\/en\/#organization\",\"name\":\"Voyages Impressionnistes\",\"url\":\"https:\/\/voyagesimpressionnistes.com\/en\/\",\"logo\":{\"@type\":\"ImageObject\",\"inLanguage\":\"en-US\",\"@id\":\"https:\/\/voyagesimpressionnistes.com\/en\/#\/schema\/logo\/image\/\",\"url\":\"https:\/\/voyagesimpressionnistes.com\/wp-content\/uploads\/2021\/06\/vi-logo-507x216-1.svg\",\"contentUrl\":\"https:\/\/voyagesimpressionnistes.com\/wp-content\/uploads\/2021\/06\/vi-logo-507x216-1.svg\",\"width\":507,\"height\":216,\"caption\":\"Voyages Impressionnistes\"},\"image\":{\"@id\":\"https:\/\/voyagesimpressionnistes.com\/en\/#\/schema\/logo\/image\/\"},\"sameAs\":[\"https:\/\/www.facebook.com\/LesVoyagesImpressionnistes\/\"]},{\"@type\":\"Person\",\"@id\":\"https:\/\/voyagesimpressionnistes.com\/en\/#\/schema\/person\/78c37c19aa7ae1bd6f4902f296c80e5f\",\"name\":\"Phane\",\"image\":{\"@type\":\"ImageObject\",\"inLanguage\":\"en-US\",\"@id\":\"https:\/\/voyagesimpressionnistes.com\/en\/#\/schema\/person\/image\/\",\"url\":\"https:\/\/secure.gravatar.com\/avatar\/ea705fa375f21b62a2facac16bc19ee8d664629e3399a374a188d355bc5d00b9?s=96&d=mm&r=g\",\"contentUrl\":\"https:\/\/secure.gravatar.com\/avatar\/ea705fa375f21b62a2facac16bc19ee8d664629e3399a374a188d355bc5d00b9?s=96&d=mm&r=g\",\"caption\":\"Phane\"}}]}<\/script>\n<!-- \/ Yoast SEO plugin. -->","yoast_head_json":{"title":"Monet's home V\u00e9theuil - Impressionist adventures","description":"Come visit the home occupied by Claude Monet in V\u00e9theuil, which is reopening its doors to the public for the centenary of the painter's death.","robots":{"index":"index","follow":"follow","max-snippet":"max-snippet:-1","max-image-preview":"max-image-preview:large","max-video-preview":"max-video-preview:-1"},"canonical":"https:\/\/voyagesimpressionnistes.com\/en\/giverny-its-surroundings\/vetheuil-an-impressionist-village-claude-monet-in-vetheuil\/","og_locale":"en_US","og_type":"article","og_title":"Monet's home V\u00e9theuil - Impressionist adventures","og_description":"Come visit the home occupied by Claude Monet in V\u00e9theuil, which is reopening its doors to the public for the centenary of the painter's death.","og_url":"https:\/\/voyagesimpressionnistes.com\/en\/giverny-its-surroundings\/vetheuil-an-impressionist-village-claude-monet-in-vetheuil\/","og_site_name":"Impressionist adventures","article_publisher":"https:\/\/www.facebook.com\/LesVoyagesImpressionnistes\/","article_published_time":"2026-01-09T14:35:26+00:00","article_modified_time":"2026-03-18T09:17:59+00:00","og_image":[{"width":1600,"height":1200,"url":"https:\/\/voyagesimpressionnistes.com\/wp-content\/uploads\/2026\/01\/Maison-Vetheuil-c-Nathalie-Lecerf.jpg","type":"image\/jpeg"}],"author":"Phane","twitter_card":"summary_large_image","twitter_misc":{"Written by":"Phane","Est. reading time":"2 minutes"},"schema":{"@context":"https:\/\/schema.org","@graph":[{"@type":["Article","BlogPosting"],"@id":"https:\/\/voyagesimpressionnistes.com\/en\/giverny-its-surroundings\/vetheuil-an-impressionist-village-claude-monet-in-vetheuil\/#article","isPartOf":{"@id":"https:\/\/voyagesimpressionnistes.com\/en\/giverny-its-surroundings\/vetheuil-an-impressionist-village-claude-monet-in-vetheuil\/"},"author":{"name":"Phane","@id":"https:\/\/voyagesimpressionnistes.com\/en\/#\/schema\/person\/78c37c19aa7ae1bd6f4902f296c80e5f"},"headline":"Claude Monet in V\u00e9theuil","datePublished":"2026-01-09T14:35:26+00:00","dateModified":"2026-03-18T09:17:59+00:00","mainEntityOfPage":{"@id":"https:\/\/voyagesimpressionnistes.com\/en\/giverny-its-surroundings\/vetheuil-an-impressionist-village-claude-monet-in-vetheuil\/"},"wordCount":440,"publisher":{"@id":"https:\/\/voyagesimpressionnistes.com\/en\/#organization"},"image":{"@id":"https:\/\/voyagesimpressionnistes.com\/en\/giverny-its-surroundings\/vetheuil-an-impressionist-village-claude-monet-in-vetheuil\/#primaryimage"},"thumbnailUrl":"https:\/\/voyagesimpressionnistes.com\/wp-content\/uploads\/2026\/01\/Maison-Vetheuil-c-Nathalie-Lecerf.jpg","keywords":["Museums &amp; sites"],"articleSection":["Giverny &amp; its surroundings"],"inLanguage":"en-US"},{"@type":"WebPage","@id":"https:\/\/voyagesimpressionnistes.com\/en\/giverny-its-surroundings\/vetheuil-an-impressionist-village-claude-monet-in-vetheuil\/","url":"https:\/\/voyagesimpressionnistes.com\/en\/giverny-its-surroundings\/vetheuil-an-impressionist-village-claude-monet-in-vetheuil\/","name":"Monet's home V\u00e9theuil - Impressionist adventures","isPartOf":{"@id":"https:\/\/voyagesimpressionnistes.com\/en\/#website"},"primaryImageOfPage":{"@id":"https:\/\/voyagesimpressionnistes.com\/en\/giverny-its-surroundings\/vetheuil-an-impressionist-village-claude-monet-in-vetheuil\/#primaryimage"},"image":{"@id":"https:\/\/voyagesimpressionnistes.com\/en\/giverny-its-surroundings\/vetheuil-an-impressionist-village-claude-monet-in-vetheuil\/#primaryimage"},"thumbnailUrl":"https:\/\/voyagesimpressionnistes.com\/wp-content\/uploads\/2026\/01\/Maison-Vetheuil-c-Nathalie-Lecerf.jpg","datePublished":"2026-01-09T14:35:26+00:00","dateModified":"2026-03-18T09:17:59+00:00","description":"Come visit the home occupied by Claude Monet in V\u00e9theuil, which is reopening its doors to the public for the centenary of the painter's death.","breadcrumb":{"@id":"https:\/\/voyagesimpressionnistes.com\/en\/giverny-its-surroundings\/vetheuil-an-impressionist-village-claude-monet-in-vetheuil\/#breadcrumb"},"inLanguage":"en-US","potentialAction":[{"@type":"ReadAction","target":["https:\/\/voyagesimpressionnistes.com\/en\/giverny-its-surroundings\/vetheuil-an-impressionist-village-claude-monet-in-vetheuil\/"]}]},{"@type":"ImageObject","inLanguage":"en-US","@id":"https:\/\/voyagesimpressionnistes.com\/en\/giverny-its-surroundings\/vetheuil-an-impressionist-village-claude-monet-in-vetheuil\/#primaryimage","url":"https:\/\/voyagesimpressionnistes.com\/wp-content\/uploads\/2026\/01\/Maison-Vetheuil-c-Nathalie-Lecerf.jpg","contentUrl":"https:\/\/voyagesimpressionnistes.com\/wp-content\/uploads\/2026\/01\/Maison-Vetheuil-c-Nathalie-Lecerf.jpg","width":1600,"height":1200,"caption":"Home occupied by Claude Monet in V\u00e9theuil \u00a9 Nathalie Lecerf"},{"@type":"BreadcrumbList","@id":"https:\/\/voyagesimpressionnistes.com\/en\/giverny-its-surroundings\/vetheuil-an-impressionist-village-claude-monet-in-vetheuil\/#breadcrumb","itemListElement":[{"@type":"ListItem","position":1,"name":"Giverny &amp; its surroundings","item":"https:\/\/voyagesimpressionnistes.com\/en\/giverny-its-surroundings\/"},{"@type":"ListItem","position":2,"name":"Claude Monet in V\u00e9theuil"}]},{"@type":"WebSite","@id":"https:\/\/voyagesimpressionnistes.com\/en\/#website","url":"https:\/\/voyagesimpressionnistes.com\/en\/","name":"Impressionist adventures","description":"Inspiring moments","publisher":{"@id":"https:\/\/voyagesimpressionnistes.com\/en\/#organization"},"potentialAction":[{"@type":"SearchAction","target":{"@type":"EntryPoint","urlTemplate":"https:\/\/voyagesimpressionnistes.com\/en\/?s={search_term_string}"},"query-input":{"@type":"PropertyValueSpecification","valueRequired":true,"valueName":"search_term_string"}}],"inLanguage":"en-US"},{"@type":"Organization","@id":"https:\/\/voyagesimpressionnistes.com\/en\/#organization","name":"Voyages Impressionnistes","url":"https:\/\/voyagesimpressionnistes.com\/en\/","logo":{"@type":"ImageObject","inLanguage":"en-US","@id":"https:\/\/voyagesimpressionnistes.com\/en\/#\/schema\/logo\/image\/","url":"https:\/\/voyagesimpressionnistes.com\/wp-content\/uploads\/2021\/06\/vi-logo-507x216-1.svg","contentUrl":"https:\/\/voyagesimpressionnistes.com\/wp-content\/uploads\/2021\/06\/vi-logo-507x216-1.svg","width":507,"height":216,"caption":"Voyages Impressionnistes"},"image":{"@id":"https:\/\/voyagesimpressionnistes.com\/en\/#\/schema\/logo\/image\/"},"sameAs":["https:\/\/www.facebook.com\/LesVoyagesImpressionnistes\/"]},{"@type":"Person","@id":"https:\/\/voyagesimpressionnistes.com\/en\/#\/schema\/person\/78c37c19aa7ae1bd6f4902f296c80e5f","name":"Phane","image":{"@type":"ImageObject","inLanguage":"en-US","@id":"https:\/\/voyagesimpressionnistes.com\/en\/#\/schema\/person\/image\/","url":"https:\/\/secure.gravatar.com\/avatar\/ea705fa375f21b62a2facac16bc19ee8d664629e3399a374a188d355bc5d00b9?s=96&d=mm&r=g","contentUrl":"https:\/\/secure.gravatar.com\/avatar\/ea705fa375f21b62a2facac16bc19ee8d664629e3399a374a188d355bc5d00b9?s=96&d=mm&r=g","caption":"Phane"}}]}},"jetpack_featured_media_url":"https:\/\/voyagesimpressionnistes.com\/wp-content\/uploads\/2026\/01\/Maison-Vetheuil-c-Nathalie-Lecerf.jpg","jetpack_sharing_enabled":true,"_links":{"self":[{"href":"https:\/\/voyagesimpressionnistes.com\/en\/wp-json\/wp\/v2\/posts\/15983","targetHints":{"allow":["GET"]}}],"collection":[{"href":"https:\/\/voyagesimpressionnistes.com\/en\/wp-json\/wp\/v2\/posts"}],"about":[{"href":"https:\/\/voyagesimpressionnistes.com\/en\/wp-json\/wp\/v2\/types\/post"}],"author":[{"embeddable":true,"href":"https:\/\/voyagesimpressionnistes.com\/en\/wp-json\/wp\/v2\/users\/2"}],"replies":[{"embeddable":true,"href":"https:\/\/voyagesimpressionnistes.com\/en\/wp-json\/wp\/v2\/comments?post=15983"}],"version-history":[{"count":3,"href":"https:\/\/voyagesimpressionnistes.com\/en\/wp-json\/wp\/v2\/posts\/15983\/revisions"}],"predecessor-version":[{"id":16372,"href":"https:\/\/voyagesimpressionnistes.com\/en\/wp-json\/wp\/v2\/posts\/15983\/revisions\/16372"}],"wp:featuredmedia":[{"embeddable":true,"href":"https:\/\/voyagesimpressionnistes.com\/en\/wp-json\/wp\/v2\/media\/16067"}],"wp:attachment":[{"href":"https:\/\/voyagesimpressionnistes.com\/en\/wp-json\/wp\/v2\/media?parent=15983"}],"wp:term":[{"taxonomy":"category","embeddable":true,"href":"https:\/\/voyagesimpressionnistes.com\/en\/wp-json\/wp\/v2\/categories?post=15983"},{"taxonomy":"slider_une","embeddable":true,"href":"https:\/\/voyagesimpressionnistes.com\/en\/wp-json\/wp\/v2\/slider_une?post=15983"},{"taxonomy":"regions","embeddable":true,"href":"https:\/\/voyagesimpressionnistes.com\/en\/wp-json\/wp\/v2\/regions?post=15983"},{"taxonomy":"coups_coeur","embeddable":true,"href":"https:\/\/voyagesimpressionnistes.com\/en\/wp-json\/wp\/v2\/coups_coeur?post=15983"},{"taxonomy":"inspiration-type","embeddable":true,"href":"https:\/\/voyagesimpressionnistes.com\/en\/wp-json\/wp\/v2\/inspiration-type?post=15983"},{"taxonomy":"label","embeddable":true,"href":"https:\/\/voyagesimpressionnistes.com\/en\/wp-json\/wp\/v2\/label?post=15983"},{"taxonomy":"categories-agenda","embeddable":true,"href":"https:\/\/voyagesimpressionnistes.com\/en\/wp-json\/wp\/v2\/categories-agenda?post=15983"}],"curies":[{"name":"wp","href":"https:\/\/api.w.org\/{rel}","templated":true}]}}