{"id":16049,"date":"2026-02-20T14:48:26","date_gmt":"2026-02-20T13:48:26","guid":{"rendered":"https:\/\/voyagesimpressionnistes.com\/?p=16049"},"modified":"2026-03-18T12:14:50","modified_gmt":"2026-03-18T11:14:50","slug":"sisley-quel-impressionniste","status":"publish","type":"post","link":"https:\/\/voyagesimpressionnistes.com\/en\/cote-albatre\/sisley-quel-impressionniste\/","title":{"rendered":"Sisley, quel Impressionniste ?"},"content":{"rendered":"<p>Dans le cadre du <a href=\"https:\/\/voyagesimpressionnistes.com\/en\/all-areas\/centenary-of-claude-monets-passing\/\">centenaire de la disparition de Claude Monet<\/a>, le <a href=\"https:\/\/voyagesimpressionnistes.com\/en\/cote-albatre\/chateau-musee-de-dieppe\/\">Mus\u00e9e de Dieppe<\/a> organise une conf\u00e9rence le 28 f\u00e9vrier 2026, de 14h30 \u00e0 15h30 : <em>Sisley, quel Impressionniste ?<\/em><\/p>\n<p>Ami de jeunesse et compagnon de route de Monet, Renoir et Bazille, Alfred Sisley(1839-1899) adh\u00e8re \u00e9troitement aux principes de la &#8220;nouvelle peinture&#8221;. Peint en1873, son tableau <em>La Seine \u00e0 Bougival<\/em> en r\u00e9sume toutes les caract\u00e9ristiques &#8211; sc\u00e8ne de plein air, aux tons clairs et \u00e0 la facture enlev\u00e9e. Sisley y excelle \u00e0 rendre les effets de la lumi\u00e8re et de l\u2019atmosph\u00e8re sur son motif. Paysagiste dou\u00e9, Impressionniste par excellence, Sisley reste toute sa vie fid\u00e8le \u00e0 l\u2019esth\u00e9tique de l\u2019\u00e9cole du plein air.<\/p>\n<p>L\u2019arriv\u00e9e de cette \u0153uvre sur les cimaises du mus\u00e9e de Dieppe est l\u2019occasion de r\u00e9examiner la contribution de Sisley et d\u2019\u00e9tudier sa place au sein de ce mouvement impressionniste.<\/p>\n<p>La conf\u00e9rence <em>Sisley, quel Impressionniste ?<\/em> est donn\u00e9e par Anne Robbins, conservatrice des peintures au <a href=\"https:\/\/voyagesimpressionnistes.com\/en\/paris-montmartre\/musee-dorsay\/\">mus\u00e9e d&#8217;Orsay<\/a>.<\/p>\n<p>Le nombre de places disponibles \u00e9tant limit\u00e9, la r\u00e9servation est conseill\u00e9e.<\/p>\n","protected":false},"excerpt":{"rendered":"<p>Dans le cadre du centenaire de la disparition de Claude  [&#8230;]<\/p>\n","protected":false},"author":2,"featured_media":16048,"comment_status":"closed","ping_status":"closed","sticky":false,"template":"","format":"standard","meta":{"_acf_changed":false,"inline_featured_image":false,"_jetpack_memberships_contains_paid_content":false,"footnotes":""},"categories":[85],"slider_une":[],"regions":[133],"coups_coeur":[],"inspiration-type":[],"label":[143,183],"categories-agenda":[179],"class_list":["post-16049","post","type-post","status-publish","format-standard","has-post-thumbnail","hentry","category-cote-albatre","tag-diary","regions-normandy","label-normandie-impressionniste-en","label-monet-centenary","categories-agenda-conference-en"],"acf":[],"yoast_head":"<!-- This site is optimized with the Yoast SEO plugin v26.3 - https:\/\/yoast.com\/wordpress\/plugins\/seo\/ -->\n<title>Sisley, quel Impressionniste ? - Impressionist adventures<\/title>\n<meta name=\"robots\" content=\"index, follow, max-snippet:-1, max-image-preview:large, max-video-preview:-1\" \/>\n<link rel=\"canonical\" href=\"https:\/\/voyagesimpressionnistes.com\/en\/cote-albatre\/sisley-quel-impressionniste\/\" \/>\n<meta property=\"og:locale\" content=\"en_US\" \/>\n<meta property=\"og:type\" content=\"article\" \/>\n<meta property=\"og:title\" content=\"Sisley, quel Impressionniste ? - Impressionist adventures\" \/>\n<meta property=\"og:description\" content=\"Dans le cadre du centenaire de la disparition de Claude [...]\" \/>\n<meta property=\"og:url\" content=\"https:\/\/voyagesimpressionnistes.com\/en\/cote-albatre\/sisley-quel-impressionniste\/\" \/>\n<meta property=\"og:site_name\" content=\"Impressionist adventures\" \/>\n<meta property=\"article:publisher\" content=\"https:\/\/www.facebook.com\/LesVoyagesImpressionnistes\/\" \/>\n<meta property=\"article:published_time\" content=\"2026-02-20T13:48:26+00:00\" \/>\n<meta property=\"article:modified_time\" content=\"2026-03-18T11:14:50+00:00\" \/>\n<meta property=\"og:image\" content=\"https:\/\/voyagesimpressionnistes.com\/wp-content\/uploads\/2026\/01\/MUSEE-2-GrandPalaisRmn-musee-d-Orsay-Franck-Raux-MNR-208-Alfred-Sisley-La-Seine-a-Bougival-huile-sur-toile-1873.jpg\" \/>\n\t<meta property=\"og:image:width\" content=\"850\" \/>\n\t<meta property=\"og:image:height\" content=\"588\" \/>\n\t<meta property=\"og:image:type\" content=\"image\/jpeg\" \/>\n<meta name=\"author\" content=\"Phane\" \/>\n<meta name=\"twitter:card\" content=\"summary_large_image\" \/>\n<meta name=\"twitter:label1\" content=\"Written by\" \/>\n\t<meta name=\"twitter:data1\" content=\"Phane\" \/>\n\t<meta name=\"twitter:label2\" content=\"Est. reading time\" \/>\n\t<meta name=\"twitter:data2\" content=\"1 minute\" \/>\n<script type=\"application\/ld+json\" class=\"yoast-schema-graph\">{\"@context\":\"https:\/\/schema.org\",\"@graph\":[{\"@type\":[\"Article\",\"BlogPosting\"],\"@id\":\"https:\/\/voyagesimpressionnistes.com\/en\/cote-albatre\/sisley-quel-impressionniste\/#article\",\"isPartOf\":{\"@id\":\"https:\/\/voyagesimpressionnistes.com\/en\/cote-albatre\/sisley-quel-impressionniste\/\"},\"author\":{\"name\":\"Phane\",\"@id\":\"https:\/\/voyagesimpressionnistes.com\/en\/#\/schema\/person\/78c37c19aa7ae1bd6f4902f296c80e5f\"},\"headline\":\"Sisley, quel Impressionniste ?\",\"datePublished\":\"2026-02-20T13:48:26+00:00\",\"dateModified\":\"2026-03-18T11:14:50+00:00\",\"mainEntityOfPage\":{\"@id\":\"https:\/\/voyagesimpressionnistes.com\/en\/cote-albatre\/sisley-quel-impressionniste\/\"},\"wordCount\":191,\"publisher\":{\"@id\":\"https:\/\/voyagesimpressionnistes.com\/en\/#organization\"},\"image\":{\"@id\":\"https:\/\/voyagesimpressionnistes.com\/en\/cote-albatre\/sisley-quel-impressionniste\/#primaryimage\"},\"thumbnailUrl\":\"https:\/\/voyagesimpressionnistes.com\/wp-content\/uploads\/2026\/01\/MUSEE-2-GrandPalaisRmn-musee-d-Orsay-Franck-Raux-MNR-208-Alfred-Sisley-La-Seine-a-Bougival-huile-sur-toile-1873.jpg\",\"keywords\":[\"Diary\"],\"articleSection\":[\"The C\u00f4te d\u2019Alb\u00e2tre\"],\"inLanguage\":\"en-US\"},{\"@type\":\"WebPage\",\"@id\":\"https:\/\/voyagesimpressionnistes.com\/en\/cote-albatre\/sisley-quel-impressionniste\/\",\"url\":\"https:\/\/voyagesimpressionnistes.com\/en\/cote-albatre\/sisley-quel-impressionniste\/\",\"name\":\"Sisley, quel Impressionniste ? - Impressionist adventures\",\"isPartOf\":{\"@id\":\"https:\/\/voyagesimpressionnistes.com\/en\/#website\"},\"primaryImageOfPage\":{\"@id\":\"https:\/\/voyagesimpressionnistes.com\/en\/cote-albatre\/sisley-quel-impressionniste\/#primaryimage\"},\"image\":{\"@id\":\"https:\/\/voyagesimpressionnistes.com\/en\/cote-albatre\/sisley-quel-impressionniste\/#primaryimage\"},\"thumbnailUrl\":\"https:\/\/voyagesimpressionnistes.com\/wp-content\/uploads\/2026\/01\/MUSEE-2-GrandPalaisRmn-musee-d-Orsay-Franck-Raux-MNR-208-Alfred-Sisley-La-Seine-a-Bougival-huile-sur-toile-1873.jpg\",\"datePublished\":\"2026-02-20T13:48:26+00:00\",\"dateModified\":\"2026-03-18T11:14:50+00:00\",\"breadcrumb\":{\"@id\":\"https:\/\/voyagesimpressionnistes.com\/en\/cote-albatre\/sisley-quel-impressionniste\/#breadcrumb\"},\"inLanguage\":\"en-US\",\"potentialAction\":[{\"@type\":\"ReadAction\",\"target\":[\"https:\/\/voyagesimpressionnistes.com\/en\/cote-albatre\/sisley-quel-impressionniste\/\"]}]},{\"@type\":\"ImageObject\",\"inLanguage\":\"en-US\",\"@id\":\"https:\/\/voyagesimpressionnistes.com\/en\/cote-albatre\/sisley-quel-impressionniste\/#primaryimage\",\"url\":\"https:\/\/voyagesimpressionnistes.com\/wp-content\/uploads\/2026\/01\/MUSEE-2-GrandPalaisRmn-musee-d-Orsay-Franck-Raux-MNR-208-Alfred-Sisley-La-Seine-a-Bougival-huile-sur-toile-1873.jpg\",\"contentUrl\":\"https:\/\/voyagesimpressionnistes.com\/wp-content\/uploads\/2026\/01\/MUSEE-2-GrandPalaisRmn-musee-d-Orsay-Franck-Raux-MNR-208-Alfred-Sisley-La-Seine-a-Bougival-huile-sur-toile-1873.jpg\",\"width\":850,\"height\":588,\"caption\":\"Conf\u00e9rence Sisley, quel Impressionniste ? au Mus\u00e9e de Dieppe\"},{\"@type\":\"BreadcrumbList\",\"@id\":\"https:\/\/voyagesimpressionnistes.com\/en\/cote-albatre\/sisley-quel-impressionniste\/#breadcrumb\",\"itemListElement\":[{\"@type\":\"ListItem\",\"position\":1,\"name\":\"The C\u00f4te d\u2019Alb\u00e2tre\",\"item\":\"https:\/\/voyagesimpressionnistes.com\/en\/cote-albatre\/\"},{\"@type\":\"ListItem\",\"position\":2,\"name\":\"Sisley, quel Impressionniste ?\"}]},{\"@type\":\"WebSite\",\"@id\":\"https:\/\/voyagesimpressionnistes.com\/en\/#website\",\"url\":\"https:\/\/voyagesimpressionnistes.com\/en\/\",\"name\":\"Impressionist adventures\",\"description\":\"Inspiring moments\",\"publisher\":{\"@id\":\"https:\/\/voyagesimpressionnistes.com\/en\/#organization\"},\"potentialAction\":[{\"@type\":\"SearchAction\",\"target\":{\"@type\":\"EntryPoint\",\"urlTemplate\":\"https:\/\/voyagesimpressionnistes.com\/en\/?s={search_term_string}\"},\"query-input\":{\"@type\":\"PropertyValueSpecification\",\"valueRequired\":true,\"valueName\":\"search_term_string\"}}],\"inLanguage\":\"en-US\"},{\"@type\":\"Organization\",\"@id\":\"https:\/\/voyagesimpressionnistes.com\/en\/#organization\",\"name\":\"Voyages Impressionnistes\",\"url\":\"https:\/\/voyagesimpressionnistes.com\/en\/\",\"logo\":{\"@type\":\"ImageObject\",\"inLanguage\":\"en-US\",\"@id\":\"https:\/\/voyagesimpressionnistes.com\/en\/#\/schema\/logo\/image\/\",\"url\":\"https:\/\/voyagesimpressionnistes.com\/wp-content\/uploads\/2021\/06\/vi-logo-507x216-1.svg\",\"contentUrl\":\"https:\/\/voyagesimpressionnistes.com\/wp-content\/uploads\/2021\/06\/vi-logo-507x216-1.svg\",\"width\":507,\"height\":216,\"caption\":\"Voyages Impressionnistes\"},\"image\":{\"@id\":\"https:\/\/voyagesimpressionnistes.com\/en\/#\/schema\/logo\/image\/\"},\"sameAs\":[\"https:\/\/www.facebook.com\/LesVoyagesImpressionnistes\/\"]},{\"@type\":\"Person\",\"@id\":\"https:\/\/voyagesimpressionnistes.com\/en\/#\/schema\/person\/78c37c19aa7ae1bd6f4902f296c80e5f\",\"name\":\"Phane\",\"image\":{\"@type\":\"ImageObject\",\"inLanguage\":\"en-US\",\"@id\":\"https:\/\/voyagesimpressionnistes.com\/en\/#\/schema\/person\/image\/\",\"url\":\"https:\/\/secure.gravatar.com\/avatar\/ea705fa375f21b62a2facac16bc19ee8d664629e3399a374a188d355bc5d00b9?s=96&d=mm&r=g\",\"contentUrl\":\"https:\/\/secure.gravatar.com\/avatar\/ea705fa375f21b62a2facac16bc19ee8d664629e3399a374a188d355bc5d00b9?s=96&d=mm&r=g\",\"caption\":\"Phane\"}}]}<\/script>\n<!-- \/ Yoast SEO plugin. -->","yoast_head_json":{"title":"Sisley, quel Impressionniste ? - Impressionist adventures","robots":{"index":"index","follow":"follow","max-snippet":"max-snippet:-1","max-image-preview":"max-image-preview:large","max-video-preview":"max-video-preview:-1"},"canonical":"https:\/\/voyagesimpressionnistes.com\/en\/cote-albatre\/sisley-quel-impressionniste\/","og_locale":"en_US","og_type":"article","og_title":"Sisley, quel Impressionniste ? - Impressionist adventures","og_description":"Dans le cadre du centenaire de la disparition de Claude [...]","og_url":"https:\/\/voyagesimpressionnistes.com\/en\/cote-albatre\/sisley-quel-impressionniste\/","og_site_name":"Impressionist adventures","article_publisher":"https:\/\/www.facebook.com\/LesVoyagesImpressionnistes\/","article_published_time":"2026-02-20T13:48:26+00:00","article_modified_time":"2026-03-18T11:14:50+00:00","og_image":[{"width":850,"height":588,"url":"https:\/\/voyagesimpressionnistes.com\/wp-content\/uploads\/2026\/01\/MUSEE-2-GrandPalaisRmn-musee-d-Orsay-Franck-Raux-MNR-208-Alfred-Sisley-La-Seine-a-Bougival-huile-sur-toile-1873.jpg","type":"image\/jpeg"}],"author":"Phane","twitter_card":"summary_large_image","twitter_misc":{"Written by":"Phane","Est. reading time":"1 minute"},"schema":{"@context":"https:\/\/schema.org","@graph":[{"@type":["Article","BlogPosting"],"@id":"https:\/\/voyagesimpressionnistes.com\/en\/cote-albatre\/sisley-quel-impressionniste\/#article","isPartOf":{"@id":"https:\/\/voyagesimpressionnistes.com\/en\/cote-albatre\/sisley-quel-impressionniste\/"},"author":{"name":"Phane","@id":"https:\/\/voyagesimpressionnistes.com\/en\/#\/schema\/person\/78c37c19aa7ae1bd6f4902f296c80e5f"},"headline":"Sisley, quel Impressionniste ?","datePublished":"2026-02-20T13:48:26+00:00","dateModified":"2026-03-18T11:14:50+00:00","mainEntityOfPage":{"@id":"https:\/\/voyagesimpressionnistes.com\/en\/cote-albatre\/sisley-quel-impressionniste\/"},"wordCount":191,"publisher":{"@id":"https:\/\/voyagesimpressionnistes.com\/en\/#organization"},"image":{"@id":"https:\/\/voyagesimpressionnistes.com\/en\/cote-albatre\/sisley-quel-impressionniste\/#primaryimage"},"thumbnailUrl":"https:\/\/voyagesimpressionnistes.com\/wp-content\/uploads\/2026\/01\/MUSEE-2-GrandPalaisRmn-musee-d-Orsay-Franck-Raux-MNR-208-Alfred-Sisley-La-Seine-a-Bougival-huile-sur-toile-1873.jpg","keywords":["Diary"],"articleSection":["The C\u00f4te d\u2019Alb\u00e2tre"],"inLanguage":"en-US"},{"@type":"WebPage","@id":"https:\/\/voyagesimpressionnistes.com\/en\/cote-albatre\/sisley-quel-impressionniste\/","url":"https:\/\/voyagesimpressionnistes.com\/en\/cote-albatre\/sisley-quel-impressionniste\/","name":"Sisley, quel Impressionniste ? - Impressionist adventures","isPartOf":{"@id":"https:\/\/voyagesimpressionnistes.com\/en\/#website"},"primaryImageOfPage":{"@id":"https:\/\/voyagesimpressionnistes.com\/en\/cote-albatre\/sisley-quel-impressionniste\/#primaryimage"},"image":{"@id":"https:\/\/voyagesimpressionnistes.com\/en\/cote-albatre\/sisley-quel-impressionniste\/#primaryimage"},"thumbnailUrl":"https:\/\/voyagesimpressionnistes.com\/wp-content\/uploads\/2026\/01\/MUSEE-2-GrandPalaisRmn-musee-d-Orsay-Franck-Raux-MNR-208-Alfred-Sisley-La-Seine-a-Bougival-huile-sur-toile-1873.jpg","datePublished":"2026-02-20T13:48:26+00:00","dateModified":"2026-03-18T11:14:50+00:00","breadcrumb":{"@id":"https:\/\/voyagesimpressionnistes.com\/en\/cote-albatre\/sisley-quel-impressionniste\/#breadcrumb"},"inLanguage":"en-US","potentialAction":[{"@type":"ReadAction","target":["https:\/\/voyagesimpressionnistes.com\/en\/cote-albatre\/sisley-quel-impressionniste\/"]}]},{"@type":"ImageObject","inLanguage":"en-US","@id":"https:\/\/voyagesimpressionnistes.com\/en\/cote-albatre\/sisley-quel-impressionniste\/#primaryimage","url":"https:\/\/voyagesimpressionnistes.com\/wp-content\/uploads\/2026\/01\/MUSEE-2-GrandPalaisRmn-musee-d-Orsay-Franck-Raux-MNR-208-Alfred-Sisley-La-Seine-a-Bougival-huile-sur-toile-1873.jpg","contentUrl":"https:\/\/voyagesimpressionnistes.com\/wp-content\/uploads\/2026\/01\/MUSEE-2-GrandPalaisRmn-musee-d-Orsay-Franck-Raux-MNR-208-Alfred-Sisley-La-Seine-a-Bougival-huile-sur-toile-1873.jpg","width":850,"height":588,"caption":"Conf\u00e9rence Sisley, quel Impressionniste ? au Mus\u00e9e de Dieppe"},{"@type":"BreadcrumbList","@id":"https:\/\/voyagesimpressionnistes.com\/en\/cote-albatre\/sisley-quel-impressionniste\/#breadcrumb","itemListElement":[{"@type":"ListItem","position":1,"name":"The C\u00f4te d\u2019Alb\u00e2tre","item":"https:\/\/voyagesimpressionnistes.com\/en\/cote-albatre\/"},{"@type":"ListItem","position":2,"name":"Sisley, quel Impressionniste ?"}]},{"@type":"WebSite","@id":"https:\/\/voyagesimpressionnistes.com\/en\/#website","url":"https:\/\/voyagesimpressionnistes.com\/en\/","name":"Impressionist adventures","description":"Inspiring moments","publisher":{"@id":"https:\/\/voyagesimpressionnistes.com\/en\/#organization"},"potentialAction":[{"@type":"SearchAction","target":{"@type":"EntryPoint","urlTemplate":"https:\/\/voyagesimpressionnistes.com\/en\/?s={search_term_string}"},"query-input":{"@type":"PropertyValueSpecification","valueRequired":true,"valueName":"search_term_string"}}],"inLanguage":"en-US"},{"@type":"Organization","@id":"https:\/\/voyagesimpressionnistes.com\/en\/#organization","name":"Voyages Impressionnistes","url":"https:\/\/voyagesimpressionnistes.com\/en\/","logo":{"@type":"ImageObject","inLanguage":"en-US","@id":"https:\/\/voyagesimpressionnistes.com\/en\/#\/schema\/logo\/image\/","url":"https:\/\/voyagesimpressionnistes.com\/wp-content\/uploads\/2021\/06\/vi-logo-507x216-1.svg","contentUrl":"https:\/\/voyagesimpressionnistes.com\/wp-content\/uploads\/2021\/06\/vi-logo-507x216-1.svg","width":507,"height":216,"caption":"Voyages Impressionnistes"},"image":{"@id":"https:\/\/voyagesimpressionnistes.com\/en\/#\/schema\/logo\/image\/"},"sameAs":["https:\/\/www.facebook.com\/LesVoyagesImpressionnistes\/"]},{"@type":"Person","@id":"https:\/\/voyagesimpressionnistes.com\/en\/#\/schema\/person\/78c37c19aa7ae1bd6f4902f296c80e5f","name":"Phane","image":{"@type":"ImageObject","inLanguage":"en-US","@id":"https:\/\/voyagesimpressionnistes.com\/en\/#\/schema\/person\/image\/","url":"https:\/\/secure.gravatar.com\/avatar\/ea705fa375f21b62a2facac16bc19ee8d664629e3399a374a188d355bc5d00b9?s=96&d=mm&r=g","contentUrl":"https:\/\/secure.gravatar.com\/avatar\/ea705fa375f21b62a2facac16bc19ee8d664629e3399a374a188d355bc5d00b9?s=96&d=mm&r=g","caption":"Phane"}}]}},"jetpack_featured_media_url":"https:\/\/voyagesimpressionnistes.com\/wp-content\/uploads\/2026\/01\/MUSEE-2-GrandPalaisRmn-musee-d-Orsay-Franck-Raux-MNR-208-Alfred-Sisley-La-Seine-a-Bougival-huile-sur-toile-1873.jpg","jetpack_sharing_enabled":true,"_links":{"self":[{"href":"https:\/\/voyagesimpressionnistes.com\/en\/wp-json\/wp\/v2\/posts\/16049","targetHints":{"allow":["GET"]}}],"collection":[{"href":"https:\/\/voyagesimpressionnistes.com\/en\/wp-json\/wp\/v2\/posts"}],"about":[{"href":"https:\/\/voyagesimpressionnistes.com\/en\/wp-json\/wp\/v2\/types\/post"}],"author":[{"embeddable":true,"href":"https:\/\/voyagesimpressionnistes.com\/en\/wp-json\/wp\/v2\/users\/2"}],"replies":[{"embeddable":true,"href":"https:\/\/voyagesimpressionnistes.com\/en\/wp-json\/wp\/v2\/comments?post=16049"}],"version-history":[{"count":4,"href":"https:\/\/voyagesimpressionnistes.com\/en\/wp-json\/wp\/v2\/posts\/16049\/revisions"}],"predecessor-version":[{"id":16395,"href":"https:\/\/voyagesimpressionnistes.com\/en\/wp-json\/wp\/v2\/posts\/16049\/revisions\/16395"}],"wp:featuredmedia":[{"embeddable":true,"href":"https:\/\/voyagesimpressionnistes.com\/en\/wp-json\/wp\/v2\/media\/16048"}],"wp:attachment":[{"href":"https:\/\/voyagesimpressionnistes.com\/en\/wp-json\/wp\/v2\/media?parent=16049"}],"wp:term":[{"taxonomy":"category","embeddable":true,"href":"https:\/\/voyagesimpressionnistes.com\/en\/wp-json\/wp\/v2\/categories?post=16049"},{"taxonomy":"slider_une","embeddable":true,"href":"https:\/\/voyagesimpressionnistes.com\/en\/wp-json\/wp\/v2\/slider_une?post=16049"},{"taxonomy":"regions","embeddable":true,"href":"https:\/\/voyagesimpressionnistes.com\/en\/wp-json\/wp\/v2\/regions?post=16049"},{"taxonomy":"coups_coeur","embeddable":true,"href":"https:\/\/voyagesimpressionnistes.com\/en\/wp-json\/wp\/v2\/coups_coeur?post=16049"},{"taxonomy":"inspiration-type","embeddable":true,"href":"https:\/\/voyagesimpressionnistes.com\/en\/wp-json\/wp\/v2\/inspiration-type?post=16049"},{"taxonomy":"label","embeddable":true,"href":"https:\/\/voyagesimpressionnistes.com\/en\/wp-json\/wp\/v2\/label?post=16049"},{"taxonomy":"categories-agenda","embeddable":true,"href":"https:\/\/voyagesimpressionnistes.com\/en\/wp-json\/wp\/v2\/categories-agenda?post=16049"}],"curies":[{"name":"wp","href":"https:\/\/api.w.org\/{rel}","templated":true}]}}