{"id":16283,"date":"2026-03-11T12:08:10","date_gmt":"2026-03-11T11:08:10","guid":{"rendered":"https:\/\/voyagesimpressionnistes.com\/?p=16283"},"modified":"2026-04-21T14:46:12","modified_gmt":"2026-04-21T12:46:12","slug":"de-la-toile-a-lecran","status":"publish","type":"post","link":"https:\/\/voyagesimpressionnistes.com\/en\/banks-seine\/de-la-toile-a-lecran\/","title":{"rendered":"De la toile \u00e0 l&#8217;\u00e9cran"},"content":{"rendered":"<p>\u00c0 l\u2019occasion du centenaire de la disparition de Claude Monet, d\u00e9couvrez un cycle de 5 films consacr\u00e9s \u00e0 la peinture et aux grands artistes qui ont marqu\u00e9 l\u2019histoire de l\u2019art au cin\u00e9ma Jean Gabin d&#8217;Argenteuil. <em>De la toile \u00e0 l&#8217;\u00e9cran<\/em>, ce sont des biopics, des fictions et des documentaires qui proposent une immersion sensible entre cin\u00e9ma et cr\u00e9ation picturale.<\/p>\n<p>De beaux films \u00e0 voir ou \u00e0 revoir :<\/p>\n<ul>\n<li><em>Montparnasse 19<\/em> &#8211; dimanche 22 f\u00e9vrier \u00e0 18h30<\/li>\n<li><em>S\u00e9raphine<\/em> &#8211; dimanche 22 mars \u00e0 18h30<\/li>\n<li><em>Un dimanche \u00e0 la campagne<\/em> &#8211; dimanche 19 avril \u00e0 18h30<\/li>\n<li><em>Renoir <\/em>&#8211; dimanche 31 mai \u00e0 18h30<\/li>\n<li><em>C\u00e9zanne et moi<\/em> &#8211; dimanche 28 juin \u00e0 18h30.<\/li>\n<\/ul>\n","protected":false},"excerpt":{"rendered":"<p>\u00c0 l\u2019occasion du centenaire de la disparition de Claude Monet,  [&#8230;]<\/p>\n","protected":false},"author":2,"featured_media":16282,"comment_status":"closed","ping_status":"closed","sticky":false,"template":"","format":"standard","meta":{"_acf_changed":false,"inline_featured_image":false,"_jetpack_memberships_contains_paid_content":false,"footnotes":""},"categories":[86],"slider_une":[],"regions":[132],"coups_coeur":[],"inspiration-type":[],"label":[183],"categories-agenda":[173],"class_list":["post-16283","post","type-post","status-publish","format-standard","has-post-thumbnail","hentry","category-banks-seine","tag-diary","regions-idf-en","label-monet-centenary","categories-agenda-show"],"acf":[],"yoast_head":"<!-- This site is optimized with the Yoast SEO plugin v26.3 - https:\/\/yoast.com\/wordpress\/plugins\/seo\/ -->\n<title>De la toile \u00e0 l&#039;\u00e9cran - Impressionist adventures<\/title>\n<meta name=\"description\" content=\"D\u00e9couvrez le cycle &quot;De la toile \u00e0 l&#039;\u00e9cran&quot; au cin\u00e9ma Jean Gabin d&#039;Argenteuil, propos\u00e9 dans le cadre du centenaire de la disparition de Monet.\" \/>\n<meta name=\"robots\" content=\"index, follow, max-snippet:-1, max-image-preview:large, max-video-preview:-1\" \/>\n<link rel=\"canonical\" href=\"https:\/\/voyagesimpressionnistes.com\/en\/banks-seine\/de-la-toile-a-lecran\/\" \/>\n<meta property=\"og:locale\" content=\"en_US\" \/>\n<meta property=\"og:type\" content=\"article\" \/>\n<meta property=\"og:title\" content=\"De la toile \u00e0 l&#039;\u00e9cran - Impressionist adventures\" \/>\n<meta property=\"og:description\" content=\"D\u00e9couvrez le cycle &quot;De la toile \u00e0 l&#039;\u00e9cran&quot; au cin\u00e9ma Jean Gabin d&#039;Argenteuil, propos\u00e9 dans le cadre du centenaire de la disparition de Monet.\" \/>\n<meta property=\"og:url\" content=\"https:\/\/voyagesimpressionnistes.com\/en\/banks-seine\/de-la-toile-a-lecran\/\" \/>\n<meta property=\"og:site_name\" content=\"Impressionist adventures\" \/>\n<meta property=\"article:publisher\" content=\"https:\/\/www.facebook.com\/LesVoyagesImpressionnistes\/\" \/>\n<meta property=\"article:published_time\" content=\"2026-03-11T11:08:10+00:00\" \/>\n<meta property=\"article:modified_time\" content=\"2026-04-21T12:46:12+00:00\" \/>\n<meta property=\"og:image\" content=\"https:\/\/voyagesimpressionnistes.com\/wp-content\/uploads\/2026\/03\/38330312-diaporama.jpg\" \/>\n\t<meta property=\"og:image:width\" content=\"442\" \/>\n\t<meta property=\"og:image:height\" content=\"600\" \/>\n\t<meta property=\"og:image:type\" content=\"image\/jpeg\" \/>\n<meta name=\"author\" content=\"Phane\" \/>\n<meta name=\"twitter:card\" content=\"summary_large_image\" \/>\n<meta name=\"twitter:label1\" content=\"Written by\" \/>\n\t<meta name=\"twitter:data1\" content=\"Phane\" \/>\n\t<meta name=\"twitter:label2\" content=\"Est. reading time\" \/>\n\t<meta name=\"twitter:data2\" content=\"1 minute\" \/>\n<script type=\"application\/ld+json\" class=\"yoast-schema-graph\">{\"@context\":\"https:\/\/schema.org\",\"@graph\":[{\"@type\":[\"Article\",\"BlogPosting\"],\"@id\":\"https:\/\/voyagesimpressionnistes.com\/en\/banks-seine\/de-la-toile-a-lecran\/#article\",\"isPartOf\":{\"@id\":\"https:\/\/voyagesimpressionnistes.com\/en\/banks-seine\/de-la-toile-a-lecran\/\"},\"author\":{\"name\":\"Phane\",\"@id\":\"https:\/\/voyagesimpressionnistes.com\/en\/#\/schema\/person\/78c37c19aa7ae1bd6f4902f296c80e5f\"},\"headline\":\"De la toile \u00e0 l&#8217;\u00e9cran\",\"datePublished\":\"2026-03-11T11:08:10+00:00\",\"dateModified\":\"2026-04-21T12:46:12+00:00\",\"mainEntityOfPage\":{\"@id\":\"https:\/\/voyagesimpressionnistes.com\/en\/banks-seine\/de-la-toile-a-lecran\/\"},\"wordCount\":109,\"publisher\":{\"@id\":\"https:\/\/voyagesimpressionnistes.com\/en\/#organization\"},\"image\":{\"@id\":\"https:\/\/voyagesimpressionnistes.com\/en\/banks-seine\/de-la-toile-a-lecran\/#primaryimage\"},\"thumbnailUrl\":\"https:\/\/voyagesimpressionnistes.com\/wp-content\/uploads\/2026\/03\/38330312-diaporama.jpg\",\"keywords\":[\"Diary\"],\"articleSection\":[\"Along the Banks of the Seine\"],\"inLanguage\":\"en-US\"},{\"@type\":\"WebPage\",\"@id\":\"https:\/\/voyagesimpressionnistes.com\/en\/banks-seine\/de-la-toile-a-lecran\/\",\"url\":\"https:\/\/voyagesimpressionnistes.com\/en\/banks-seine\/de-la-toile-a-lecran\/\",\"name\":\"De la toile \u00e0 l'\u00e9cran - Impressionist adventures\",\"isPartOf\":{\"@id\":\"https:\/\/voyagesimpressionnistes.com\/en\/#website\"},\"primaryImageOfPage\":{\"@id\":\"https:\/\/voyagesimpressionnistes.com\/en\/banks-seine\/de-la-toile-a-lecran\/#primaryimage\"},\"image\":{\"@id\":\"https:\/\/voyagesimpressionnistes.com\/en\/banks-seine\/de-la-toile-a-lecran\/#primaryimage\"},\"thumbnailUrl\":\"https:\/\/voyagesimpressionnistes.com\/wp-content\/uploads\/2026\/03\/38330312-diaporama.jpg\",\"datePublished\":\"2026-03-11T11:08:10+00:00\",\"dateModified\":\"2026-04-21T12:46:12+00:00\",\"description\":\"D\u00e9couvrez le cycle \\\"De la toile \u00e0 l'\u00e9cran\\\" au cin\u00e9ma Jean Gabin d'Argenteuil, propos\u00e9 dans le cadre du centenaire de la disparition de Monet.\",\"breadcrumb\":{\"@id\":\"https:\/\/voyagesimpressionnistes.com\/en\/banks-seine\/de-la-toile-a-lecran\/#breadcrumb\"},\"inLanguage\":\"en-US\",\"potentialAction\":[{\"@type\":\"ReadAction\",\"target\":[\"https:\/\/voyagesimpressionnistes.com\/en\/banks-seine\/de-la-toile-a-lecran\/\"]}]},{\"@type\":\"ImageObject\",\"inLanguage\":\"en-US\",\"@id\":\"https:\/\/voyagesimpressionnistes.com\/en\/banks-seine\/de-la-toile-a-lecran\/#primaryimage\",\"url\":\"https:\/\/voyagesimpressionnistes.com\/wp-content\/uploads\/2026\/03\/38330312-diaporama.jpg\",\"contentUrl\":\"https:\/\/voyagesimpressionnistes.com\/wp-content\/uploads\/2026\/03\/38330312-diaporama.jpg\",\"width\":442,\"height\":600,\"caption\":\"Cycle \\\"De la toile \u00e0 l'\u00e9cran\\\" au cin\u00e9ma Jean Gabin (Argenteuil)\"},{\"@type\":\"BreadcrumbList\",\"@id\":\"https:\/\/voyagesimpressionnistes.com\/en\/banks-seine\/de-la-toile-a-lecran\/#breadcrumb\",\"itemListElement\":[{\"@type\":\"ListItem\",\"position\":1,\"name\":\"Along the Banks of the Seine\",\"item\":\"https:\/\/voyagesimpressionnistes.com\/en\/banks-seine\/\"},{\"@type\":\"ListItem\",\"position\":2,\"name\":\"De la toile \u00e0 l&rsquo;\u00e9cran\"}]},{\"@type\":\"WebSite\",\"@id\":\"https:\/\/voyagesimpressionnistes.com\/en\/#website\",\"url\":\"https:\/\/voyagesimpressionnistes.com\/en\/\",\"name\":\"Impressionist adventures\",\"description\":\"Inspiring moments\",\"publisher\":{\"@id\":\"https:\/\/voyagesimpressionnistes.com\/en\/#organization\"},\"potentialAction\":[{\"@type\":\"SearchAction\",\"target\":{\"@type\":\"EntryPoint\",\"urlTemplate\":\"https:\/\/voyagesimpressionnistes.com\/en\/?s={search_term_string}\"},\"query-input\":{\"@type\":\"PropertyValueSpecification\",\"valueRequired\":true,\"valueName\":\"search_term_string\"}}],\"inLanguage\":\"en-US\"},{\"@type\":\"Organization\",\"@id\":\"https:\/\/voyagesimpressionnistes.com\/en\/#organization\",\"name\":\"Voyages Impressionnistes\",\"url\":\"https:\/\/voyagesimpressionnistes.com\/en\/\",\"logo\":{\"@type\":\"ImageObject\",\"inLanguage\":\"en-US\",\"@id\":\"https:\/\/voyagesimpressionnistes.com\/en\/#\/schema\/logo\/image\/\",\"url\":\"https:\/\/voyagesimpressionnistes.com\/wp-content\/uploads\/2021\/06\/vi-logo-507x216-1.svg\",\"contentUrl\":\"https:\/\/voyagesimpressionnistes.com\/wp-content\/uploads\/2021\/06\/vi-logo-507x216-1.svg\",\"width\":507,\"height\":216,\"caption\":\"Voyages Impressionnistes\"},\"image\":{\"@id\":\"https:\/\/voyagesimpressionnistes.com\/en\/#\/schema\/logo\/image\/\"},\"sameAs\":[\"https:\/\/www.facebook.com\/LesVoyagesImpressionnistes\/\"]},{\"@type\":\"Person\",\"@id\":\"https:\/\/voyagesimpressionnistes.com\/en\/#\/schema\/person\/78c37c19aa7ae1bd6f4902f296c80e5f\",\"name\":\"Phane\",\"image\":{\"@type\":\"ImageObject\",\"inLanguage\":\"en-US\",\"@id\":\"https:\/\/voyagesimpressionnistes.com\/en\/#\/schema\/person\/image\/\",\"url\":\"https:\/\/secure.gravatar.com\/avatar\/ea705fa375f21b62a2facac16bc19ee8d664629e3399a374a188d355bc5d00b9?s=96&d=mm&r=g\",\"contentUrl\":\"https:\/\/secure.gravatar.com\/avatar\/ea705fa375f21b62a2facac16bc19ee8d664629e3399a374a188d355bc5d00b9?s=96&d=mm&r=g\",\"caption\":\"Phane\"}}]}<\/script>\n<!-- \/ Yoast SEO plugin. -->","yoast_head_json":{"title":"De la toile \u00e0 l'\u00e9cran - Impressionist adventures","description":"D\u00e9couvrez le cycle \"De la toile \u00e0 l'\u00e9cran\" au cin\u00e9ma Jean Gabin d'Argenteuil, propos\u00e9 dans le cadre du centenaire de la disparition de Monet.","robots":{"index":"index","follow":"follow","max-snippet":"max-snippet:-1","max-image-preview":"max-image-preview:large","max-video-preview":"max-video-preview:-1"},"canonical":"https:\/\/voyagesimpressionnistes.com\/en\/banks-seine\/de-la-toile-a-lecran\/","og_locale":"en_US","og_type":"article","og_title":"De la toile \u00e0 l'\u00e9cran - Impressionist adventures","og_description":"D\u00e9couvrez le cycle \"De la toile \u00e0 l'\u00e9cran\" au cin\u00e9ma Jean Gabin d'Argenteuil, propos\u00e9 dans le cadre du centenaire de la disparition de Monet.","og_url":"https:\/\/voyagesimpressionnistes.com\/en\/banks-seine\/de-la-toile-a-lecran\/","og_site_name":"Impressionist adventures","article_publisher":"https:\/\/www.facebook.com\/LesVoyagesImpressionnistes\/","article_published_time":"2026-03-11T11:08:10+00:00","article_modified_time":"2026-04-21T12:46:12+00:00","og_image":[{"width":442,"height":600,"url":"https:\/\/voyagesimpressionnistes.com\/wp-content\/uploads\/2026\/03\/38330312-diaporama.jpg","type":"image\/jpeg"}],"author":"Phane","twitter_card":"summary_large_image","twitter_misc":{"Written by":"Phane","Est. reading time":"1 minute"},"schema":{"@context":"https:\/\/schema.org","@graph":[{"@type":["Article","BlogPosting"],"@id":"https:\/\/voyagesimpressionnistes.com\/en\/banks-seine\/de-la-toile-a-lecran\/#article","isPartOf":{"@id":"https:\/\/voyagesimpressionnistes.com\/en\/banks-seine\/de-la-toile-a-lecran\/"},"author":{"name":"Phane","@id":"https:\/\/voyagesimpressionnistes.com\/en\/#\/schema\/person\/78c37c19aa7ae1bd6f4902f296c80e5f"},"headline":"De la toile \u00e0 l&#8217;\u00e9cran","datePublished":"2026-03-11T11:08:10+00:00","dateModified":"2026-04-21T12:46:12+00:00","mainEntityOfPage":{"@id":"https:\/\/voyagesimpressionnistes.com\/en\/banks-seine\/de-la-toile-a-lecran\/"},"wordCount":109,"publisher":{"@id":"https:\/\/voyagesimpressionnistes.com\/en\/#organization"},"image":{"@id":"https:\/\/voyagesimpressionnistes.com\/en\/banks-seine\/de-la-toile-a-lecran\/#primaryimage"},"thumbnailUrl":"https:\/\/voyagesimpressionnistes.com\/wp-content\/uploads\/2026\/03\/38330312-diaporama.jpg","keywords":["Diary"],"articleSection":["Along the Banks of the Seine"],"inLanguage":"en-US"},{"@type":"WebPage","@id":"https:\/\/voyagesimpressionnistes.com\/en\/banks-seine\/de-la-toile-a-lecran\/","url":"https:\/\/voyagesimpressionnistes.com\/en\/banks-seine\/de-la-toile-a-lecran\/","name":"De la toile \u00e0 l'\u00e9cran - Impressionist adventures","isPartOf":{"@id":"https:\/\/voyagesimpressionnistes.com\/en\/#website"},"primaryImageOfPage":{"@id":"https:\/\/voyagesimpressionnistes.com\/en\/banks-seine\/de-la-toile-a-lecran\/#primaryimage"},"image":{"@id":"https:\/\/voyagesimpressionnistes.com\/en\/banks-seine\/de-la-toile-a-lecran\/#primaryimage"},"thumbnailUrl":"https:\/\/voyagesimpressionnistes.com\/wp-content\/uploads\/2026\/03\/38330312-diaporama.jpg","datePublished":"2026-03-11T11:08:10+00:00","dateModified":"2026-04-21T12:46:12+00:00","description":"D\u00e9couvrez le cycle \"De la toile \u00e0 l'\u00e9cran\" au cin\u00e9ma Jean Gabin d'Argenteuil, propos\u00e9 dans le cadre du centenaire de la disparition de Monet.","breadcrumb":{"@id":"https:\/\/voyagesimpressionnistes.com\/en\/banks-seine\/de-la-toile-a-lecran\/#breadcrumb"},"inLanguage":"en-US","potentialAction":[{"@type":"ReadAction","target":["https:\/\/voyagesimpressionnistes.com\/en\/banks-seine\/de-la-toile-a-lecran\/"]}]},{"@type":"ImageObject","inLanguage":"en-US","@id":"https:\/\/voyagesimpressionnistes.com\/en\/banks-seine\/de-la-toile-a-lecran\/#primaryimage","url":"https:\/\/voyagesimpressionnistes.com\/wp-content\/uploads\/2026\/03\/38330312-diaporama.jpg","contentUrl":"https:\/\/voyagesimpressionnistes.com\/wp-content\/uploads\/2026\/03\/38330312-diaporama.jpg","width":442,"height":600,"caption":"Cycle \"De la toile \u00e0 l'\u00e9cran\" au cin\u00e9ma Jean Gabin (Argenteuil)"},{"@type":"BreadcrumbList","@id":"https:\/\/voyagesimpressionnistes.com\/en\/banks-seine\/de-la-toile-a-lecran\/#breadcrumb","itemListElement":[{"@type":"ListItem","position":1,"name":"Along the Banks of the Seine","item":"https:\/\/voyagesimpressionnistes.com\/en\/banks-seine\/"},{"@type":"ListItem","position":2,"name":"De la toile \u00e0 l&rsquo;\u00e9cran"}]},{"@type":"WebSite","@id":"https:\/\/voyagesimpressionnistes.com\/en\/#website","url":"https:\/\/voyagesimpressionnistes.com\/en\/","name":"Impressionist adventures","description":"Inspiring moments","publisher":{"@id":"https:\/\/voyagesimpressionnistes.com\/en\/#organization"},"potentialAction":[{"@type":"SearchAction","target":{"@type":"EntryPoint","urlTemplate":"https:\/\/voyagesimpressionnistes.com\/en\/?s={search_term_string}"},"query-input":{"@type":"PropertyValueSpecification","valueRequired":true,"valueName":"search_term_string"}}],"inLanguage":"en-US"},{"@type":"Organization","@id":"https:\/\/voyagesimpressionnistes.com\/en\/#organization","name":"Voyages Impressionnistes","url":"https:\/\/voyagesimpressionnistes.com\/en\/","logo":{"@type":"ImageObject","inLanguage":"en-US","@id":"https:\/\/voyagesimpressionnistes.com\/en\/#\/schema\/logo\/image\/","url":"https:\/\/voyagesimpressionnistes.com\/wp-content\/uploads\/2021\/06\/vi-logo-507x216-1.svg","contentUrl":"https:\/\/voyagesimpressionnistes.com\/wp-content\/uploads\/2021\/06\/vi-logo-507x216-1.svg","width":507,"height":216,"caption":"Voyages Impressionnistes"},"image":{"@id":"https:\/\/voyagesimpressionnistes.com\/en\/#\/schema\/logo\/image\/"},"sameAs":["https:\/\/www.facebook.com\/LesVoyagesImpressionnistes\/"]},{"@type":"Person","@id":"https:\/\/voyagesimpressionnistes.com\/en\/#\/schema\/person\/78c37c19aa7ae1bd6f4902f296c80e5f","name":"Phane","image":{"@type":"ImageObject","inLanguage":"en-US","@id":"https:\/\/voyagesimpressionnistes.com\/en\/#\/schema\/person\/image\/","url":"https:\/\/secure.gravatar.com\/avatar\/ea705fa375f21b62a2facac16bc19ee8d664629e3399a374a188d355bc5d00b9?s=96&d=mm&r=g","contentUrl":"https:\/\/secure.gravatar.com\/avatar\/ea705fa375f21b62a2facac16bc19ee8d664629e3399a374a188d355bc5d00b9?s=96&d=mm&r=g","caption":"Phane"}}]}},"jetpack_featured_media_url":"https:\/\/voyagesimpressionnistes.com\/wp-content\/uploads\/2026\/03\/38330312-diaporama.jpg","jetpack_sharing_enabled":true,"_links":{"self":[{"href":"https:\/\/voyagesimpressionnistes.com\/en\/wp-json\/wp\/v2\/posts\/16283","targetHints":{"allow":["GET"]}}],"collection":[{"href":"https:\/\/voyagesimpressionnistes.com\/en\/wp-json\/wp\/v2\/posts"}],"about":[{"href":"https:\/\/voyagesimpressionnistes.com\/en\/wp-json\/wp\/v2\/types\/post"}],"author":[{"embeddable":true,"href":"https:\/\/voyagesimpressionnistes.com\/en\/wp-json\/wp\/v2\/users\/2"}],"replies":[{"embeddable":true,"href":"https:\/\/voyagesimpressionnistes.com\/en\/wp-json\/wp\/v2\/comments?post=16283"}],"version-history":[{"count":4,"href":"https:\/\/voyagesimpressionnistes.com\/en\/wp-json\/wp\/v2\/posts\/16283\/revisions"}],"predecessor-version":[{"id":16681,"href":"https:\/\/voyagesimpressionnistes.com\/en\/wp-json\/wp\/v2\/posts\/16283\/revisions\/16681"}],"wp:featuredmedia":[{"embeddable":true,"href":"https:\/\/voyagesimpressionnistes.com\/en\/wp-json\/wp\/v2\/media\/16282"}],"wp:attachment":[{"href":"https:\/\/voyagesimpressionnistes.com\/en\/wp-json\/wp\/v2\/media?parent=16283"}],"wp:term":[{"taxonomy":"category","embeddable":true,"href":"https:\/\/voyagesimpressionnistes.com\/en\/wp-json\/wp\/v2\/categories?post=16283"},{"taxonomy":"slider_une","embeddable":true,"href":"https:\/\/voyagesimpressionnistes.com\/en\/wp-json\/wp\/v2\/slider_une?post=16283"},{"taxonomy":"regions","embeddable":true,"href":"https:\/\/voyagesimpressionnistes.com\/en\/wp-json\/wp\/v2\/regions?post=16283"},{"taxonomy":"coups_coeur","embeddable":true,"href":"https:\/\/voyagesimpressionnistes.com\/en\/wp-json\/wp\/v2\/coups_coeur?post=16283"},{"taxonomy":"inspiration-type","embeddable":true,"href":"https:\/\/voyagesimpressionnistes.com\/en\/wp-json\/wp\/v2\/inspiration-type?post=16283"},{"taxonomy":"label","embeddable":true,"href":"https:\/\/voyagesimpressionnistes.com\/en\/wp-json\/wp\/v2\/label?post=16283"},{"taxonomy":"categories-agenda","embeddable":true,"href":"https:\/\/voyagesimpressionnistes.com\/en\/wp-json\/wp\/v2\/categories-agenda?post=16283"}],"curies":[{"name":"wp","href":"https:\/\/api.w.org\/{rel}","templated":true}]}}