{"id":16291,"date":"2026-03-11T11:53:59","date_gmt":"2026-03-11T10:53:59","guid":{"rendered":"https:\/\/voyagesimpressionnistes.com\/?p=16291"},"modified":"2026-04-14T19:11:08","modified_gmt":"2026-04-14T17:11:08","slug":"conferences-sur-monet-a-la-ferme-saint-simeon","status":"publish","type":"post","link":"https:\/\/voyagesimpressionnistes.com\/en\/seine-estuary\/conferences-sur-monet-a-la-ferme-saint-simeon\/","title":{"rendered":"Conf\u00e9rences sur Monet \u00e0 la Ferme Saint Sim\u00e9on"},"content":{"rendered":"<p>\u00c0 l\u2019occasion du <a href=\"https:\/\/voyagesimpressionnistes.com\/en\/all-areas\/centenary-of-claude-monets-passing\/\">centenaire de la disparition de Claude Monet<\/a>, la <a href=\"https:\/\/voyagesimpressionnistes.com\/en\/seine-estuary\/ferme-saint-simeon\/\">Ferme Saint-Sim\u00e9on<\/a> c\u00e9l\u00e8bre l\u2019Impressionnisme avec un cycle de huit conf\u00e9rences r\u00e9unissant historiens et conservateurs, au c\u0153ur d\u2019un lieu mythique ayant inspir\u00e9 Monet, Boudin et Courbet, non loin d&#8217;Honfleur. Ces rencontres mettent en lumi\u00e8re l\u2019\u0153uvre de Monet, son lien avec la Normandie et l\u2019audace du mouvement impressionniste.<\/p>\n<p>Au printemps, trois conf\u00e9rences sont consacr\u00e9es au ma\u00eetre impressionniste pour mieux comprendre l\u2019\u00e9volution artistique du peintre :<\/p>\n<ul>\n<li>Jeudi 12 mars : <em>Monet au Havre<\/em>, par G\u00e9raldine Lefebvre, directrice du <a href=\"https:\/\/voyagesimpressionnistes.com\/en\/seine-estuary\/musee-dart-moderne-andre-malraux-muma\/\">MuMa \u2013 Mus\u00e9e d&#8217;art moderne Andr\u00e9 Malraux<\/a><\/li>\n<li>Jeudi 30 avril : <em>Monet \u00e0 Honfleur<\/em>, par Benjamin Findinier, directeur de la Fabrique de patrimoines en Normandie<\/li>\n<li>Jeudi 21 mai : <em>Monet \u00e0 Giverny<\/em>, par Cyrille Sciama, directeur g\u00e9n\u00e9ral du <a href=\"https:\/\/voyagesimpressionnistes.com\/en\/giverny-its-surroundings\/musee-des-impressionnismes-giverny\/\">Mus\u00e9e des impressionnismes Giverny<\/a><\/li>\n<li>Jeudi 4 juin : <em>Monet \u00e0 Rouen<\/em>, par Sylvie Patin,\u00a0conservateur g\u00e9n\u00e9ral honoraire au <a href=\"https:\/\/voyagesimpressionnistes.com\/en\/paris-montmartre\/musee-dorsay\/\">mus\u00e9e d\u2019Orsay<\/a> correspondant de l\u2019Institut (Acad\u00e9mie des beaux-arts)<\/li>\n<li>Jeudi 9 juillet : <em>Monet et le temps<\/em>, par Sophie Eloy, attach\u00e9e de collection, charg\u00e9e des Contrepoints contemporains au <a href=\"https:\/\/voyagesimpressionnistes.com\/en\/paris-montmartre\/musee-de-lorangerie\/\">mus\u00e9e de l\u2019Orangerie<\/a><\/li>\n<li>Jeudi 1<sup>er<\/sup> octobre : <em>Monet et l&#8217;exposition<\/em>, par F\u00e9licie Faizand de Maupeou, chercheuse associ\u00e9e au HAR et \u00e0 la Fondation partenariale de l\u2019universit\u00e9 Paris Nanterre, Chaire ACP, Cheffe de projet du programme Impressionnisme<\/li>\n<\/ul>\n<p>Chaque conf\u00e9rence se prolonge par un cocktail champagne* accompagn\u00e9 d\u2019amuse-bouches, servis au bar de la Ferme Saint-Sim\u00e9on*****, dans l\u2019esprit des \u00e9changes artistiques qui animaient autrefois la maison des Impressionnistes.<\/p>\n<p>&nbsp;<\/p>\n<p><em>*L&#8217;abus d&#8217;alcool est dangereux pour la sant\u00e9, \u00e0 consommer avec mod\u00e9ration.<\/em><\/p>\n","protected":false},"excerpt":{"rendered":"<p>\u00c0 l\u2019occasion du centenaire de la disparition de Claude Monet,  [&#8230;]<\/p>\n","protected":false},"author":2,"featured_media":16288,"comment_status":"closed","ping_status":"closed","sticky":false,"template":"","format":"standard","meta":{"_acf_changed":false,"inline_featured_image":false,"_jetpack_memberships_contains_paid_content":false,"footnotes":""},"categories":[84],"slider_une":[],"regions":[133],"coups_coeur":[],"inspiration-type":[],"label":[183],"categories-agenda":[179],"class_list":["post-16291","post","type-post","status-publish","format-standard","has-post-thumbnail","hentry","category-seine-estuary","tag-diary","regions-normandy","label-monet-centenary","categories-agenda-conference-en"],"acf":[],"yoast_head":"<!-- This site is optimized with the Yoast SEO plugin v26.3 - https:\/\/yoast.com\/wordpress\/plugins\/seo\/ -->\n<title>Conf\u00e9rences sur Monet \u00e0 la Ferme Saint Sim\u00e9on - Impressionist adventures<\/title>\n<meta name=\"description\" content=\"Participez \u00e0 une des conf\u00e9rences sur Monet organis\u00e9es \u00e0 la Ferme Saint Sim\u00e9on dans le cadre du centenaire de la disparition de Claude Monet.\" \/>\n<meta name=\"robots\" content=\"index, follow, max-snippet:-1, max-image-preview:large, max-video-preview:-1\" \/>\n<link rel=\"canonical\" href=\"https:\/\/voyagesimpressionnistes.com\/en\/seine-estuary\/conferences-sur-monet-a-la-ferme-saint-simeon\/\" \/>\n<meta property=\"og:locale\" content=\"en_US\" \/>\n<meta property=\"og:type\" content=\"article\" \/>\n<meta property=\"og:title\" content=\"Conf\u00e9rences sur Monet \u00e0 la Ferme Saint Sim\u00e9on - Impressionist adventures\" \/>\n<meta property=\"og:description\" content=\"Participez \u00e0 une des conf\u00e9rences sur Monet organis\u00e9es \u00e0 la Ferme Saint Sim\u00e9on dans le cadre du centenaire de la disparition de Claude Monet.\" \/>\n<meta property=\"og:url\" content=\"https:\/\/voyagesimpressionnistes.com\/en\/seine-estuary\/conferences-sur-monet-a-la-ferme-saint-simeon\/\" \/>\n<meta property=\"og:site_name\" content=\"Impressionist adventures\" \/>\n<meta property=\"article:publisher\" content=\"https:\/\/www.facebook.com\/LesVoyagesImpressionnistes\/\" \/>\n<meta property=\"article:published_time\" content=\"2026-03-11T10:53:59+00:00\" \/>\n<meta property=\"article:modified_time\" content=\"2026-04-14T17:11:08+00:00\" \/>\n<meta property=\"og:image\" content=\"https:\/\/voyagesimpressionnistes.com\/wp-content\/uploads\/2026\/03\/Conference-a-la-Ferme-Saint-Simeon-Ferme-Saint-Simeon-800x600-1.jpg\" \/>\n\t<meta property=\"og:image:width\" content=\"800\" \/>\n\t<meta property=\"og:image:height\" content=\"600\" \/>\n\t<meta property=\"og:image:type\" content=\"image\/png\" \/>\n<meta name=\"author\" content=\"Phane\" \/>\n<meta name=\"twitter:card\" content=\"summary_large_image\" \/>\n<meta name=\"twitter:label1\" content=\"Written by\" \/>\n\t<meta name=\"twitter:data1\" content=\"Phane\" \/>\n\t<meta name=\"twitter:label2\" content=\"Est. reading time\" \/>\n\t<meta name=\"twitter:data2\" content=\"1 minute\" \/>\n<script type=\"application\/ld+json\" class=\"yoast-schema-graph\">{\"@context\":\"https:\/\/schema.org\",\"@graph\":[{\"@type\":[\"Article\",\"BlogPosting\"],\"@id\":\"https:\/\/voyagesimpressionnistes.com\/en\/seine-estuary\/conferences-sur-monet-a-la-ferme-saint-simeon\/#article\",\"isPartOf\":{\"@id\":\"https:\/\/voyagesimpressionnistes.com\/en\/seine-estuary\/conferences-sur-monet-a-la-ferme-saint-simeon\/\"},\"author\":{\"name\":\"Phane\",\"@id\":\"https:\/\/voyagesimpressionnistes.com\/en\/#\/schema\/person\/78c37c19aa7ae1bd6f4902f296c80e5f\"},\"headline\":\"Conf\u00e9rences sur Monet \u00e0 la Ferme Saint Sim\u00e9on\",\"datePublished\":\"2026-03-11T10:53:59+00:00\",\"dateModified\":\"2026-04-14T17:11:08+00:00\",\"mainEntityOfPage\":{\"@id\":\"https:\/\/voyagesimpressionnistes.com\/en\/seine-estuary\/conferences-sur-monet-a-la-ferme-saint-simeon\/\"},\"wordCount\":280,\"publisher\":{\"@id\":\"https:\/\/voyagesimpressionnistes.com\/en\/#organization\"},\"image\":{\"@id\":\"https:\/\/voyagesimpressionnistes.com\/en\/seine-estuary\/conferences-sur-monet-a-la-ferme-saint-simeon\/#primaryimage\"},\"thumbnailUrl\":\"https:\/\/voyagesimpressionnistes.com\/wp-content\/uploads\/2026\/03\/Conference-a-la-Ferme-Saint-Simeon-Ferme-Saint-Simeon-800x600-1.jpg\",\"keywords\":[\"Diary\"],\"articleSection\":[\"The Seine Estuary\"],\"inLanguage\":\"en-US\"},{\"@type\":\"WebPage\",\"@id\":\"https:\/\/voyagesimpressionnistes.com\/en\/seine-estuary\/conferences-sur-monet-a-la-ferme-saint-simeon\/\",\"url\":\"https:\/\/voyagesimpressionnistes.com\/en\/seine-estuary\/conferences-sur-monet-a-la-ferme-saint-simeon\/\",\"name\":\"Conf\u00e9rences sur Monet \u00e0 la Ferme Saint Sim\u00e9on - Impressionist adventures\",\"isPartOf\":{\"@id\":\"https:\/\/voyagesimpressionnistes.com\/en\/#website\"},\"primaryImageOfPage\":{\"@id\":\"https:\/\/voyagesimpressionnistes.com\/en\/seine-estuary\/conferences-sur-monet-a-la-ferme-saint-simeon\/#primaryimage\"},\"image\":{\"@id\":\"https:\/\/voyagesimpressionnistes.com\/en\/seine-estuary\/conferences-sur-monet-a-la-ferme-saint-simeon\/#primaryimage\"},\"thumbnailUrl\":\"https:\/\/voyagesimpressionnistes.com\/wp-content\/uploads\/2026\/03\/Conference-a-la-Ferme-Saint-Simeon-Ferme-Saint-Simeon-800x600-1.jpg\",\"datePublished\":\"2026-03-11T10:53:59+00:00\",\"dateModified\":\"2026-04-14T17:11:08+00:00\",\"description\":\"Participez \u00e0 une des conf\u00e9rences sur Monet organis\u00e9es \u00e0 la Ferme Saint Sim\u00e9on dans le cadre du centenaire de la disparition de Claude Monet.\",\"breadcrumb\":{\"@id\":\"https:\/\/voyagesimpressionnistes.com\/en\/seine-estuary\/conferences-sur-monet-a-la-ferme-saint-simeon\/#breadcrumb\"},\"inLanguage\":\"en-US\",\"potentialAction\":[{\"@type\":\"ReadAction\",\"target\":[\"https:\/\/voyagesimpressionnistes.com\/en\/seine-estuary\/conferences-sur-monet-a-la-ferme-saint-simeon\/\"]}]},{\"@type\":\"ImageObject\",\"inLanguage\":\"en-US\",\"@id\":\"https:\/\/voyagesimpressionnistes.com\/en\/seine-estuary\/conferences-sur-monet-a-la-ferme-saint-simeon\/#primaryimage\",\"url\":\"https:\/\/voyagesimpressionnistes.com\/wp-content\/uploads\/2026\/03\/Conference-a-la-Ferme-Saint-Simeon-Ferme-Saint-Simeon-800x600-1.jpg\",\"contentUrl\":\"https:\/\/voyagesimpressionnistes.com\/wp-content\/uploads\/2026\/03\/Conference-a-la-Ferme-Saint-Simeon-Ferme-Saint-Simeon-800x600-1.jpg\",\"width\":800,\"height\":600,\"caption\":\"Conf\u00e9rences sur Monet \u00e0 la Ferme Saint Sim\u00e9on pour le centenaire de la disparition de Claude Monet\"},{\"@type\":\"BreadcrumbList\",\"@id\":\"https:\/\/voyagesimpressionnistes.com\/en\/seine-estuary\/conferences-sur-monet-a-la-ferme-saint-simeon\/#breadcrumb\",\"itemListElement\":[{\"@type\":\"ListItem\",\"position\":1,\"name\":\"The Seine Estuary\",\"item\":\"https:\/\/voyagesimpressionnistes.com\/en\/seine-estuary\/\"},{\"@type\":\"ListItem\",\"position\":2,\"name\":\"Conf\u00e9rences sur Monet \u00e0 la Ferme Saint Sim\u00e9on\"}]},{\"@type\":\"WebSite\",\"@id\":\"https:\/\/voyagesimpressionnistes.com\/en\/#website\",\"url\":\"https:\/\/voyagesimpressionnistes.com\/en\/\",\"name\":\"Impressionist adventures\",\"description\":\"Inspiring moments\",\"publisher\":{\"@id\":\"https:\/\/voyagesimpressionnistes.com\/en\/#organization\"},\"potentialAction\":[{\"@type\":\"SearchAction\",\"target\":{\"@type\":\"EntryPoint\",\"urlTemplate\":\"https:\/\/voyagesimpressionnistes.com\/en\/?s={search_term_string}\"},\"query-input\":{\"@type\":\"PropertyValueSpecification\",\"valueRequired\":true,\"valueName\":\"search_term_string\"}}],\"inLanguage\":\"en-US\"},{\"@type\":\"Organization\",\"@id\":\"https:\/\/voyagesimpressionnistes.com\/en\/#organization\",\"name\":\"Voyages Impressionnistes\",\"url\":\"https:\/\/voyagesimpressionnistes.com\/en\/\",\"logo\":{\"@type\":\"ImageObject\",\"inLanguage\":\"en-US\",\"@id\":\"https:\/\/voyagesimpressionnistes.com\/en\/#\/schema\/logo\/image\/\",\"url\":\"https:\/\/voyagesimpressionnistes.com\/wp-content\/uploads\/2021\/06\/vi-logo-507x216-1.svg\",\"contentUrl\":\"https:\/\/voyagesimpressionnistes.com\/wp-content\/uploads\/2021\/06\/vi-logo-507x216-1.svg\",\"width\":507,\"height\":216,\"caption\":\"Voyages Impressionnistes\"},\"image\":{\"@id\":\"https:\/\/voyagesimpressionnistes.com\/en\/#\/schema\/logo\/image\/\"},\"sameAs\":[\"https:\/\/www.facebook.com\/LesVoyagesImpressionnistes\/\"]},{\"@type\":\"Person\",\"@id\":\"https:\/\/voyagesimpressionnistes.com\/en\/#\/schema\/person\/78c37c19aa7ae1bd6f4902f296c80e5f\",\"name\":\"Phane\",\"image\":{\"@type\":\"ImageObject\",\"inLanguage\":\"en-US\",\"@id\":\"https:\/\/voyagesimpressionnistes.com\/en\/#\/schema\/person\/image\/\",\"url\":\"https:\/\/secure.gravatar.com\/avatar\/ea705fa375f21b62a2facac16bc19ee8d664629e3399a374a188d355bc5d00b9?s=96&d=mm&r=g\",\"contentUrl\":\"https:\/\/secure.gravatar.com\/avatar\/ea705fa375f21b62a2facac16bc19ee8d664629e3399a374a188d355bc5d00b9?s=96&d=mm&r=g\",\"caption\":\"Phane\"}}]}<\/script>\n<!-- \/ Yoast SEO plugin. -->","yoast_head_json":{"title":"Conf\u00e9rences sur Monet \u00e0 la Ferme Saint Sim\u00e9on - Impressionist adventures","description":"Participez \u00e0 une des conf\u00e9rences sur Monet organis\u00e9es \u00e0 la Ferme Saint Sim\u00e9on dans le cadre du centenaire de la disparition de Claude Monet.","robots":{"index":"index","follow":"follow","max-snippet":"max-snippet:-1","max-image-preview":"max-image-preview:large","max-video-preview":"max-video-preview:-1"},"canonical":"https:\/\/voyagesimpressionnistes.com\/en\/seine-estuary\/conferences-sur-monet-a-la-ferme-saint-simeon\/","og_locale":"en_US","og_type":"article","og_title":"Conf\u00e9rences sur Monet \u00e0 la Ferme Saint Sim\u00e9on - Impressionist adventures","og_description":"Participez \u00e0 une des conf\u00e9rences sur Monet organis\u00e9es \u00e0 la Ferme Saint Sim\u00e9on dans le cadre du centenaire de la disparition de Claude Monet.","og_url":"https:\/\/voyagesimpressionnistes.com\/en\/seine-estuary\/conferences-sur-monet-a-la-ferme-saint-simeon\/","og_site_name":"Impressionist adventures","article_publisher":"https:\/\/www.facebook.com\/LesVoyagesImpressionnistes\/","article_published_time":"2026-03-11T10:53:59+00:00","article_modified_time":"2026-04-14T17:11:08+00:00","og_image":[{"width":800,"height":600,"url":"https:\/\/voyagesimpressionnistes.com\/wp-content\/uploads\/2026\/03\/Conference-a-la-Ferme-Saint-Simeon-Ferme-Saint-Simeon-800x600-1.jpg","type":"image\/png"}],"author":"Phane","twitter_card":"summary_large_image","twitter_misc":{"Written by":"Phane","Est. reading time":"1 minute"},"schema":{"@context":"https:\/\/schema.org","@graph":[{"@type":["Article","BlogPosting"],"@id":"https:\/\/voyagesimpressionnistes.com\/en\/seine-estuary\/conferences-sur-monet-a-la-ferme-saint-simeon\/#article","isPartOf":{"@id":"https:\/\/voyagesimpressionnistes.com\/en\/seine-estuary\/conferences-sur-monet-a-la-ferme-saint-simeon\/"},"author":{"name":"Phane","@id":"https:\/\/voyagesimpressionnistes.com\/en\/#\/schema\/person\/78c37c19aa7ae1bd6f4902f296c80e5f"},"headline":"Conf\u00e9rences sur Monet \u00e0 la Ferme Saint Sim\u00e9on","datePublished":"2026-03-11T10:53:59+00:00","dateModified":"2026-04-14T17:11:08+00:00","mainEntityOfPage":{"@id":"https:\/\/voyagesimpressionnistes.com\/en\/seine-estuary\/conferences-sur-monet-a-la-ferme-saint-simeon\/"},"wordCount":280,"publisher":{"@id":"https:\/\/voyagesimpressionnistes.com\/en\/#organization"},"image":{"@id":"https:\/\/voyagesimpressionnistes.com\/en\/seine-estuary\/conferences-sur-monet-a-la-ferme-saint-simeon\/#primaryimage"},"thumbnailUrl":"https:\/\/voyagesimpressionnistes.com\/wp-content\/uploads\/2026\/03\/Conference-a-la-Ferme-Saint-Simeon-Ferme-Saint-Simeon-800x600-1.jpg","keywords":["Diary"],"articleSection":["The Seine Estuary"],"inLanguage":"en-US"},{"@type":"WebPage","@id":"https:\/\/voyagesimpressionnistes.com\/en\/seine-estuary\/conferences-sur-monet-a-la-ferme-saint-simeon\/","url":"https:\/\/voyagesimpressionnistes.com\/en\/seine-estuary\/conferences-sur-monet-a-la-ferme-saint-simeon\/","name":"Conf\u00e9rences sur Monet \u00e0 la Ferme Saint Sim\u00e9on - Impressionist adventures","isPartOf":{"@id":"https:\/\/voyagesimpressionnistes.com\/en\/#website"},"primaryImageOfPage":{"@id":"https:\/\/voyagesimpressionnistes.com\/en\/seine-estuary\/conferences-sur-monet-a-la-ferme-saint-simeon\/#primaryimage"},"image":{"@id":"https:\/\/voyagesimpressionnistes.com\/en\/seine-estuary\/conferences-sur-monet-a-la-ferme-saint-simeon\/#primaryimage"},"thumbnailUrl":"https:\/\/voyagesimpressionnistes.com\/wp-content\/uploads\/2026\/03\/Conference-a-la-Ferme-Saint-Simeon-Ferme-Saint-Simeon-800x600-1.jpg","datePublished":"2026-03-11T10:53:59+00:00","dateModified":"2026-04-14T17:11:08+00:00","description":"Participez \u00e0 une des conf\u00e9rences sur Monet organis\u00e9es \u00e0 la Ferme Saint Sim\u00e9on dans le cadre du centenaire de la disparition de Claude Monet.","breadcrumb":{"@id":"https:\/\/voyagesimpressionnistes.com\/en\/seine-estuary\/conferences-sur-monet-a-la-ferme-saint-simeon\/#breadcrumb"},"inLanguage":"en-US","potentialAction":[{"@type":"ReadAction","target":["https:\/\/voyagesimpressionnistes.com\/en\/seine-estuary\/conferences-sur-monet-a-la-ferme-saint-simeon\/"]}]},{"@type":"ImageObject","inLanguage":"en-US","@id":"https:\/\/voyagesimpressionnistes.com\/en\/seine-estuary\/conferences-sur-monet-a-la-ferme-saint-simeon\/#primaryimage","url":"https:\/\/voyagesimpressionnistes.com\/wp-content\/uploads\/2026\/03\/Conference-a-la-Ferme-Saint-Simeon-Ferme-Saint-Simeon-800x600-1.jpg","contentUrl":"https:\/\/voyagesimpressionnistes.com\/wp-content\/uploads\/2026\/03\/Conference-a-la-Ferme-Saint-Simeon-Ferme-Saint-Simeon-800x600-1.jpg","width":800,"height":600,"caption":"Conf\u00e9rences sur Monet \u00e0 la Ferme Saint Sim\u00e9on pour le centenaire de la disparition de Claude Monet"},{"@type":"BreadcrumbList","@id":"https:\/\/voyagesimpressionnistes.com\/en\/seine-estuary\/conferences-sur-monet-a-la-ferme-saint-simeon\/#breadcrumb","itemListElement":[{"@type":"ListItem","position":1,"name":"The Seine Estuary","item":"https:\/\/voyagesimpressionnistes.com\/en\/seine-estuary\/"},{"@type":"ListItem","position":2,"name":"Conf\u00e9rences sur Monet \u00e0 la Ferme Saint Sim\u00e9on"}]},{"@type":"WebSite","@id":"https:\/\/voyagesimpressionnistes.com\/en\/#website","url":"https:\/\/voyagesimpressionnistes.com\/en\/","name":"Impressionist adventures","description":"Inspiring moments","publisher":{"@id":"https:\/\/voyagesimpressionnistes.com\/en\/#organization"},"potentialAction":[{"@type":"SearchAction","target":{"@type":"EntryPoint","urlTemplate":"https:\/\/voyagesimpressionnistes.com\/en\/?s={search_term_string}"},"query-input":{"@type":"PropertyValueSpecification","valueRequired":true,"valueName":"search_term_string"}}],"inLanguage":"en-US"},{"@type":"Organization","@id":"https:\/\/voyagesimpressionnistes.com\/en\/#organization","name":"Voyages Impressionnistes","url":"https:\/\/voyagesimpressionnistes.com\/en\/","logo":{"@type":"ImageObject","inLanguage":"en-US","@id":"https:\/\/voyagesimpressionnistes.com\/en\/#\/schema\/logo\/image\/","url":"https:\/\/voyagesimpressionnistes.com\/wp-content\/uploads\/2021\/06\/vi-logo-507x216-1.svg","contentUrl":"https:\/\/voyagesimpressionnistes.com\/wp-content\/uploads\/2021\/06\/vi-logo-507x216-1.svg","width":507,"height":216,"caption":"Voyages Impressionnistes"},"image":{"@id":"https:\/\/voyagesimpressionnistes.com\/en\/#\/schema\/logo\/image\/"},"sameAs":["https:\/\/www.facebook.com\/LesVoyagesImpressionnistes\/"]},{"@type":"Person","@id":"https:\/\/voyagesimpressionnistes.com\/en\/#\/schema\/person\/78c37c19aa7ae1bd6f4902f296c80e5f","name":"Phane","image":{"@type":"ImageObject","inLanguage":"en-US","@id":"https:\/\/voyagesimpressionnistes.com\/en\/#\/schema\/person\/image\/","url":"https:\/\/secure.gravatar.com\/avatar\/ea705fa375f21b62a2facac16bc19ee8d664629e3399a374a188d355bc5d00b9?s=96&d=mm&r=g","contentUrl":"https:\/\/secure.gravatar.com\/avatar\/ea705fa375f21b62a2facac16bc19ee8d664629e3399a374a188d355bc5d00b9?s=96&d=mm&r=g","caption":"Phane"}}]}},"jetpack_featured_media_url":"https:\/\/voyagesimpressionnistes.com\/wp-content\/uploads\/2026\/03\/Conference-a-la-Ferme-Saint-Simeon-Ferme-Saint-Simeon-800x600-1.jpg","jetpack_sharing_enabled":true,"_links":{"self":[{"href":"https:\/\/voyagesimpressionnistes.com\/en\/wp-json\/wp\/v2\/posts\/16291","targetHints":{"allow":["GET"]}}],"collection":[{"href":"https:\/\/voyagesimpressionnistes.com\/en\/wp-json\/wp\/v2\/posts"}],"about":[{"href":"https:\/\/voyagesimpressionnistes.com\/en\/wp-json\/wp\/v2\/types\/post"}],"author":[{"embeddable":true,"href":"https:\/\/voyagesimpressionnistes.com\/en\/wp-json\/wp\/v2\/users\/2"}],"replies":[{"embeddable":true,"href":"https:\/\/voyagesimpressionnistes.com\/en\/wp-json\/wp\/v2\/comments?post=16291"}],"version-history":[{"count":5,"href":"https:\/\/voyagesimpressionnistes.com\/en\/wp-json\/wp\/v2\/posts\/16291\/revisions"}],"predecessor-version":[{"id":16684,"href":"https:\/\/voyagesimpressionnistes.com\/en\/wp-json\/wp\/v2\/posts\/16291\/revisions\/16684"}],"wp:featuredmedia":[{"embeddable":true,"href":"https:\/\/voyagesimpressionnistes.com\/en\/wp-json\/wp\/v2\/media\/16288"}],"wp:attachment":[{"href":"https:\/\/voyagesimpressionnistes.com\/en\/wp-json\/wp\/v2\/media?parent=16291"}],"wp:term":[{"taxonomy":"category","embeddable":true,"href":"https:\/\/voyagesimpressionnistes.com\/en\/wp-json\/wp\/v2\/categories?post=16291"},{"taxonomy":"slider_une","embeddable":true,"href":"https:\/\/voyagesimpressionnistes.com\/en\/wp-json\/wp\/v2\/slider_une?post=16291"},{"taxonomy":"regions","embeddable":true,"href":"https:\/\/voyagesimpressionnistes.com\/en\/wp-json\/wp\/v2\/regions?post=16291"},{"taxonomy":"coups_coeur","embeddable":true,"href":"https:\/\/voyagesimpressionnistes.com\/en\/wp-json\/wp\/v2\/coups_coeur?post=16291"},{"taxonomy":"inspiration-type","embeddable":true,"href":"https:\/\/voyagesimpressionnistes.com\/en\/wp-json\/wp\/v2\/inspiration-type?post=16291"},{"taxonomy":"label","embeddable":true,"href":"https:\/\/voyagesimpressionnistes.com\/en\/wp-json\/wp\/v2\/label?post=16291"},{"taxonomy":"categories-agenda","embeddable":true,"href":"https:\/\/voyagesimpressionnistes.com\/en\/wp-json\/wp\/v2\/categories-agenda?post=16291"}],"curies":[{"name":"wp","href":"https:\/\/api.w.org\/{rel}","templated":true}]}}