{"id":16431,"date":"2026-04-01T11:51:52","date_gmt":"2026-04-01T09:51:52","guid":{"rendered":"https:\/\/voyagesimpressionnistes.com\/?p=16431"},"modified":"2026-04-14T16:05:50","modified_gmt":"2026-04-14T14:05:50","slug":"van-gogh-et-l-absinthe","status":"publish","type":"post","link":"https:\/\/voyagesimpressionnistes.com\/en\/auvers-oise-valley\/van-gogh-et-l-absinthe\/","title":{"rendered":"Van Gogh et l\u2019Absinthe"},"content":{"rendered":"<p>Le dimanche 12 avril 2026 \u00e0 16h, le <a href=\"https:\/\/voyagesimpressionnistes.com\/en\/auvers-oise-valley\/musee-de-l-absinthe\/\">Mus\u00e9e de l&#8217;Absinthe<\/a> \u00e0 Auvers-sur-Oise invite Wouter van der Veen \u00e0 donner la conf\u00e9rence <em>Van Gogh et l\u2019Absinthe<\/em>. En 1886, Vincent van Gogh d\u00e9couvre l\u2019absinthe. La f\u00e9e verte l\u2019accompagnera en Arles en 1888, muse et d\u00e9mon, jusqu\u2019\u00e0 l\u2019extr\u00eame limite de l\u2019irraison.<\/p>\n<p>Wouter van der Veen, grand sp\u00e9cialiste de Vincent van Gogh, est un chercheur ind\u00e9pendant, pr\u00e9sident de la Van Gogh Academy. Le Mus\u00e9e de l\u2019Absinthe ne pouvait pas r\u00eaver mieux que Wouter pour vous parler des liens \u00e9troits entre van Gogh et l\u2019absinthe.<\/p>\n<p>L\u2019int\u00e9gralit\u00e9 de la recette de la conf\u00e9rence sera revers\u00e9e \u00e0 La Ligue contre le cancer.<\/p>\n<p>Le bar du Mus\u00e9e &#8220;\u00c0 l\u2019Heure Verte&#8221; sera ouvert avant et apr\u00e8s la conf\u00e9rence.<\/p>\n<div class=\"fusion-button-wrapper\"><a class=\"fusion-button button-flat fusion-button-default-size button-default fusion-button-default button-1 fusion-button-default-span fusion-button-default-type\" target=\"_blank\" rel=\"noopener noreferrer\" href=\"https:\/\/www.helloasso.com\/associations\/compagnie-de-la-nuit-etoilee\/evenements\/conference-van-gogh-et-l-absinthe\"><span class=\"fusion-button-text awb-button__text awb-button__text--default\">R\u00e9servez votre billet<\/span><\/a><\/div>\n","protected":false},"excerpt":{"rendered":"<p>Le dimanche 12 avril 2026 \u00e0 16h, le Mus\u00e9e de  [&#8230;]<\/p>\n","protected":false},"author":2,"featured_media":16430,"comment_status":"closed","ping_status":"closed","sticky":false,"template":"","format":"standard","meta":{"_acf_changed":false,"inline_featured_image":false,"_jetpack_memberships_contains_paid_content":false,"footnotes":""},"categories":[80],"slider_une":[],"regions":[132],"coups_coeur":[],"inspiration-type":[],"label":[],"categories-agenda":[179],"class_list":["post-16431","post","type-post","status-publish","format-standard","has-post-thumbnail","hentry","category-auvers-oise-valley","tag-diary","regions-idf-en","categories-agenda-conference-en"],"acf":[],"yoast_head":"<!-- This site is optimized with the Yoast SEO plugin v26.3 - https:\/\/yoast.com\/wordpress\/plugins\/seo\/ -->\n<title>Van Gogh et l\u2019Absinthe - Impressionist adventures<\/title>\n<meta name=\"robots\" content=\"index, follow, max-snippet:-1, max-image-preview:large, max-video-preview:-1\" \/>\n<link rel=\"canonical\" href=\"https:\/\/voyagesimpressionnistes.com\/en\/auvers-oise-valley\/van-gogh-et-l-absinthe\/\" \/>\n<meta property=\"og:locale\" content=\"en_US\" \/>\n<meta property=\"og:type\" content=\"article\" \/>\n<meta property=\"og:title\" content=\"Van Gogh et l\u2019Absinthe - Impressionist adventures\" \/>\n<meta property=\"og:description\" content=\"Le dimanche 12 avril 2026 \u00e0 16h, le Mus\u00e9e de [...]\" \/>\n<meta property=\"og:url\" content=\"https:\/\/voyagesimpressionnistes.com\/en\/auvers-oise-valley\/van-gogh-et-l-absinthe\/\" \/>\n<meta property=\"og:site_name\" content=\"Impressionist adventures\" \/>\n<meta property=\"article:publisher\" content=\"https:\/\/www.facebook.com\/LesVoyagesImpressionnistes\/\" \/>\n<meta property=\"article:published_time\" content=\"2026-04-01T09:51:52+00:00\" \/>\n<meta property=\"article:modified_time\" content=\"2026-04-14T14:05:50+00:00\" \/>\n<meta property=\"og:image\" content=\"https:\/\/voyagesimpressionnistes.com\/wp-content\/uploads\/2026\/03\/38955112-diaporama.jpg\" \/>\n\t<meta property=\"og:image:width\" content=\"424\" \/>\n\t<meta property=\"og:image:height\" content=\"600\" \/>\n\t<meta property=\"og:image:type\" content=\"image\/jpeg\" \/>\n<meta name=\"author\" content=\"Phane\" \/>\n<meta name=\"twitter:card\" content=\"summary_large_image\" \/>\n<meta name=\"twitter:label1\" content=\"Written by\" \/>\n\t<meta name=\"twitter:data1\" content=\"Phane\" \/>\n\t<meta name=\"twitter:label2\" content=\"Est. reading time\" \/>\n\t<meta name=\"twitter:data2\" content=\"2 minutes\" \/>\n<script type=\"application\/ld+json\" class=\"yoast-schema-graph\">{\"@context\":\"https:\/\/schema.org\",\"@graph\":[{\"@type\":[\"Article\",\"BlogPosting\"],\"@id\":\"https:\/\/voyagesimpressionnistes.com\/en\/auvers-oise-valley\/van-gogh-et-l-absinthe\/#article\",\"isPartOf\":{\"@id\":\"https:\/\/voyagesimpressionnistes.com\/en\/auvers-oise-valley\/van-gogh-et-l-absinthe\/\"},\"author\":{\"name\":\"Phane\",\"@id\":\"https:\/\/voyagesimpressionnistes.com\/en\/#\/schema\/person\/78c37c19aa7ae1bd6f4902f296c80e5f\"},\"headline\":\"Van Gogh et l\u2019Absinthe\",\"datePublished\":\"2026-04-01T09:51:52+00:00\",\"dateModified\":\"2026-04-14T14:05:50+00:00\",\"mainEntityOfPage\":{\"@id\":\"https:\/\/voyagesimpressionnistes.com\/en\/auvers-oise-valley\/van-gogh-et-l-absinthe\/\"},\"wordCount\":331,\"publisher\":{\"@id\":\"https:\/\/voyagesimpressionnistes.com\/en\/#organization\"},\"image\":{\"@id\":\"https:\/\/voyagesimpressionnistes.com\/en\/auvers-oise-valley\/van-gogh-et-l-absinthe\/#primaryimage\"},\"thumbnailUrl\":\"https:\/\/voyagesimpressionnistes.com\/wp-content\/uploads\/2026\/03\/38955112-diaporama.jpg\",\"keywords\":[\"Diary\"],\"articleSection\":[\"Auvers &amp; the Oise valley\"],\"inLanguage\":\"en-US\"},{\"@type\":\"WebPage\",\"@id\":\"https:\/\/voyagesimpressionnistes.com\/en\/auvers-oise-valley\/van-gogh-et-l-absinthe\/\",\"url\":\"https:\/\/voyagesimpressionnistes.com\/en\/auvers-oise-valley\/van-gogh-et-l-absinthe\/\",\"name\":\"Van Gogh et l\u2019Absinthe - Impressionist adventures\",\"isPartOf\":{\"@id\":\"https:\/\/voyagesimpressionnistes.com\/en\/#website\"},\"primaryImageOfPage\":{\"@id\":\"https:\/\/voyagesimpressionnistes.com\/en\/auvers-oise-valley\/van-gogh-et-l-absinthe\/#primaryimage\"},\"image\":{\"@id\":\"https:\/\/voyagesimpressionnistes.com\/en\/auvers-oise-valley\/van-gogh-et-l-absinthe\/#primaryimage\"},\"thumbnailUrl\":\"https:\/\/voyagesimpressionnistes.com\/wp-content\/uploads\/2026\/03\/38955112-diaporama.jpg\",\"datePublished\":\"2026-04-01T09:51:52+00:00\",\"dateModified\":\"2026-04-14T14:05:50+00:00\",\"breadcrumb\":{\"@id\":\"https:\/\/voyagesimpressionnistes.com\/en\/auvers-oise-valley\/van-gogh-et-l-absinthe\/#breadcrumb\"},\"inLanguage\":\"en-US\",\"potentialAction\":[{\"@type\":\"ReadAction\",\"target\":[\"https:\/\/voyagesimpressionnistes.com\/en\/auvers-oise-valley\/van-gogh-et-l-absinthe\/\"]}]},{\"@type\":\"ImageObject\",\"inLanguage\":\"en-US\",\"@id\":\"https:\/\/voyagesimpressionnistes.com\/en\/auvers-oise-valley\/van-gogh-et-l-absinthe\/#primaryimage\",\"url\":\"https:\/\/voyagesimpressionnistes.com\/wp-content\/uploads\/2026\/03\/38955112-diaporama.jpg\",\"contentUrl\":\"https:\/\/voyagesimpressionnistes.com\/wp-content\/uploads\/2026\/03\/38955112-diaporama.jpg\",\"width\":424,\"height\":600,\"caption\":\"Van Gogh et l\u2019Absinthe : conf\u00e9rence de Wouter van der Veen au Mus\u00e9e de l'Absinthe (Auvers-sur-Oise)\"},{\"@type\":\"BreadcrumbList\",\"@id\":\"https:\/\/voyagesimpressionnistes.com\/en\/auvers-oise-valley\/van-gogh-et-l-absinthe\/#breadcrumb\",\"itemListElement\":[{\"@type\":\"ListItem\",\"position\":1,\"name\":\"Auvers &amp; the Oise valley\",\"item\":\"https:\/\/voyagesimpressionnistes.com\/en\/auvers-oise-valley\/\"},{\"@type\":\"ListItem\",\"position\":2,\"name\":\"Van Gogh et l\u2019Absinthe\"}]},{\"@type\":\"WebSite\",\"@id\":\"https:\/\/voyagesimpressionnistes.com\/en\/#website\",\"url\":\"https:\/\/voyagesimpressionnistes.com\/en\/\",\"name\":\"Impressionist adventures\",\"description\":\"Inspiring moments\",\"publisher\":{\"@id\":\"https:\/\/voyagesimpressionnistes.com\/en\/#organization\"},\"potentialAction\":[{\"@type\":\"SearchAction\",\"target\":{\"@type\":\"EntryPoint\",\"urlTemplate\":\"https:\/\/voyagesimpressionnistes.com\/en\/?s={search_term_string}\"},\"query-input\":{\"@type\":\"PropertyValueSpecification\",\"valueRequired\":true,\"valueName\":\"search_term_string\"}}],\"inLanguage\":\"en-US\"},{\"@type\":\"Organization\",\"@id\":\"https:\/\/voyagesimpressionnistes.com\/en\/#organization\",\"name\":\"Voyages Impressionnistes\",\"url\":\"https:\/\/voyagesimpressionnistes.com\/en\/\",\"logo\":{\"@type\":\"ImageObject\",\"inLanguage\":\"en-US\",\"@id\":\"https:\/\/voyagesimpressionnistes.com\/en\/#\/schema\/logo\/image\/\",\"url\":\"https:\/\/voyagesimpressionnistes.com\/wp-content\/uploads\/2021\/06\/vi-logo-507x216-1.svg\",\"contentUrl\":\"https:\/\/voyagesimpressionnistes.com\/wp-content\/uploads\/2021\/06\/vi-logo-507x216-1.svg\",\"width\":507,\"height\":216,\"caption\":\"Voyages Impressionnistes\"},\"image\":{\"@id\":\"https:\/\/voyagesimpressionnistes.com\/en\/#\/schema\/logo\/image\/\"},\"sameAs\":[\"https:\/\/www.facebook.com\/LesVoyagesImpressionnistes\/\"]},{\"@type\":\"Person\",\"@id\":\"https:\/\/voyagesimpressionnistes.com\/en\/#\/schema\/person\/78c37c19aa7ae1bd6f4902f296c80e5f\",\"name\":\"Phane\",\"image\":{\"@type\":\"ImageObject\",\"inLanguage\":\"en-US\",\"@id\":\"https:\/\/voyagesimpressionnistes.com\/en\/#\/schema\/person\/image\/\",\"url\":\"https:\/\/secure.gravatar.com\/avatar\/ea705fa375f21b62a2facac16bc19ee8d664629e3399a374a188d355bc5d00b9?s=96&d=mm&r=g\",\"contentUrl\":\"https:\/\/secure.gravatar.com\/avatar\/ea705fa375f21b62a2facac16bc19ee8d664629e3399a374a188d355bc5d00b9?s=96&d=mm&r=g\",\"caption\":\"Phane\"}}]}<\/script>\n<!-- \/ Yoast SEO plugin. -->","yoast_head_json":{"title":"Van Gogh et l\u2019Absinthe - Impressionist adventures","robots":{"index":"index","follow":"follow","max-snippet":"max-snippet:-1","max-image-preview":"max-image-preview:large","max-video-preview":"max-video-preview:-1"},"canonical":"https:\/\/voyagesimpressionnistes.com\/en\/auvers-oise-valley\/van-gogh-et-l-absinthe\/","og_locale":"en_US","og_type":"article","og_title":"Van Gogh et l\u2019Absinthe - Impressionist adventures","og_description":"Le dimanche 12 avril 2026 \u00e0 16h, le Mus\u00e9e de [...]","og_url":"https:\/\/voyagesimpressionnistes.com\/en\/auvers-oise-valley\/van-gogh-et-l-absinthe\/","og_site_name":"Impressionist adventures","article_publisher":"https:\/\/www.facebook.com\/LesVoyagesImpressionnistes\/","article_published_time":"2026-04-01T09:51:52+00:00","article_modified_time":"2026-04-14T14:05:50+00:00","og_image":[{"width":424,"height":600,"url":"https:\/\/voyagesimpressionnistes.com\/wp-content\/uploads\/2026\/03\/38955112-diaporama.jpg","type":"image\/jpeg"}],"author":"Phane","twitter_card":"summary_large_image","twitter_misc":{"Written by":"Phane","Est. reading time":"2 minutes"},"schema":{"@context":"https:\/\/schema.org","@graph":[{"@type":["Article","BlogPosting"],"@id":"https:\/\/voyagesimpressionnistes.com\/en\/auvers-oise-valley\/van-gogh-et-l-absinthe\/#article","isPartOf":{"@id":"https:\/\/voyagesimpressionnistes.com\/en\/auvers-oise-valley\/van-gogh-et-l-absinthe\/"},"author":{"name":"Phane","@id":"https:\/\/voyagesimpressionnistes.com\/en\/#\/schema\/person\/78c37c19aa7ae1bd6f4902f296c80e5f"},"headline":"Van Gogh et l\u2019Absinthe","datePublished":"2026-04-01T09:51:52+00:00","dateModified":"2026-04-14T14:05:50+00:00","mainEntityOfPage":{"@id":"https:\/\/voyagesimpressionnistes.com\/en\/auvers-oise-valley\/van-gogh-et-l-absinthe\/"},"wordCount":331,"publisher":{"@id":"https:\/\/voyagesimpressionnistes.com\/en\/#organization"},"image":{"@id":"https:\/\/voyagesimpressionnistes.com\/en\/auvers-oise-valley\/van-gogh-et-l-absinthe\/#primaryimage"},"thumbnailUrl":"https:\/\/voyagesimpressionnistes.com\/wp-content\/uploads\/2026\/03\/38955112-diaporama.jpg","keywords":["Diary"],"articleSection":["Auvers &amp; the Oise valley"],"inLanguage":"en-US"},{"@type":"WebPage","@id":"https:\/\/voyagesimpressionnistes.com\/en\/auvers-oise-valley\/van-gogh-et-l-absinthe\/","url":"https:\/\/voyagesimpressionnistes.com\/en\/auvers-oise-valley\/van-gogh-et-l-absinthe\/","name":"Van Gogh et l\u2019Absinthe - Impressionist adventures","isPartOf":{"@id":"https:\/\/voyagesimpressionnistes.com\/en\/#website"},"primaryImageOfPage":{"@id":"https:\/\/voyagesimpressionnistes.com\/en\/auvers-oise-valley\/van-gogh-et-l-absinthe\/#primaryimage"},"image":{"@id":"https:\/\/voyagesimpressionnistes.com\/en\/auvers-oise-valley\/van-gogh-et-l-absinthe\/#primaryimage"},"thumbnailUrl":"https:\/\/voyagesimpressionnistes.com\/wp-content\/uploads\/2026\/03\/38955112-diaporama.jpg","datePublished":"2026-04-01T09:51:52+00:00","dateModified":"2026-04-14T14:05:50+00:00","breadcrumb":{"@id":"https:\/\/voyagesimpressionnistes.com\/en\/auvers-oise-valley\/van-gogh-et-l-absinthe\/#breadcrumb"},"inLanguage":"en-US","potentialAction":[{"@type":"ReadAction","target":["https:\/\/voyagesimpressionnistes.com\/en\/auvers-oise-valley\/van-gogh-et-l-absinthe\/"]}]},{"@type":"ImageObject","inLanguage":"en-US","@id":"https:\/\/voyagesimpressionnistes.com\/en\/auvers-oise-valley\/van-gogh-et-l-absinthe\/#primaryimage","url":"https:\/\/voyagesimpressionnistes.com\/wp-content\/uploads\/2026\/03\/38955112-diaporama.jpg","contentUrl":"https:\/\/voyagesimpressionnistes.com\/wp-content\/uploads\/2026\/03\/38955112-diaporama.jpg","width":424,"height":600,"caption":"Van Gogh et l\u2019Absinthe : conf\u00e9rence de Wouter van der Veen au Mus\u00e9e de l'Absinthe (Auvers-sur-Oise)"},{"@type":"BreadcrumbList","@id":"https:\/\/voyagesimpressionnistes.com\/en\/auvers-oise-valley\/van-gogh-et-l-absinthe\/#breadcrumb","itemListElement":[{"@type":"ListItem","position":1,"name":"Auvers &amp; the Oise valley","item":"https:\/\/voyagesimpressionnistes.com\/en\/auvers-oise-valley\/"},{"@type":"ListItem","position":2,"name":"Van Gogh et l\u2019Absinthe"}]},{"@type":"WebSite","@id":"https:\/\/voyagesimpressionnistes.com\/en\/#website","url":"https:\/\/voyagesimpressionnistes.com\/en\/","name":"Impressionist adventures","description":"Inspiring moments","publisher":{"@id":"https:\/\/voyagesimpressionnistes.com\/en\/#organization"},"potentialAction":[{"@type":"SearchAction","target":{"@type":"EntryPoint","urlTemplate":"https:\/\/voyagesimpressionnistes.com\/en\/?s={search_term_string}"},"query-input":{"@type":"PropertyValueSpecification","valueRequired":true,"valueName":"search_term_string"}}],"inLanguage":"en-US"},{"@type":"Organization","@id":"https:\/\/voyagesimpressionnistes.com\/en\/#organization","name":"Voyages Impressionnistes","url":"https:\/\/voyagesimpressionnistes.com\/en\/","logo":{"@type":"ImageObject","inLanguage":"en-US","@id":"https:\/\/voyagesimpressionnistes.com\/en\/#\/schema\/logo\/image\/","url":"https:\/\/voyagesimpressionnistes.com\/wp-content\/uploads\/2021\/06\/vi-logo-507x216-1.svg","contentUrl":"https:\/\/voyagesimpressionnistes.com\/wp-content\/uploads\/2021\/06\/vi-logo-507x216-1.svg","width":507,"height":216,"caption":"Voyages Impressionnistes"},"image":{"@id":"https:\/\/voyagesimpressionnistes.com\/en\/#\/schema\/logo\/image\/"},"sameAs":["https:\/\/www.facebook.com\/LesVoyagesImpressionnistes\/"]},{"@type":"Person","@id":"https:\/\/voyagesimpressionnistes.com\/en\/#\/schema\/person\/78c37c19aa7ae1bd6f4902f296c80e5f","name":"Phane","image":{"@type":"ImageObject","inLanguage":"en-US","@id":"https:\/\/voyagesimpressionnistes.com\/en\/#\/schema\/person\/image\/","url":"https:\/\/secure.gravatar.com\/avatar\/ea705fa375f21b62a2facac16bc19ee8d664629e3399a374a188d355bc5d00b9?s=96&d=mm&r=g","contentUrl":"https:\/\/secure.gravatar.com\/avatar\/ea705fa375f21b62a2facac16bc19ee8d664629e3399a374a188d355bc5d00b9?s=96&d=mm&r=g","caption":"Phane"}}]}},"jetpack_featured_media_url":"https:\/\/voyagesimpressionnistes.com\/wp-content\/uploads\/2026\/03\/38955112-diaporama.jpg","jetpack_sharing_enabled":true,"_links":{"self":[{"href":"https:\/\/voyagesimpressionnistes.com\/en\/wp-json\/wp\/v2\/posts\/16431","targetHints":{"allow":["GET"]}}],"collection":[{"href":"https:\/\/voyagesimpressionnistes.com\/en\/wp-json\/wp\/v2\/posts"}],"about":[{"href":"https:\/\/voyagesimpressionnistes.com\/en\/wp-json\/wp\/v2\/types\/post"}],"author":[{"embeddable":true,"href":"https:\/\/voyagesimpressionnistes.com\/en\/wp-json\/wp\/v2\/users\/2"}],"replies":[{"embeddable":true,"href":"https:\/\/voyagesimpressionnistes.com\/en\/wp-json\/wp\/v2\/comments?post=16431"}],"version-history":[{"count":4,"href":"https:\/\/voyagesimpressionnistes.com\/en\/wp-json\/wp\/v2\/posts\/16431\/revisions"}],"predecessor-version":[{"id":16643,"href":"https:\/\/voyagesimpressionnistes.com\/en\/wp-json\/wp\/v2\/posts\/16431\/revisions\/16643"}],"wp:featuredmedia":[{"embeddable":true,"href":"https:\/\/voyagesimpressionnistes.com\/en\/wp-json\/wp\/v2\/media\/16430"}],"wp:attachment":[{"href":"https:\/\/voyagesimpressionnistes.com\/en\/wp-json\/wp\/v2\/media?parent=16431"}],"wp:term":[{"taxonomy":"category","embeddable":true,"href":"https:\/\/voyagesimpressionnistes.com\/en\/wp-json\/wp\/v2\/categories?post=16431"},{"taxonomy":"slider_une","embeddable":true,"href":"https:\/\/voyagesimpressionnistes.com\/en\/wp-json\/wp\/v2\/slider_une?post=16431"},{"taxonomy":"regions","embeddable":true,"href":"https:\/\/voyagesimpressionnistes.com\/en\/wp-json\/wp\/v2\/regions?post=16431"},{"taxonomy":"coups_coeur","embeddable":true,"href":"https:\/\/voyagesimpressionnistes.com\/en\/wp-json\/wp\/v2\/coups_coeur?post=16431"},{"taxonomy":"inspiration-type","embeddable":true,"href":"https:\/\/voyagesimpressionnistes.com\/en\/wp-json\/wp\/v2\/inspiration-type?post=16431"},{"taxonomy":"label","embeddable":true,"href":"https:\/\/voyagesimpressionnistes.com\/en\/wp-json\/wp\/v2\/label?post=16431"},{"taxonomy":"categories-agenda","embeddable":true,"href":"https:\/\/voyagesimpressionnistes.com\/en\/wp-json\/wp\/v2\/categories-agenda?post=16431"}],"curies":[{"name":"wp","href":"https:\/\/api.w.org\/{rel}","templated":true}]}}