{"id":16567,"date":"2026-04-01T15:06:52","date_gmt":"2026-04-01T13:06:52","guid":{"rendered":"https:\/\/voyagesimpressionnistes.com\/uncategorized\/sous-la-pluie-peindre-vivre-et-rever\/"},"modified":"2026-04-01T15:17:09","modified_gmt":"2026-04-01T13:17:09","slug":"sous-la-pluie-peindre-vivre-et-rever","status":"publish","type":"post","link":"https:\/\/voyagesimpressionnistes.com\/en\/rouen-the-seine-meanders\/sous-la-pluie-peindre-vivre-et-rever\/","title":{"rendered":"Sous la pluie, peindre, vivre et r\u00eaver"},"content":{"rendered":"<h2>Comment peindre ce qui n&#8217;a pas de forme ? comment rendre visible ce qui brouille le regard ?<\/h2>\n<p>Du 11 avril au 20 septembre 2026, le <a href=\"https:\/\/voyagesimpressionnistes.com\/en\/rouen-the-seine-meanders\/musee-des-beaux-arts-de-rouen\/\">mus\u00e9e des Beaux-Arts de Rouen<\/a> d\u00e9die une exposition d&#8217;envergure \u00e0 la pluie et son pouvoir d&#8217;\u00e9vocation, intitul\u00e9e <em>Sous la pluie, peindre, vivre et r\u00eaver<\/em>.<\/p>\n<p>La pluie, lorsqu&#8217;elle advient, transforme le paysage. Elle voile la lumi\u00e8re, brouille les limites de la terre et du ciel, recouvre toute surface, impr\u00e8gne l&#8217;air et la terre. Comment repr\u00e9senter cet \u00e9l\u00e9ment translucide et incolore qui voile le paysage et obscurcit l\u2019horizon ? Un magnifique d\u00e9fi pour des artistes en qu\u00eate de renouveau technique, artistique et esth\u00e9tique. \u00c0 travers 150 \u0153uvres magistrales, et en dialogue avec un volet scientifique au Pavillon des Transitions, la M\u00e9tropole Rouen Normandie vous invite \u00e0 une exploration sensible, de la fin de 18<sup>\u00e8me<\/sup> si\u00e8cle aux d\u00e9fis climatiques contemporains.<\/p>\n<p>Le parcours de l\u2019exposition du mus\u00e9e des Beaux-Arts de Rouen s\u2019organise en trois s\u00e9quences, chacune \u00e9clairant diff\u00e9rentes facettes de la pluie et de sa repr\u00e9sentation.<\/p>\n<p><strong>L&#8217;artiste face \u00e0 la pluie<\/strong><\/p>\n<p>Cette s\u00e9quence retrace l\u2019apparition progressive du motif pluvieux dans la peinture de paysage, l\u2019influence des estampes japonaise et l\u2019\u00e9veil d\u2019une sensibilit\u00e9 m\u00e9t\u00e9orologique du romantisme aux impressionnistes.<\/p>\n<p><strong>Vivre avec la pluie<\/strong><\/p>\n<p>Nous transporte au 19<sup>\u00e8me<\/sup> si\u00e8cle o\u00f9 parapluie et v\u00eatements imperm\u00e9ables transforment la vie urbaine. Les artistes saisissent alors de nouvelles attitudes, silhouettes et sc\u00e8nes de vie marqu\u00e9es par la modernit\u00e9 naissante.<\/p>\n<p><strong>La ville sous la pluie<\/strong><\/p>\n<p>Nous \u00e9merge dans un imaginaire moderne : reflets, miroitements, lumi\u00e8res et silhouettes mouvantes. Peintres et photographes y trouvent une mati\u00e8re propice \u00e0 traduire la fugacit\u00e9, la solitude, la po\u00e9sie urbaine.<\/p>\n<h3>Un week-end festif gratuit au mus\u00e9e des Beaux-Arts<\/h3>\n<p>Les 10, 11 et 12 avril 2026, un week-end o\u00f9 vous allez aimer la pluie ! Le mus\u00e9e des Beaux-Arts de Rouen c\u00e9l\u00e8bre l\u2019ouverture de <em>Sous la pluie, peindre, vivre et r\u00eaver<\/em> lors d\u2019un week-end festif et enti\u00e8rement gratuit : les Rendez-vous sous la pluie imagin\u00e9s par l\u2019\u00e9crivain Mathieu Simonet, les lectures de Jeane Herrington, une d\u00e9ambulation par la Cie Patrouilles de Parapluies \u00e0 d\u00e9couvrir sur le parvis du mus\u00e9e mais aussi concert, blindtest, visites guid\u00e9es de l\u2019exposition et ateliers. R\u00e9sultat : un d\u00e9luge d\u2019animations pour un week-end \u00e0 l\u2019abri de l\u2019ennui.<\/p>\n","protected":false},"excerpt":{"rendered":"<p>Comment peindre ce qui n&#8217;a pas de forme ? comment  [&#8230;]<\/p>\n","protected":false},"author":2,"featured_media":16564,"comment_status":"closed","ping_status":"closed","sticky":false,"template":"","format":"standard","meta":{"_acf_changed":false,"inline_featured_image":false,"_jetpack_memberships_contains_paid_content":false,"footnotes":""},"categories":[88],"slider_une":[],"regions":[133],"coups_coeur":[146],"inspiration-type":[],"label":[],"categories-agenda":[172],"class_list":["post-16567","post","type-post","status-publish","format-standard","has-post-thumbnail","hentry","category-rouen-the-seine-meanders","tag-diary","regions-normandy","coups_coeur-grille-agenda-selection","categories-agenda-exhibition"],"acf":[],"yoast_head":"<!-- This site is optimized with the Yoast SEO plugin v26.3 - https:\/\/yoast.com\/wordpress\/plugins\/seo\/ -->\n<title>Sous la pluie, peindre, vivre et r\u00eaver - Impressionist adventures<\/title>\n<meta name=\"robots\" content=\"index, follow, max-snippet:-1, max-image-preview:large, max-video-preview:-1\" \/>\n<link rel=\"canonical\" href=\"https:\/\/voyagesimpressionnistes.com\/en\/rouen-the-seine-meanders\/sous-la-pluie-peindre-vivre-et-rever\/\" \/>\n<meta property=\"og:locale\" content=\"en_US\" \/>\n<meta property=\"og:type\" content=\"article\" \/>\n<meta property=\"og:title\" content=\"Sous la pluie, peindre, vivre et r\u00eaver - Impressionist adventures\" \/>\n<meta property=\"og:description\" content=\"Comment peindre ce qui n&#8217;a pas de forme ? comment [...]\" \/>\n<meta property=\"og:url\" content=\"https:\/\/voyagesimpressionnistes.com\/en\/rouen-the-seine-meanders\/sous-la-pluie-peindre-vivre-et-rever\/\" \/>\n<meta property=\"og:site_name\" content=\"Impressionist adventures\" \/>\n<meta property=\"article:publisher\" content=\"https:\/\/www.facebook.com\/LesVoyagesImpressionnistes\/\" \/>\n<meta property=\"article:published_time\" content=\"2026-04-01T13:06:52+00:00\" \/>\n<meta property=\"article:modified_time\" content=\"2026-04-01T13:17:09+00:00\" \/>\n<meta property=\"og:image\" content=\"https:\/\/voyagesimpressionnistes.com\/wp-content\/uploads\/2026\/04\/sous-la-pluie-mbarouen.jpg\" \/>\n\t<meta property=\"og:image:width\" content=\"450\" \/>\n\t<meta property=\"og:image:height\" content=\"656\" \/>\n\t<meta property=\"og:image:type\" content=\"image\/jpeg\" \/>\n<meta name=\"author\" content=\"Phane\" \/>\n<meta name=\"twitter:card\" content=\"summary_large_image\" \/>\n<meta name=\"twitter:label1\" content=\"Written by\" \/>\n\t<meta name=\"twitter:data1\" content=\"Phane\" \/>\n\t<meta name=\"twitter:label2\" content=\"Est. reading time\" \/>\n\t<meta name=\"twitter:data2\" content=\"2 minutes\" \/>\n<script type=\"application\/ld+json\" class=\"yoast-schema-graph\">{\"@context\":\"https:\/\/schema.org\",\"@graph\":[{\"@type\":[\"Article\",\"BlogPosting\"],\"@id\":\"https:\/\/voyagesimpressionnistes.com\/en\/rouen-the-seine-meanders\/sous-la-pluie-peindre-vivre-et-rever\/#article\",\"isPartOf\":{\"@id\":\"https:\/\/voyagesimpressionnistes.com\/en\/rouen-the-seine-meanders\/sous-la-pluie-peindre-vivre-et-rever\/\"},\"author\":{\"name\":\"Phane\",\"@id\":\"https:\/\/voyagesimpressionnistes.com\/en\/#\/schema\/person\/78c37c19aa7ae1bd6f4902f296c80e5f\"},\"headline\":\"Sous la pluie, peindre, vivre et r\u00eaver\",\"datePublished\":\"2026-04-01T13:06:52+00:00\",\"dateModified\":\"2026-04-01T13:17:09+00:00\",\"mainEntityOfPage\":{\"@id\":\"https:\/\/voyagesimpressionnistes.com\/en\/rouen-the-seine-meanders\/sous-la-pluie-peindre-vivre-et-rever\/\"},\"wordCount\":417,\"publisher\":{\"@id\":\"https:\/\/voyagesimpressionnistes.com\/en\/#organization\"},\"image\":{\"@id\":\"https:\/\/voyagesimpressionnistes.com\/en\/rouen-the-seine-meanders\/sous-la-pluie-peindre-vivre-et-rever\/#primaryimage\"},\"thumbnailUrl\":\"https:\/\/voyagesimpressionnistes.com\/wp-content\/uploads\/2026\/04\/sous-la-pluie-mbarouen.jpg\",\"keywords\":[\"Diary\"],\"articleSection\":[\"Rouen &amp; the Seine\u2019s meanders\"],\"inLanguage\":\"en-US\"},{\"@type\":\"WebPage\",\"@id\":\"https:\/\/voyagesimpressionnistes.com\/en\/rouen-the-seine-meanders\/sous-la-pluie-peindre-vivre-et-rever\/\",\"url\":\"https:\/\/voyagesimpressionnistes.com\/en\/rouen-the-seine-meanders\/sous-la-pluie-peindre-vivre-et-rever\/\",\"name\":\"Sous la pluie, peindre, vivre et r\u00eaver - Impressionist adventures\",\"isPartOf\":{\"@id\":\"https:\/\/voyagesimpressionnistes.com\/en\/#website\"},\"primaryImageOfPage\":{\"@id\":\"https:\/\/voyagesimpressionnistes.com\/en\/rouen-the-seine-meanders\/sous-la-pluie-peindre-vivre-et-rever\/#primaryimage\"},\"image\":{\"@id\":\"https:\/\/voyagesimpressionnistes.com\/en\/rouen-the-seine-meanders\/sous-la-pluie-peindre-vivre-et-rever\/#primaryimage\"},\"thumbnailUrl\":\"https:\/\/voyagesimpressionnistes.com\/wp-content\/uploads\/2026\/04\/sous-la-pluie-mbarouen.jpg\",\"datePublished\":\"2026-04-01T13:06:52+00:00\",\"dateModified\":\"2026-04-01T13:17:09+00:00\",\"breadcrumb\":{\"@id\":\"https:\/\/voyagesimpressionnistes.com\/en\/rouen-the-seine-meanders\/sous-la-pluie-peindre-vivre-et-rever\/#breadcrumb\"},\"inLanguage\":\"en-US\",\"potentialAction\":[{\"@type\":\"ReadAction\",\"target\":[\"https:\/\/voyagesimpressionnistes.com\/en\/rouen-the-seine-meanders\/sous-la-pluie-peindre-vivre-et-rever\/\"]}]},{\"@type\":\"ImageObject\",\"inLanguage\":\"en-US\",\"@id\":\"https:\/\/voyagesimpressionnistes.com\/en\/rouen-the-seine-meanders\/sous-la-pluie-peindre-vivre-et-rever\/#primaryimage\",\"url\":\"https:\/\/voyagesimpressionnistes.com\/wp-content\/uploads\/2026\/04\/sous-la-pluie-mbarouen.jpg\",\"contentUrl\":\"https:\/\/voyagesimpressionnistes.com\/wp-content\/uploads\/2026\/04\/sous-la-pluie-mbarouen.jpg\",\"width\":450,\"height\":656,\"caption\":\"Sous la pluie, peindre, vivre et r\u00eaver : affiche de l'exposition au Mus\u00e9e des Beaux-Arts de Rouen\"},{\"@type\":\"BreadcrumbList\",\"@id\":\"https:\/\/voyagesimpressionnistes.com\/en\/rouen-the-seine-meanders\/sous-la-pluie-peindre-vivre-et-rever\/#breadcrumb\",\"itemListElement\":[{\"@type\":\"ListItem\",\"position\":1,\"name\":\"Rouen &amp; the Seine\u2019s meanders\",\"item\":\"https:\/\/voyagesimpressionnistes.com\/en\/rouen-the-seine-meanders\/\"},{\"@type\":\"ListItem\",\"position\":2,\"name\":\"Sous la pluie, peindre, vivre et r\u00eaver\"}]},{\"@type\":\"WebSite\",\"@id\":\"https:\/\/voyagesimpressionnistes.com\/en\/#website\",\"url\":\"https:\/\/voyagesimpressionnistes.com\/en\/\",\"name\":\"Impressionist adventures\",\"description\":\"Inspiring moments\",\"publisher\":{\"@id\":\"https:\/\/voyagesimpressionnistes.com\/en\/#organization\"},\"potentialAction\":[{\"@type\":\"SearchAction\",\"target\":{\"@type\":\"EntryPoint\",\"urlTemplate\":\"https:\/\/voyagesimpressionnistes.com\/en\/?s={search_term_string}\"},\"query-input\":{\"@type\":\"PropertyValueSpecification\",\"valueRequired\":true,\"valueName\":\"search_term_string\"}}],\"inLanguage\":\"en-US\"},{\"@type\":\"Organization\",\"@id\":\"https:\/\/voyagesimpressionnistes.com\/en\/#organization\",\"name\":\"Voyages Impressionnistes\",\"url\":\"https:\/\/voyagesimpressionnistes.com\/en\/\",\"logo\":{\"@type\":\"ImageObject\",\"inLanguage\":\"en-US\",\"@id\":\"https:\/\/voyagesimpressionnistes.com\/en\/#\/schema\/logo\/image\/\",\"url\":\"https:\/\/voyagesimpressionnistes.com\/wp-content\/uploads\/2021\/06\/vi-logo-507x216-1.svg\",\"contentUrl\":\"https:\/\/voyagesimpressionnistes.com\/wp-content\/uploads\/2021\/06\/vi-logo-507x216-1.svg\",\"width\":507,\"height\":216,\"caption\":\"Voyages Impressionnistes\"},\"image\":{\"@id\":\"https:\/\/voyagesimpressionnistes.com\/en\/#\/schema\/logo\/image\/\"},\"sameAs\":[\"https:\/\/www.facebook.com\/LesVoyagesImpressionnistes\/\"]},{\"@type\":\"Person\",\"@id\":\"https:\/\/voyagesimpressionnistes.com\/en\/#\/schema\/person\/78c37c19aa7ae1bd6f4902f296c80e5f\",\"name\":\"Phane\",\"image\":{\"@type\":\"ImageObject\",\"inLanguage\":\"en-US\",\"@id\":\"https:\/\/voyagesimpressionnistes.com\/en\/#\/schema\/person\/image\/\",\"url\":\"https:\/\/secure.gravatar.com\/avatar\/ea705fa375f21b62a2facac16bc19ee8d664629e3399a374a188d355bc5d00b9?s=96&d=mm&r=g\",\"contentUrl\":\"https:\/\/secure.gravatar.com\/avatar\/ea705fa375f21b62a2facac16bc19ee8d664629e3399a374a188d355bc5d00b9?s=96&d=mm&r=g\",\"caption\":\"Phane\"}}]}<\/script>\n<!-- \/ Yoast SEO plugin. -->","yoast_head_json":{"title":"Sous la pluie, peindre, vivre et r\u00eaver - Impressionist adventures","robots":{"index":"index","follow":"follow","max-snippet":"max-snippet:-1","max-image-preview":"max-image-preview:large","max-video-preview":"max-video-preview:-1"},"canonical":"https:\/\/voyagesimpressionnistes.com\/en\/rouen-the-seine-meanders\/sous-la-pluie-peindre-vivre-et-rever\/","og_locale":"en_US","og_type":"article","og_title":"Sous la pluie, peindre, vivre et r\u00eaver - Impressionist adventures","og_description":"Comment peindre ce qui n&#8217;a pas de forme ? comment [...]","og_url":"https:\/\/voyagesimpressionnistes.com\/en\/rouen-the-seine-meanders\/sous-la-pluie-peindre-vivre-et-rever\/","og_site_name":"Impressionist adventures","article_publisher":"https:\/\/www.facebook.com\/LesVoyagesImpressionnistes\/","article_published_time":"2026-04-01T13:06:52+00:00","article_modified_time":"2026-04-01T13:17:09+00:00","og_image":[{"width":450,"height":656,"url":"https:\/\/voyagesimpressionnistes.com\/wp-content\/uploads\/2026\/04\/sous-la-pluie-mbarouen.jpg","type":"image\/jpeg"}],"author":"Phane","twitter_card":"summary_large_image","twitter_misc":{"Written by":"Phane","Est. reading time":"2 minutes"},"schema":{"@context":"https:\/\/schema.org","@graph":[{"@type":["Article","BlogPosting"],"@id":"https:\/\/voyagesimpressionnistes.com\/en\/rouen-the-seine-meanders\/sous-la-pluie-peindre-vivre-et-rever\/#article","isPartOf":{"@id":"https:\/\/voyagesimpressionnistes.com\/en\/rouen-the-seine-meanders\/sous-la-pluie-peindre-vivre-et-rever\/"},"author":{"name":"Phane","@id":"https:\/\/voyagesimpressionnistes.com\/en\/#\/schema\/person\/78c37c19aa7ae1bd6f4902f296c80e5f"},"headline":"Sous la pluie, peindre, vivre et r\u00eaver","datePublished":"2026-04-01T13:06:52+00:00","dateModified":"2026-04-01T13:17:09+00:00","mainEntityOfPage":{"@id":"https:\/\/voyagesimpressionnistes.com\/en\/rouen-the-seine-meanders\/sous-la-pluie-peindre-vivre-et-rever\/"},"wordCount":417,"publisher":{"@id":"https:\/\/voyagesimpressionnistes.com\/en\/#organization"},"image":{"@id":"https:\/\/voyagesimpressionnistes.com\/en\/rouen-the-seine-meanders\/sous-la-pluie-peindre-vivre-et-rever\/#primaryimage"},"thumbnailUrl":"https:\/\/voyagesimpressionnistes.com\/wp-content\/uploads\/2026\/04\/sous-la-pluie-mbarouen.jpg","keywords":["Diary"],"articleSection":["Rouen &amp; the Seine\u2019s meanders"],"inLanguage":"en-US"},{"@type":"WebPage","@id":"https:\/\/voyagesimpressionnistes.com\/en\/rouen-the-seine-meanders\/sous-la-pluie-peindre-vivre-et-rever\/","url":"https:\/\/voyagesimpressionnistes.com\/en\/rouen-the-seine-meanders\/sous-la-pluie-peindre-vivre-et-rever\/","name":"Sous la pluie, peindre, vivre et r\u00eaver - Impressionist adventures","isPartOf":{"@id":"https:\/\/voyagesimpressionnistes.com\/en\/#website"},"primaryImageOfPage":{"@id":"https:\/\/voyagesimpressionnistes.com\/en\/rouen-the-seine-meanders\/sous-la-pluie-peindre-vivre-et-rever\/#primaryimage"},"image":{"@id":"https:\/\/voyagesimpressionnistes.com\/en\/rouen-the-seine-meanders\/sous-la-pluie-peindre-vivre-et-rever\/#primaryimage"},"thumbnailUrl":"https:\/\/voyagesimpressionnistes.com\/wp-content\/uploads\/2026\/04\/sous-la-pluie-mbarouen.jpg","datePublished":"2026-04-01T13:06:52+00:00","dateModified":"2026-04-01T13:17:09+00:00","breadcrumb":{"@id":"https:\/\/voyagesimpressionnistes.com\/en\/rouen-the-seine-meanders\/sous-la-pluie-peindre-vivre-et-rever\/#breadcrumb"},"inLanguage":"en-US","potentialAction":[{"@type":"ReadAction","target":["https:\/\/voyagesimpressionnistes.com\/en\/rouen-the-seine-meanders\/sous-la-pluie-peindre-vivre-et-rever\/"]}]},{"@type":"ImageObject","inLanguage":"en-US","@id":"https:\/\/voyagesimpressionnistes.com\/en\/rouen-the-seine-meanders\/sous-la-pluie-peindre-vivre-et-rever\/#primaryimage","url":"https:\/\/voyagesimpressionnistes.com\/wp-content\/uploads\/2026\/04\/sous-la-pluie-mbarouen.jpg","contentUrl":"https:\/\/voyagesimpressionnistes.com\/wp-content\/uploads\/2026\/04\/sous-la-pluie-mbarouen.jpg","width":450,"height":656,"caption":"Sous la pluie, peindre, vivre et r\u00eaver : affiche de l'exposition au Mus\u00e9e des Beaux-Arts de Rouen"},{"@type":"BreadcrumbList","@id":"https:\/\/voyagesimpressionnistes.com\/en\/rouen-the-seine-meanders\/sous-la-pluie-peindre-vivre-et-rever\/#breadcrumb","itemListElement":[{"@type":"ListItem","position":1,"name":"Rouen &amp; the Seine\u2019s meanders","item":"https:\/\/voyagesimpressionnistes.com\/en\/rouen-the-seine-meanders\/"},{"@type":"ListItem","position":2,"name":"Sous la pluie, peindre, vivre et r\u00eaver"}]},{"@type":"WebSite","@id":"https:\/\/voyagesimpressionnistes.com\/en\/#website","url":"https:\/\/voyagesimpressionnistes.com\/en\/","name":"Impressionist adventures","description":"Inspiring moments","publisher":{"@id":"https:\/\/voyagesimpressionnistes.com\/en\/#organization"},"potentialAction":[{"@type":"SearchAction","target":{"@type":"EntryPoint","urlTemplate":"https:\/\/voyagesimpressionnistes.com\/en\/?s={search_term_string}"},"query-input":{"@type":"PropertyValueSpecification","valueRequired":true,"valueName":"search_term_string"}}],"inLanguage":"en-US"},{"@type":"Organization","@id":"https:\/\/voyagesimpressionnistes.com\/en\/#organization","name":"Voyages Impressionnistes","url":"https:\/\/voyagesimpressionnistes.com\/en\/","logo":{"@type":"ImageObject","inLanguage":"en-US","@id":"https:\/\/voyagesimpressionnistes.com\/en\/#\/schema\/logo\/image\/","url":"https:\/\/voyagesimpressionnistes.com\/wp-content\/uploads\/2021\/06\/vi-logo-507x216-1.svg","contentUrl":"https:\/\/voyagesimpressionnistes.com\/wp-content\/uploads\/2021\/06\/vi-logo-507x216-1.svg","width":507,"height":216,"caption":"Voyages Impressionnistes"},"image":{"@id":"https:\/\/voyagesimpressionnistes.com\/en\/#\/schema\/logo\/image\/"},"sameAs":["https:\/\/www.facebook.com\/LesVoyagesImpressionnistes\/"]},{"@type":"Person","@id":"https:\/\/voyagesimpressionnistes.com\/en\/#\/schema\/person\/78c37c19aa7ae1bd6f4902f296c80e5f","name":"Phane","image":{"@type":"ImageObject","inLanguage":"en-US","@id":"https:\/\/voyagesimpressionnistes.com\/en\/#\/schema\/person\/image\/","url":"https:\/\/secure.gravatar.com\/avatar\/ea705fa375f21b62a2facac16bc19ee8d664629e3399a374a188d355bc5d00b9?s=96&d=mm&r=g","contentUrl":"https:\/\/secure.gravatar.com\/avatar\/ea705fa375f21b62a2facac16bc19ee8d664629e3399a374a188d355bc5d00b9?s=96&d=mm&r=g","caption":"Phane"}}]}},"jetpack_featured_media_url":"https:\/\/voyagesimpressionnistes.com\/wp-content\/uploads\/2026\/04\/sous-la-pluie-mbarouen.jpg","jetpack_sharing_enabled":true,"_links":{"self":[{"href":"https:\/\/voyagesimpressionnistes.com\/en\/wp-json\/wp\/v2\/posts\/16567","targetHints":{"allow":["GET"]}}],"collection":[{"href":"https:\/\/voyagesimpressionnistes.com\/en\/wp-json\/wp\/v2\/posts"}],"about":[{"href":"https:\/\/voyagesimpressionnistes.com\/en\/wp-json\/wp\/v2\/types\/post"}],"author":[{"embeddable":true,"href":"https:\/\/voyagesimpressionnistes.com\/en\/wp-json\/wp\/v2\/users\/2"}],"replies":[{"embeddable":true,"href":"https:\/\/voyagesimpressionnistes.com\/en\/wp-json\/wp\/v2\/comments?post=16567"}],"version-history":[{"count":1,"href":"https:\/\/voyagesimpressionnistes.com\/en\/wp-json\/wp\/v2\/posts\/16567\/revisions"}],"predecessor-version":[{"id":16569,"href":"https:\/\/voyagesimpressionnistes.com\/en\/wp-json\/wp\/v2\/posts\/16567\/revisions\/16569"}],"wp:featuredmedia":[{"embeddable":true,"href":"https:\/\/voyagesimpressionnistes.com\/en\/wp-json\/wp\/v2\/media\/16564"}],"wp:attachment":[{"href":"https:\/\/voyagesimpressionnistes.com\/en\/wp-json\/wp\/v2\/media?parent=16567"}],"wp:term":[{"taxonomy":"category","embeddable":true,"href":"https:\/\/voyagesimpressionnistes.com\/en\/wp-json\/wp\/v2\/categories?post=16567"},{"taxonomy":"slider_une","embeddable":true,"href":"https:\/\/voyagesimpressionnistes.com\/en\/wp-json\/wp\/v2\/slider_une?post=16567"},{"taxonomy":"regions","embeddable":true,"href":"https:\/\/voyagesimpressionnistes.com\/en\/wp-json\/wp\/v2\/regions?post=16567"},{"taxonomy":"coups_coeur","embeddable":true,"href":"https:\/\/voyagesimpressionnistes.com\/en\/wp-json\/wp\/v2\/coups_coeur?post=16567"},{"taxonomy":"inspiration-type","embeddable":true,"href":"https:\/\/voyagesimpressionnistes.com\/en\/wp-json\/wp\/v2\/inspiration-type?post=16567"},{"taxonomy":"label","embeddable":true,"href":"https:\/\/voyagesimpressionnistes.com\/en\/wp-json\/wp\/v2\/label?post=16567"},{"taxonomy":"categories-agenda","embeddable":true,"href":"https:\/\/voyagesimpressionnistes.com\/en\/wp-json\/wp\/v2\/categories-agenda?post=16567"}],"curies":[{"name":"wp","href":"https:\/\/api.w.org\/{rel}","templated":true}]}}