{"id":16715,"date":"2026-04-17T12:44:11","date_gmt":"2026-04-17T10:44:11","guid":{"rendered":"https:\/\/voyagesimpressionnistes.com\/?p=16715"},"modified":"2026-04-28T17:40:57","modified_gmt":"2026-04-28T15:40:57","slug":"lionel-sabatte-memoire-de-limon-hommage-a-claude-monet","status":"publish","type":"post","link":"https:\/\/voyagesimpressionnistes.com\/en\/giverny-its-surroundings\/lionel-sabatte-memoire-de-limon-hommage-a-claude-monet\/","title":{"rendered":"Lionel Sabatt\u00e9 : M\u00e9moire de limon, hommage \u00e0 Claude Monet"},"content":{"rendered":"<p>Dans le cadre du <a href=\"https:\/\/voyagesimpressionnistes.com\/en\/all-areas\/centenary-of-claude-monets-passing\/\">centenaire de la mort de Claude Monet<\/a> et du <a href=\"https:\/\/voyagesimpressionnistes.com\/en\/normandy\/normandy-impressionist-festival-2026\/\">Festival Normandie Impressionniste 2026<\/a>, le <a href=\"https:\/\/voyagesimpressionnistes.com\/en\/giverny-its-surroundings\/musee-blanche-hoschede-monet-vernon\/\">Mus\u00e9e Blanche Hosched\u00e9-Monet<\/a> de Vernon propose une exposition du plasticien Lionel Sabatt\u00e9, artiste pr\u00e9sent dans les collections du mus\u00e9e, intitul\u00e9e <em>M\u00e9moire de limon, hommage \u00e0 Claude Monet<\/em>.<\/p>\n<p>Figure singuli\u00e8re de la sc\u00e8ne artistique contemporaine, nomm\u00e9 pour le prix Marcel Duchamp 2025, Lionel Sabatt\u00e9 d\u00e9veloppe une \u0153uvre qui en appelle \u00e0 toutes sortes de mat\u00e9riaux organiques charg\u00e9s des traces du temps.<\/p>\n<p>L\u2019artiste s\u2019est ainsi saisi de l\u2019occasion du curage du bassin aux nymph\u00e9as pour en r\u00e9cup\u00e9rer le limon, le laisser s\u00e9cher et s\u2019en servir de pigment r\u00e9v\u00e9lateur d\u2019images s\u00e9rigraphiques r\u00e9alis\u00e9es d\u2019apr\u00e8s des photographies d\u2019archives et d\u2019actualit\u00e9. Immersion dans le monde m\u00e9moriel et prospectif des jardins d\u2019eau et de fleurs cr\u00e9\u00e9s \u00e0 <a href=\"https:\/\/voyagesimpressionnistes.com\/en\/giverny-its-surroundings\/maison-et-jardins-de-claude-monet\/\">Giverny<\/a> par Monet.<\/p>\n<p>L&#8217;exposition <em>Lionel Sabatt\u00e9 : M\u00e9moire de limon, hommage \u00e0 Claude Monet<\/em> sera inaugur\u00e9e le samedi 16 mai \u00e0 18h.<\/p>\n","protected":false},"excerpt":{"rendered":"<p>Dans le cadre du centenaire de la mort de Claude  [&#8230;]<\/p>\n","protected":false},"author":2,"featured_media":16874,"comment_status":"closed","ping_status":"closed","sticky":false,"template":"","format":"standard","meta":{"_acf_changed":false,"inline_featured_image":false,"_jetpack_memberships_contains_paid_content":false,"footnotes":""},"categories":[83],"slider_une":[],"regions":[133],"coups_coeur":[146],"inspiration-type":[],"label":[183,143],"categories-agenda":[175],"class_list":["post-16715","post","type-post","status-publish","format-standard","has-post-thumbnail","hentry","category-giverny-its-surroundings","tag-diary","regions-normandy","coups_coeur-grille-agenda-selection","label-monet-centenary","label-normandie-impressionniste-en","categories-agenda-contemporary-art-contemporain"],"acf":[],"yoast_head":"<!-- This site is optimized with the Yoast SEO plugin v26.3 - https:\/\/yoast.com\/wordpress\/plugins\/seo\/ -->\n<title>Lionel Sabatt\u00e9 : M\u00e9moire de limon, hommage \u00e0 Claude Monet - Impressionist adventures<\/title>\n<meta name=\"description\" content=\"D\u00e9couvrez l&#039;exposition &quot;Lionel Sabatt\u00e9 : M\u00e9moire de limon, hommage \u00e0 Claude Monet&quot; \u00e0 Vernon pour le Festival Normandie Impressionniste 2026.\" \/>\n<meta name=\"robots\" content=\"index, follow, max-snippet:-1, max-image-preview:large, max-video-preview:-1\" \/>\n<link rel=\"canonical\" href=\"https:\/\/voyagesimpressionnistes.com\/en\/giverny-its-surroundings\/lionel-sabatte-memoire-de-limon-hommage-a-claude-monet\/\" \/>\n<meta property=\"og:locale\" content=\"en_US\" \/>\n<meta property=\"og:type\" content=\"article\" \/>\n<meta property=\"og:title\" content=\"Lionel Sabatt\u00e9 : M\u00e9moire de limon, hommage \u00e0 Claude Monet - Impressionist adventures\" \/>\n<meta property=\"og:description\" content=\"D\u00e9couvrez l&#039;exposition &quot;Lionel Sabatt\u00e9 : M\u00e9moire de limon, hommage \u00e0 Claude Monet&quot; \u00e0 Vernon pour le Festival Normandie Impressionniste 2026.\" \/>\n<meta property=\"og:url\" content=\"https:\/\/voyagesimpressionnistes.com\/en\/giverny-its-surroundings\/lionel-sabatte-memoire-de-limon-hommage-a-claude-monet\/\" \/>\n<meta property=\"og:site_name\" content=\"Impressionist adventures\" \/>\n<meta property=\"article:publisher\" content=\"https:\/\/www.facebook.com\/LesVoyagesImpressionnistes\/\" \/>\n<meta property=\"article:published_time\" content=\"2026-04-17T10:44:11+00:00\" \/>\n<meta property=\"article:modified_time\" content=\"2026-04-28T15:40:57+00:00\" \/>\n<meta property=\"og:image\" content=\"https:\/\/voyagesimpressionnistes.com\/wp-content\/uploads\/2026\/04\/Lionel-Sabatte-Affiche-La-memoire-du-limon-FNI-853x1280.png\" \/>\n\t<meta property=\"og:image:width\" content=\"853\" \/>\n\t<meta property=\"og:image:height\" content=\"1280\" \/>\n\t<meta property=\"og:image:type\" content=\"image\/png\" \/>\n<meta name=\"author\" content=\"Phane\" \/>\n<meta name=\"twitter:card\" content=\"summary_large_image\" \/>\n<meta name=\"twitter:label1\" content=\"Written by\" \/>\n\t<meta name=\"twitter:data1\" content=\"Phane\" \/>\n\t<meta name=\"twitter:label2\" content=\"Est. reading time\" \/>\n\t<meta name=\"twitter:data2\" content=\"1 minute\" \/>\n<script type=\"application\/ld+json\" class=\"yoast-schema-graph\">{\"@context\":\"https:\/\/schema.org\",\"@graph\":[{\"@type\":[\"Article\",\"BlogPosting\"],\"@id\":\"https:\/\/voyagesimpressionnistes.com\/en\/giverny-its-surroundings\/lionel-sabatte-memoire-de-limon-hommage-a-claude-monet\/#article\",\"isPartOf\":{\"@id\":\"https:\/\/voyagesimpressionnistes.com\/en\/giverny-its-surroundings\/lionel-sabatte-memoire-de-limon-hommage-a-claude-monet\/\"},\"author\":{\"name\":\"Phane\",\"@id\":\"https:\/\/voyagesimpressionnistes.com\/en\/#\/schema\/person\/78c37c19aa7ae1bd6f4902f296c80e5f\"},\"headline\":\"Lionel Sabatt\u00e9 : M\u00e9moire de limon, hommage \u00e0 Claude Monet\",\"datePublished\":\"2026-04-17T10:44:11+00:00\",\"dateModified\":\"2026-04-28T15:40:57+00:00\",\"mainEntityOfPage\":{\"@id\":\"https:\/\/voyagesimpressionnistes.com\/en\/giverny-its-surroundings\/lionel-sabatte-memoire-de-limon-hommage-a-claude-monet\/\"},\"wordCount\":185,\"publisher\":{\"@id\":\"https:\/\/voyagesimpressionnistes.com\/en\/#organization\"},\"image\":{\"@id\":\"https:\/\/voyagesimpressionnistes.com\/en\/giverny-its-surroundings\/lionel-sabatte-memoire-de-limon-hommage-a-claude-monet\/#primaryimage\"},\"thumbnailUrl\":\"https:\/\/voyagesimpressionnistes.com\/wp-content\/uploads\/2026\/04\/Lionel-Sabatte-Affiche-La-memoire-du-limon-FNI-scaled.png\",\"keywords\":[\"Diary\"],\"articleSection\":[\"Giverny &amp; its surroundings\"],\"inLanguage\":\"en-US\"},{\"@type\":\"WebPage\",\"@id\":\"https:\/\/voyagesimpressionnistes.com\/en\/giverny-its-surroundings\/lionel-sabatte-memoire-de-limon-hommage-a-claude-monet\/\",\"url\":\"https:\/\/voyagesimpressionnistes.com\/en\/giverny-its-surroundings\/lionel-sabatte-memoire-de-limon-hommage-a-claude-monet\/\",\"name\":\"Lionel Sabatt\u00e9 : M\u00e9moire de limon, hommage \u00e0 Claude Monet - Impressionist adventures\",\"isPartOf\":{\"@id\":\"https:\/\/voyagesimpressionnistes.com\/en\/#website\"},\"primaryImageOfPage\":{\"@id\":\"https:\/\/voyagesimpressionnistes.com\/en\/giverny-its-surroundings\/lionel-sabatte-memoire-de-limon-hommage-a-claude-monet\/#primaryimage\"},\"image\":{\"@id\":\"https:\/\/voyagesimpressionnistes.com\/en\/giverny-its-surroundings\/lionel-sabatte-memoire-de-limon-hommage-a-claude-monet\/#primaryimage\"},\"thumbnailUrl\":\"https:\/\/voyagesimpressionnistes.com\/wp-content\/uploads\/2026\/04\/Lionel-Sabatte-Affiche-La-memoire-du-limon-FNI-scaled.png\",\"datePublished\":\"2026-04-17T10:44:11+00:00\",\"dateModified\":\"2026-04-28T15:40:57+00:00\",\"description\":\"D\u00e9couvrez l'exposition \\\"Lionel Sabatt\u00e9 : M\u00e9moire de limon, hommage \u00e0 Claude Monet\\\" \u00e0 Vernon pour le Festival Normandie Impressionniste 2026.\",\"breadcrumb\":{\"@id\":\"https:\/\/voyagesimpressionnistes.com\/en\/giverny-its-surroundings\/lionel-sabatte-memoire-de-limon-hommage-a-claude-monet\/#breadcrumb\"},\"inLanguage\":\"en-US\",\"potentialAction\":[{\"@type\":\"ReadAction\",\"target\":[\"https:\/\/voyagesimpressionnistes.com\/en\/giverny-its-surroundings\/lionel-sabatte-memoire-de-limon-hommage-a-claude-monet\/\"]}]},{\"@type\":\"ImageObject\",\"inLanguage\":\"en-US\",\"@id\":\"https:\/\/voyagesimpressionnistes.com\/en\/giverny-its-surroundings\/lionel-sabatte-memoire-de-limon-hommage-a-claude-monet\/#primaryimage\",\"url\":\"https:\/\/voyagesimpressionnistes.com\/wp-content\/uploads\/2026\/04\/Lionel-Sabatte-Affiche-La-memoire-du-limon-FNI-scaled.png\",\"contentUrl\":\"https:\/\/voyagesimpressionnistes.com\/wp-content\/uploads\/2026\/04\/Lionel-Sabatte-Affiche-La-memoire-du-limon-FNI-scaled.png\",\"width\":1706,\"height\":2560,\"caption\":\"Lionel Sabatt\u00e9 : M\u00e9moire de limon, hommage \u00e0 Claude Monet. Affiche de l'exposition au Mus\u00e9e Blanche Hosched\u00e9 Monet dans le cadre du Festival Normandie Impressionniste 2026\"},{\"@type\":\"BreadcrumbList\",\"@id\":\"https:\/\/voyagesimpressionnistes.com\/en\/giverny-its-surroundings\/lionel-sabatte-memoire-de-limon-hommage-a-claude-monet\/#breadcrumb\",\"itemListElement\":[{\"@type\":\"ListItem\",\"position\":1,\"name\":\"Giverny &amp; its surroundings\",\"item\":\"https:\/\/voyagesimpressionnistes.com\/en\/giverny-its-surroundings\/\"},{\"@type\":\"ListItem\",\"position\":2,\"name\":\"Lionel Sabatt\u00e9 : M\u00e9moire de limon, hommage \u00e0 Claude Monet\"}]},{\"@type\":\"WebSite\",\"@id\":\"https:\/\/voyagesimpressionnistes.com\/en\/#website\",\"url\":\"https:\/\/voyagesimpressionnistes.com\/en\/\",\"name\":\"Impressionist adventures\",\"description\":\"Inspiring moments\",\"publisher\":{\"@id\":\"https:\/\/voyagesimpressionnistes.com\/en\/#organization\"},\"potentialAction\":[{\"@type\":\"SearchAction\",\"target\":{\"@type\":\"EntryPoint\",\"urlTemplate\":\"https:\/\/voyagesimpressionnistes.com\/en\/?s={search_term_string}\"},\"query-input\":{\"@type\":\"PropertyValueSpecification\",\"valueRequired\":true,\"valueName\":\"search_term_string\"}}],\"inLanguage\":\"en-US\"},{\"@type\":\"Organization\",\"@id\":\"https:\/\/voyagesimpressionnistes.com\/en\/#organization\",\"name\":\"Voyages Impressionnistes\",\"url\":\"https:\/\/voyagesimpressionnistes.com\/en\/\",\"logo\":{\"@type\":\"ImageObject\",\"inLanguage\":\"en-US\",\"@id\":\"https:\/\/voyagesimpressionnistes.com\/en\/#\/schema\/logo\/image\/\",\"url\":\"https:\/\/voyagesimpressionnistes.com\/wp-content\/uploads\/2021\/06\/vi-logo-507x216-1.svg\",\"contentUrl\":\"https:\/\/voyagesimpressionnistes.com\/wp-content\/uploads\/2021\/06\/vi-logo-507x216-1.svg\",\"width\":507,\"height\":216,\"caption\":\"Voyages Impressionnistes\"},\"image\":{\"@id\":\"https:\/\/voyagesimpressionnistes.com\/en\/#\/schema\/logo\/image\/\"},\"sameAs\":[\"https:\/\/www.facebook.com\/LesVoyagesImpressionnistes\/\"]},{\"@type\":\"Person\",\"@id\":\"https:\/\/voyagesimpressionnistes.com\/en\/#\/schema\/person\/78c37c19aa7ae1bd6f4902f296c80e5f\",\"name\":\"Phane\",\"image\":{\"@type\":\"ImageObject\",\"inLanguage\":\"en-US\",\"@id\":\"https:\/\/voyagesimpressionnistes.com\/en\/#\/schema\/person\/image\/\",\"url\":\"https:\/\/secure.gravatar.com\/avatar\/ea705fa375f21b62a2facac16bc19ee8d664629e3399a374a188d355bc5d00b9?s=96&d=mm&r=g\",\"contentUrl\":\"https:\/\/secure.gravatar.com\/avatar\/ea705fa375f21b62a2facac16bc19ee8d664629e3399a374a188d355bc5d00b9?s=96&d=mm&r=g\",\"caption\":\"Phane\"}}]}<\/script>\n<!-- \/ Yoast SEO plugin. -->","yoast_head_json":{"title":"Lionel Sabatt\u00e9 : M\u00e9moire de limon, hommage \u00e0 Claude Monet - Impressionist adventures","description":"D\u00e9couvrez l'exposition \"Lionel Sabatt\u00e9 : M\u00e9moire de limon, hommage \u00e0 Claude Monet\" \u00e0 Vernon pour le Festival Normandie Impressionniste 2026.","robots":{"index":"index","follow":"follow","max-snippet":"max-snippet:-1","max-image-preview":"max-image-preview:large","max-video-preview":"max-video-preview:-1"},"canonical":"https:\/\/voyagesimpressionnistes.com\/en\/giverny-its-surroundings\/lionel-sabatte-memoire-de-limon-hommage-a-claude-monet\/","og_locale":"en_US","og_type":"article","og_title":"Lionel Sabatt\u00e9 : M\u00e9moire de limon, hommage \u00e0 Claude Monet - Impressionist adventures","og_description":"D\u00e9couvrez l'exposition \"Lionel Sabatt\u00e9 : M\u00e9moire de limon, hommage \u00e0 Claude Monet\" \u00e0 Vernon pour le Festival Normandie Impressionniste 2026.","og_url":"https:\/\/voyagesimpressionnistes.com\/en\/giverny-its-surroundings\/lionel-sabatte-memoire-de-limon-hommage-a-claude-monet\/","og_site_name":"Impressionist adventures","article_publisher":"https:\/\/www.facebook.com\/LesVoyagesImpressionnistes\/","article_published_time":"2026-04-17T10:44:11+00:00","article_modified_time":"2026-04-28T15:40:57+00:00","og_image":[{"width":853,"height":1280,"url":"https:\/\/voyagesimpressionnistes.com\/wp-content\/uploads\/2026\/04\/Lionel-Sabatte-Affiche-La-memoire-du-limon-FNI-853x1280.png","type":"image\/png"}],"author":"Phane","twitter_card":"summary_large_image","twitter_misc":{"Written by":"Phane","Est. reading time":"1 minute"},"schema":{"@context":"https:\/\/schema.org","@graph":[{"@type":["Article","BlogPosting"],"@id":"https:\/\/voyagesimpressionnistes.com\/en\/giverny-its-surroundings\/lionel-sabatte-memoire-de-limon-hommage-a-claude-monet\/#article","isPartOf":{"@id":"https:\/\/voyagesimpressionnistes.com\/en\/giverny-its-surroundings\/lionel-sabatte-memoire-de-limon-hommage-a-claude-monet\/"},"author":{"name":"Phane","@id":"https:\/\/voyagesimpressionnistes.com\/en\/#\/schema\/person\/78c37c19aa7ae1bd6f4902f296c80e5f"},"headline":"Lionel Sabatt\u00e9 : M\u00e9moire de limon, hommage \u00e0 Claude Monet","datePublished":"2026-04-17T10:44:11+00:00","dateModified":"2026-04-28T15:40:57+00:00","mainEntityOfPage":{"@id":"https:\/\/voyagesimpressionnistes.com\/en\/giverny-its-surroundings\/lionel-sabatte-memoire-de-limon-hommage-a-claude-monet\/"},"wordCount":185,"publisher":{"@id":"https:\/\/voyagesimpressionnistes.com\/en\/#organization"},"image":{"@id":"https:\/\/voyagesimpressionnistes.com\/en\/giverny-its-surroundings\/lionel-sabatte-memoire-de-limon-hommage-a-claude-monet\/#primaryimage"},"thumbnailUrl":"https:\/\/voyagesimpressionnistes.com\/wp-content\/uploads\/2026\/04\/Lionel-Sabatte-Affiche-La-memoire-du-limon-FNI-scaled.png","keywords":["Diary"],"articleSection":["Giverny &amp; its surroundings"],"inLanguage":"en-US"},{"@type":"WebPage","@id":"https:\/\/voyagesimpressionnistes.com\/en\/giverny-its-surroundings\/lionel-sabatte-memoire-de-limon-hommage-a-claude-monet\/","url":"https:\/\/voyagesimpressionnistes.com\/en\/giverny-its-surroundings\/lionel-sabatte-memoire-de-limon-hommage-a-claude-monet\/","name":"Lionel Sabatt\u00e9 : M\u00e9moire de limon, hommage \u00e0 Claude Monet - Impressionist adventures","isPartOf":{"@id":"https:\/\/voyagesimpressionnistes.com\/en\/#website"},"primaryImageOfPage":{"@id":"https:\/\/voyagesimpressionnistes.com\/en\/giverny-its-surroundings\/lionel-sabatte-memoire-de-limon-hommage-a-claude-monet\/#primaryimage"},"image":{"@id":"https:\/\/voyagesimpressionnistes.com\/en\/giverny-its-surroundings\/lionel-sabatte-memoire-de-limon-hommage-a-claude-monet\/#primaryimage"},"thumbnailUrl":"https:\/\/voyagesimpressionnistes.com\/wp-content\/uploads\/2026\/04\/Lionel-Sabatte-Affiche-La-memoire-du-limon-FNI-scaled.png","datePublished":"2026-04-17T10:44:11+00:00","dateModified":"2026-04-28T15:40:57+00:00","description":"D\u00e9couvrez l'exposition \"Lionel Sabatt\u00e9 : M\u00e9moire de limon, hommage \u00e0 Claude Monet\" \u00e0 Vernon pour le Festival Normandie Impressionniste 2026.","breadcrumb":{"@id":"https:\/\/voyagesimpressionnistes.com\/en\/giverny-its-surroundings\/lionel-sabatte-memoire-de-limon-hommage-a-claude-monet\/#breadcrumb"},"inLanguage":"en-US","potentialAction":[{"@type":"ReadAction","target":["https:\/\/voyagesimpressionnistes.com\/en\/giverny-its-surroundings\/lionel-sabatte-memoire-de-limon-hommage-a-claude-monet\/"]}]},{"@type":"ImageObject","inLanguage":"en-US","@id":"https:\/\/voyagesimpressionnistes.com\/en\/giverny-its-surroundings\/lionel-sabatte-memoire-de-limon-hommage-a-claude-monet\/#primaryimage","url":"https:\/\/voyagesimpressionnistes.com\/wp-content\/uploads\/2026\/04\/Lionel-Sabatte-Affiche-La-memoire-du-limon-FNI-scaled.png","contentUrl":"https:\/\/voyagesimpressionnistes.com\/wp-content\/uploads\/2026\/04\/Lionel-Sabatte-Affiche-La-memoire-du-limon-FNI-scaled.png","width":1706,"height":2560,"caption":"Lionel Sabatt\u00e9 : M\u00e9moire de limon, hommage \u00e0 Claude Monet. Affiche de l'exposition au Mus\u00e9e Blanche Hosched\u00e9 Monet dans le cadre du Festival Normandie Impressionniste 2026"},{"@type":"BreadcrumbList","@id":"https:\/\/voyagesimpressionnistes.com\/en\/giverny-its-surroundings\/lionel-sabatte-memoire-de-limon-hommage-a-claude-monet\/#breadcrumb","itemListElement":[{"@type":"ListItem","position":1,"name":"Giverny &amp; its surroundings","item":"https:\/\/voyagesimpressionnistes.com\/en\/giverny-its-surroundings\/"},{"@type":"ListItem","position":2,"name":"Lionel Sabatt\u00e9 : M\u00e9moire de limon, hommage \u00e0 Claude Monet"}]},{"@type":"WebSite","@id":"https:\/\/voyagesimpressionnistes.com\/en\/#website","url":"https:\/\/voyagesimpressionnistes.com\/en\/","name":"Impressionist adventures","description":"Inspiring moments","publisher":{"@id":"https:\/\/voyagesimpressionnistes.com\/en\/#organization"},"potentialAction":[{"@type":"SearchAction","target":{"@type":"EntryPoint","urlTemplate":"https:\/\/voyagesimpressionnistes.com\/en\/?s={search_term_string}"},"query-input":{"@type":"PropertyValueSpecification","valueRequired":true,"valueName":"search_term_string"}}],"inLanguage":"en-US"},{"@type":"Organization","@id":"https:\/\/voyagesimpressionnistes.com\/en\/#organization","name":"Voyages Impressionnistes","url":"https:\/\/voyagesimpressionnistes.com\/en\/","logo":{"@type":"ImageObject","inLanguage":"en-US","@id":"https:\/\/voyagesimpressionnistes.com\/en\/#\/schema\/logo\/image\/","url":"https:\/\/voyagesimpressionnistes.com\/wp-content\/uploads\/2021\/06\/vi-logo-507x216-1.svg","contentUrl":"https:\/\/voyagesimpressionnistes.com\/wp-content\/uploads\/2021\/06\/vi-logo-507x216-1.svg","width":507,"height":216,"caption":"Voyages Impressionnistes"},"image":{"@id":"https:\/\/voyagesimpressionnistes.com\/en\/#\/schema\/logo\/image\/"},"sameAs":["https:\/\/www.facebook.com\/LesVoyagesImpressionnistes\/"]},{"@type":"Person","@id":"https:\/\/voyagesimpressionnistes.com\/en\/#\/schema\/person\/78c37c19aa7ae1bd6f4902f296c80e5f","name":"Phane","image":{"@type":"ImageObject","inLanguage":"en-US","@id":"https:\/\/voyagesimpressionnistes.com\/en\/#\/schema\/person\/image\/","url":"https:\/\/secure.gravatar.com\/avatar\/ea705fa375f21b62a2facac16bc19ee8d664629e3399a374a188d355bc5d00b9?s=96&d=mm&r=g","contentUrl":"https:\/\/secure.gravatar.com\/avatar\/ea705fa375f21b62a2facac16bc19ee8d664629e3399a374a188d355bc5d00b9?s=96&d=mm&r=g","caption":"Phane"}}]}},"jetpack_featured_media_url":"https:\/\/voyagesimpressionnistes.com\/wp-content\/uploads\/2026\/04\/Lionel-Sabatte-Affiche-La-memoire-du-limon-FNI-scaled.png","jetpack_sharing_enabled":true,"_links":{"self":[{"href":"https:\/\/voyagesimpressionnistes.com\/en\/wp-json\/wp\/v2\/posts\/16715","targetHints":{"allow":["GET"]}}],"collection":[{"href":"https:\/\/voyagesimpressionnistes.com\/en\/wp-json\/wp\/v2\/posts"}],"about":[{"href":"https:\/\/voyagesimpressionnistes.com\/en\/wp-json\/wp\/v2\/types\/post"}],"author":[{"embeddable":true,"href":"https:\/\/voyagesimpressionnistes.com\/en\/wp-json\/wp\/v2\/users\/2"}],"replies":[{"embeddable":true,"href":"https:\/\/voyagesimpressionnistes.com\/en\/wp-json\/wp\/v2\/comments?post=16715"}],"version-history":[{"count":3,"href":"https:\/\/voyagesimpressionnistes.com\/en\/wp-json\/wp\/v2\/posts\/16715\/revisions"}],"predecessor-version":[{"id":16748,"href":"https:\/\/voyagesimpressionnistes.com\/en\/wp-json\/wp\/v2\/posts\/16715\/revisions\/16748"}],"wp:featuredmedia":[{"embeddable":true,"href":"https:\/\/voyagesimpressionnistes.com\/en\/wp-json\/wp\/v2\/media\/16874"}],"wp:attachment":[{"href":"https:\/\/voyagesimpressionnistes.com\/en\/wp-json\/wp\/v2\/media?parent=16715"}],"wp:term":[{"taxonomy":"category","embeddable":true,"href":"https:\/\/voyagesimpressionnistes.com\/en\/wp-json\/wp\/v2\/categories?post=16715"},{"taxonomy":"slider_une","embeddable":true,"href":"https:\/\/voyagesimpressionnistes.com\/en\/wp-json\/wp\/v2\/slider_une?post=16715"},{"taxonomy":"regions","embeddable":true,"href":"https:\/\/voyagesimpressionnistes.com\/en\/wp-json\/wp\/v2\/regions?post=16715"},{"taxonomy":"coups_coeur","embeddable":true,"href":"https:\/\/voyagesimpressionnistes.com\/en\/wp-json\/wp\/v2\/coups_coeur?post=16715"},{"taxonomy":"inspiration-type","embeddable":true,"href":"https:\/\/voyagesimpressionnistes.com\/en\/wp-json\/wp\/v2\/inspiration-type?post=16715"},{"taxonomy":"label","embeddable":true,"href":"https:\/\/voyagesimpressionnistes.com\/en\/wp-json\/wp\/v2\/label?post=16715"},{"taxonomy":"categories-agenda","embeddable":true,"href":"https:\/\/voyagesimpressionnistes.com\/en\/wp-json\/wp\/v2\/categories-agenda?post=16715"}],"curies":[{"name":"wp","href":"https:\/\/api.w.org\/{rel}","templated":true}]}}