{"id":16872,"date":"2026-04-28T17:28:21","date_gmt":"2026-04-28T15:28:21","guid":{"rendered":"https:\/\/voyagesimpressionnistes.com\/uncategorized\/les-andelys-et-ses-peintres\/"},"modified":"2026-04-28T17:28:21","modified_gmt":"2026-04-28T15:28:21","slug":"les-andelys-et-ses-peintres","status":"publish","type":"post","link":"https:\/\/voyagesimpressionnistes.com\/en\/giverny-its-surroundings\/les-andelys-et-ses-peintres\/","title":{"rendered":"Les Andelys et ses peintres"},"content":{"rendered":"<p>Du 27 mars au 1<sup>er<\/sup> novembre 2026, pour sa r\u00e9ouverture et le lancement de sa saison culturelle, le mus\u00e9e des Andelys invite \u00e0 d\u00e9couvrir la face cach\u00e9e des collections du mus\u00e9e avec l\u2019exposition <em>Les Andelys et ses peintres<\/em>.<\/p>\n<p>Les 42 \u0153uvres pr\u00e9sent\u00e9es dans cette exposition appartiennent aux collections du mus\u00e9e Nicolas Poussin : huile, aquarelle, gravure, dessin\u2026<\/p>\n<p>Nich\u00e9 dans une boucle de la Seine, \u00e0 mi-chemin entre Paris et Rouen, la ville des Andelys a attir\u00e9 de nombreux peintres litt\u00e9ralement fascin\u00e9s par la beaut\u00e9 des lieux.<\/p>\n<p>Le site pr\u00e9sente deux atouts compl\u00e9mentaires, dont les paysagistes se sont empar\u00e9s :<\/p>\n<ul>\n<li>Les m\u00e9andres du fleuve, ponctu\u00e9 d\u2019\u00eeles et cern\u00e9 par des falaises de craies blanches<\/li>\n<li>La majest\u00e9 de Ch\u00e2teau-Gaillard, forteresse m\u00e9di\u00e9vale situ\u00e9e sur un \u00e9peron rocheux qui domine de pr\u00e8s de cents m\u00e8tres la Seine en contrebas.<\/li>\n<\/ul>\n<p>Si le motif fluvial est propice \u00e0 la repr\u00e9sentation de ph\u00e9nom\u00e8nes temporaires (le courant de l\u2019eau, les reflets), \u00e0 l\u2019inverse la silhouette de Ch\u00e2teau-Gaillard constitue un \u00e9l\u00e9ment stable, signe de p\u00e9rennit\u00e9.<\/p>\n<p>La &#8220;r\u00e9volution impressionniste&#8221; eut pour cons\u00e9quence le d\u00e9veloppement de la peinture de plein air en Normandie \u00e0 la fin du 19<sup>\u00e8me<\/sup> si\u00e8cle et au d\u00e9but du 20<sup>\u00e8me<\/sup> si\u00e8cle. Les Andelys ne font pas exception \u00e0 la r\u00e8gle et la ville s\u2019illustrera par une belle effervescence artistique. Lieu d\u2019inspiration de nombreux peintres marqu\u00e9s par les avanc\u00e9es impressionnistes, elle sera repr\u00e9sent\u00e9e \u00e0 de multiples reprises.<\/p>\n","protected":false},"excerpt":{"rendered":"<p>Du 27 mars au 1er novembre 2026, pour sa r\u00e9ouverture  [&#8230;]<\/p>\n","protected":false},"author":2,"featured_media":16870,"comment_status":"closed","ping_status":"closed","sticky":false,"template":"","format":"standard","meta":{"_acf_changed":false,"inline_featured_image":false,"_jetpack_memberships_contains_paid_content":false,"footnotes":""},"categories":[83],"slider_une":[],"regions":[133],"coups_coeur":[],"inspiration-type":[],"label":[],"categories-agenda":[172],"class_list":["post-16872","post","type-post","status-publish","format-standard","has-post-thumbnail","hentry","category-giverny-its-surroundings","tag-diary","regions-normandy","categories-agenda-exhibition"],"acf":[],"yoast_head":"<!-- This site is optimized with the Yoast SEO plugin v26.3 - https:\/\/yoast.com\/wordpress\/plugins\/seo\/ -->\n<title>Les Andelys et ses peintres - Impressionist adventures<\/title>\n<meta name=\"robots\" content=\"index, follow, max-snippet:-1, max-image-preview:large, max-video-preview:-1\" \/>\n<link rel=\"canonical\" href=\"https:\/\/voyagesimpressionnistes.com\/en\/giverny-its-surroundings\/les-andelys-et-ses-peintres\/\" \/>\n<meta property=\"og:locale\" content=\"en_US\" \/>\n<meta property=\"og:type\" content=\"article\" \/>\n<meta property=\"og:title\" content=\"Les Andelys et ses peintres - Impressionist adventures\" \/>\n<meta property=\"og:description\" content=\"Du 27 mars au 1er novembre 2026, pour sa r\u00e9ouverture [...]\" \/>\n<meta property=\"og:url\" content=\"https:\/\/voyagesimpressionnistes.com\/en\/giverny-its-surroundings\/les-andelys-et-ses-peintres\/\" \/>\n<meta property=\"og:site_name\" content=\"Impressionist adventures\" \/>\n<meta property=\"article:publisher\" content=\"https:\/\/www.facebook.com\/LesVoyagesImpressionnistes\/\" \/>\n<meta property=\"article:published_time\" content=\"2026-04-28T15:28:21+00:00\" \/>\n<meta property=\"og:image\" content=\"https:\/\/voyagesimpressionnistes.com\/wp-content\/uploads\/2021\/06\/vi-slider-default.jpg\" \/>\n\t<meta property=\"og:image:width\" content=\"1600\" \/>\n\t<meta property=\"og:image:height\" content=\"900\" \/>\n\t<meta property=\"og:image:type\" content=\"image\/jpeg\" \/>\n<meta name=\"author\" content=\"Phane\" \/>\n<meta name=\"twitter:card\" content=\"summary_large_image\" \/>\n<meta name=\"twitter:label1\" content=\"Written by\" \/>\n\t<meta name=\"twitter:data1\" content=\"Phane\" \/>\n\t<meta name=\"twitter:label2\" content=\"Est. reading time\" \/>\n\t<meta name=\"twitter:data2\" content=\"1 minute\" \/>\n<script type=\"application\/ld+json\" class=\"yoast-schema-graph\">{\"@context\":\"https:\/\/schema.org\",\"@graph\":[{\"@type\":[\"Article\",\"BlogPosting\"],\"@id\":\"https:\/\/voyagesimpressionnistes.com\/en\/giverny-its-surroundings\/les-andelys-et-ses-peintres\/#article\",\"isPartOf\":{\"@id\":\"https:\/\/voyagesimpressionnistes.com\/en\/giverny-its-surroundings\/les-andelys-et-ses-peintres\/\"},\"author\":{\"name\":\"Phane\",\"@id\":\"https:\/\/voyagesimpressionnistes.com\/en\/#\/schema\/person\/78c37c19aa7ae1bd6f4902f296c80e5f\"},\"headline\":\"Les Andelys et ses peintres\",\"datePublished\":\"2026-04-28T15:28:21+00:00\",\"mainEntityOfPage\":{\"@id\":\"https:\/\/voyagesimpressionnistes.com\/en\/giverny-its-surroundings\/les-andelys-et-ses-peintres\/\"},\"wordCount\":265,\"publisher\":{\"@id\":\"https:\/\/voyagesimpressionnistes.com\/en\/#organization\"},\"image\":{\"@id\":\"https:\/\/voyagesimpressionnistes.com\/en\/giverny-its-surroundings\/les-andelys-et-ses-peintres\/#primaryimage\"},\"thumbnailUrl\":\"https:\/\/voyagesimpressionnistes.com\/wp-content\/uploads\/2026\/04\/Affiche-exposition-2026-Les-Andelys-et-ses-peintres.jpg\",\"keywords\":[\"Diary\"],\"articleSection\":[\"Giverny &amp; its surroundings\"],\"inLanguage\":\"en-US\"},{\"@type\":\"WebPage\",\"@id\":\"https:\/\/voyagesimpressionnistes.com\/en\/giverny-its-surroundings\/les-andelys-et-ses-peintres\/\",\"url\":\"https:\/\/voyagesimpressionnistes.com\/en\/giverny-its-surroundings\/les-andelys-et-ses-peintres\/\",\"name\":\"Les Andelys et ses peintres - Impressionist adventures\",\"isPartOf\":{\"@id\":\"https:\/\/voyagesimpressionnistes.com\/en\/#website\"},\"primaryImageOfPage\":{\"@id\":\"https:\/\/voyagesimpressionnistes.com\/en\/giverny-its-surroundings\/les-andelys-et-ses-peintres\/#primaryimage\"},\"image\":{\"@id\":\"https:\/\/voyagesimpressionnistes.com\/en\/giverny-its-surroundings\/les-andelys-et-ses-peintres\/#primaryimage\"},\"thumbnailUrl\":\"https:\/\/voyagesimpressionnistes.com\/wp-content\/uploads\/2026\/04\/Affiche-exposition-2026-Les-Andelys-et-ses-peintres.jpg\",\"datePublished\":\"2026-04-28T15:28:21+00:00\",\"breadcrumb\":{\"@id\":\"https:\/\/voyagesimpressionnistes.com\/en\/giverny-its-surroundings\/les-andelys-et-ses-peintres\/#breadcrumb\"},\"inLanguage\":\"en-US\",\"potentialAction\":[{\"@type\":\"ReadAction\",\"target\":[\"https:\/\/voyagesimpressionnistes.com\/en\/giverny-its-surroundings\/les-andelys-et-ses-peintres\/\"]}]},{\"@type\":\"ImageObject\",\"inLanguage\":\"en-US\",\"@id\":\"https:\/\/voyagesimpressionnistes.com\/en\/giverny-its-surroundings\/les-andelys-et-ses-peintres\/#primaryimage\",\"url\":\"https:\/\/voyagesimpressionnistes.com\/wp-content\/uploads\/2026\/04\/Affiche-exposition-2026-Les-Andelys-et-ses-peintres.jpg\",\"contentUrl\":\"https:\/\/voyagesimpressionnistes.com\/wp-content\/uploads\/2026\/04\/Affiche-exposition-2026-Les-Andelys-et-ses-peintres.jpg\",\"width\":1740,\"height\":2460,\"caption\":\"\\\"Les Andelys et ses peintres\\\" au Mus\u00e9e Nicolas Poussin des Andelys : affiche de l'exposition\"},{\"@type\":\"BreadcrumbList\",\"@id\":\"https:\/\/voyagesimpressionnistes.com\/en\/giverny-its-surroundings\/les-andelys-et-ses-peintres\/#breadcrumb\",\"itemListElement\":[{\"@type\":\"ListItem\",\"position\":1,\"name\":\"Uncategorized\",\"item\":\"https:\/\/voyagesimpressionnistes.com\/en\/uncategorized\/\"},{\"@type\":\"ListItem\",\"position\":2,\"name\":\"Les Andelys et ses peintres\"}]},{\"@type\":\"WebSite\",\"@id\":\"https:\/\/voyagesimpressionnistes.com\/en\/#website\",\"url\":\"https:\/\/voyagesimpressionnistes.com\/en\/\",\"name\":\"Impressionist adventures\",\"description\":\"Inspiring moments\",\"publisher\":{\"@id\":\"https:\/\/voyagesimpressionnistes.com\/en\/#organization\"},\"potentialAction\":[{\"@type\":\"SearchAction\",\"target\":{\"@type\":\"EntryPoint\",\"urlTemplate\":\"https:\/\/voyagesimpressionnistes.com\/en\/?s={search_term_string}\"},\"query-input\":{\"@type\":\"PropertyValueSpecification\",\"valueRequired\":true,\"valueName\":\"search_term_string\"}}],\"inLanguage\":\"en-US\"},{\"@type\":\"Organization\",\"@id\":\"https:\/\/voyagesimpressionnistes.com\/en\/#organization\",\"name\":\"Voyages Impressionnistes\",\"url\":\"https:\/\/voyagesimpressionnistes.com\/en\/\",\"logo\":{\"@type\":\"ImageObject\",\"inLanguage\":\"en-US\",\"@id\":\"https:\/\/voyagesimpressionnistes.com\/en\/#\/schema\/logo\/image\/\",\"url\":\"https:\/\/voyagesimpressionnistes.com\/wp-content\/uploads\/2021\/06\/vi-logo-507x216-1.svg\",\"contentUrl\":\"https:\/\/voyagesimpressionnistes.com\/wp-content\/uploads\/2021\/06\/vi-logo-507x216-1.svg\",\"width\":507,\"height\":216,\"caption\":\"Voyages Impressionnistes\"},\"image\":{\"@id\":\"https:\/\/voyagesimpressionnistes.com\/en\/#\/schema\/logo\/image\/\"},\"sameAs\":[\"https:\/\/www.facebook.com\/LesVoyagesImpressionnistes\/\"]},{\"@type\":\"Person\",\"@id\":\"https:\/\/voyagesimpressionnistes.com\/en\/#\/schema\/person\/78c37c19aa7ae1bd6f4902f296c80e5f\",\"name\":\"Phane\",\"image\":{\"@type\":\"ImageObject\",\"inLanguage\":\"en-US\",\"@id\":\"https:\/\/voyagesimpressionnistes.com\/en\/#\/schema\/person\/image\/\",\"url\":\"https:\/\/secure.gravatar.com\/avatar\/ea705fa375f21b62a2facac16bc19ee8d664629e3399a374a188d355bc5d00b9?s=96&d=mm&r=g\",\"contentUrl\":\"https:\/\/secure.gravatar.com\/avatar\/ea705fa375f21b62a2facac16bc19ee8d664629e3399a374a188d355bc5d00b9?s=96&d=mm&r=g\",\"caption\":\"Phane\"}}]}<\/script>\n<!-- \/ Yoast SEO plugin. -->","yoast_head_json":{"title":"Les Andelys et ses peintres - Impressionist adventures","robots":{"index":"index","follow":"follow","max-snippet":"max-snippet:-1","max-image-preview":"max-image-preview:large","max-video-preview":"max-video-preview:-1"},"canonical":"https:\/\/voyagesimpressionnistes.com\/en\/giverny-its-surroundings\/les-andelys-et-ses-peintres\/","og_locale":"en_US","og_type":"article","og_title":"Les Andelys et ses peintres - Impressionist adventures","og_description":"Du 27 mars au 1er novembre 2026, pour sa r\u00e9ouverture [...]","og_url":"https:\/\/voyagesimpressionnistes.com\/en\/giverny-its-surroundings\/les-andelys-et-ses-peintres\/","og_site_name":"Impressionist adventures","article_publisher":"https:\/\/www.facebook.com\/LesVoyagesImpressionnistes\/","article_published_time":"2026-04-28T15:28:21+00:00","og_image":[{"width":1600,"height":900,"url":"https:\/\/voyagesimpressionnistes.com\/wp-content\/uploads\/2021\/06\/vi-slider-default.jpg","type":"image\/jpeg"}],"author":"Phane","twitter_card":"summary_large_image","twitter_misc":{"Written by":"Phane","Est. reading time":"1 minute"},"schema":{"@context":"https:\/\/schema.org","@graph":[{"@type":["Article","BlogPosting"],"@id":"https:\/\/voyagesimpressionnistes.com\/en\/giverny-its-surroundings\/les-andelys-et-ses-peintres\/#article","isPartOf":{"@id":"https:\/\/voyagesimpressionnistes.com\/en\/giverny-its-surroundings\/les-andelys-et-ses-peintres\/"},"author":{"name":"Phane","@id":"https:\/\/voyagesimpressionnistes.com\/en\/#\/schema\/person\/78c37c19aa7ae1bd6f4902f296c80e5f"},"headline":"Les Andelys et ses peintres","datePublished":"2026-04-28T15:28:21+00:00","mainEntityOfPage":{"@id":"https:\/\/voyagesimpressionnistes.com\/en\/giverny-its-surroundings\/les-andelys-et-ses-peintres\/"},"wordCount":265,"publisher":{"@id":"https:\/\/voyagesimpressionnistes.com\/en\/#organization"},"image":{"@id":"https:\/\/voyagesimpressionnistes.com\/en\/giverny-its-surroundings\/les-andelys-et-ses-peintres\/#primaryimage"},"thumbnailUrl":"https:\/\/voyagesimpressionnistes.com\/wp-content\/uploads\/2026\/04\/Affiche-exposition-2026-Les-Andelys-et-ses-peintres.jpg","keywords":["Diary"],"articleSection":["Giverny &amp; its surroundings"],"inLanguage":"en-US"},{"@type":"WebPage","@id":"https:\/\/voyagesimpressionnistes.com\/en\/giverny-its-surroundings\/les-andelys-et-ses-peintres\/","url":"https:\/\/voyagesimpressionnistes.com\/en\/giverny-its-surroundings\/les-andelys-et-ses-peintres\/","name":"Les Andelys et ses peintres - Impressionist adventures","isPartOf":{"@id":"https:\/\/voyagesimpressionnistes.com\/en\/#website"},"primaryImageOfPage":{"@id":"https:\/\/voyagesimpressionnistes.com\/en\/giverny-its-surroundings\/les-andelys-et-ses-peintres\/#primaryimage"},"image":{"@id":"https:\/\/voyagesimpressionnistes.com\/en\/giverny-its-surroundings\/les-andelys-et-ses-peintres\/#primaryimage"},"thumbnailUrl":"https:\/\/voyagesimpressionnistes.com\/wp-content\/uploads\/2026\/04\/Affiche-exposition-2026-Les-Andelys-et-ses-peintres.jpg","datePublished":"2026-04-28T15:28:21+00:00","breadcrumb":{"@id":"https:\/\/voyagesimpressionnistes.com\/en\/giverny-its-surroundings\/les-andelys-et-ses-peintres\/#breadcrumb"},"inLanguage":"en-US","potentialAction":[{"@type":"ReadAction","target":["https:\/\/voyagesimpressionnistes.com\/en\/giverny-its-surroundings\/les-andelys-et-ses-peintres\/"]}]},{"@type":"ImageObject","inLanguage":"en-US","@id":"https:\/\/voyagesimpressionnistes.com\/en\/giverny-its-surroundings\/les-andelys-et-ses-peintres\/#primaryimage","url":"https:\/\/voyagesimpressionnistes.com\/wp-content\/uploads\/2026\/04\/Affiche-exposition-2026-Les-Andelys-et-ses-peintres.jpg","contentUrl":"https:\/\/voyagesimpressionnistes.com\/wp-content\/uploads\/2026\/04\/Affiche-exposition-2026-Les-Andelys-et-ses-peintres.jpg","width":1740,"height":2460,"caption":"\"Les Andelys et ses peintres\" au Mus\u00e9e Nicolas Poussin des Andelys : affiche de l'exposition"},{"@type":"BreadcrumbList","@id":"https:\/\/voyagesimpressionnistes.com\/en\/giverny-its-surroundings\/les-andelys-et-ses-peintres\/#breadcrumb","itemListElement":[{"@type":"ListItem","position":1,"name":"Uncategorized","item":"https:\/\/voyagesimpressionnistes.com\/en\/uncategorized\/"},{"@type":"ListItem","position":2,"name":"Les Andelys et ses peintres"}]},{"@type":"WebSite","@id":"https:\/\/voyagesimpressionnistes.com\/en\/#website","url":"https:\/\/voyagesimpressionnistes.com\/en\/","name":"Impressionist adventures","description":"Inspiring moments","publisher":{"@id":"https:\/\/voyagesimpressionnistes.com\/en\/#organization"},"potentialAction":[{"@type":"SearchAction","target":{"@type":"EntryPoint","urlTemplate":"https:\/\/voyagesimpressionnistes.com\/en\/?s={search_term_string}"},"query-input":{"@type":"PropertyValueSpecification","valueRequired":true,"valueName":"search_term_string"}}],"inLanguage":"en-US"},{"@type":"Organization","@id":"https:\/\/voyagesimpressionnistes.com\/en\/#organization","name":"Voyages Impressionnistes","url":"https:\/\/voyagesimpressionnistes.com\/en\/","logo":{"@type":"ImageObject","inLanguage":"en-US","@id":"https:\/\/voyagesimpressionnistes.com\/en\/#\/schema\/logo\/image\/","url":"https:\/\/voyagesimpressionnistes.com\/wp-content\/uploads\/2021\/06\/vi-logo-507x216-1.svg","contentUrl":"https:\/\/voyagesimpressionnistes.com\/wp-content\/uploads\/2021\/06\/vi-logo-507x216-1.svg","width":507,"height":216,"caption":"Voyages Impressionnistes"},"image":{"@id":"https:\/\/voyagesimpressionnistes.com\/en\/#\/schema\/logo\/image\/"},"sameAs":["https:\/\/www.facebook.com\/LesVoyagesImpressionnistes\/"]},{"@type":"Person","@id":"https:\/\/voyagesimpressionnistes.com\/en\/#\/schema\/person\/78c37c19aa7ae1bd6f4902f296c80e5f","name":"Phane","image":{"@type":"ImageObject","inLanguage":"en-US","@id":"https:\/\/voyagesimpressionnistes.com\/en\/#\/schema\/person\/image\/","url":"https:\/\/secure.gravatar.com\/avatar\/ea705fa375f21b62a2facac16bc19ee8d664629e3399a374a188d355bc5d00b9?s=96&d=mm&r=g","contentUrl":"https:\/\/secure.gravatar.com\/avatar\/ea705fa375f21b62a2facac16bc19ee8d664629e3399a374a188d355bc5d00b9?s=96&d=mm&r=g","caption":"Phane"}}]}},"jetpack_featured_media_url":"https:\/\/voyagesimpressionnistes.com\/wp-content\/uploads\/2026\/04\/Affiche-exposition-2026-Les-Andelys-et-ses-peintres.jpg","jetpack_sharing_enabled":true,"_links":{"self":[{"href":"https:\/\/voyagesimpressionnistes.com\/en\/wp-json\/wp\/v2\/posts\/16872","targetHints":{"allow":["GET"]}}],"collection":[{"href":"https:\/\/voyagesimpressionnistes.com\/en\/wp-json\/wp\/v2\/posts"}],"about":[{"href":"https:\/\/voyagesimpressionnistes.com\/en\/wp-json\/wp\/v2\/types\/post"}],"author":[{"embeddable":true,"href":"https:\/\/voyagesimpressionnistes.com\/en\/wp-json\/wp\/v2\/users\/2"}],"replies":[{"embeddable":true,"href":"https:\/\/voyagesimpressionnistes.com\/en\/wp-json\/wp\/v2\/comments?post=16872"}],"version-history":[{"count":0,"href":"https:\/\/voyagesimpressionnistes.com\/en\/wp-json\/wp\/v2\/posts\/16872\/revisions"}],"wp:featuredmedia":[{"embeddable":true,"href":"https:\/\/voyagesimpressionnistes.com\/en\/wp-json\/wp\/v2\/media\/16870"}],"wp:attachment":[{"href":"https:\/\/voyagesimpressionnistes.com\/en\/wp-json\/wp\/v2\/media?parent=16872"}],"wp:term":[{"taxonomy":"category","embeddable":true,"href":"https:\/\/voyagesimpressionnistes.com\/en\/wp-json\/wp\/v2\/categories?post=16872"},{"taxonomy":"slider_une","embeddable":true,"href":"https:\/\/voyagesimpressionnistes.com\/en\/wp-json\/wp\/v2\/slider_une?post=16872"},{"taxonomy":"regions","embeddable":true,"href":"https:\/\/voyagesimpressionnistes.com\/en\/wp-json\/wp\/v2\/regions?post=16872"},{"taxonomy":"coups_coeur","embeddable":true,"href":"https:\/\/voyagesimpressionnistes.com\/en\/wp-json\/wp\/v2\/coups_coeur?post=16872"},{"taxonomy":"inspiration-type","embeddable":true,"href":"https:\/\/voyagesimpressionnistes.com\/en\/wp-json\/wp\/v2\/inspiration-type?post=16872"},{"taxonomy":"label","embeddable":true,"href":"https:\/\/voyagesimpressionnistes.com\/en\/wp-json\/wp\/v2\/label?post=16872"},{"taxonomy":"categories-agenda","embeddable":true,"href":"https:\/\/voyagesimpressionnistes.com\/en\/wp-json\/wp\/v2\/categories-agenda?post=16872"}],"curies":[{"name":"wp","href":"https:\/\/api.w.org\/{rel}","templated":true}]}}