{"id":16881,"date":"2026-04-29T10:59:35","date_gmt":"2026-04-29T08:59:35","guid":{"rendered":"https:\/\/voyagesimpressionnistes.com\/uncategorized\/claude-monet-des-jardins-en-heritage\/"},"modified":"2026-04-29T10:59:35","modified_gmt":"2026-04-29T08:59:35","slug":"claude-monet-des-jardins-en-heritage","status":"publish","type":"post","link":"https:\/\/voyagesimpressionnistes.com\/en\/seine-estuary\/claude-monet-des-jardins-en-heritage\/","title":{"rendered":"Claude Monet, des jardins en h\u00e9ritage"},"content":{"rendered":"<p>Du 11 juillet au 1<sup>er<\/sup> novembre 2026, \u00e0 l&#8217;occasion du <a href=\"https:\/\/voyagesimpressionnistes.com\/en\/auvers-oise-valley\/centenary-of-claude-monets-passing\/\">centenaire de la disparition de Claude Monet<\/a> et dans le cadre du <a href=\"https:\/\/voyagesimpressionnistes.com\/en\/caen-the-cotentin\/normandy-impressionist-festival-2026\/\">Festival Normandie Impressionniste 2026<\/a>, <a href=\"https:\/\/voyagesimpressionnistes.com\/en\/seine-estuary\/les-franciscaines\/\">les Franciscaines<\/a> de Deauville pr\u00e9sentent une exposition d\u2019envergure consacr\u00e9e \u00e0 l\u2019h\u00e9ritage du ma\u00eetre de Giverny, envisag\u00e9 \u00e0 travers une relecture sensible, contemporaine et r\u00e9solument transdisciplinaire : <em>Claude Monet, des jardins en h\u00e9ritage<\/em>.<\/p>\n<blockquote><p>Je ne forme pas d\u2019autre v\u0153u que de me m\u00ealer plus intimement \u00e0 la nature et je ne convoite pas d\u2019autre destin que d\u2019avoir, selon le pr\u00e9cepte de Goethe, \u0153uvr\u00e9 et v\u00e9cu en harmonie avec ses lois.<\/p><\/blockquote>\n<p style=\"text-align: right;\">Claude Monet, propos rapport\u00e9 par Roger Marx<\/p>\n<p>Pens\u00e9e comme un dialogue entre peinture et photographie, l\u2019exposition interroge la mani\u00e8re dont le jardin de Giverny \u2014 con\u00e7u par Monet comme une \u0153uvre en soi \u2014 a nourri durablement les regards d\u2019artistes du monde entier. Si le peintre y invente, \u00e0 la fronti\u00e8re de l\u2019abstraction, une nouvelle relation \u00e0 la couleur, \u00e0 la lumi\u00e8re et \u00e0 l\u2019espace, ce motif devient au 20<sup>\u00e8me<\/sup> et au 21<sup>\u00e8me<\/sup> si\u00e8cle un terrain d\u2019exploration privil\u00e9gi\u00e9 pour les peintres et photographes, qui s\u2019en emparent comme d\u2019un laboratoire visuel et sensoriel.<\/p>\n<p>S\u2019appuyant sur des pr\u00eats exceptionnels issus notamment des collections du <a href=\"https:\/\/voyagesimpressionnistes.com\/en\/paris-montmartre\/musee-dorsay\/\">mus\u00e9e d\u2019Orsay<\/a>, du mus\u00e9e d\u2019art moderne et contemporain de Saint-\u00c9tienne (MAMAC), du mus\u00e9e de Dreux ou encore de l\u2019Institut du monde arabe, le parcours met en r\u00e9sonance des \u0153uvres majeures de Claude Monet avec celles d\u2019artistes revendiquant, chacun \u00e0 leur mani\u00e8re, son h\u00e9ritage. De l\u2019Europe au Japon, de l\u2019Afrique du Nord \u00e0 l\u2019Am\u00e9rique du Nord, l\u2019exposition <em>Claude Monet, des jardins en h\u00e9ritage<\/em> r\u00e9v\u00e8le l\u2019universalit\u00e9 et la vitalit\u00e9 d\u2019un h\u00e9ritage qui n\u2019a cess\u00e9 de traverser les fronti\u00e8res et les g\u00e9n\u00e9rations.<\/p>\n<h3>Un h\u00e9ritage pictural et photographique universel<\/h3>\n<p>L\u2019exposition met en lumi\u00e8re des artistes issus de traditions artistiques tr\u00e8s \u00e9loign\u00e9es, mais qui se reconnaissent dans l\u2019h\u00e9ritage de Monet et de son jardin.<\/p>\n<p>Le peintre alg\u00e9rien Abdallah Benanteur (1931\u20132017) \u00e9tablit un dialogue profond avec les <em>Nymph\u00e9as<\/em>, les tondos et les compositions immersives du &#8220;dernier Monet&#8221;. Dans un contexte historique et politique complexe, son \u0153uvre imagine un paysage int\u00e9rieur, presque paradisiaque, o\u00f9 la couleur et la lumi\u00e8re ouvrent \u00e0 une forme de b\u00e9atitude.<\/p>\n<p>Le Canadien Jean Paul Riopelle (1923\u20132002), compagnon de Joan Mitchell, conna\u00eet Giverny et partage avec Monet un rapport instinctif \u00e0 la mati\u00e8re et \u00e0 la couleur. Ses vastes compositions, mises ici en regard du <em>Pont japonais<\/em>, \u00e9voquent la vitalit\u00e9 organique des paysages naturels sans jamais c\u00e9der au mim\u00e9tisme.<\/p>\n<p>Le peintre japonais Reiji Hiramatsu (1941-), fascin\u00e9 par les <em>Nymph\u00e9as<\/em>, consacre une part essentielle de son \u0153uvre \u00e0 leur r\u00e9interpr\u00e9tation. La d\u00e9couverte tardive de Monet agit pour lui comme un choc esth\u00e9tique, transformant radicalement sa pratique : monumentalit\u00e9 des formats, effacement de la perspective, dimension d\u00e9corative et enveloppante de la peinture.<\/p>\n<h3>Photographier Giverny : une red\u00e9couverte contemporaine du jardin<\/h3>\n<p>L\u2019exposition consacre \u00e9galement la red\u00e9couverte du <a href=\"https:\/\/voyagesimpressionnistes.com\/en\/giverny-its-surroundings\/maison-et-jardins-de-claude-monet\/\">jardin de Giverny<\/a> par les photographes. Les \u0153uvres de Bernard Plossu, Jean Gaumy et Jorma Puranen proposent un regard renouvel\u00e9 sur ce lieu embl\u00e9matique, loin de toute vision pittoresque ou documentaire.<\/p>\n<p>Invit\u00e9s par le <a href=\"https:\/\/voyagesimpressionnistes.com\/en\/giverny-its-surroundings\/musee-des-impressionnismes-giverny\/\">mus\u00e9e des impressionnismes Giverny<\/a>, ces photographes ont observ\u00e9 le jardin sur un temps long, en toutes saisons, \u00e0 diff\u00e9rentes heures du jour et de la nuit. Leurs images ne cherchent pas \u00e0 illustrer l\u2019\u0153uvre de Monet, mais \u00e0 en prolonger les enjeux : vibration de la lumi\u00e8re, instabilit\u00e9 des formes, effacement des rep\u00e8res spatiaux, immersion du regardeur.<\/p>\n<p>La photographie devient ainsi un m\u00e9dium privil\u00e9gi\u00e9 pour saisir ce que le jardin a d\u2019insaisissable : un espace en perp\u00e9tuelle transformation, o\u00f9 le r\u00e9el se m\u00eale \u00e0 une exp\u00e9rience presque abstraite du visible.<\/p>\n","protected":false},"excerpt":{"rendered":"<p>Du 11 juillet au 1er novembre 2026, \u00e0 l&#8217;occasion du  [&#8230;]<\/p>\n","protected":false},"author":2,"featured_media":16880,"comment_status":"closed","ping_status":"closed","sticky":false,"template":"","format":"standard","meta":{"_acf_changed":false,"inline_featured_image":false,"_jetpack_memberships_contains_paid_content":false,"footnotes":""},"categories":[84],"slider_une":[],"regions":[133],"coups_coeur":[146],"inspiration-type":[],"label":[143,183],"categories-agenda":[175],"class_list":["post-16881","post","type-post","status-publish","format-standard","has-post-thumbnail","hentry","category-seine-estuary","tag-diary","regions-normandy","coups_coeur-grille-agenda-selection","label-normandie-impressionniste-en","label-monet-centenary","categories-agenda-contemporary-art-contemporain"],"acf":[],"yoast_head":"<!-- This site is optimized with the Yoast SEO plugin v26.3 - https:\/\/yoast.com\/wordpress\/plugins\/seo\/ -->\n<title>Claude Monet, des jardins en h\u00e9ritage - Impressionist adventures<\/title>\n<meta name=\"robots\" content=\"index, follow, max-snippet:-1, max-image-preview:large, max-video-preview:-1\" \/>\n<link rel=\"canonical\" href=\"https:\/\/voyagesimpressionnistes.com\/en\/seine-estuary\/claude-monet-des-jardins-en-heritage\/\" \/>\n<meta property=\"og:locale\" content=\"en_US\" \/>\n<meta property=\"og:type\" content=\"article\" \/>\n<meta property=\"og:title\" content=\"Claude Monet, des jardins en h\u00e9ritage - Impressionist adventures\" \/>\n<meta property=\"og:description\" content=\"Du 11 juillet au 1er novembre 2026, \u00e0 l&#8217;occasion du [...]\" \/>\n<meta property=\"og:url\" content=\"https:\/\/voyagesimpressionnistes.com\/en\/seine-estuary\/claude-monet-des-jardins-en-heritage\/\" \/>\n<meta property=\"og:site_name\" content=\"Impressionist adventures\" \/>\n<meta property=\"article:publisher\" content=\"https:\/\/www.facebook.com\/LesVoyagesImpressionnistes\/\" \/>\n<meta property=\"article:published_time\" content=\"2026-04-29T08:59:35+00:00\" \/>\n<meta property=\"og:image\" content=\"https:\/\/voyagesimpressionnistes.com\/wp-content\/uploads\/2021\/06\/vi-slider-default.jpg\" \/>\n\t<meta property=\"og:image:width\" content=\"1600\" \/>\n\t<meta property=\"og:image:height\" content=\"900\" \/>\n\t<meta property=\"og:image:type\" content=\"image\/jpeg\" \/>\n<meta name=\"author\" content=\"Phane\" \/>\n<meta name=\"twitter:card\" content=\"summary_large_image\" \/>\n<meta name=\"twitter:label1\" content=\"Written by\" \/>\n\t<meta name=\"twitter:data1\" content=\"Phane\" \/>\n\t<meta name=\"twitter:label2\" content=\"Est. reading time\" \/>\n\t<meta name=\"twitter:data2\" content=\"3 minutes\" \/>\n<script type=\"application\/ld+json\" class=\"yoast-schema-graph\">{\"@context\":\"https:\/\/schema.org\",\"@graph\":[{\"@type\":[\"Article\",\"BlogPosting\"],\"@id\":\"https:\/\/voyagesimpressionnistes.com\/en\/seine-estuary\/claude-monet-des-jardins-en-heritage\/#article\",\"isPartOf\":{\"@id\":\"https:\/\/voyagesimpressionnistes.com\/en\/seine-estuary\/claude-monet-des-jardins-en-heritage\/\"},\"author\":{\"name\":\"Phane\",\"@id\":\"https:\/\/voyagesimpressionnistes.com\/en\/#\/schema\/person\/78c37c19aa7ae1bd6f4902f296c80e5f\"},\"headline\":\"Claude Monet, des jardins en h\u00e9ritage\",\"datePublished\":\"2026-04-29T08:59:35+00:00\",\"mainEntityOfPage\":{\"@id\":\"https:\/\/voyagesimpressionnistes.com\/en\/seine-estuary\/claude-monet-des-jardins-en-heritage\/\"},\"wordCount\":666,\"publisher\":{\"@id\":\"https:\/\/voyagesimpressionnistes.com\/en\/#organization\"},\"image\":{\"@id\":\"https:\/\/voyagesimpressionnistes.com\/en\/seine-estuary\/claude-monet-des-jardins-en-heritage\/#primaryimage\"},\"thumbnailUrl\":\"https:\/\/voyagesimpressionnistes.com\/wp-content\/uploads\/2026\/04\/franciscaines-monet.jpg\",\"keywords\":[\"Diary\"],\"articleSection\":[\"The Seine Estuary\"],\"inLanguage\":\"en-US\"},{\"@type\":\"WebPage\",\"@id\":\"https:\/\/voyagesimpressionnistes.com\/en\/seine-estuary\/claude-monet-des-jardins-en-heritage\/\",\"url\":\"https:\/\/voyagesimpressionnistes.com\/en\/seine-estuary\/claude-monet-des-jardins-en-heritage\/\",\"name\":\"Claude Monet, des jardins en h\u00e9ritage - Impressionist adventures\",\"isPartOf\":{\"@id\":\"https:\/\/voyagesimpressionnistes.com\/en\/#website\"},\"primaryImageOfPage\":{\"@id\":\"https:\/\/voyagesimpressionnistes.com\/en\/seine-estuary\/claude-monet-des-jardins-en-heritage\/#primaryimage\"},\"image\":{\"@id\":\"https:\/\/voyagesimpressionnistes.com\/en\/seine-estuary\/claude-monet-des-jardins-en-heritage\/#primaryimage\"},\"thumbnailUrl\":\"https:\/\/voyagesimpressionnistes.com\/wp-content\/uploads\/2026\/04\/franciscaines-monet.jpg\",\"datePublished\":\"2026-04-29T08:59:35+00:00\",\"breadcrumb\":{\"@id\":\"https:\/\/voyagesimpressionnistes.com\/en\/seine-estuary\/claude-monet-des-jardins-en-heritage\/#breadcrumb\"},\"inLanguage\":\"en-US\",\"potentialAction\":[{\"@type\":\"ReadAction\",\"target\":[\"https:\/\/voyagesimpressionnistes.com\/en\/seine-estuary\/claude-monet-des-jardins-en-heritage\/\"]}]},{\"@type\":\"ImageObject\",\"inLanguage\":\"en-US\",\"@id\":\"https:\/\/voyagesimpressionnistes.com\/en\/seine-estuary\/claude-monet-des-jardins-en-heritage\/#primaryimage\",\"url\":\"https:\/\/voyagesimpressionnistes.com\/wp-content\/uploads\/2026\/04\/franciscaines-monet.jpg\",\"contentUrl\":\"https:\/\/voyagesimpressionnistes.com\/wp-content\/uploads\/2026\/04\/franciscaines-monet.jpg\",\"width\":1920,\"height\":1184,\"caption\":\"\\\"Claude Monet, des jardins en h\u00e9ritage\\\" : visuel de l'exposition aux Franciscaines (Deauville)\"},{\"@type\":\"BreadcrumbList\",\"@id\":\"https:\/\/voyagesimpressionnistes.com\/en\/seine-estuary\/claude-monet-des-jardins-en-heritage\/#breadcrumb\",\"itemListElement\":[{\"@type\":\"ListItem\",\"position\":1,\"name\":\"Uncategorized\",\"item\":\"https:\/\/voyagesimpressionnistes.com\/en\/uncategorized\/\"},{\"@type\":\"ListItem\",\"position\":2,\"name\":\"Claude Monet, des jardins en h\u00e9ritage\"}]},{\"@type\":\"WebSite\",\"@id\":\"https:\/\/voyagesimpressionnistes.com\/en\/#website\",\"url\":\"https:\/\/voyagesimpressionnistes.com\/en\/\",\"name\":\"Impressionist adventures\",\"description\":\"Inspiring moments\",\"publisher\":{\"@id\":\"https:\/\/voyagesimpressionnistes.com\/en\/#organization\"},\"potentialAction\":[{\"@type\":\"SearchAction\",\"target\":{\"@type\":\"EntryPoint\",\"urlTemplate\":\"https:\/\/voyagesimpressionnistes.com\/en\/?s={search_term_string}\"},\"query-input\":{\"@type\":\"PropertyValueSpecification\",\"valueRequired\":true,\"valueName\":\"search_term_string\"}}],\"inLanguage\":\"en-US\"},{\"@type\":\"Organization\",\"@id\":\"https:\/\/voyagesimpressionnistes.com\/en\/#organization\",\"name\":\"Voyages Impressionnistes\",\"url\":\"https:\/\/voyagesimpressionnistes.com\/en\/\",\"logo\":{\"@type\":\"ImageObject\",\"inLanguage\":\"en-US\",\"@id\":\"https:\/\/voyagesimpressionnistes.com\/en\/#\/schema\/logo\/image\/\",\"url\":\"https:\/\/voyagesimpressionnistes.com\/wp-content\/uploads\/2021\/06\/vi-logo-507x216-1.svg\",\"contentUrl\":\"https:\/\/voyagesimpressionnistes.com\/wp-content\/uploads\/2021\/06\/vi-logo-507x216-1.svg\",\"width\":507,\"height\":216,\"caption\":\"Voyages Impressionnistes\"},\"image\":{\"@id\":\"https:\/\/voyagesimpressionnistes.com\/en\/#\/schema\/logo\/image\/\"},\"sameAs\":[\"https:\/\/www.facebook.com\/LesVoyagesImpressionnistes\/\"]},{\"@type\":\"Person\",\"@id\":\"https:\/\/voyagesimpressionnistes.com\/en\/#\/schema\/person\/78c37c19aa7ae1bd6f4902f296c80e5f\",\"name\":\"Phane\",\"image\":{\"@type\":\"ImageObject\",\"inLanguage\":\"en-US\",\"@id\":\"https:\/\/voyagesimpressionnistes.com\/en\/#\/schema\/person\/image\/\",\"url\":\"https:\/\/secure.gravatar.com\/avatar\/ea705fa375f21b62a2facac16bc19ee8d664629e3399a374a188d355bc5d00b9?s=96&d=mm&r=g\",\"contentUrl\":\"https:\/\/secure.gravatar.com\/avatar\/ea705fa375f21b62a2facac16bc19ee8d664629e3399a374a188d355bc5d00b9?s=96&d=mm&r=g\",\"caption\":\"Phane\"}}]}<\/script>\n<!-- \/ Yoast SEO plugin. -->","yoast_head_json":{"title":"Claude Monet, des jardins en h\u00e9ritage - Impressionist adventures","robots":{"index":"index","follow":"follow","max-snippet":"max-snippet:-1","max-image-preview":"max-image-preview:large","max-video-preview":"max-video-preview:-1"},"canonical":"https:\/\/voyagesimpressionnistes.com\/en\/seine-estuary\/claude-monet-des-jardins-en-heritage\/","og_locale":"en_US","og_type":"article","og_title":"Claude Monet, des jardins en h\u00e9ritage - Impressionist adventures","og_description":"Du 11 juillet au 1er novembre 2026, \u00e0 l&#8217;occasion du [...]","og_url":"https:\/\/voyagesimpressionnistes.com\/en\/seine-estuary\/claude-monet-des-jardins-en-heritage\/","og_site_name":"Impressionist adventures","article_publisher":"https:\/\/www.facebook.com\/LesVoyagesImpressionnistes\/","article_published_time":"2026-04-29T08:59:35+00:00","og_image":[{"width":1600,"height":900,"url":"https:\/\/voyagesimpressionnistes.com\/wp-content\/uploads\/2021\/06\/vi-slider-default.jpg","type":"image\/jpeg"}],"author":"Phane","twitter_card":"summary_large_image","twitter_misc":{"Written by":"Phane","Est. reading time":"3 minutes"},"schema":{"@context":"https:\/\/schema.org","@graph":[{"@type":["Article","BlogPosting"],"@id":"https:\/\/voyagesimpressionnistes.com\/en\/seine-estuary\/claude-monet-des-jardins-en-heritage\/#article","isPartOf":{"@id":"https:\/\/voyagesimpressionnistes.com\/en\/seine-estuary\/claude-monet-des-jardins-en-heritage\/"},"author":{"name":"Phane","@id":"https:\/\/voyagesimpressionnistes.com\/en\/#\/schema\/person\/78c37c19aa7ae1bd6f4902f296c80e5f"},"headline":"Claude Monet, des jardins en h\u00e9ritage","datePublished":"2026-04-29T08:59:35+00:00","mainEntityOfPage":{"@id":"https:\/\/voyagesimpressionnistes.com\/en\/seine-estuary\/claude-monet-des-jardins-en-heritage\/"},"wordCount":666,"publisher":{"@id":"https:\/\/voyagesimpressionnistes.com\/en\/#organization"},"image":{"@id":"https:\/\/voyagesimpressionnistes.com\/en\/seine-estuary\/claude-monet-des-jardins-en-heritage\/#primaryimage"},"thumbnailUrl":"https:\/\/voyagesimpressionnistes.com\/wp-content\/uploads\/2026\/04\/franciscaines-monet.jpg","keywords":["Diary"],"articleSection":["The Seine Estuary"],"inLanguage":"en-US"},{"@type":"WebPage","@id":"https:\/\/voyagesimpressionnistes.com\/en\/seine-estuary\/claude-monet-des-jardins-en-heritage\/","url":"https:\/\/voyagesimpressionnistes.com\/en\/seine-estuary\/claude-monet-des-jardins-en-heritage\/","name":"Claude Monet, des jardins en h\u00e9ritage - Impressionist adventures","isPartOf":{"@id":"https:\/\/voyagesimpressionnistes.com\/en\/#website"},"primaryImageOfPage":{"@id":"https:\/\/voyagesimpressionnistes.com\/en\/seine-estuary\/claude-monet-des-jardins-en-heritage\/#primaryimage"},"image":{"@id":"https:\/\/voyagesimpressionnistes.com\/en\/seine-estuary\/claude-monet-des-jardins-en-heritage\/#primaryimage"},"thumbnailUrl":"https:\/\/voyagesimpressionnistes.com\/wp-content\/uploads\/2026\/04\/franciscaines-monet.jpg","datePublished":"2026-04-29T08:59:35+00:00","breadcrumb":{"@id":"https:\/\/voyagesimpressionnistes.com\/en\/seine-estuary\/claude-monet-des-jardins-en-heritage\/#breadcrumb"},"inLanguage":"en-US","potentialAction":[{"@type":"ReadAction","target":["https:\/\/voyagesimpressionnistes.com\/en\/seine-estuary\/claude-monet-des-jardins-en-heritage\/"]}]},{"@type":"ImageObject","inLanguage":"en-US","@id":"https:\/\/voyagesimpressionnistes.com\/en\/seine-estuary\/claude-monet-des-jardins-en-heritage\/#primaryimage","url":"https:\/\/voyagesimpressionnistes.com\/wp-content\/uploads\/2026\/04\/franciscaines-monet.jpg","contentUrl":"https:\/\/voyagesimpressionnistes.com\/wp-content\/uploads\/2026\/04\/franciscaines-monet.jpg","width":1920,"height":1184,"caption":"\"Claude Monet, des jardins en h\u00e9ritage\" : visuel de l'exposition aux Franciscaines (Deauville)"},{"@type":"BreadcrumbList","@id":"https:\/\/voyagesimpressionnistes.com\/en\/seine-estuary\/claude-monet-des-jardins-en-heritage\/#breadcrumb","itemListElement":[{"@type":"ListItem","position":1,"name":"Uncategorized","item":"https:\/\/voyagesimpressionnistes.com\/en\/uncategorized\/"},{"@type":"ListItem","position":2,"name":"Claude Monet, des jardins en h\u00e9ritage"}]},{"@type":"WebSite","@id":"https:\/\/voyagesimpressionnistes.com\/en\/#website","url":"https:\/\/voyagesimpressionnistes.com\/en\/","name":"Impressionist adventures","description":"Inspiring moments","publisher":{"@id":"https:\/\/voyagesimpressionnistes.com\/en\/#organization"},"potentialAction":[{"@type":"SearchAction","target":{"@type":"EntryPoint","urlTemplate":"https:\/\/voyagesimpressionnistes.com\/en\/?s={search_term_string}"},"query-input":{"@type":"PropertyValueSpecification","valueRequired":true,"valueName":"search_term_string"}}],"inLanguage":"en-US"},{"@type":"Organization","@id":"https:\/\/voyagesimpressionnistes.com\/en\/#organization","name":"Voyages Impressionnistes","url":"https:\/\/voyagesimpressionnistes.com\/en\/","logo":{"@type":"ImageObject","inLanguage":"en-US","@id":"https:\/\/voyagesimpressionnistes.com\/en\/#\/schema\/logo\/image\/","url":"https:\/\/voyagesimpressionnistes.com\/wp-content\/uploads\/2021\/06\/vi-logo-507x216-1.svg","contentUrl":"https:\/\/voyagesimpressionnistes.com\/wp-content\/uploads\/2021\/06\/vi-logo-507x216-1.svg","width":507,"height":216,"caption":"Voyages Impressionnistes"},"image":{"@id":"https:\/\/voyagesimpressionnistes.com\/en\/#\/schema\/logo\/image\/"},"sameAs":["https:\/\/www.facebook.com\/LesVoyagesImpressionnistes\/"]},{"@type":"Person","@id":"https:\/\/voyagesimpressionnistes.com\/en\/#\/schema\/person\/78c37c19aa7ae1bd6f4902f296c80e5f","name":"Phane","image":{"@type":"ImageObject","inLanguage":"en-US","@id":"https:\/\/voyagesimpressionnistes.com\/en\/#\/schema\/person\/image\/","url":"https:\/\/secure.gravatar.com\/avatar\/ea705fa375f21b62a2facac16bc19ee8d664629e3399a374a188d355bc5d00b9?s=96&d=mm&r=g","contentUrl":"https:\/\/secure.gravatar.com\/avatar\/ea705fa375f21b62a2facac16bc19ee8d664629e3399a374a188d355bc5d00b9?s=96&d=mm&r=g","caption":"Phane"}}]}},"jetpack_featured_media_url":"https:\/\/voyagesimpressionnistes.com\/wp-content\/uploads\/2026\/04\/franciscaines-monet.jpg","jetpack_sharing_enabled":true,"_links":{"self":[{"href":"https:\/\/voyagesimpressionnistes.com\/en\/wp-json\/wp\/v2\/posts\/16881","targetHints":{"allow":["GET"]}}],"collection":[{"href":"https:\/\/voyagesimpressionnistes.com\/en\/wp-json\/wp\/v2\/posts"}],"about":[{"href":"https:\/\/voyagesimpressionnistes.com\/en\/wp-json\/wp\/v2\/types\/post"}],"author":[{"embeddable":true,"href":"https:\/\/voyagesimpressionnistes.com\/en\/wp-json\/wp\/v2\/users\/2"}],"replies":[{"embeddable":true,"href":"https:\/\/voyagesimpressionnistes.com\/en\/wp-json\/wp\/v2\/comments?post=16881"}],"version-history":[{"count":0,"href":"https:\/\/voyagesimpressionnistes.com\/en\/wp-json\/wp\/v2\/posts\/16881\/revisions"}],"wp:featuredmedia":[{"embeddable":true,"href":"https:\/\/voyagesimpressionnistes.com\/en\/wp-json\/wp\/v2\/media\/16880"}],"wp:attachment":[{"href":"https:\/\/voyagesimpressionnistes.com\/en\/wp-json\/wp\/v2\/media?parent=16881"}],"wp:term":[{"taxonomy":"category","embeddable":true,"href":"https:\/\/voyagesimpressionnistes.com\/en\/wp-json\/wp\/v2\/categories?post=16881"},{"taxonomy":"slider_une","embeddable":true,"href":"https:\/\/voyagesimpressionnistes.com\/en\/wp-json\/wp\/v2\/slider_une?post=16881"},{"taxonomy":"regions","embeddable":true,"href":"https:\/\/voyagesimpressionnistes.com\/en\/wp-json\/wp\/v2\/regions?post=16881"},{"taxonomy":"coups_coeur","embeddable":true,"href":"https:\/\/voyagesimpressionnistes.com\/en\/wp-json\/wp\/v2\/coups_coeur?post=16881"},{"taxonomy":"inspiration-type","embeddable":true,"href":"https:\/\/voyagesimpressionnistes.com\/en\/wp-json\/wp\/v2\/inspiration-type?post=16881"},{"taxonomy":"label","embeddable":true,"href":"https:\/\/voyagesimpressionnistes.com\/en\/wp-json\/wp\/v2\/label?post=16881"},{"taxonomy":"categories-agenda","embeddable":true,"href":"https:\/\/voyagesimpressionnistes.com\/en\/wp-json\/wp\/v2\/categories-agenda?post=16881"}],"curies":[{"name":"wp","href":"https:\/\/api.w.org\/{rel}","templated":true}]}}