{"id":18168,"date":"2026-09-02T18:24:09","date_gmt":"2026-09-02T16:24:09","guid":{"rendered":"https:\/\/voyagesimpressionnistes.com\/?p=18168"},"modified":"2026-09-02T18:24:09","modified_gmt":"2026-09-02T16:24:09","slug":"assiette-inspiree-par-monet","status":"publish","type":"post","link":"https:\/\/voyagesimpressionnistes.com\/en\/rouen-the-seine-meanders\/assiette-inspiree-par-monet\/","title":{"rendered":"Assiette inspir\u00e9e par Monet"},"content":{"rendered":"<p>La Ferme du Bourg s&#8217;inspire du tableau <em>Chrysanth\u00e8mes<\/em> de Claude Monet pour composer une assiette mettant \u00e0 l&#8217;honneur les produits du terroir normand : lamelles de radis noir et capucines \u00e9voquant les fleurs, chips de jambon cru et de radis, mousse d&#8217;ail confit, granola de graines et huile de persil, pour un rendu visuel proche d&#8217;un bouquet.<\/p>\n<p>Cette assiette cr\u00e9\u00e9e \u00e0 l&#8217;occasion du <a href=\"https:\/\/voyagesimpressionnistes.com\/en\/all-areas\/centenary-of-claude-monets-passing\/\">centenaire de la disparition de Claude Monet<\/a> et dans le cadre de la d\u00e9marche &#8220;<a href=\"https:\/\/voyagesimpressionnistes.com\/en\/all-areas\/monet-the-foodie\/\">Monet Gourmet<\/a>&#8221; sera disponible du 15 avril au 15 d\u00e9cembre 2026.<\/p>\n","protected":false},"excerpt":{"rendered":"<p>La Ferme du Bourg s&#8217;inspire du tableau Chrysanth\u00e8mes de Claude  [&#8230;]<\/p>\n","protected":false},"author":2,"featured_media":18882,"comment_status":"closed","ping_status":"closed","sticky":false,"template":"","format":"standard","meta":{"_acf_changed":false,"inline_featured_image":false,"_jetpack_newsletter_access":"","_jetpack_dont_email_post_to_subs":false,"_jetpack_newsletter_tier_id":0,"_jetpack_memberships_contains_paywalled_content":false,"_jetpack_feature_clip_id":0,"_jetpack_memberships_contains_paid_content":false,"footnotes":"","jetpack_post_was_ever_published":false},"categories":[88],"slider_une":[],"regions":[133],"coups_coeur":[],"inspiration-type":[],"label":[183,184],"categories-agenda":[180],"class_list":["post-18168","post","type-post","status-publish","format-standard","has-post-thumbnail","hentry","category-rouen-the-seine-meanders","tag-diary","regions-normandy","label-monet-centenary","label-monet-foodie","categories-agenda-gastronomy-guinguette"],"acf":[],"yoast_head":"<!-- This site is optimized with the Yoast SEO plugin v28.0 - https:\/\/yoast.com\/product\/yoast-seo-wordpress\/ -->\n<title>Assiette inspir\u00e9e par Monet - Impressionist adventures<\/title>\n<meta name=\"robots\" content=\"index, follow, max-snippet:-1, max-image-preview:large, max-video-preview:-1\" \/>\n<link rel=\"canonical\" href=\"https:\/\/voyagesimpressionnistes.com\/en\/rouen-the-seine-meanders\/assiette-inspiree-par-monet\/\" \/>\n<meta property=\"og:locale\" content=\"en_US\" \/>\n<meta property=\"og:type\" content=\"article\" \/>\n<meta property=\"og:title\" content=\"Assiette inspir\u00e9e par Monet - Impressionist adventures\" \/>\n<meta property=\"og:description\" content=\"La Ferme du Bourg s&#8217;inspire du tableau Chrysanth\u00e8mes de Claude [...]\" \/>\n<meta property=\"og:url\" content=\"https:\/\/voyagesimpressionnistes.com\/en\/rouen-the-seine-meanders\/assiette-inspiree-par-monet\/\" \/>\n<meta property=\"og:site_name\" content=\"Impressionist adventures\" \/>\n<meta property=\"article:publisher\" content=\"https:\/\/www.facebook.com\/LesVoyagesImpressionnistes\/\" \/>\n<meta property=\"article:published_time\" content=\"2026-09-02T16:24:09+00:00\" \/>\n<meta property=\"og:image\" content=\"https:\/\/voyagesimpressionnistes.com\/wp-content\/uploads\/2026\/07\/Visuel-Monet-Gourmet-par-defaut-2.jpg\" \/>\n\t<meta property=\"og:image:width\" content=\"1200\" \/>\n\t<meta property=\"og:image:height\" content=\"782\" \/>\n\t<meta property=\"og:image:type\" content=\"image\/jpeg\" \/>\n<meta name=\"author\" content=\"Phane\" \/>\n<meta name=\"twitter:card\" content=\"summary_large_image\" \/>\n<meta name=\"twitter:label1\" content=\"Written by\" \/>\n\t<meta name=\"twitter:data1\" content=\"Phane\" \/>\n<script type=\"application\/ld+json\" class=\"yoast-schema-graph\">{\"@context\":\"https:\\\/\\\/schema.org\",\"@graph\":[{\"@type\":[\"Article\",\"BlogPosting\"],\"@id\":\"https:\\\/\\\/voyagesimpressionnistes.com\\\/en\\\/rouen-the-seine-meanders\\\/assiette-inspiree-par-monet\\\/#article\",\"isPartOf\":{\"@id\":\"https:\\\/\\\/voyagesimpressionnistes.com\\\/en\\\/rouen-the-seine-meanders\\\/assiette-inspiree-par-monet\\\/\"},\"author\":{\"name\":\"Phane\",\"@id\":\"https:\\\/\\\/voyagesimpressionnistes.com\\\/en\\\/#\\\/schema\\\/person\\\/78c37c19aa7ae1bd6f4902f296c80e5f\"},\"headline\":\"Assiette inspir\u00e9e par Monet\",\"datePublished\":\"2026-09-02T16:24:09+00:00\",\"mainEntityOfPage\":{\"@id\":\"https:\\\/\\\/voyagesimpressionnistes.com\\\/en\\\/rouen-the-seine-meanders\\\/assiette-inspiree-par-monet\\\/\"},\"wordCount\":96,\"publisher\":{\"@id\":\"https:\\\/\\\/voyagesimpressionnistes.com\\\/en\\\/#organization\"},\"image\":{\"@id\":\"https:\\\/\\\/voyagesimpressionnistes.com\\\/en\\\/rouen-the-seine-meanders\\\/assiette-inspiree-par-monet\\\/#primaryimage\"},\"thumbnailUrl\":\"https:\\\/\\\/voyagesimpressionnistes.com\\\/wp-content\\\/uploads\\\/2026\\\/09\\\/ferme-du-bourg-monet-gourmet.jpg\",\"keywords\":[\"Diary\"],\"articleSection\":[\"Rouen &amp; the Seine\u2019s meanders\"],\"inLanguage\":\"en-US\"},{\"@type\":\"WebPage\",\"@id\":\"https:\\\/\\\/voyagesimpressionnistes.com\\\/en\\\/rouen-the-seine-meanders\\\/assiette-inspiree-par-monet\\\/\",\"url\":\"https:\\\/\\\/voyagesimpressionnistes.com\\\/en\\\/rouen-the-seine-meanders\\\/assiette-inspiree-par-monet\\\/\",\"name\":\"Assiette inspir\u00e9e par Monet - Impressionist adventures\",\"isPartOf\":{\"@id\":\"https:\\\/\\\/voyagesimpressionnistes.com\\\/en\\\/#website\"},\"primaryImageOfPage\":{\"@id\":\"https:\\\/\\\/voyagesimpressionnistes.com\\\/en\\\/rouen-the-seine-meanders\\\/assiette-inspiree-par-monet\\\/#primaryimage\"},\"image\":{\"@id\":\"https:\\\/\\\/voyagesimpressionnistes.com\\\/en\\\/rouen-the-seine-meanders\\\/assiette-inspiree-par-monet\\\/#primaryimage\"},\"thumbnailUrl\":\"https:\\\/\\\/voyagesimpressionnistes.com\\\/wp-content\\\/uploads\\\/2026\\\/09\\\/ferme-du-bourg-monet-gourmet.jpg\",\"datePublished\":\"2026-09-02T16:24:09+00:00\",\"breadcrumb\":{\"@id\":\"https:\\\/\\\/voyagesimpressionnistes.com\\\/en\\\/rouen-the-seine-meanders\\\/assiette-inspiree-par-monet\\\/#breadcrumb\"},\"inLanguage\":\"en-US\",\"potentialAction\":[{\"@type\":\"ReadAction\",\"target\":[\"https:\\\/\\\/voyagesimpressionnistes.com\\\/en\\\/rouen-the-seine-meanders\\\/assiette-inspiree-par-monet\\\/\"]}]},{\"@type\":\"ImageObject\",\"inLanguage\":\"en-US\",\"@id\":\"https:\\\/\\\/voyagesimpressionnistes.com\\\/en\\\/rouen-the-seine-meanders\\\/assiette-inspiree-par-monet\\\/#primaryimage\",\"url\":\"https:\\\/\\\/voyagesimpressionnistes.com\\\/wp-content\\\/uploads\\\/2026\\\/09\\\/ferme-du-bourg-monet-gourmet.jpg\",\"contentUrl\":\"https:\\\/\\\/voyagesimpressionnistes.com\\\/wp-content\\\/uploads\\\/2026\\\/09\\\/ferme-du-bourg-monet-gourmet.jpg\",\"width\":400,\"height\":400,\"caption\":\"Assiette inspir\u00e9e par Monet \u00e0 la Ferme du Bourg, pour le centenaire de la disparition de Monet et \\\"Monet Gourmet\\\" 2026\"},{\"@type\":\"BreadcrumbList\",\"@id\":\"https:\\\/\\\/voyagesimpressionnistes.com\\\/en\\\/rouen-the-seine-meanders\\\/assiette-inspiree-par-monet\\\/#breadcrumb\",\"itemListElement\":[{\"@type\":\"ListItem\",\"position\":1,\"name\":\"Rouen &amp; the Seine\u2019s meanders\",\"item\":\"https:\\\/\\\/voyagesimpressionnistes.com\\\/en\\\/rouen-the-seine-meanders\\\/\"},{\"@type\":\"ListItem\",\"position\":2,\"name\":\"Assiette inspir\u00e9e par Monet\"}]},{\"@type\":\"WebSite\",\"@id\":\"https:\\\/\\\/voyagesimpressionnistes.com\\\/en\\\/#website\",\"url\":\"https:\\\/\\\/voyagesimpressionnistes.com\\\/en\\\/\",\"name\":\"Impressionist adventures\",\"description\":\"Inspiring moments\",\"publisher\":{\"@id\":\"https:\\\/\\\/voyagesimpressionnistes.com\\\/en\\\/#organization\"},\"potentialAction\":[{\"@type\":\"SearchAction\",\"target\":{\"@type\":\"EntryPoint\",\"urlTemplate\":\"https:\\\/\\\/voyagesimpressionnistes.com\\\/en\\\/?s={search_term_string}\"},\"query-input\":{\"@type\":\"PropertyValueSpecification\",\"valueRequired\":true,\"valueName\":\"search_term_string\"}}],\"inLanguage\":\"en-US\"},{\"@type\":\"Organization\",\"@id\":\"https:\\\/\\\/voyagesimpressionnistes.com\\\/en\\\/#organization\",\"name\":\"Voyages Impressionnistes\",\"url\":\"https:\\\/\\\/voyagesimpressionnistes.com\\\/en\\\/\",\"logo\":{\"@type\":\"ImageObject\",\"inLanguage\":\"en-US\",\"@id\":\"https:\\\/\\\/voyagesimpressionnistes.com\\\/en\\\/#\\\/schema\\\/logo\\\/image\\\/\",\"url\":\"https:\\\/\\\/voyagesimpressionnistes.com\\\/wp-content\\\/uploads\\\/2021\\\/06\\\/vi-logo-507x216-1.svg\",\"contentUrl\":\"https:\\\/\\\/voyagesimpressionnistes.com\\\/wp-content\\\/uploads\\\/2021\\\/06\\\/vi-logo-507x216-1.svg\",\"width\":507,\"height\":216,\"caption\":\"Voyages Impressionnistes\"},\"image\":{\"@id\":\"https:\\\/\\\/voyagesimpressionnistes.com\\\/en\\\/#\\\/schema\\\/logo\\\/image\\\/\"},\"sameAs\":[\"https:\\\/\\\/www.facebook.com\\\/LesVoyagesImpressionnistes\\\/\"]},{\"@type\":\"Person\",\"@id\":\"https:\\\/\\\/voyagesimpressionnistes.com\\\/en\\\/#\\\/schema\\\/person\\\/78c37c19aa7ae1bd6f4902f296c80e5f\",\"name\":\"Phane\",\"image\":{\"@type\":\"ImageObject\",\"inLanguage\":\"en-US\",\"@id\":\"https:\\\/\\\/secure.gravatar.com\\\/avatar\\\/ea705fa375f21b62a2facac16bc19ee8d664629e3399a374a188d355bc5d00b9?s=96&d=mm&r=g\",\"url\":\"https:\\\/\\\/secure.gravatar.com\\\/avatar\\\/ea705fa375f21b62a2facac16bc19ee8d664629e3399a374a188d355bc5d00b9?s=96&d=mm&r=g\",\"contentUrl\":\"https:\\\/\\\/secure.gravatar.com\\\/avatar\\\/ea705fa375f21b62a2facac16bc19ee8d664629e3399a374a188d355bc5d00b9?s=96&d=mm&r=g\",\"caption\":\"Phane\"}}]}<\/script>\n<!-- \/ Yoast SEO plugin. -->","yoast_head_json":{"title":"Assiette inspir\u00e9e par Monet - Impressionist adventures","robots":{"index":"index","follow":"follow","max-snippet":"max-snippet:-1","max-image-preview":"max-image-preview:large","max-video-preview":"max-video-preview:-1"},"canonical":"https:\/\/voyagesimpressionnistes.com\/en\/rouen-the-seine-meanders\/assiette-inspiree-par-monet\/","og_locale":"en_US","og_type":"article","og_title":"Assiette inspir\u00e9e par Monet - Impressionist adventures","og_description":"La Ferme du Bourg s&#8217;inspire du tableau Chrysanth\u00e8mes de Claude [...]","og_url":"https:\/\/voyagesimpressionnistes.com\/en\/rouen-the-seine-meanders\/assiette-inspiree-par-monet\/","og_site_name":"Impressionist adventures","article_publisher":"https:\/\/www.facebook.com\/LesVoyagesImpressionnistes\/","article_published_time":"2026-09-02T16:24:09+00:00","og_image":[{"width":1200,"height":782,"url":"https:\/\/voyagesimpressionnistes.com\/wp-content\/uploads\/2026\/07\/Visuel-Monet-Gourmet-par-defaut-2.jpg","type":"image\/jpeg"}],"author":"Phane","twitter_card":"summary_large_image","twitter_misc":{"Written by":"Phane"},"schema":{"@context":"https:\/\/schema.org","@graph":[{"@type":["Article","BlogPosting"],"@id":"https:\/\/voyagesimpressionnistes.com\/en\/rouen-the-seine-meanders\/assiette-inspiree-par-monet\/#article","isPartOf":{"@id":"https:\/\/voyagesimpressionnistes.com\/en\/rouen-the-seine-meanders\/assiette-inspiree-par-monet\/"},"author":{"name":"Phane","@id":"https:\/\/voyagesimpressionnistes.com\/en\/#\/schema\/person\/78c37c19aa7ae1bd6f4902f296c80e5f"},"headline":"Assiette inspir\u00e9e par Monet","datePublished":"2026-09-02T16:24:09+00:00","mainEntityOfPage":{"@id":"https:\/\/voyagesimpressionnistes.com\/en\/rouen-the-seine-meanders\/assiette-inspiree-par-monet\/"},"wordCount":96,"publisher":{"@id":"https:\/\/voyagesimpressionnistes.com\/en\/#organization"},"image":{"@id":"https:\/\/voyagesimpressionnistes.com\/en\/rouen-the-seine-meanders\/assiette-inspiree-par-monet\/#primaryimage"},"thumbnailUrl":"https:\/\/voyagesimpressionnistes.com\/wp-content\/uploads\/2026\/09\/ferme-du-bourg-monet-gourmet.jpg","keywords":["Diary"],"articleSection":["Rouen &amp; the Seine\u2019s meanders"],"inLanguage":"en-US"},{"@type":"WebPage","@id":"https:\/\/voyagesimpressionnistes.com\/en\/rouen-the-seine-meanders\/assiette-inspiree-par-monet\/","url":"https:\/\/voyagesimpressionnistes.com\/en\/rouen-the-seine-meanders\/assiette-inspiree-par-monet\/","name":"Assiette inspir\u00e9e par Monet - Impressionist adventures","isPartOf":{"@id":"https:\/\/voyagesimpressionnistes.com\/en\/#website"},"primaryImageOfPage":{"@id":"https:\/\/voyagesimpressionnistes.com\/en\/rouen-the-seine-meanders\/assiette-inspiree-par-monet\/#primaryimage"},"image":{"@id":"https:\/\/voyagesimpressionnistes.com\/en\/rouen-the-seine-meanders\/assiette-inspiree-par-monet\/#primaryimage"},"thumbnailUrl":"https:\/\/voyagesimpressionnistes.com\/wp-content\/uploads\/2026\/09\/ferme-du-bourg-monet-gourmet.jpg","datePublished":"2026-09-02T16:24:09+00:00","breadcrumb":{"@id":"https:\/\/voyagesimpressionnistes.com\/en\/rouen-the-seine-meanders\/assiette-inspiree-par-monet\/#breadcrumb"},"inLanguage":"en-US","potentialAction":[{"@type":"ReadAction","target":["https:\/\/voyagesimpressionnistes.com\/en\/rouen-the-seine-meanders\/assiette-inspiree-par-monet\/"]}]},{"@type":"ImageObject","inLanguage":"en-US","@id":"https:\/\/voyagesimpressionnistes.com\/en\/rouen-the-seine-meanders\/assiette-inspiree-par-monet\/#primaryimage","url":"https:\/\/voyagesimpressionnistes.com\/wp-content\/uploads\/2026\/09\/ferme-du-bourg-monet-gourmet.jpg","contentUrl":"https:\/\/voyagesimpressionnistes.com\/wp-content\/uploads\/2026\/09\/ferme-du-bourg-monet-gourmet.jpg","width":400,"height":400,"caption":"Assiette inspir\u00e9e par Monet \u00e0 la Ferme du Bourg, pour le centenaire de la disparition de Monet et \"Monet Gourmet\" 2026"},{"@type":"BreadcrumbList","@id":"https:\/\/voyagesimpressionnistes.com\/en\/rouen-the-seine-meanders\/assiette-inspiree-par-monet\/#breadcrumb","itemListElement":[{"@type":"ListItem","position":1,"name":"Rouen &amp; the Seine\u2019s meanders","item":"https:\/\/voyagesimpressionnistes.com\/en\/rouen-the-seine-meanders\/"},{"@type":"ListItem","position":2,"name":"Assiette inspir\u00e9e par Monet"}]},{"@type":"WebSite","@id":"https:\/\/voyagesimpressionnistes.com\/en\/#website","url":"https:\/\/voyagesimpressionnistes.com\/en\/","name":"Impressionist adventures","description":"Inspiring moments","publisher":{"@id":"https:\/\/voyagesimpressionnistes.com\/en\/#organization"},"potentialAction":[{"@type":"SearchAction","target":{"@type":"EntryPoint","urlTemplate":"https:\/\/voyagesimpressionnistes.com\/en\/?s={search_term_string}"},"query-input":{"@type":"PropertyValueSpecification","valueRequired":true,"valueName":"search_term_string"}}],"inLanguage":"en-US"},{"@type":"Organization","@id":"https:\/\/voyagesimpressionnistes.com\/en\/#organization","name":"Voyages Impressionnistes","url":"https:\/\/voyagesimpressionnistes.com\/en\/","logo":{"@type":"ImageObject","inLanguage":"en-US","@id":"https:\/\/voyagesimpressionnistes.com\/en\/#\/schema\/logo\/image\/","url":"https:\/\/voyagesimpressionnistes.com\/wp-content\/uploads\/2021\/06\/vi-logo-507x216-1.svg","contentUrl":"https:\/\/voyagesimpressionnistes.com\/wp-content\/uploads\/2021\/06\/vi-logo-507x216-1.svg","width":507,"height":216,"caption":"Voyages Impressionnistes"},"image":{"@id":"https:\/\/voyagesimpressionnistes.com\/en\/#\/schema\/logo\/image\/"},"sameAs":["https:\/\/www.facebook.com\/LesVoyagesImpressionnistes\/"]},{"@type":"Person","@id":"https:\/\/voyagesimpressionnistes.com\/en\/#\/schema\/person\/78c37c19aa7ae1bd6f4902f296c80e5f","name":"Phane","image":{"@type":"ImageObject","inLanguage":"en-US","@id":"https:\/\/secure.gravatar.com\/avatar\/ea705fa375f21b62a2facac16bc19ee8d664629e3399a374a188d355bc5d00b9?s=96&d=mm&r=g","url":"https:\/\/secure.gravatar.com\/avatar\/ea705fa375f21b62a2facac16bc19ee8d664629e3399a374a188d355bc5d00b9?s=96&d=mm&r=g","contentUrl":"https:\/\/secure.gravatar.com\/avatar\/ea705fa375f21b62a2facac16bc19ee8d664629e3399a374a188d355bc5d00b9?s=96&d=mm&r=g","caption":"Phane"}}]}},"jetpack_featured_media_url":"https:\/\/voyagesimpressionnistes.com\/wp-content\/uploads\/2026\/09\/ferme-du-bourg-monet-gourmet.jpg","jetpack_sharing_enabled":true,"_links":{"self":[{"href":"https:\/\/voyagesimpressionnistes.com\/en\/wp-json\/wp\/v2\/posts\/18168","targetHints":{"allow":["GET"]}}],"collection":[{"href":"https:\/\/voyagesimpressionnistes.com\/en\/wp-json\/wp\/v2\/posts"}],"about":[{"href":"https:\/\/voyagesimpressionnistes.com\/en\/wp-json\/wp\/v2\/types\/post"}],"author":[{"embeddable":true,"href":"https:\/\/voyagesimpressionnistes.com\/en\/wp-json\/wp\/v2\/users\/2"}],"replies":[{"embeddable":true,"href":"https:\/\/voyagesimpressionnistes.com\/en\/wp-json\/wp\/v2\/comments?post=18168"}],"version-history":[{"count":2,"href":"https:\/\/voyagesimpressionnistes.com\/en\/wp-json\/wp\/v2\/posts\/18168\/revisions"}],"predecessor-version":[{"id":18883,"href":"https:\/\/voyagesimpressionnistes.com\/en\/wp-json\/wp\/v2\/posts\/18168\/revisions\/18883"}],"wp:featuredmedia":[{"embeddable":true,"href":"https:\/\/voyagesimpressionnistes.com\/en\/wp-json\/wp\/v2\/media\/18882"}],"wp:attachment":[{"href":"https:\/\/voyagesimpressionnistes.com\/en\/wp-json\/wp\/v2\/media?parent=18168"}],"wp:term":[{"taxonomy":"category","embeddable":true,"href":"https:\/\/voyagesimpressionnistes.com\/en\/wp-json\/wp\/v2\/categories?post=18168"},{"taxonomy":"slider_une","embeddable":true,"href":"https:\/\/voyagesimpressionnistes.com\/en\/wp-json\/wp\/v2\/slider_une?post=18168"},{"taxonomy":"regions","embeddable":true,"href":"https:\/\/voyagesimpressionnistes.com\/en\/wp-json\/wp\/v2\/regions?post=18168"},{"taxonomy":"coups_coeur","embeddable":true,"href":"https:\/\/voyagesimpressionnistes.com\/en\/wp-json\/wp\/v2\/coups_coeur?post=18168"},{"taxonomy":"inspiration-type","embeddable":true,"href":"https:\/\/voyagesimpressionnistes.com\/en\/wp-json\/wp\/v2\/inspiration-type?post=18168"},{"taxonomy":"label","embeddable":true,"href":"https:\/\/voyagesimpressionnistes.com\/en\/wp-json\/wp\/v2\/label?post=18168"},{"taxonomy":"categories-agenda","embeddable":true,"href":"https:\/\/voyagesimpressionnistes.com\/en\/wp-json\/wp\/v2\/categories-agenda?post=18168"}],"curies":[{"name":"wp","href":"https:\/\/api.w.org\/{rel}","templated":true}]}}