{"id":18349,"date":"2026-09-03T13:09:07","date_gmt":"2026-09-03T11:09:07","guid":{"rendered":"https:\/\/voyagesimpressionnistes.com\/?p=18349"},"modified":"2026-09-03T13:09:07","modified_gmt":"2026-09-03T11:09:07","slug":"vexin-millenaire-magny-en-vexin","status":"publish","type":"post","link":"https:\/\/voyagesimpressionnistes.com\/en\/auvers-oise-valley\/vexin-millenaire-magny-en-vexin\/","title":{"rendered":"Vexin mill\u00e9naire : Magny-en-Vexin"},"content":{"rendered":"<p>Le 17 octobre 2026, l&#8217;association des Guides du Vexin fran\u00e7ais, avec la collaboration du Parc naturel r\u00e9gional du Vexin fran\u00e7ais organise une balade guid\u00e9e \u00e0 Magny-en-Vexin. Anim\u00e9e par Olivier Gervot, guide du Vexin fran\u00e7ais, dans le cadre de <em>Vexin millenaire<\/em>, elle racontera histoires et patrimoines de ce bourg embl\u00e9matique du Vexin fran\u00e7ais.<\/p>\n<p>Comment d\u00e9crire ce petit bourg vexinois riche de deux mille ans d\u2019histoire et abritant un patrimoine architectural et vernaculaire de qualit\u00e9 \u00e0 chaque coin de ses rues ? Magny&#8230;fique \u00e9videmment ! La visite guid\u00e9e (2 km environ) se perd dans les ruelles m\u00e9di\u00e9vales de cette ancienne cit\u00e9 fortifi\u00e9e pour d\u00e9couvrir son pass\u00e9. De son lavoir, l\u2019un des plus anciens du Vexin, \u00e0 son incroyable \u00e9glise Notre-Dame-de-la-nativit\u00e9, en pleine renaissance, en passant par l\u2019ancienne place des Halles et les souvenirs des anciens commerces\u2026<\/p>\n","protected":false},"excerpt":{"rendered":"<p>Le 17 octobre 2026, l&#8217;association des Guides du Vexin fran\u00e7ais,  [&#8230;]<\/p>\n","protected":false},"author":2,"featured_media":16955,"comment_status":"closed","ping_status":"closed","sticky":false,"template":"","format":"standard","meta":{"_acf_changed":false,"inline_featured_image":false,"_jetpack_newsletter_access":"","_jetpack_dont_email_post_to_subs":false,"_jetpack_newsletter_tier_id":0,"_jetpack_memberships_contains_paywalled_content":false,"_jetpack_feature_clip_id":0,"_jetpack_memberships_contains_paid_content":false,"footnotes":"","jetpack_post_was_ever_published":false},"categories":[80],"slider_une":[],"regions":[132],"coups_coeur":[],"inspiration-type":[],"label":[],"categories-agenda":[174],"class_list":["post-18349","post","type-post","status-publish","format-standard","has-post-thumbnail","hentry","category-auvers-oise-valley","tag-diary","regions-idf-en","categories-agenda-walk-hike"],"acf":[],"yoast_head":"<!-- This site is optimized with the Yoast SEO plugin v28.0 - https:\/\/yoast.com\/product\/yoast-seo-wordpress\/ -->\n<title>Vexin mill\u00e9naire : Magny-en-Vexin - Impressionist adventures<\/title>\n<meta name=\"robots\" content=\"index, follow, max-snippet:-1, max-image-preview:large, max-video-preview:-1\" \/>\n<link rel=\"canonical\" href=\"https:\/\/voyagesimpressionnistes.com\/en\/auvers-oise-valley\/vexin-millenaire-magny-en-vexin\/\" \/>\n<meta property=\"og:locale\" content=\"en_US\" \/>\n<meta property=\"og:type\" content=\"article\" \/>\n<meta property=\"og:title\" content=\"Vexin mill\u00e9naire : Magny-en-Vexin - Impressionist adventures\" \/>\n<meta property=\"og:description\" content=\"Le 17 octobre 2026, l&#8217;association des Guides du Vexin fran\u00e7ais, [...]\" \/>\n<meta property=\"og:url\" content=\"https:\/\/voyagesimpressionnistes.com\/en\/auvers-oise-valley\/vexin-millenaire-magny-en-vexin\/\" \/>\n<meta property=\"og:site_name\" content=\"Impressionist adventures\" \/>\n<meta property=\"article:publisher\" content=\"https:\/\/www.facebook.com\/LesVoyagesImpressionnistes\/\" \/>\n<meta property=\"article:published_time\" content=\"2026-09-03T11:09:07+00:00\" \/>\n<meta property=\"og:image\" content=\"https:\/\/voyagesimpressionnistes.com\/wp-content\/uploads\/2026\/05\/37301776-diaporama.jpg\" \/>\n\t<meta property=\"og:image:width\" content=\"903\" \/>\n\t<meta property=\"og:image:height\" content=\"600\" \/>\n\t<meta property=\"og:image:type\" content=\"image\/jpeg\" \/>\n<meta name=\"author\" content=\"Phane\" \/>\n<meta name=\"twitter:card\" content=\"summary_large_image\" \/>\n<meta name=\"twitter:label1\" content=\"Written by\" \/>\n\t<meta name=\"twitter:data1\" content=\"Phane\" \/>\n\t<meta name=\"twitter:label2\" content=\"Est. reading time\" \/>\n\t<meta name=\"twitter:data2\" content=\"1 minute\" \/>\n<script type=\"application\/ld+json\" class=\"yoast-schema-graph\">{\"@context\":\"https:\\\/\\\/schema.org\",\"@graph\":[{\"@type\":[\"Article\",\"BlogPosting\"],\"@id\":\"https:\\\/\\\/voyagesimpressionnistes.com\\\/en\\\/auvers-oise-valley\\\/vexin-millenaire-magny-en-vexin\\\/#article\",\"isPartOf\":{\"@id\":\"https:\\\/\\\/voyagesimpressionnistes.com\\\/en\\\/auvers-oise-valley\\\/vexin-millenaire-magny-en-vexin\\\/\"},\"author\":{\"name\":\"Phane\",\"@id\":\"https:\\\/\\\/voyagesimpressionnistes.com\\\/en\\\/#\\\/schema\\\/person\\\/78c37c19aa7ae1bd6f4902f296c80e5f\"},\"headline\":\"Vexin mill\u00e9naire : Magny-en-Vexin\",\"datePublished\":\"2026-09-03T11:09:07+00:00\",\"mainEntityOfPage\":{\"@id\":\"https:\\\/\\\/voyagesimpressionnistes.com\\\/en\\\/auvers-oise-valley\\\/vexin-millenaire-magny-en-vexin\\\/\"},\"wordCount\":149,\"publisher\":{\"@id\":\"https:\\\/\\\/voyagesimpressionnistes.com\\\/en\\\/#organization\"},\"image\":{\"@id\":\"https:\\\/\\\/voyagesimpressionnistes.com\\\/en\\\/auvers-oise-valley\\\/vexin-millenaire-magny-en-vexin\\\/#primaryimage\"},\"thumbnailUrl\":\"https:\\\/\\\/voyagesimpressionnistes.com\\\/wp-content\\\/uploads\\\/2026\\\/05\\\/37301776-diaporama.jpg\",\"keywords\":[\"Diary\"],\"articleSection\":[\"Auvers &amp; the Oise valley\"],\"inLanguage\":\"en-US\"},{\"@type\":\"WebPage\",\"@id\":\"https:\\\/\\\/voyagesimpressionnistes.com\\\/en\\\/auvers-oise-valley\\\/vexin-millenaire-magny-en-vexin\\\/\",\"url\":\"https:\\\/\\\/voyagesimpressionnistes.com\\\/en\\\/auvers-oise-valley\\\/vexin-millenaire-magny-en-vexin\\\/\",\"name\":\"Vexin mill\u00e9naire : Magny-en-Vexin - Impressionist adventures\",\"isPartOf\":{\"@id\":\"https:\\\/\\\/voyagesimpressionnistes.com\\\/en\\\/#website\"},\"primaryImageOfPage\":{\"@id\":\"https:\\\/\\\/voyagesimpressionnistes.com\\\/en\\\/auvers-oise-valley\\\/vexin-millenaire-magny-en-vexin\\\/#primaryimage\"},\"image\":{\"@id\":\"https:\\\/\\\/voyagesimpressionnistes.com\\\/en\\\/auvers-oise-valley\\\/vexin-millenaire-magny-en-vexin\\\/#primaryimage\"},\"thumbnailUrl\":\"https:\\\/\\\/voyagesimpressionnistes.com\\\/wp-content\\\/uploads\\\/2026\\\/05\\\/37301776-diaporama.jpg\",\"datePublished\":\"2026-09-03T11:09:07+00:00\",\"breadcrumb\":{\"@id\":\"https:\\\/\\\/voyagesimpressionnistes.com\\\/en\\\/auvers-oise-valley\\\/vexin-millenaire-magny-en-vexin\\\/#breadcrumb\"},\"inLanguage\":\"en-US\",\"potentialAction\":[{\"@type\":\"ReadAction\",\"target\":[\"https:\\\/\\\/voyagesimpressionnistes.com\\\/en\\\/auvers-oise-valley\\\/vexin-millenaire-magny-en-vexin\\\/\"]}]},{\"@type\":\"ImageObject\",\"inLanguage\":\"en-US\",\"@id\":\"https:\\\/\\\/voyagesimpressionnistes.com\\\/en\\\/auvers-oise-valley\\\/vexin-millenaire-magny-en-vexin\\\/#primaryimage\",\"url\":\"https:\\\/\\\/voyagesimpressionnistes.com\\\/wp-content\\\/uploads\\\/2026\\\/05\\\/37301776-diaporama.jpg\",\"contentUrl\":\"https:\\\/\\\/voyagesimpressionnistes.com\\\/wp-content\\\/uploads\\\/2026\\\/05\\\/37301776-diaporama.jpg\",\"width\":903,\"height\":600,\"caption\":\"Visite guid\u00e9e \\\"Vexin mill\u00e9naire : Magny-en-Vexin\\\"\"},{\"@type\":\"BreadcrumbList\",\"@id\":\"https:\\\/\\\/voyagesimpressionnistes.com\\\/en\\\/auvers-oise-valley\\\/vexin-millenaire-magny-en-vexin\\\/#breadcrumb\",\"itemListElement\":[{\"@type\":\"ListItem\",\"position\":1,\"name\":\"Auvers &amp; the Oise valley\",\"item\":\"https:\\\/\\\/voyagesimpressionnistes.com\\\/en\\\/auvers-oise-valley\\\/\"},{\"@type\":\"ListItem\",\"position\":2,\"name\":\"Vexin mill\u00e9naire : Magny-en-Vexin\"}]},{\"@type\":\"WebSite\",\"@id\":\"https:\\\/\\\/voyagesimpressionnistes.com\\\/en\\\/#website\",\"url\":\"https:\\\/\\\/voyagesimpressionnistes.com\\\/en\\\/\",\"name\":\"Impressionist adventures\",\"description\":\"Inspiring moments\",\"publisher\":{\"@id\":\"https:\\\/\\\/voyagesimpressionnistes.com\\\/en\\\/#organization\"},\"potentialAction\":[{\"@type\":\"SearchAction\",\"target\":{\"@type\":\"EntryPoint\",\"urlTemplate\":\"https:\\\/\\\/voyagesimpressionnistes.com\\\/en\\\/?s={search_term_string}\"},\"query-input\":{\"@type\":\"PropertyValueSpecification\",\"valueRequired\":true,\"valueName\":\"search_term_string\"}}],\"inLanguage\":\"en-US\"},{\"@type\":\"Organization\",\"@id\":\"https:\\\/\\\/voyagesimpressionnistes.com\\\/en\\\/#organization\",\"name\":\"Voyages Impressionnistes\",\"url\":\"https:\\\/\\\/voyagesimpressionnistes.com\\\/en\\\/\",\"logo\":{\"@type\":\"ImageObject\",\"inLanguage\":\"en-US\",\"@id\":\"https:\\\/\\\/voyagesimpressionnistes.com\\\/en\\\/#\\\/schema\\\/logo\\\/image\\\/\",\"url\":\"https:\\\/\\\/voyagesimpressionnistes.com\\\/wp-content\\\/uploads\\\/2021\\\/06\\\/vi-logo-507x216-1.svg\",\"contentUrl\":\"https:\\\/\\\/voyagesimpressionnistes.com\\\/wp-content\\\/uploads\\\/2021\\\/06\\\/vi-logo-507x216-1.svg\",\"width\":507,\"height\":216,\"caption\":\"Voyages Impressionnistes\"},\"image\":{\"@id\":\"https:\\\/\\\/voyagesimpressionnistes.com\\\/en\\\/#\\\/schema\\\/logo\\\/image\\\/\"},\"sameAs\":[\"https:\\\/\\\/www.facebook.com\\\/LesVoyagesImpressionnistes\\\/\"]},{\"@type\":\"Person\",\"@id\":\"https:\\\/\\\/voyagesimpressionnistes.com\\\/en\\\/#\\\/schema\\\/person\\\/78c37c19aa7ae1bd6f4902f296c80e5f\",\"name\":\"Phane\",\"image\":{\"@type\":\"ImageObject\",\"inLanguage\":\"en-US\",\"@id\":\"https:\\\/\\\/secure.gravatar.com\\\/avatar\\\/ea705fa375f21b62a2facac16bc19ee8d664629e3399a374a188d355bc5d00b9?s=96&d=mm&r=g\",\"url\":\"https:\\\/\\\/secure.gravatar.com\\\/avatar\\\/ea705fa375f21b62a2facac16bc19ee8d664629e3399a374a188d355bc5d00b9?s=96&d=mm&r=g\",\"contentUrl\":\"https:\\\/\\\/secure.gravatar.com\\\/avatar\\\/ea705fa375f21b62a2facac16bc19ee8d664629e3399a374a188d355bc5d00b9?s=96&d=mm&r=g\",\"caption\":\"Phane\"}}]}<\/script>\n<!-- \/ Yoast SEO plugin. -->","yoast_head_json":{"title":"Vexin mill\u00e9naire : Magny-en-Vexin - Impressionist adventures","robots":{"index":"index","follow":"follow","max-snippet":"max-snippet:-1","max-image-preview":"max-image-preview:large","max-video-preview":"max-video-preview:-1"},"canonical":"https:\/\/voyagesimpressionnistes.com\/en\/auvers-oise-valley\/vexin-millenaire-magny-en-vexin\/","og_locale":"en_US","og_type":"article","og_title":"Vexin mill\u00e9naire : Magny-en-Vexin - Impressionist adventures","og_description":"Le 17 octobre 2026, l&#8217;association des Guides du Vexin fran\u00e7ais, [...]","og_url":"https:\/\/voyagesimpressionnistes.com\/en\/auvers-oise-valley\/vexin-millenaire-magny-en-vexin\/","og_site_name":"Impressionist adventures","article_publisher":"https:\/\/www.facebook.com\/LesVoyagesImpressionnistes\/","article_published_time":"2026-09-03T11:09:07+00:00","og_image":[{"width":903,"height":600,"url":"https:\/\/voyagesimpressionnistes.com\/wp-content\/uploads\/2026\/05\/37301776-diaporama.jpg","type":"image\/jpeg"}],"author":"Phane","twitter_card":"summary_large_image","twitter_misc":{"Written by":"Phane","Est. reading time":"1 minute"},"schema":{"@context":"https:\/\/schema.org","@graph":[{"@type":["Article","BlogPosting"],"@id":"https:\/\/voyagesimpressionnistes.com\/en\/auvers-oise-valley\/vexin-millenaire-magny-en-vexin\/#article","isPartOf":{"@id":"https:\/\/voyagesimpressionnistes.com\/en\/auvers-oise-valley\/vexin-millenaire-magny-en-vexin\/"},"author":{"name":"Phane","@id":"https:\/\/voyagesimpressionnistes.com\/en\/#\/schema\/person\/78c37c19aa7ae1bd6f4902f296c80e5f"},"headline":"Vexin mill\u00e9naire : Magny-en-Vexin","datePublished":"2026-09-03T11:09:07+00:00","mainEntityOfPage":{"@id":"https:\/\/voyagesimpressionnistes.com\/en\/auvers-oise-valley\/vexin-millenaire-magny-en-vexin\/"},"wordCount":149,"publisher":{"@id":"https:\/\/voyagesimpressionnistes.com\/en\/#organization"},"image":{"@id":"https:\/\/voyagesimpressionnistes.com\/en\/auvers-oise-valley\/vexin-millenaire-magny-en-vexin\/#primaryimage"},"thumbnailUrl":"https:\/\/voyagesimpressionnistes.com\/wp-content\/uploads\/2026\/05\/37301776-diaporama.jpg","keywords":["Diary"],"articleSection":["Auvers &amp; the Oise valley"],"inLanguage":"en-US"},{"@type":"WebPage","@id":"https:\/\/voyagesimpressionnistes.com\/en\/auvers-oise-valley\/vexin-millenaire-magny-en-vexin\/","url":"https:\/\/voyagesimpressionnistes.com\/en\/auvers-oise-valley\/vexin-millenaire-magny-en-vexin\/","name":"Vexin mill\u00e9naire : Magny-en-Vexin - Impressionist adventures","isPartOf":{"@id":"https:\/\/voyagesimpressionnistes.com\/en\/#website"},"primaryImageOfPage":{"@id":"https:\/\/voyagesimpressionnistes.com\/en\/auvers-oise-valley\/vexin-millenaire-magny-en-vexin\/#primaryimage"},"image":{"@id":"https:\/\/voyagesimpressionnistes.com\/en\/auvers-oise-valley\/vexin-millenaire-magny-en-vexin\/#primaryimage"},"thumbnailUrl":"https:\/\/voyagesimpressionnistes.com\/wp-content\/uploads\/2026\/05\/37301776-diaporama.jpg","datePublished":"2026-09-03T11:09:07+00:00","breadcrumb":{"@id":"https:\/\/voyagesimpressionnistes.com\/en\/auvers-oise-valley\/vexin-millenaire-magny-en-vexin\/#breadcrumb"},"inLanguage":"en-US","potentialAction":[{"@type":"ReadAction","target":["https:\/\/voyagesimpressionnistes.com\/en\/auvers-oise-valley\/vexin-millenaire-magny-en-vexin\/"]}]},{"@type":"ImageObject","inLanguage":"en-US","@id":"https:\/\/voyagesimpressionnistes.com\/en\/auvers-oise-valley\/vexin-millenaire-magny-en-vexin\/#primaryimage","url":"https:\/\/voyagesimpressionnistes.com\/wp-content\/uploads\/2026\/05\/37301776-diaporama.jpg","contentUrl":"https:\/\/voyagesimpressionnistes.com\/wp-content\/uploads\/2026\/05\/37301776-diaporama.jpg","width":903,"height":600,"caption":"Visite guid\u00e9e \"Vexin mill\u00e9naire : Magny-en-Vexin\""},{"@type":"BreadcrumbList","@id":"https:\/\/voyagesimpressionnistes.com\/en\/auvers-oise-valley\/vexin-millenaire-magny-en-vexin\/#breadcrumb","itemListElement":[{"@type":"ListItem","position":1,"name":"Auvers &amp; the Oise valley","item":"https:\/\/voyagesimpressionnistes.com\/en\/auvers-oise-valley\/"},{"@type":"ListItem","position":2,"name":"Vexin mill\u00e9naire : Magny-en-Vexin"}]},{"@type":"WebSite","@id":"https:\/\/voyagesimpressionnistes.com\/en\/#website","url":"https:\/\/voyagesimpressionnistes.com\/en\/","name":"Impressionist adventures","description":"Inspiring moments","publisher":{"@id":"https:\/\/voyagesimpressionnistes.com\/en\/#organization"},"potentialAction":[{"@type":"SearchAction","target":{"@type":"EntryPoint","urlTemplate":"https:\/\/voyagesimpressionnistes.com\/en\/?s={search_term_string}"},"query-input":{"@type":"PropertyValueSpecification","valueRequired":true,"valueName":"search_term_string"}}],"inLanguage":"en-US"},{"@type":"Organization","@id":"https:\/\/voyagesimpressionnistes.com\/en\/#organization","name":"Voyages Impressionnistes","url":"https:\/\/voyagesimpressionnistes.com\/en\/","logo":{"@type":"ImageObject","inLanguage":"en-US","@id":"https:\/\/voyagesimpressionnistes.com\/en\/#\/schema\/logo\/image\/","url":"https:\/\/voyagesimpressionnistes.com\/wp-content\/uploads\/2021\/06\/vi-logo-507x216-1.svg","contentUrl":"https:\/\/voyagesimpressionnistes.com\/wp-content\/uploads\/2021\/06\/vi-logo-507x216-1.svg","width":507,"height":216,"caption":"Voyages Impressionnistes"},"image":{"@id":"https:\/\/voyagesimpressionnistes.com\/en\/#\/schema\/logo\/image\/"},"sameAs":["https:\/\/www.facebook.com\/LesVoyagesImpressionnistes\/"]},{"@type":"Person","@id":"https:\/\/voyagesimpressionnistes.com\/en\/#\/schema\/person\/78c37c19aa7ae1bd6f4902f296c80e5f","name":"Phane","image":{"@type":"ImageObject","inLanguage":"en-US","@id":"https:\/\/secure.gravatar.com\/avatar\/ea705fa375f21b62a2facac16bc19ee8d664629e3399a374a188d355bc5d00b9?s=96&d=mm&r=g","url":"https:\/\/secure.gravatar.com\/avatar\/ea705fa375f21b62a2facac16bc19ee8d664629e3399a374a188d355bc5d00b9?s=96&d=mm&r=g","contentUrl":"https:\/\/secure.gravatar.com\/avatar\/ea705fa375f21b62a2facac16bc19ee8d664629e3399a374a188d355bc5d00b9?s=96&d=mm&r=g","caption":"Phane"}}]}},"jetpack_featured_media_url":"https:\/\/voyagesimpressionnistes.com\/wp-content\/uploads\/2026\/05\/37301776-diaporama.jpg","jetpack_sharing_enabled":true,"_links":{"self":[{"href":"https:\/\/voyagesimpressionnistes.com\/en\/wp-json\/wp\/v2\/posts\/18349","targetHints":{"allow":["GET"]}}],"collection":[{"href":"https:\/\/voyagesimpressionnistes.com\/en\/wp-json\/wp\/v2\/posts"}],"about":[{"href":"https:\/\/voyagesimpressionnistes.com\/en\/wp-json\/wp\/v2\/types\/post"}],"author":[{"embeddable":true,"href":"https:\/\/voyagesimpressionnistes.com\/en\/wp-json\/wp\/v2\/users\/2"}],"replies":[{"embeddable":true,"href":"https:\/\/voyagesimpressionnistes.com\/en\/wp-json\/wp\/v2\/comments?post=18349"}],"version-history":[{"count":2,"href":"https:\/\/voyagesimpressionnistes.com\/en\/wp-json\/wp\/v2\/posts\/18349\/revisions"}],"predecessor-version":[{"id":18913,"href":"https:\/\/voyagesimpressionnistes.com\/en\/wp-json\/wp\/v2\/posts\/18349\/revisions\/18913"}],"wp:featuredmedia":[{"embeddable":true,"href":"https:\/\/voyagesimpressionnistes.com\/en\/wp-json\/wp\/v2\/media\/16955"}],"wp:attachment":[{"href":"https:\/\/voyagesimpressionnistes.com\/en\/wp-json\/wp\/v2\/media?parent=18349"}],"wp:term":[{"taxonomy":"category","embeddable":true,"href":"https:\/\/voyagesimpressionnistes.com\/en\/wp-json\/wp\/v2\/categories?post=18349"},{"taxonomy":"slider_une","embeddable":true,"href":"https:\/\/voyagesimpressionnistes.com\/en\/wp-json\/wp\/v2\/slider_une?post=18349"},{"taxonomy":"regions","embeddable":true,"href":"https:\/\/voyagesimpressionnistes.com\/en\/wp-json\/wp\/v2\/regions?post=18349"},{"taxonomy":"coups_coeur","embeddable":true,"href":"https:\/\/voyagesimpressionnistes.com\/en\/wp-json\/wp\/v2\/coups_coeur?post=18349"},{"taxonomy":"inspiration-type","embeddable":true,"href":"https:\/\/voyagesimpressionnistes.com\/en\/wp-json\/wp\/v2\/inspiration-type?post=18349"},{"taxonomy":"label","embeddable":true,"href":"https:\/\/voyagesimpressionnistes.com\/en\/wp-json\/wp\/v2\/label?post=18349"},{"taxonomy":"categories-agenda","embeddable":true,"href":"https:\/\/voyagesimpressionnistes.com\/en\/wp-json\/wp\/v2\/categories-agenda?post=18349"}],"curies":[{"name":"wp","href":"https:\/\/api.w.org\/{rel}","templated":true}]}}