{"id":4827,"date":"2022-01-18T16:51:56","date_gmt":"2022-01-18T15:51:56","guid":{"rendered":"https:\/\/www.voyagesimpressionnistes.com\/preprod\/uncategorized\/musee-departemental-mallarme\/"},"modified":"2023-11-09T14:04:16","modified_gmt":"2023-11-09T13:04:16","slug":"musee-departemental-mallarme","status":"publish","type":"post","link":"https:\/\/voyagesimpressionnistes.com\/en\/barbizon-yerres\/musee-departemental-mallarme\/","title":{"rendered":"Mus\u00e9e d\u00e9partemental Mallarm\u00e9"},"content":{"rendered":"<p>This house served from 1874 until his death in 1898 as a holiday home for St\u00e9phane Mallarm\u00e9, an \u201cImpressionist poet\u201d, according to Victor Hugo, and \u201cbest friend\u201d and defender of \u00c9douard Manet. Now it has become the Mus\u00e9e D\u00e9partemental Mallarm\u00e9.<\/p>\n<p>Reconstituted using Mallarm\u00e9\u2019s furniture and personal objects, as well as paintings by some of his artist friends, today it enables visitors to discover where he lived and created as a poet and art critic. Berthe Morisot and her daughter Julie Manet painted in the lovely gardens, parts devoted to flowers, others to garden produce.<\/p>\n","protected":false},"excerpt":{"rendered":"<p>This house served from 1874 until his death in 1898  [&#8230;]<\/p>\n","protected":false},"author":2,"featured_media":7093,"comment_status":"closed","ping_status":"closed","sticky":false,"template":"","format":"standard","meta":{"_acf_changed":false,"inline_featured_image":false,"_jetpack_memberships_contains_paid_content":false,"footnotes":""},"categories":[81],"slider_une":[],"regions":[132],"coups_coeur":[],"inspiration-type":[],"label":[],"categories-agenda":[],"class_list":["post-4827","post","type-post","status-publish","format-standard","has-post-thumbnail","hentry","category-barbizon-yerres","tag-museums-sites","regions-idf-en"],"acf":[],"yoast_head":"<!-- This site is optimized with the Yoast SEO plugin v26.3 - https:\/\/yoast.com\/wordpress\/plugins\/seo\/ -->\n<title>Mus\u00e9e d\u00e9partemental Mallarm\u00e9 - Impressionist adventures<\/title>\n<meta name=\"description\" content=\"The Mus\u00e9e D\u00e9partemental Mallarm\u00e9 was the holiday home of this poet who counted many Impressionist artists, including Manet, as friends.\" \/>\n<meta name=\"robots\" content=\"index, follow, max-snippet:-1, max-image-preview:large, max-video-preview:-1\" \/>\n<link rel=\"canonical\" href=\"https:\/\/voyagesimpressionnistes.com\/en\/barbizon-yerres\/musee-departemental-mallarme\/\" \/>\n<meta property=\"og:locale\" content=\"en_US\" \/>\n<meta property=\"og:type\" content=\"article\" \/>\n<meta property=\"og:title\" content=\"Mus\u00e9e d\u00e9partemental Mallarm\u00e9 - Impressionist adventures\" \/>\n<meta property=\"og:description\" content=\"The Mus\u00e9e D\u00e9partemental Mallarm\u00e9 was the holiday home of this poet who counted many Impressionist artists, including Manet, as friends.\" \/>\n<meta property=\"og:url\" content=\"https:\/\/voyagesimpressionnistes.com\/en\/barbizon-yerres\/musee-departemental-mallarme\/\" \/>\n<meta property=\"og:site_name\" content=\"Impressionist adventures\" \/>\n<meta property=\"article:publisher\" content=\"https:\/\/www.facebook.com\/LesVoyagesImpressionnistes\/\" \/>\n<meta property=\"article:published_time\" content=\"2022-01-18T15:51:56+00:00\" \/>\n<meta property=\"article:modified_time\" content=\"2023-11-09T13:04:16+00:00\" \/>\n<meta property=\"og:image\" content=\"https:\/\/voyagesimpressionnistes.com\/wp-content\/uploads\/2021\/09\/26.10.2023-Yvan-BourhisDAPMDCG-77.jpg\" \/>\n\t<meta property=\"og:image:width\" content=\"1920\" \/>\n\t<meta property=\"og:image:height\" content=\"1280\" \/>\n\t<meta property=\"og:image:type\" content=\"image\/jpeg\" \/>\n<meta name=\"author\" content=\"Phane\" \/>\n<meta name=\"twitter:card\" content=\"summary_large_image\" \/>\n<meta name=\"twitter:label1\" content=\"Written by\" \/>\n\t<meta name=\"twitter:data1\" content=\"Phane\" \/>\n<script type=\"application\/ld+json\" class=\"yoast-schema-graph\">{\"@context\":\"https:\/\/schema.org\",\"@graph\":[{\"@type\":[\"Article\",\"BlogPosting\"],\"@id\":\"https:\/\/voyagesimpressionnistes.com\/en\/barbizon-yerres\/musee-departemental-mallarme\/#article\",\"isPartOf\":{\"@id\":\"https:\/\/voyagesimpressionnistes.com\/en\/barbizon-yerres\/musee-departemental-mallarme\/\"},\"author\":{\"name\":\"Phane\",\"@id\":\"https:\/\/voyagesimpressionnistes.com\/en\/#\/schema\/person\/78c37c19aa7ae1bd6f4902f296c80e5f\"},\"headline\":\"Mus\u00e9e d\u00e9partemental Mallarm\u00e9\",\"datePublished\":\"2022-01-18T15:51:56+00:00\",\"dateModified\":\"2023-11-09T13:04:16+00:00\",\"mainEntityOfPage\":{\"@id\":\"https:\/\/voyagesimpressionnistes.com\/en\/barbizon-yerres\/musee-departemental-mallarme\/\"},\"wordCount\":101,\"publisher\":{\"@id\":\"https:\/\/voyagesimpressionnistes.com\/en\/#organization\"},\"image\":{\"@id\":\"https:\/\/voyagesimpressionnistes.com\/en\/barbizon-yerres\/musee-departemental-mallarme\/#primaryimage\"},\"thumbnailUrl\":\"https:\/\/voyagesimpressionnistes.com\/wp-content\/uploads\/2021\/09\/26.10.2023-Yvan-BourhisDAPMDCG-77.jpg\",\"keywords\":[\"Museums &amp; sites\"],\"articleSection\":[\"Barbizon, its surrounds &amp; Yerres\"],\"inLanguage\":\"en-US\"},{\"@type\":\"WebPage\",\"@id\":\"https:\/\/voyagesimpressionnistes.com\/en\/barbizon-yerres\/musee-departemental-mallarme\/\",\"url\":\"https:\/\/voyagesimpressionnistes.com\/en\/barbizon-yerres\/musee-departemental-mallarme\/\",\"name\":\"Mus\u00e9e d\u00e9partemental Mallarm\u00e9 - Impressionist adventures\",\"isPartOf\":{\"@id\":\"https:\/\/voyagesimpressionnistes.com\/en\/#website\"},\"primaryImageOfPage\":{\"@id\":\"https:\/\/voyagesimpressionnistes.com\/en\/barbizon-yerres\/musee-departemental-mallarme\/#primaryimage\"},\"image\":{\"@id\":\"https:\/\/voyagesimpressionnistes.com\/en\/barbizon-yerres\/musee-departemental-mallarme\/#primaryimage\"},\"thumbnailUrl\":\"https:\/\/voyagesimpressionnistes.com\/wp-content\/uploads\/2021\/09\/26.10.2023-Yvan-BourhisDAPMDCG-77.jpg\",\"datePublished\":\"2022-01-18T15:51:56+00:00\",\"dateModified\":\"2023-11-09T13:04:16+00:00\",\"description\":\"The Mus\u00e9e D\u00e9partemental Mallarm\u00e9 was the holiday home of this poet who counted many Impressionist artists, including Manet, as friends.\",\"breadcrumb\":{\"@id\":\"https:\/\/voyagesimpressionnistes.com\/en\/barbizon-yerres\/musee-departemental-mallarme\/#breadcrumb\"},\"inLanguage\":\"en-US\",\"potentialAction\":[{\"@type\":\"ReadAction\",\"target\":[\"https:\/\/voyagesimpressionnistes.com\/en\/barbizon-yerres\/musee-departemental-mallarme\/\"]}]},{\"@type\":\"ImageObject\",\"inLanguage\":\"en-US\",\"@id\":\"https:\/\/voyagesimpressionnistes.com\/en\/barbizon-yerres\/musee-departemental-mallarme\/#primaryimage\",\"url\":\"https:\/\/voyagesimpressionnistes.com\/wp-content\/uploads\/2021\/09\/26.10.2023-Yvan-BourhisDAPMDCG-77.jpg\",\"contentUrl\":\"https:\/\/voyagesimpressionnistes.com\/wp-content\/uploads\/2021\/09\/26.10.2023-Yvan-BourhisDAPMDCG-77.jpg\",\"width\":1920,\"height\":1280,\"caption\":\"Mus\u00e9e d\u00e9partemental Mallarm\u00e9 \u00a9 Yvan Bourhis \/ DAPMD \/ CG 77\"},{\"@type\":\"BreadcrumbList\",\"@id\":\"https:\/\/voyagesimpressionnistes.com\/en\/barbizon-yerres\/musee-departemental-mallarme\/#breadcrumb\",\"itemListElement\":[{\"@type\":\"ListItem\",\"position\":1,\"name\":\"Barbizon, its surrounds &amp; Yerres\",\"item\":\"https:\/\/voyagesimpressionnistes.com\/en\/barbizon-yerres\/\"},{\"@type\":\"ListItem\",\"position\":2,\"name\":\"Mus\u00e9e d\u00e9partemental Mallarm\u00e9\"}]},{\"@type\":\"WebSite\",\"@id\":\"https:\/\/voyagesimpressionnistes.com\/en\/#website\",\"url\":\"https:\/\/voyagesimpressionnistes.com\/en\/\",\"name\":\"Impressionist adventures\",\"description\":\"Inspiring moments\",\"publisher\":{\"@id\":\"https:\/\/voyagesimpressionnistes.com\/en\/#organization\"},\"potentialAction\":[{\"@type\":\"SearchAction\",\"target\":{\"@type\":\"EntryPoint\",\"urlTemplate\":\"https:\/\/voyagesimpressionnistes.com\/en\/?s={search_term_string}\"},\"query-input\":{\"@type\":\"PropertyValueSpecification\",\"valueRequired\":true,\"valueName\":\"search_term_string\"}}],\"inLanguage\":\"en-US\"},{\"@type\":\"Organization\",\"@id\":\"https:\/\/voyagesimpressionnistes.com\/en\/#organization\",\"name\":\"Voyages Impressionnistes\",\"url\":\"https:\/\/voyagesimpressionnistes.com\/en\/\",\"logo\":{\"@type\":\"ImageObject\",\"inLanguage\":\"en-US\",\"@id\":\"https:\/\/voyagesimpressionnistes.com\/en\/#\/schema\/logo\/image\/\",\"url\":\"https:\/\/voyagesimpressionnistes.com\/wp-content\/uploads\/2021\/06\/vi-logo-507x216-1.svg\",\"contentUrl\":\"https:\/\/voyagesimpressionnistes.com\/wp-content\/uploads\/2021\/06\/vi-logo-507x216-1.svg\",\"width\":507,\"height\":216,\"caption\":\"Voyages Impressionnistes\"},\"image\":{\"@id\":\"https:\/\/voyagesimpressionnistes.com\/en\/#\/schema\/logo\/image\/\"},\"sameAs\":[\"https:\/\/www.facebook.com\/LesVoyagesImpressionnistes\/\"]},{\"@type\":\"Person\",\"@id\":\"https:\/\/voyagesimpressionnistes.com\/en\/#\/schema\/person\/78c37c19aa7ae1bd6f4902f296c80e5f\",\"name\":\"Phane\",\"image\":{\"@type\":\"ImageObject\",\"inLanguage\":\"en-US\",\"@id\":\"https:\/\/voyagesimpressionnistes.com\/en\/#\/schema\/person\/image\/\",\"url\":\"https:\/\/secure.gravatar.com\/avatar\/ea705fa375f21b62a2facac16bc19ee8d664629e3399a374a188d355bc5d00b9?s=96&d=mm&r=g\",\"contentUrl\":\"https:\/\/secure.gravatar.com\/avatar\/ea705fa375f21b62a2facac16bc19ee8d664629e3399a374a188d355bc5d00b9?s=96&d=mm&r=g\",\"caption\":\"Phane\"}}]}<\/script>\n<!-- \/ Yoast SEO plugin. -->","yoast_head_json":{"title":"Mus\u00e9e d\u00e9partemental Mallarm\u00e9 - Impressionist adventures","description":"The Mus\u00e9e D\u00e9partemental Mallarm\u00e9 was the holiday home of this poet who counted many Impressionist artists, including Manet, as friends.","robots":{"index":"index","follow":"follow","max-snippet":"max-snippet:-1","max-image-preview":"max-image-preview:large","max-video-preview":"max-video-preview:-1"},"canonical":"https:\/\/voyagesimpressionnistes.com\/en\/barbizon-yerres\/musee-departemental-mallarme\/","og_locale":"en_US","og_type":"article","og_title":"Mus\u00e9e d\u00e9partemental Mallarm\u00e9 - Impressionist adventures","og_description":"The Mus\u00e9e D\u00e9partemental Mallarm\u00e9 was the holiday home of this poet who counted many Impressionist artists, including Manet, as friends.","og_url":"https:\/\/voyagesimpressionnistes.com\/en\/barbizon-yerres\/musee-departemental-mallarme\/","og_site_name":"Impressionist adventures","article_publisher":"https:\/\/www.facebook.com\/LesVoyagesImpressionnistes\/","article_published_time":"2022-01-18T15:51:56+00:00","article_modified_time":"2023-11-09T13:04:16+00:00","og_image":[{"width":1920,"height":1280,"url":"https:\/\/voyagesimpressionnistes.com\/wp-content\/uploads\/2021\/09\/26.10.2023-Yvan-BourhisDAPMDCG-77.jpg","type":"image\/jpeg"}],"author":"Phane","twitter_card":"summary_large_image","twitter_misc":{"Written by":"Phane"},"schema":{"@context":"https:\/\/schema.org","@graph":[{"@type":["Article","BlogPosting"],"@id":"https:\/\/voyagesimpressionnistes.com\/en\/barbizon-yerres\/musee-departemental-mallarme\/#article","isPartOf":{"@id":"https:\/\/voyagesimpressionnistes.com\/en\/barbizon-yerres\/musee-departemental-mallarme\/"},"author":{"name":"Phane","@id":"https:\/\/voyagesimpressionnistes.com\/en\/#\/schema\/person\/78c37c19aa7ae1bd6f4902f296c80e5f"},"headline":"Mus\u00e9e d\u00e9partemental Mallarm\u00e9","datePublished":"2022-01-18T15:51:56+00:00","dateModified":"2023-11-09T13:04:16+00:00","mainEntityOfPage":{"@id":"https:\/\/voyagesimpressionnistes.com\/en\/barbizon-yerres\/musee-departemental-mallarme\/"},"wordCount":101,"publisher":{"@id":"https:\/\/voyagesimpressionnistes.com\/en\/#organization"},"image":{"@id":"https:\/\/voyagesimpressionnistes.com\/en\/barbizon-yerres\/musee-departemental-mallarme\/#primaryimage"},"thumbnailUrl":"https:\/\/voyagesimpressionnistes.com\/wp-content\/uploads\/2021\/09\/26.10.2023-Yvan-BourhisDAPMDCG-77.jpg","keywords":["Museums &amp; sites"],"articleSection":["Barbizon, its surrounds &amp; Yerres"],"inLanguage":"en-US"},{"@type":"WebPage","@id":"https:\/\/voyagesimpressionnistes.com\/en\/barbizon-yerres\/musee-departemental-mallarme\/","url":"https:\/\/voyagesimpressionnistes.com\/en\/barbizon-yerres\/musee-departemental-mallarme\/","name":"Mus\u00e9e d\u00e9partemental Mallarm\u00e9 - Impressionist adventures","isPartOf":{"@id":"https:\/\/voyagesimpressionnistes.com\/en\/#website"},"primaryImageOfPage":{"@id":"https:\/\/voyagesimpressionnistes.com\/en\/barbizon-yerres\/musee-departemental-mallarme\/#primaryimage"},"image":{"@id":"https:\/\/voyagesimpressionnistes.com\/en\/barbizon-yerres\/musee-departemental-mallarme\/#primaryimage"},"thumbnailUrl":"https:\/\/voyagesimpressionnistes.com\/wp-content\/uploads\/2021\/09\/26.10.2023-Yvan-BourhisDAPMDCG-77.jpg","datePublished":"2022-01-18T15:51:56+00:00","dateModified":"2023-11-09T13:04:16+00:00","description":"The Mus\u00e9e D\u00e9partemental Mallarm\u00e9 was the holiday home of this poet who counted many Impressionist artists, including Manet, as friends.","breadcrumb":{"@id":"https:\/\/voyagesimpressionnistes.com\/en\/barbizon-yerres\/musee-departemental-mallarme\/#breadcrumb"},"inLanguage":"en-US","potentialAction":[{"@type":"ReadAction","target":["https:\/\/voyagesimpressionnistes.com\/en\/barbizon-yerres\/musee-departemental-mallarme\/"]}]},{"@type":"ImageObject","inLanguage":"en-US","@id":"https:\/\/voyagesimpressionnistes.com\/en\/barbizon-yerres\/musee-departemental-mallarme\/#primaryimage","url":"https:\/\/voyagesimpressionnistes.com\/wp-content\/uploads\/2021\/09\/26.10.2023-Yvan-BourhisDAPMDCG-77.jpg","contentUrl":"https:\/\/voyagesimpressionnistes.com\/wp-content\/uploads\/2021\/09\/26.10.2023-Yvan-BourhisDAPMDCG-77.jpg","width":1920,"height":1280,"caption":"Mus\u00e9e d\u00e9partemental Mallarm\u00e9 \u00a9 Yvan Bourhis \/ DAPMD \/ CG 77"},{"@type":"BreadcrumbList","@id":"https:\/\/voyagesimpressionnistes.com\/en\/barbizon-yerres\/musee-departemental-mallarme\/#breadcrumb","itemListElement":[{"@type":"ListItem","position":1,"name":"Barbizon, its surrounds &amp; Yerres","item":"https:\/\/voyagesimpressionnistes.com\/en\/barbizon-yerres\/"},{"@type":"ListItem","position":2,"name":"Mus\u00e9e d\u00e9partemental Mallarm\u00e9"}]},{"@type":"WebSite","@id":"https:\/\/voyagesimpressionnistes.com\/en\/#website","url":"https:\/\/voyagesimpressionnistes.com\/en\/","name":"Impressionist adventures","description":"Inspiring moments","publisher":{"@id":"https:\/\/voyagesimpressionnistes.com\/en\/#organization"},"potentialAction":[{"@type":"SearchAction","target":{"@type":"EntryPoint","urlTemplate":"https:\/\/voyagesimpressionnistes.com\/en\/?s={search_term_string}"},"query-input":{"@type":"PropertyValueSpecification","valueRequired":true,"valueName":"search_term_string"}}],"inLanguage":"en-US"},{"@type":"Organization","@id":"https:\/\/voyagesimpressionnistes.com\/en\/#organization","name":"Voyages Impressionnistes","url":"https:\/\/voyagesimpressionnistes.com\/en\/","logo":{"@type":"ImageObject","inLanguage":"en-US","@id":"https:\/\/voyagesimpressionnistes.com\/en\/#\/schema\/logo\/image\/","url":"https:\/\/voyagesimpressionnistes.com\/wp-content\/uploads\/2021\/06\/vi-logo-507x216-1.svg","contentUrl":"https:\/\/voyagesimpressionnistes.com\/wp-content\/uploads\/2021\/06\/vi-logo-507x216-1.svg","width":507,"height":216,"caption":"Voyages Impressionnistes"},"image":{"@id":"https:\/\/voyagesimpressionnistes.com\/en\/#\/schema\/logo\/image\/"},"sameAs":["https:\/\/www.facebook.com\/LesVoyagesImpressionnistes\/"]},{"@type":"Person","@id":"https:\/\/voyagesimpressionnistes.com\/en\/#\/schema\/person\/78c37c19aa7ae1bd6f4902f296c80e5f","name":"Phane","image":{"@type":"ImageObject","inLanguage":"en-US","@id":"https:\/\/voyagesimpressionnistes.com\/en\/#\/schema\/person\/image\/","url":"https:\/\/secure.gravatar.com\/avatar\/ea705fa375f21b62a2facac16bc19ee8d664629e3399a374a188d355bc5d00b9?s=96&d=mm&r=g","contentUrl":"https:\/\/secure.gravatar.com\/avatar\/ea705fa375f21b62a2facac16bc19ee8d664629e3399a374a188d355bc5d00b9?s=96&d=mm&r=g","caption":"Phane"}}]}},"jetpack_featured_media_url":"https:\/\/voyagesimpressionnistes.com\/wp-content\/uploads\/2021\/09\/26.10.2023-Yvan-BourhisDAPMDCG-77.jpg","jetpack_sharing_enabled":true,"_links":{"self":[{"href":"https:\/\/voyagesimpressionnistes.com\/en\/wp-json\/wp\/v2\/posts\/4827","targetHints":{"allow":["GET"]}}],"collection":[{"href":"https:\/\/voyagesimpressionnistes.com\/en\/wp-json\/wp\/v2\/posts"}],"about":[{"href":"https:\/\/voyagesimpressionnistes.com\/en\/wp-json\/wp\/v2\/types\/post"}],"author":[{"embeddable":true,"href":"https:\/\/voyagesimpressionnistes.com\/en\/wp-json\/wp\/v2\/users\/2"}],"replies":[{"embeddable":true,"href":"https:\/\/voyagesimpressionnistes.com\/en\/wp-json\/wp\/v2\/comments?post=4827"}],"version-history":[{"count":1,"href":"https:\/\/voyagesimpressionnistes.com\/en\/wp-json\/wp\/v2\/posts\/4827\/revisions"}],"predecessor-version":[{"id":4828,"href":"https:\/\/voyagesimpressionnistes.com\/en\/wp-json\/wp\/v2\/posts\/4827\/revisions\/4828"}],"wp:featuredmedia":[{"embeddable":true,"href":"https:\/\/voyagesimpressionnistes.com\/en\/wp-json\/wp\/v2\/media\/7093"}],"wp:attachment":[{"href":"https:\/\/voyagesimpressionnistes.com\/en\/wp-json\/wp\/v2\/media?parent=4827"}],"wp:term":[{"taxonomy":"category","embeddable":true,"href":"https:\/\/voyagesimpressionnistes.com\/en\/wp-json\/wp\/v2\/categories?post=4827"},{"taxonomy":"slider_une","embeddable":true,"href":"https:\/\/voyagesimpressionnistes.com\/en\/wp-json\/wp\/v2\/slider_une?post=4827"},{"taxonomy":"regions","embeddable":true,"href":"https:\/\/voyagesimpressionnistes.com\/en\/wp-json\/wp\/v2\/regions?post=4827"},{"taxonomy":"coups_coeur","embeddable":true,"href":"https:\/\/voyagesimpressionnistes.com\/en\/wp-json\/wp\/v2\/coups_coeur?post=4827"},{"taxonomy":"inspiration-type","embeddable":true,"href":"https:\/\/voyagesimpressionnistes.com\/en\/wp-json\/wp\/v2\/inspiration-type?post=4827"},{"taxonomy":"label","embeddable":true,"href":"https:\/\/voyagesimpressionnistes.com\/en\/wp-json\/wp\/v2\/label?post=4827"},{"taxonomy":"categories-agenda","embeddable":true,"href":"https:\/\/voyagesimpressionnistes.com\/en\/wp-json\/wp\/v2\/categories-agenda?post=4827"}],"curies":[{"name":"wp","href":"https:\/\/api.w.org\/{rel}","templated":true}]}}