{"id":5738,"date":"2022-08-01T11:39:00","date_gmt":"2022-08-01T09:39:00","guid":{"rendered":"https:\/\/voyagesimpressionnistes.com\/uncategorized\/facing-the-sun-the-celestial-body-in-the-arts\/"},"modified":"2024-02-23T17:27:43","modified_gmt":"2024-02-23T16:27:43","slug":"facing-the-sun-the-celestial-body-in-the-arts","status":"publish","type":"post","link":"https:\/\/voyagesimpressionnistes.com\/en\/paris-montmartre\/facing-the-sun-the-celestial-body-in-the-arts\/","title":{"rendered":"Facing the Sun, the Celestial Body in the arts"},"content":{"rendered":"<p>On 13 November 1872, from the window of his hotel room in Le Havre, Claude Monet painted a view of the port in the dawn mist. Exhibited two years later under the title <em>Impression, soleil levant<\/em> (Impression, Sunrise), the work inspired art critic Louis Leroy to coin the term \u201c<em>Impressionism<\/em>\u201d, thus creating a name for the artists\u2019 group formed by Monet and his friends. In 2022, the <a href=\"\/paris-montmartre\/musee-marmottan-monet\/\">Mus\u00e9e Marmottan Monet<\/a> is celebrating <a href=\"\/paris-montmartre\/ressentir-aube-impressionnisme\/\">the 150th anniversary<\/a> of this centrepiece of its collections, paying tribute to it via the exhibition <em>Face au Soleil, un astre dans les arts<\/em> (Facing the Sun: the Celestial Body in the Arts).<\/p>\n<p>Thanks to 53 loaners, this exhibition features some 100 works in total, retracing the history of the representation of the Sun, from antiquity to the present. A rare ensemble of drawings, paintings, photographs and measuring instruments from the Paris Observatory illustrates the developments in astronomy down the centuries, reflecting also the evolution of landscape and atmospheric painting.<\/p>\n<p>From the Sun Gods of antiquity to mythological themes, the Sun was adopted as a symbol by the greatest sovereigns, notably France\u2019s so-called Sun King, Louis XIV. But the Sun also fascinated scientists, of course. Copernicus, in demonstrating that the Earth turned on its own axis and around the Sun (rather than the opposite, as previously thought) started a revolution that would influence the arts. The desire to represent the world as it truly is was taken up by painters who focused on and developed landscape art. The theme of nature depicted at sunrise or sunset held a particular fascination. Works by Peter-Paul Rubens, Claude Gell\u00e9e (or Lorrain), William Turner, Caspar David Friedrich, Gustave Courbet and Eug\u00e8ne Boudin retrace this development, while Claude Monet\u2019s <em>Impression, soleil levant<\/em> was a landmark piece.<\/p>\n<p>The period 1880-1914 marked a new stage. Alongside astronomy (a science of observation), astrophysics evolved, making it possible to study the physical nature of celestial objects. Such major scientific developments, widely reported in the press at the time, allowed people to learn much more about the Sun, including its chemical composition. The Sun became an object of study in itself, and a theme in itself for artists. They might no longer paint a landscape with our star making its presence felt from afar, but instead focus on the Sun with greater intensity. Each artistic movement created its own special vision of our star: naturalist and harmonious among Nordic painters like Valdemar Sch\u00f8nheyder M\u00f8ller, Laurits Tuxen and Anna Ancher; symbolist for F\u00e9lix Vallotton; poetic for fauvist Andr\u00e9 Derain; orphist for Delaunay; futurist for Wladimir Baranov-Rossin\u00e9; and expressionist or even tragic for Albert Trachsel, Otto Dix or Edvard Munch\u2026<\/p>\n<p>Around 1920, a further revolution occurred with Einstein\u2019s theory of general relativity, establishing that the universe is constantly expanding. The science altered artists\u2019 visions of the Sun. Mir\u00f3\u2019s poetic constellations and Calder\u2019s <em>Stabiles<\/em> conveyed this dilation of space. In the ceaselessly growing vastness, our Sun became just another modest star, still dazzling for Richard Warren Poussette-Dart, but destined to disappear for Piene. G\u00e9rard Fromanger\u2019s <em>Impression soleil levant, 2019<\/em> continues in this vein, reinterpreting, from outer space, the viewpoint offered up by Monet 150 years ago, and closing the exhibition <em>Facing the Sun: the Celestial Body in the arts<\/em>.<\/p>\n","protected":false},"excerpt":{"rendered":"<p>On 13 November 1872, from the window of his hotel  [&#8230;]<\/p>\n","protected":false},"author":2,"featured_media":6046,"comment_status":"closed","ping_status":"closed","sticky":false,"template":"","format":"standard","meta":{"_acf_changed":false,"inline_featured_image":false,"_jetpack_memberships_contains_paid_content":false,"footnotes":""},"categories":[87],"slider_une":[],"regions":[132],"coups_coeur":[],"inspiration-type":[],"label":[],"categories-agenda":[172],"class_list":["post-5738","post","type-post","status-publish","format-standard","has-post-thumbnail","hentry","category-paris-montmartre","tag-diary","regions-idf-en","categories-agenda-exhibition"],"acf":[],"yoast_head":"<!-- This site is optimized with the Yoast SEO plugin v26.3 - https:\/\/yoast.com\/wordpress\/plugins\/seo\/ -->\n<title>Facing the Sun, mus\u00e9e Marmottan Monet - Impressionist adventures<\/title>\n<meta name=\"description\" content=\"Come and visit &quot;Facing the Sun&quot; at the Mus\u00e9e Marmottan Monet in Paris, in tribute to the 150th anniversary of Monet&#039;s painting &quot;Impression, soleil levant&quot;.\" \/>\n<meta name=\"robots\" content=\"index, follow, max-snippet:-1, max-image-preview:large, max-video-preview:-1\" \/>\n<link rel=\"canonical\" href=\"https:\/\/voyagesimpressionnistes.com\/en\/paris-montmartre\/facing-the-sun-the-celestial-body-in-the-arts\/\" \/>\n<meta property=\"og:locale\" content=\"en_US\" \/>\n<meta property=\"og:type\" content=\"article\" \/>\n<meta property=\"og:title\" content=\"Facing the Sun, mus\u00e9e Marmottan Monet - Impressionist adventures\" \/>\n<meta property=\"og:description\" content=\"Come and visit &quot;Facing the Sun&quot; at the Mus\u00e9e Marmottan Monet in Paris, in tribute to the 150th anniversary of Monet&#039;s painting &quot;Impression, soleil levant&quot;.\" \/>\n<meta property=\"og:url\" content=\"https:\/\/voyagesimpressionnistes.com\/en\/paris-montmartre\/facing-the-sun-the-celestial-body-in-the-arts\/\" \/>\n<meta property=\"og:site_name\" content=\"Impressionist adventures\" \/>\n<meta property=\"article:publisher\" content=\"https:\/\/www.facebook.com\/LesVoyagesImpressionnistes\/\" \/>\n<meta property=\"article:published_time\" content=\"2022-08-01T09:39:00+00:00\" \/>\n<meta property=\"article:modified_time\" content=\"2024-02-23T16:27:43+00:00\" \/>\n<meta property=\"og:image\" content=\"https:\/\/voyagesimpressionnistes.com\/wp-content\/uploads\/2022\/07\/exposition-face-au-soleil-musee-marmottan-monet-2022.webp\" \/>\n\t<meta property=\"og:image:width\" content=\"413\" \/>\n\t<meta property=\"og:image:height\" content=\"584\" \/>\n\t<meta property=\"og:image:type\" content=\"image\/webp\" \/>\n<meta name=\"author\" content=\"Phane\" \/>\n<meta name=\"twitter:card\" content=\"summary_large_image\" \/>\n<meta name=\"twitter:label1\" content=\"Written by\" \/>\n\t<meta name=\"twitter:data1\" content=\"Phane\" \/>\n\t<meta name=\"twitter:label2\" content=\"Est. reading time\" \/>\n\t<meta name=\"twitter:data2\" content=\"3 minutes\" \/>\n<script type=\"application\/ld+json\" class=\"yoast-schema-graph\">{\"@context\":\"https:\/\/schema.org\",\"@graph\":[{\"@type\":[\"Article\",\"BlogPosting\"],\"@id\":\"https:\/\/voyagesimpressionnistes.com\/en\/paris-montmartre\/facing-the-sun-the-celestial-body-in-the-arts\/#article\",\"isPartOf\":{\"@id\":\"https:\/\/voyagesimpressionnistes.com\/en\/paris-montmartre\/facing-the-sun-the-celestial-body-in-the-arts\/\"},\"author\":{\"name\":\"Phane\",\"@id\":\"https:\/\/voyagesimpressionnistes.com\/en\/#\/schema\/person\/78c37c19aa7ae1bd6f4902f296c80e5f\"},\"headline\":\"Facing the Sun, the Celestial Body in the arts\",\"datePublished\":\"2022-08-01T09:39:00+00:00\",\"dateModified\":\"2024-02-23T16:27:43+00:00\",\"mainEntityOfPage\":{\"@id\":\"https:\/\/voyagesimpressionnistes.com\/en\/paris-montmartre\/facing-the-sun-the-celestial-body-in-the-arts\/\"},\"wordCount\":552,\"publisher\":{\"@id\":\"https:\/\/voyagesimpressionnistes.com\/en\/#organization\"},\"image\":{\"@id\":\"https:\/\/voyagesimpressionnistes.com\/en\/paris-montmartre\/facing-the-sun-the-celestial-body-in-the-arts\/#primaryimage\"},\"thumbnailUrl\":\"https:\/\/voyagesimpressionnistes.com\/wp-content\/uploads\/2022\/07\/exposition-face-au-soleil-musee-marmottan-monet-2022.webp\",\"keywords\":[\"Diary\"],\"articleSection\":[\"Paris &amp; Montmartre\"],\"inLanguage\":\"en-US\"},{\"@type\":\"WebPage\",\"@id\":\"https:\/\/voyagesimpressionnistes.com\/en\/paris-montmartre\/facing-the-sun-the-celestial-body-in-the-arts\/\",\"url\":\"https:\/\/voyagesimpressionnistes.com\/en\/paris-montmartre\/facing-the-sun-the-celestial-body-in-the-arts\/\",\"name\":\"Facing the Sun, mus\u00e9e Marmottan Monet - Impressionist adventures\",\"isPartOf\":{\"@id\":\"https:\/\/voyagesimpressionnistes.com\/en\/#website\"},\"primaryImageOfPage\":{\"@id\":\"https:\/\/voyagesimpressionnistes.com\/en\/paris-montmartre\/facing-the-sun-the-celestial-body-in-the-arts\/#primaryimage\"},\"image\":{\"@id\":\"https:\/\/voyagesimpressionnistes.com\/en\/paris-montmartre\/facing-the-sun-the-celestial-body-in-the-arts\/#primaryimage\"},\"thumbnailUrl\":\"https:\/\/voyagesimpressionnistes.com\/wp-content\/uploads\/2022\/07\/exposition-face-au-soleil-musee-marmottan-monet-2022.webp\",\"datePublished\":\"2022-08-01T09:39:00+00:00\",\"dateModified\":\"2024-02-23T16:27:43+00:00\",\"description\":\"Come and visit \\\"Facing the Sun\\\" at the Mus\u00e9e Marmottan Monet in Paris, in tribute to the 150th anniversary of Monet's painting \\\"Impression, soleil levant\\\".\",\"breadcrumb\":{\"@id\":\"https:\/\/voyagesimpressionnistes.com\/en\/paris-montmartre\/facing-the-sun-the-celestial-body-in-the-arts\/#breadcrumb\"},\"inLanguage\":\"en-US\",\"potentialAction\":[{\"@type\":\"ReadAction\",\"target\":[\"https:\/\/voyagesimpressionnistes.com\/en\/paris-montmartre\/facing-the-sun-the-celestial-body-in-the-arts\/\"]}]},{\"@type\":\"ImageObject\",\"inLanguage\":\"en-US\",\"@id\":\"https:\/\/voyagesimpressionnistes.com\/en\/paris-montmartre\/facing-the-sun-the-celestial-body-in-the-arts\/#primaryimage\",\"url\":\"https:\/\/voyagesimpressionnistes.com\/wp-content\/uploads\/2022\/07\/exposition-face-au-soleil-musee-marmottan-monet-2022.webp\",\"contentUrl\":\"https:\/\/voyagesimpressionnistes.com\/wp-content\/uploads\/2022\/07\/exposition-face-au-soleil-musee-marmottan-monet-2022.webp\",\"width\":413,\"height\":584,\"caption\":\"Facing the Sun, poster of the exhibition at the Mus\u00e9e Marmottan Monet\"},{\"@type\":\"BreadcrumbList\",\"@id\":\"https:\/\/voyagesimpressionnistes.com\/en\/paris-montmartre\/facing-the-sun-the-celestial-body-in-the-arts\/#breadcrumb\",\"itemListElement\":[{\"@type\":\"ListItem\",\"position\":1,\"name\":\"Paris &amp; Montmartre\",\"item\":\"https:\/\/voyagesimpressionnistes.com\/en\/paris-montmartre\/\"},{\"@type\":\"ListItem\",\"position\":2,\"name\":\"Facing the Sun, the Celestial Body in the arts\"}]},{\"@type\":\"WebSite\",\"@id\":\"https:\/\/voyagesimpressionnistes.com\/en\/#website\",\"url\":\"https:\/\/voyagesimpressionnistes.com\/en\/\",\"name\":\"Impressionist adventures\",\"description\":\"Inspiring moments\",\"publisher\":{\"@id\":\"https:\/\/voyagesimpressionnistes.com\/en\/#organization\"},\"potentialAction\":[{\"@type\":\"SearchAction\",\"target\":{\"@type\":\"EntryPoint\",\"urlTemplate\":\"https:\/\/voyagesimpressionnistes.com\/en\/?s={search_term_string}\"},\"query-input\":{\"@type\":\"PropertyValueSpecification\",\"valueRequired\":true,\"valueName\":\"search_term_string\"}}],\"inLanguage\":\"en-US\"},{\"@type\":\"Organization\",\"@id\":\"https:\/\/voyagesimpressionnistes.com\/en\/#organization\",\"name\":\"Voyages Impressionnistes\",\"url\":\"https:\/\/voyagesimpressionnistes.com\/en\/\",\"logo\":{\"@type\":\"ImageObject\",\"inLanguage\":\"en-US\",\"@id\":\"https:\/\/voyagesimpressionnistes.com\/en\/#\/schema\/logo\/image\/\",\"url\":\"https:\/\/voyagesimpressionnistes.com\/wp-content\/uploads\/2021\/06\/vi-logo-507x216-1.svg\",\"contentUrl\":\"https:\/\/voyagesimpressionnistes.com\/wp-content\/uploads\/2021\/06\/vi-logo-507x216-1.svg\",\"width\":507,\"height\":216,\"caption\":\"Voyages Impressionnistes\"},\"image\":{\"@id\":\"https:\/\/voyagesimpressionnistes.com\/en\/#\/schema\/logo\/image\/\"},\"sameAs\":[\"https:\/\/www.facebook.com\/LesVoyagesImpressionnistes\/\"]},{\"@type\":\"Person\",\"@id\":\"https:\/\/voyagesimpressionnistes.com\/en\/#\/schema\/person\/78c37c19aa7ae1bd6f4902f296c80e5f\",\"name\":\"Phane\",\"image\":{\"@type\":\"ImageObject\",\"inLanguage\":\"en-US\",\"@id\":\"https:\/\/voyagesimpressionnistes.com\/en\/#\/schema\/person\/image\/\",\"url\":\"https:\/\/secure.gravatar.com\/avatar\/ea705fa375f21b62a2facac16bc19ee8d664629e3399a374a188d355bc5d00b9?s=96&d=mm&r=g\",\"contentUrl\":\"https:\/\/secure.gravatar.com\/avatar\/ea705fa375f21b62a2facac16bc19ee8d664629e3399a374a188d355bc5d00b9?s=96&d=mm&r=g\",\"caption\":\"Phane\"}}]}<\/script>\n<!-- \/ Yoast SEO plugin. -->","yoast_head_json":{"title":"Facing the Sun, mus\u00e9e Marmottan Monet - Impressionist adventures","description":"Come and visit \"Facing the Sun\" at the Mus\u00e9e Marmottan Monet in Paris, in tribute to the 150th anniversary of Monet's painting \"Impression, soleil levant\".","robots":{"index":"index","follow":"follow","max-snippet":"max-snippet:-1","max-image-preview":"max-image-preview:large","max-video-preview":"max-video-preview:-1"},"canonical":"https:\/\/voyagesimpressionnistes.com\/en\/paris-montmartre\/facing-the-sun-the-celestial-body-in-the-arts\/","og_locale":"en_US","og_type":"article","og_title":"Facing the Sun, mus\u00e9e Marmottan Monet - Impressionist adventures","og_description":"Come and visit \"Facing the Sun\" at the Mus\u00e9e Marmottan Monet in Paris, in tribute to the 150th anniversary of Monet's painting \"Impression, soleil levant\".","og_url":"https:\/\/voyagesimpressionnistes.com\/en\/paris-montmartre\/facing-the-sun-the-celestial-body-in-the-arts\/","og_site_name":"Impressionist adventures","article_publisher":"https:\/\/www.facebook.com\/LesVoyagesImpressionnistes\/","article_published_time":"2022-08-01T09:39:00+00:00","article_modified_time":"2024-02-23T16:27:43+00:00","og_image":[{"width":413,"height":584,"url":"https:\/\/voyagesimpressionnistes.com\/wp-content\/uploads\/2022\/07\/exposition-face-au-soleil-musee-marmottan-monet-2022.webp","type":"image\/webp"}],"author":"Phane","twitter_card":"summary_large_image","twitter_misc":{"Written by":"Phane","Est. reading time":"3 minutes"},"schema":{"@context":"https:\/\/schema.org","@graph":[{"@type":["Article","BlogPosting"],"@id":"https:\/\/voyagesimpressionnistes.com\/en\/paris-montmartre\/facing-the-sun-the-celestial-body-in-the-arts\/#article","isPartOf":{"@id":"https:\/\/voyagesimpressionnistes.com\/en\/paris-montmartre\/facing-the-sun-the-celestial-body-in-the-arts\/"},"author":{"name":"Phane","@id":"https:\/\/voyagesimpressionnistes.com\/en\/#\/schema\/person\/78c37c19aa7ae1bd6f4902f296c80e5f"},"headline":"Facing the Sun, the Celestial Body in the arts","datePublished":"2022-08-01T09:39:00+00:00","dateModified":"2024-02-23T16:27:43+00:00","mainEntityOfPage":{"@id":"https:\/\/voyagesimpressionnistes.com\/en\/paris-montmartre\/facing-the-sun-the-celestial-body-in-the-arts\/"},"wordCount":552,"publisher":{"@id":"https:\/\/voyagesimpressionnistes.com\/en\/#organization"},"image":{"@id":"https:\/\/voyagesimpressionnistes.com\/en\/paris-montmartre\/facing-the-sun-the-celestial-body-in-the-arts\/#primaryimage"},"thumbnailUrl":"https:\/\/voyagesimpressionnistes.com\/wp-content\/uploads\/2022\/07\/exposition-face-au-soleil-musee-marmottan-monet-2022.webp","keywords":["Diary"],"articleSection":["Paris &amp; Montmartre"],"inLanguage":"en-US"},{"@type":"WebPage","@id":"https:\/\/voyagesimpressionnistes.com\/en\/paris-montmartre\/facing-the-sun-the-celestial-body-in-the-arts\/","url":"https:\/\/voyagesimpressionnistes.com\/en\/paris-montmartre\/facing-the-sun-the-celestial-body-in-the-arts\/","name":"Facing the Sun, mus\u00e9e Marmottan Monet - Impressionist adventures","isPartOf":{"@id":"https:\/\/voyagesimpressionnistes.com\/en\/#website"},"primaryImageOfPage":{"@id":"https:\/\/voyagesimpressionnistes.com\/en\/paris-montmartre\/facing-the-sun-the-celestial-body-in-the-arts\/#primaryimage"},"image":{"@id":"https:\/\/voyagesimpressionnistes.com\/en\/paris-montmartre\/facing-the-sun-the-celestial-body-in-the-arts\/#primaryimage"},"thumbnailUrl":"https:\/\/voyagesimpressionnistes.com\/wp-content\/uploads\/2022\/07\/exposition-face-au-soleil-musee-marmottan-monet-2022.webp","datePublished":"2022-08-01T09:39:00+00:00","dateModified":"2024-02-23T16:27:43+00:00","description":"Come and visit \"Facing the Sun\" at the Mus\u00e9e Marmottan Monet in Paris, in tribute to the 150th anniversary of Monet's painting \"Impression, soleil levant\".","breadcrumb":{"@id":"https:\/\/voyagesimpressionnistes.com\/en\/paris-montmartre\/facing-the-sun-the-celestial-body-in-the-arts\/#breadcrumb"},"inLanguage":"en-US","potentialAction":[{"@type":"ReadAction","target":["https:\/\/voyagesimpressionnistes.com\/en\/paris-montmartre\/facing-the-sun-the-celestial-body-in-the-arts\/"]}]},{"@type":"ImageObject","inLanguage":"en-US","@id":"https:\/\/voyagesimpressionnistes.com\/en\/paris-montmartre\/facing-the-sun-the-celestial-body-in-the-arts\/#primaryimage","url":"https:\/\/voyagesimpressionnistes.com\/wp-content\/uploads\/2022\/07\/exposition-face-au-soleil-musee-marmottan-monet-2022.webp","contentUrl":"https:\/\/voyagesimpressionnistes.com\/wp-content\/uploads\/2022\/07\/exposition-face-au-soleil-musee-marmottan-monet-2022.webp","width":413,"height":584,"caption":"Facing the Sun, poster of the exhibition at the Mus\u00e9e Marmottan Monet"},{"@type":"BreadcrumbList","@id":"https:\/\/voyagesimpressionnistes.com\/en\/paris-montmartre\/facing-the-sun-the-celestial-body-in-the-arts\/#breadcrumb","itemListElement":[{"@type":"ListItem","position":1,"name":"Paris &amp; Montmartre","item":"https:\/\/voyagesimpressionnistes.com\/en\/paris-montmartre\/"},{"@type":"ListItem","position":2,"name":"Facing the Sun, the Celestial Body in the arts"}]},{"@type":"WebSite","@id":"https:\/\/voyagesimpressionnistes.com\/en\/#website","url":"https:\/\/voyagesimpressionnistes.com\/en\/","name":"Impressionist adventures","description":"Inspiring moments","publisher":{"@id":"https:\/\/voyagesimpressionnistes.com\/en\/#organization"},"potentialAction":[{"@type":"SearchAction","target":{"@type":"EntryPoint","urlTemplate":"https:\/\/voyagesimpressionnistes.com\/en\/?s={search_term_string}"},"query-input":{"@type":"PropertyValueSpecification","valueRequired":true,"valueName":"search_term_string"}}],"inLanguage":"en-US"},{"@type":"Organization","@id":"https:\/\/voyagesimpressionnistes.com\/en\/#organization","name":"Voyages Impressionnistes","url":"https:\/\/voyagesimpressionnistes.com\/en\/","logo":{"@type":"ImageObject","inLanguage":"en-US","@id":"https:\/\/voyagesimpressionnistes.com\/en\/#\/schema\/logo\/image\/","url":"https:\/\/voyagesimpressionnistes.com\/wp-content\/uploads\/2021\/06\/vi-logo-507x216-1.svg","contentUrl":"https:\/\/voyagesimpressionnistes.com\/wp-content\/uploads\/2021\/06\/vi-logo-507x216-1.svg","width":507,"height":216,"caption":"Voyages Impressionnistes"},"image":{"@id":"https:\/\/voyagesimpressionnistes.com\/en\/#\/schema\/logo\/image\/"},"sameAs":["https:\/\/www.facebook.com\/LesVoyagesImpressionnistes\/"]},{"@type":"Person","@id":"https:\/\/voyagesimpressionnistes.com\/en\/#\/schema\/person\/78c37c19aa7ae1bd6f4902f296c80e5f","name":"Phane","image":{"@type":"ImageObject","inLanguage":"en-US","@id":"https:\/\/voyagesimpressionnistes.com\/en\/#\/schema\/person\/image\/","url":"https:\/\/secure.gravatar.com\/avatar\/ea705fa375f21b62a2facac16bc19ee8d664629e3399a374a188d355bc5d00b9?s=96&d=mm&r=g","contentUrl":"https:\/\/secure.gravatar.com\/avatar\/ea705fa375f21b62a2facac16bc19ee8d664629e3399a374a188d355bc5d00b9?s=96&d=mm&r=g","caption":"Phane"}}]}},"jetpack_featured_media_url":"https:\/\/voyagesimpressionnistes.com\/wp-content\/uploads\/2022\/07\/exposition-face-au-soleil-musee-marmottan-monet-2022.webp","jetpack_sharing_enabled":true,"_links":{"self":[{"href":"https:\/\/voyagesimpressionnistes.com\/en\/wp-json\/wp\/v2\/posts\/5738","targetHints":{"allow":["GET"]}}],"collection":[{"href":"https:\/\/voyagesimpressionnistes.com\/en\/wp-json\/wp\/v2\/posts"}],"about":[{"href":"https:\/\/voyagesimpressionnistes.com\/en\/wp-json\/wp\/v2\/types\/post"}],"author":[{"embeddable":true,"href":"https:\/\/voyagesimpressionnistes.com\/en\/wp-json\/wp\/v2\/users\/2"}],"replies":[{"embeddable":true,"href":"https:\/\/voyagesimpressionnistes.com\/en\/wp-json\/wp\/v2\/comments?post=5738"}],"version-history":[{"count":2,"href":"https:\/\/voyagesimpressionnistes.com\/en\/wp-json\/wp\/v2\/posts\/5738\/revisions"}],"predecessor-version":[{"id":5745,"href":"https:\/\/voyagesimpressionnistes.com\/en\/wp-json\/wp\/v2\/posts\/5738\/revisions\/5745"}],"wp:featuredmedia":[{"embeddable":true,"href":"https:\/\/voyagesimpressionnistes.com\/en\/wp-json\/wp\/v2\/media\/6046"}],"wp:attachment":[{"href":"https:\/\/voyagesimpressionnistes.com\/en\/wp-json\/wp\/v2\/media?parent=5738"}],"wp:term":[{"taxonomy":"category","embeddable":true,"href":"https:\/\/voyagesimpressionnistes.com\/en\/wp-json\/wp\/v2\/categories?post=5738"},{"taxonomy":"slider_une","embeddable":true,"href":"https:\/\/voyagesimpressionnistes.com\/en\/wp-json\/wp\/v2\/slider_une?post=5738"},{"taxonomy":"regions","embeddable":true,"href":"https:\/\/voyagesimpressionnistes.com\/en\/wp-json\/wp\/v2\/regions?post=5738"},{"taxonomy":"coups_coeur","embeddable":true,"href":"https:\/\/voyagesimpressionnistes.com\/en\/wp-json\/wp\/v2\/coups_coeur?post=5738"},{"taxonomy":"inspiration-type","embeddable":true,"href":"https:\/\/voyagesimpressionnistes.com\/en\/wp-json\/wp\/v2\/inspiration-type?post=5738"},{"taxonomy":"label","embeddable":true,"href":"https:\/\/voyagesimpressionnistes.com\/en\/wp-json\/wp\/v2\/label?post=5738"},{"taxonomy":"categories-agenda","embeddable":true,"href":"https:\/\/voyagesimpressionnistes.com\/en\/wp-json\/wp\/v2\/categories-agenda?post=5738"}],"curies":[{"name":"wp","href":"https:\/\/api.w.org\/{rel}","templated":true}]}}