{"id":5739,"date":"2022-08-01T11:54:24","date_gmt":"2022-08-01T09:54:24","guid":{"rendered":"https:\/\/voyagesimpressionnistes.com\/uncategorized\/summer-of-a-collection\/"},"modified":"2025-02-28T17:35:23","modified_gmt":"2025-02-28T16:35:23","slug":"summer-of-a-collection","status":"publish","type":"post","link":"https:\/\/voyagesimpressionnistes.com\/en\/giverny-its-surroundings\/summer-of-a-collection\/","title":{"rendered":"Summer of a collection"},"content":{"rendered":"<p>This summer, the <a href=\"\/giverny-ses-environs\/musee-des-impressionnismes-giverny\/\">Mus\u00e9e des impressionnismes Giverny <\/a> is offering a unique presentation of its collections with its soberly titled exhibition, <em>L\u2019\u00c9t\u00e9 de la collection<\/em> (Summer of a collection). Visitors will be able to discover little-known works, both paintings, sculptures, drawings, prints and photographs, that help create a dialogue between Impressionism and contemporary art.<\/p>\n<p>Now boasting a total collection of some 250 works, the Mus\u00e9e des impressionnismes Giverny has benefited from the generosity of numerous patrons, enabling the institution to greatly advance its cultural and research goals. In addition, several public collections (such as the Centre national des arts plastiques, the Fonds r\u00e9gional d\u2019art contemporain Normandie Rouen and the Lyc\u00e9e Claude-Monet in Paris) have entrusted the museum with major works. So, recent acquisitions and loans are dotted along this exhibition trail.<\/p>\n<p>Recent restoration of other works has helped reveal hidden aspects to the collections, for example <em>Parterre de marguerites<\/em> (c.1893) by Gustave Caillebotte, now returned to its original dimensions, or the startling two-sided painting by Maximilien Luce featuring <em>La Briqueterie<\/em> (c.1908) and <em>Soldats de la Premi\u00e8re Guerre Mondiale<\/em> (1916-1917).<\/p>\n<p>At the same time, the museum embraces contemporary art and commissions works by living artists. So, two bronze sculptures by Eva Jospin are presented in the museum garden, while an ensemble of photographs by Terri Weifenbach, tracing the development of the institution\u2019s garden through a year, is being unveiled for the first time. Finally, the exhibition <em>L\u2019\u00c9t\u00e9 de la collection<\/em> (Summer of a collection), will present the museum\u2019s very latest commission \u2013 an ensemble of 348 pastels by Isabelle Chatelin, <em>\u00c0 chaque jour sa lumi\u00e8re<\/em> (2019-2020), subtly evoking the beaches of Veules-les-Rose in Normandy and reflecting links with Eug\u00e8ne Boudin.<\/p>\n<p>From Claude Monet to Jacques Monory, from Pierre Bonnard to Terri Weifenback, admire a whole range of works devoted to Impressionism and its influence on artistic creativity up to the present. Going hand in hand with this summer season, a calendar of events is put on for visitors, including a bal populaire (an outdoor dance, as so often depicted by the Impressionists), Impressionist walks, tours of the garden, guided museum tours and lectures. Make the most of a visit here to unwind and find peace observing art and nature.<\/p>\n","protected":false},"excerpt":{"rendered":"<p>This summer, the Mus\u00e9e des impressionnismes Giverny is offering a  [&#8230;]<\/p>\n","protected":false},"author":2,"featured_media":5682,"comment_status":"closed","ping_status":"closed","sticky":false,"template":"","format":"standard","meta":{"_acf_changed":false,"inline_featured_image":false,"_jetpack_memberships_contains_paid_content":false,"footnotes":""},"categories":[83],"slider_une":[],"regions":[133],"coups_coeur":[],"inspiration-type":[],"label":[],"categories-agenda":[172],"class_list":["post-5739","post","type-post","status-publish","format-standard","has-post-thumbnail","hentry","category-giverny-its-surroundings","tag-diary","regions-normandy","categories-agenda-exhibition"],"acf":[],"yoast_head":"<!-- This site is optimized with the Yoast SEO plugin v26.3 - https:\/\/yoast.com\/wordpress\/plugins\/seo\/ -->\n<title>Summer of a collection - Impressionist adventures<\/title>\n<meta name=\"description\" content=\"Discover the permanent collections and latest acquisitions at the Mus\u00e9e des impressionnismes Giverny: &quot;Summer of a Collection&quot;.\" \/>\n<meta name=\"robots\" content=\"index, follow, max-snippet:-1, max-image-preview:large, max-video-preview:-1\" \/>\n<link rel=\"canonical\" href=\"https:\/\/voyagesimpressionnistes.com\/en\/giverny-its-surroundings\/summer-of-a-collection\/\" \/>\n<meta property=\"og:locale\" content=\"en_US\" \/>\n<meta property=\"og:type\" content=\"article\" \/>\n<meta property=\"og:title\" content=\"Summer of a collection - Impressionist adventures\" \/>\n<meta property=\"og:description\" content=\"Discover the permanent collections and latest acquisitions at the Mus\u00e9e des impressionnismes Giverny: &quot;Summer of a Collection&quot;.\" \/>\n<meta property=\"og:url\" content=\"https:\/\/voyagesimpressionnistes.com\/en\/giverny-its-surroundings\/summer-of-a-collection\/\" \/>\n<meta property=\"og:site_name\" content=\"Impressionist adventures\" \/>\n<meta property=\"article:publisher\" content=\"https:\/\/www.facebook.com\/LesVoyagesImpressionnistes\/\" \/>\n<meta property=\"article:published_time\" content=\"2022-08-01T09:54:24+00:00\" \/>\n<meta property=\"article:modified_time\" content=\"2025-02-28T16:35:23+00:00\" \/>\n<meta property=\"og:image\" content=\"https:\/\/voyagesimpressionnistes.com\/wp-content\/uploads\/2022\/07\/affiche-exposition-ete-collection-musee-des-impressionnismes-giverny.jpg\" \/>\n\t<meta property=\"og:image:width\" content=\"853\" \/>\n\t<meta property=\"og:image:height\" content=\"1200\" \/>\n\t<meta property=\"og:image:type\" content=\"image\/jpeg\" \/>\n<meta name=\"author\" content=\"Phane\" \/>\n<meta name=\"twitter:card\" content=\"summary_large_image\" \/>\n<meta name=\"twitter:label1\" content=\"Written by\" \/>\n\t<meta name=\"twitter:data1\" content=\"Phane\" \/>\n\t<meta name=\"twitter:label2\" content=\"Est. reading time\" \/>\n\t<meta name=\"twitter:data2\" content=\"2 minutes\" \/>\n<script type=\"application\/ld+json\" class=\"yoast-schema-graph\">{\"@context\":\"https:\/\/schema.org\",\"@graph\":[{\"@type\":[\"Article\",\"BlogPosting\"],\"@id\":\"https:\/\/voyagesimpressionnistes.com\/en\/giverny-its-surroundings\/summer-of-a-collection\/#article\",\"isPartOf\":{\"@id\":\"https:\/\/voyagesimpressionnistes.com\/en\/giverny-its-surroundings\/summer-of-a-collection\/\"},\"author\":{\"name\":\"Phane\",\"@id\":\"https:\/\/voyagesimpressionnistes.com\/en\/#\/schema\/person\/78c37c19aa7ae1bd6f4902f296c80e5f\"},\"headline\":\"Summer of a collection\",\"datePublished\":\"2022-08-01T09:54:24+00:00\",\"dateModified\":\"2025-02-28T16:35:23+00:00\",\"mainEntityOfPage\":{\"@id\":\"https:\/\/voyagesimpressionnistes.com\/en\/giverny-its-surroundings\/summer-of-a-collection\/\"},\"wordCount\":379,\"publisher\":{\"@id\":\"https:\/\/voyagesimpressionnistes.com\/en\/#organization\"},\"image\":{\"@id\":\"https:\/\/voyagesimpressionnistes.com\/en\/giverny-its-surroundings\/summer-of-a-collection\/#primaryimage\"},\"thumbnailUrl\":\"https:\/\/voyagesimpressionnistes.com\/wp-content\/uploads\/2022\/07\/affiche-exposition-ete-collection-musee-des-impressionnismes-giverny.jpg\",\"keywords\":[\"Diary\"],\"articleSection\":[\"Giverny &amp; its surroundings\"],\"inLanguage\":\"en-US\"},{\"@type\":\"WebPage\",\"@id\":\"https:\/\/voyagesimpressionnistes.com\/en\/giverny-its-surroundings\/summer-of-a-collection\/\",\"url\":\"https:\/\/voyagesimpressionnistes.com\/en\/giverny-its-surroundings\/summer-of-a-collection\/\",\"name\":\"Summer of a collection - Impressionist adventures\",\"isPartOf\":{\"@id\":\"https:\/\/voyagesimpressionnistes.com\/en\/#website\"},\"primaryImageOfPage\":{\"@id\":\"https:\/\/voyagesimpressionnistes.com\/en\/giverny-its-surroundings\/summer-of-a-collection\/#primaryimage\"},\"image\":{\"@id\":\"https:\/\/voyagesimpressionnistes.com\/en\/giverny-its-surroundings\/summer-of-a-collection\/#primaryimage\"},\"thumbnailUrl\":\"https:\/\/voyagesimpressionnistes.com\/wp-content\/uploads\/2022\/07\/affiche-exposition-ete-collection-musee-des-impressionnismes-giverny.jpg\",\"datePublished\":\"2022-08-01T09:54:24+00:00\",\"dateModified\":\"2025-02-28T16:35:23+00:00\",\"description\":\"Discover the permanent collections and latest acquisitions at the Mus\u00e9e des impressionnismes Giverny: \\\"Summer of a Collection\\\".\",\"breadcrumb\":{\"@id\":\"https:\/\/voyagesimpressionnistes.com\/en\/giverny-its-surroundings\/summer-of-a-collection\/#breadcrumb\"},\"inLanguage\":\"en-US\",\"potentialAction\":[{\"@type\":\"ReadAction\",\"target\":[\"https:\/\/voyagesimpressionnistes.com\/en\/giverny-its-surroundings\/summer-of-a-collection\/\"]}]},{\"@type\":\"ImageObject\",\"inLanguage\":\"en-US\",\"@id\":\"https:\/\/voyagesimpressionnistes.com\/en\/giverny-its-surroundings\/summer-of-a-collection\/#primaryimage\",\"url\":\"https:\/\/voyagesimpressionnistes.com\/wp-content\/uploads\/2022\/07\/affiche-exposition-ete-collection-musee-des-impressionnismes-giverny.jpg\",\"contentUrl\":\"https:\/\/voyagesimpressionnistes.com\/wp-content\/uploads\/2022\/07\/affiche-exposition-ete-collection-musee-des-impressionnismes-giverny.jpg\",\"width\":853,\"height\":1200,\"caption\":\"L'\u00c9t\u00e9 de la collection at the Mus\u00e9e des impressionnismes Giverny, poster of the exhibition\"},{\"@type\":\"BreadcrumbList\",\"@id\":\"https:\/\/voyagesimpressionnistes.com\/en\/giverny-its-surroundings\/summer-of-a-collection\/#breadcrumb\",\"itemListElement\":[{\"@type\":\"ListItem\",\"position\":1,\"name\":\"Giverny &amp; its surroundings\",\"item\":\"https:\/\/voyagesimpressionnistes.com\/en\/giverny-its-surroundings\/\"},{\"@type\":\"ListItem\",\"position\":2,\"name\":\"Summer of a collection\"}]},{\"@type\":\"WebSite\",\"@id\":\"https:\/\/voyagesimpressionnistes.com\/en\/#website\",\"url\":\"https:\/\/voyagesimpressionnistes.com\/en\/\",\"name\":\"Impressionist adventures\",\"description\":\"Inspiring moments\",\"publisher\":{\"@id\":\"https:\/\/voyagesimpressionnistes.com\/en\/#organization\"},\"potentialAction\":[{\"@type\":\"SearchAction\",\"target\":{\"@type\":\"EntryPoint\",\"urlTemplate\":\"https:\/\/voyagesimpressionnistes.com\/en\/?s={search_term_string}\"},\"query-input\":{\"@type\":\"PropertyValueSpecification\",\"valueRequired\":true,\"valueName\":\"search_term_string\"}}],\"inLanguage\":\"en-US\"},{\"@type\":\"Organization\",\"@id\":\"https:\/\/voyagesimpressionnistes.com\/en\/#organization\",\"name\":\"Voyages Impressionnistes\",\"url\":\"https:\/\/voyagesimpressionnistes.com\/en\/\",\"logo\":{\"@type\":\"ImageObject\",\"inLanguage\":\"en-US\",\"@id\":\"https:\/\/voyagesimpressionnistes.com\/en\/#\/schema\/logo\/image\/\",\"url\":\"https:\/\/voyagesimpressionnistes.com\/wp-content\/uploads\/2021\/06\/vi-logo-507x216-1.svg\",\"contentUrl\":\"https:\/\/voyagesimpressionnistes.com\/wp-content\/uploads\/2021\/06\/vi-logo-507x216-1.svg\",\"width\":507,\"height\":216,\"caption\":\"Voyages Impressionnistes\"},\"image\":{\"@id\":\"https:\/\/voyagesimpressionnistes.com\/en\/#\/schema\/logo\/image\/\"},\"sameAs\":[\"https:\/\/www.facebook.com\/LesVoyagesImpressionnistes\/\"]},{\"@type\":\"Person\",\"@id\":\"https:\/\/voyagesimpressionnistes.com\/en\/#\/schema\/person\/78c37c19aa7ae1bd6f4902f296c80e5f\",\"name\":\"Phane\",\"image\":{\"@type\":\"ImageObject\",\"inLanguage\":\"en-US\",\"@id\":\"https:\/\/voyagesimpressionnistes.com\/en\/#\/schema\/person\/image\/\",\"url\":\"https:\/\/secure.gravatar.com\/avatar\/ea705fa375f21b62a2facac16bc19ee8d664629e3399a374a188d355bc5d00b9?s=96&d=mm&r=g\",\"contentUrl\":\"https:\/\/secure.gravatar.com\/avatar\/ea705fa375f21b62a2facac16bc19ee8d664629e3399a374a188d355bc5d00b9?s=96&d=mm&r=g\",\"caption\":\"Phane\"}}]}<\/script>\n<!-- \/ Yoast SEO plugin. -->","yoast_head_json":{"title":"Summer of a collection - Impressionist adventures","description":"Discover the permanent collections and latest acquisitions at the Mus\u00e9e des impressionnismes Giverny: \"Summer of a Collection\".","robots":{"index":"index","follow":"follow","max-snippet":"max-snippet:-1","max-image-preview":"max-image-preview:large","max-video-preview":"max-video-preview:-1"},"canonical":"https:\/\/voyagesimpressionnistes.com\/en\/giverny-its-surroundings\/summer-of-a-collection\/","og_locale":"en_US","og_type":"article","og_title":"Summer of a collection - Impressionist adventures","og_description":"Discover the permanent collections and latest acquisitions at the Mus\u00e9e des impressionnismes Giverny: \"Summer of a Collection\".","og_url":"https:\/\/voyagesimpressionnistes.com\/en\/giverny-its-surroundings\/summer-of-a-collection\/","og_site_name":"Impressionist adventures","article_publisher":"https:\/\/www.facebook.com\/LesVoyagesImpressionnistes\/","article_published_time":"2022-08-01T09:54:24+00:00","article_modified_time":"2025-02-28T16:35:23+00:00","og_image":[{"width":853,"height":1200,"url":"https:\/\/voyagesimpressionnistes.com\/wp-content\/uploads\/2022\/07\/affiche-exposition-ete-collection-musee-des-impressionnismes-giverny.jpg","type":"image\/jpeg"}],"author":"Phane","twitter_card":"summary_large_image","twitter_misc":{"Written by":"Phane","Est. reading time":"2 minutes"},"schema":{"@context":"https:\/\/schema.org","@graph":[{"@type":["Article","BlogPosting"],"@id":"https:\/\/voyagesimpressionnistes.com\/en\/giverny-its-surroundings\/summer-of-a-collection\/#article","isPartOf":{"@id":"https:\/\/voyagesimpressionnistes.com\/en\/giverny-its-surroundings\/summer-of-a-collection\/"},"author":{"name":"Phane","@id":"https:\/\/voyagesimpressionnistes.com\/en\/#\/schema\/person\/78c37c19aa7ae1bd6f4902f296c80e5f"},"headline":"Summer of a collection","datePublished":"2022-08-01T09:54:24+00:00","dateModified":"2025-02-28T16:35:23+00:00","mainEntityOfPage":{"@id":"https:\/\/voyagesimpressionnistes.com\/en\/giverny-its-surroundings\/summer-of-a-collection\/"},"wordCount":379,"publisher":{"@id":"https:\/\/voyagesimpressionnistes.com\/en\/#organization"},"image":{"@id":"https:\/\/voyagesimpressionnistes.com\/en\/giverny-its-surroundings\/summer-of-a-collection\/#primaryimage"},"thumbnailUrl":"https:\/\/voyagesimpressionnistes.com\/wp-content\/uploads\/2022\/07\/affiche-exposition-ete-collection-musee-des-impressionnismes-giverny.jpg","keywords":["Diary"],"articleSection":["Giverny &amp; its surroundings"],"inLanguage":"en-US"},{"@type":"WebPage","@id":"https:\/\/voyagesimpressionnistes.com\/en\/giverny-its-surroundings\/summer-of-a-collection\/","url":"https:\/\/voyagesimpressionnistes.com\/en\/giverny-its-surroundings\/summer-of-a-collection\/","name":"Summer of a collection - Impressionist adventures","isPartOf":{"@id":"https:\/\/voyagesimpressionnistes.com\/en\/#website"},"primaryImageOfPage":{"@id":"https:\/\/voyagesimpressionnistes.com\/en\/giverny-its-surroundings\/summer-of-a-collection\/#primaryimage"},"image":{"@id":"https:\/\/voyagesimpressionnistes.com\/en\/giverny-its-surroundings\/summer-of-a-collection\/#primaryimage"},"thumbnailUrl":"https:\/\/voyagesimpressionnistes.com\/wp-content\/uploads\/2022\/07\/affiche-exposition-ete-collection-musee-des-impressionnismes-giverny.jpg","datePublished":"2022-08-01T09:54:24+00:00","dateModified":"2025-02-28T16:35:23+00:00","description":"Discover the permanent collections and latest acquisitions at the Mus\u00e9e des impressionnismes Giverny: \"Summer of a Collection\".","breadcrumb":{"@id":"https:\/\/voyagesimpressionnistes.com\/en\/giverny-its-surroundings\/summer-of-a-collection\/#breadcrumb"},"inLanguage":"en-US","potentialAction":[{"@type":"ReadAction","target":["https:\/\/voyagesimpressionnistes.com\/en\/giverny-its-surroundings\/summer-of-a-collection\/"]}]},{"@type":"ImageObject","inLanguage":"en-US","@id":"https:\/\/voyagesimpressionnistes.com\/en\/giverny-its-surroundings\/summer-of-a-collection\/#primaryimage","url":"https:\/\/voyagesimpressionnistes.com\/wp-content\/uploads\/2022\/07\/affiche-exposition-ete-collection-musee-des-impressionnismes-giverny.jpg","contentUrl":"https:\/\/voyagesimpressionnistes.com\/wp-content\/uploads\/2022\/07\/affiche-exposition-ete-collection-musee-des-impressionnismes-giverny.jpg","width":853,"height":1200,"caption":"L'\u00c9t\u00e9 de la collection at the Mus\u00e9e des impressionnismes Giverny, poster of the exhibition"},{"@type":"BreadcrumbList","@id":"https:\/\/voyagesimpressionnistes.com\/en\/giverny-its-surroundings\/summer-of-a-collection\/#breadcrumb","itemListElement":[{"@type":"ListItem","position":1,"name":"Giverny &amp; its surroundings","item":"https:\/\/voyagesimpressionnistes.com\/en\/giverny-its-surroundings\/"},{"@type":"ListItem","position":2,"name":"Summer of a collection"}]},{"@type":"WebSite","@id":"https:\/\/voyagesimpressionnistes.com\/en\/#website","url":"https:\/\/voyagesimpressionnistes.com\/en\/","name":"Impressionist adventures","description":"Inspiring moments","publisher":{"@id":"https:\/\/voyagesimpressionnistes.com\/en\/#organization"},"potentialAction":[{"@type":"SearchAction","target":{"@type":"EntryPoint","urlTemplate":"https:\/\/voyagesimpressionnistes.com\/en\/?s={search_term_string}"},"query-input":{"@type":"PropertyValueSpecification","valueRequired":true,"valueName":"search_term_string"}}],"inLanguage":"en-US"},{"@type":"Organization","@id":"https:\/\/voyagesimpressionnistes.com\/en\/#organization","name":"Voyages Impressionnistes","url":"https:\/\/voyagesimpressionnistes.com\/en\/","logo":{"@type":"ImageObject","inLanguage":"en-US","@id":"https:\/\/voyagesimpressionnistes.com\/en\/#\/schema\/logo\/image\/","url":"https:\/\/voyagesimpressionnistes.com\/wp-content\/uploads\/2021\/06\/vi-logo-507x216-1.svg","contentUrl":"https:\/\/voyagesimpressionnistes.com\/wp-content\/uploads\/2021\/06\/vi-logo-507x216-1.svg","width":507,"height":216,"caption":"Voyages Impressionnistes"},"image":{"@id":"https:\/\/voyagesimpressionnistes.com\/en\/#\/schema\/logo\/image\/"},"sameAs":["https:\/\/www.facebook.com\/LesVoyagesImpressionnistes\/"]},{"@type":"Person","@id":"https:\/\/voyagesimpressionnistes.com\/en\/#\/schema\/person\/78c37c19aa7ae1bd6f4902f296c80e5f","name":"Phane","image":{"@type":"ImageObject","inLanguage":"en-US","@id":"https:\/\/voyagesimpressionnistes.com\/en\/#\/schema\/person\/image\/","url":"https:\/\/secure.gravatar.com\/avatar\/ea705fa375f21b62a2facac16bc19ee8d664629e3399a374a188d355bc5d00b9?s=96&d=mm&r=g","contentUrl":"https:\/\/secure.gravatar.com\/avatar\/ea705fa375f21b62a2facac16bc19ee8d664629e3399a374a188d355bc5d00b9?s=96&d=mm&r=g","caption":"Phane"}}]}},"jetpack_featured_media_url":"https:\/\/voyagesimpressionnistes.com\/wp-content\/uploads\/2022\/07\/affiche-exposition-ete-collection-musee-des-impressionnismes-giverny.jpg","jetpack_sharing_enabled":true,"_links":{"self":[{"href":"https:\/\/voyagesimpressionnistes.com\/en\/wp-json\/wp\/v2\/posts\/5739","targetHints":{"allow":["GET"]}}],"collection":[{"href":"https:\/\/voyagesimpressionnistes.com\/en\/wp-json\/wp\/v2\/posts"}],"about":[{"href":"https:\/\/voyagesimpressionnistes.com\/en\/wp-json\/wp\/v2\/types\/post"}],"author":[{"embeddable":true,"href":"https:\/\/voyagesimpressionnistes.com\/en\/wp-json\/wp\/v2\/users\/2"}],"replies":[{"embeddable":true,"href":"https:\/\/voyagesimpressionnistes.com\/en\/wp-json\/wp\/v2\/comments?post=5739"}],"version-history":[{"count":2,"href":"https:\/\/voyagesimpressionnistes.com\/en\/wp-json\/wp\/v2\/posts\/5739\/revisions"}],"predecessor-version":[{"id":14018,"href":"https:\/\/voyagesimpressionnistes.com\/en\/wp-json\/wp\/v2\/posts\/5739\/revisions\/14018"}],"wp:featuredmedia":[{"embeddable":true,"href":"https:\/\/voyagesimpressionnistes.com\/en\/wp-json\/wp\/v2\/media\/5682"}],"wp:attachment":[{"href":"https:\/\/voyagesimpressionnistes.com\/en\/wp-json\/wp\/v2\/media?parent=5739"}],"wp:term":[{"taxonomy":"category","embeddable":true,"href":"https:\/\/voyagesimpressionnistes.com\/en\/wp-json\/wp\/v2\/categories?post=5739"},{"taxonomy":"slider_une","embeddable":true,"href":"https:\/\/voyagesimpressionnistes.com\/en\/wp-json\/wp\/v2\/slider_une?post=5739"},{"taxonomy":"regions","embeddable":true,"href":"https:\/\/voyagesimpressionnistes.com\/en\/wp-json\/wp\/v2\/regions?post=5739"},{"taxonomy":"coups_coeur","embeddable":true,"href":"https:\/\/voyagesimpressionnistes.com\/en\/wp-json\/wp\/v2\/coups_coeur?post=5739"},{"taxonomy":"inspiration-type","embeddable":true,"href":"https:\/\/voyagesimpressionnistes.com\/en\/wp-json\/wp\/v2\/inspiration-type?post=5739"},{"taxonomy":"label","embeddable":true,"href":"https:\/\/voyagesimpressionnistes.com\/en\/wp-json\/wp\/v2\/label?post=5739"},{"taxonomy":"categories-agenda","embeddable":true,"href":"https:\/\/voyagesimpressionnistes.com\/en\/wp-json\/wp\/v2\/categories-agenda?post=5739"}],"curies":[{"name":"wp","href":"https:\/\/api.w.org\/{rel}","templated":true}]}}