{"id":5843,"date":"2021-07-29T16:28:57","date_gmt":"2021-07-29T14:28:57","guid":{"rendered":"https:\/\/voyagesimpressionnistes.com\/uncategorized\/chateau-d-auvers-vision-impressionniste\/"},"modified":"2024-02-15T17:53:35","modified_gmt":"2024-02-15T16:53:35","slug":"chateau-d-auvers-vision-impressionniste","status":"publish","type":"post","link":"https:\/\/voyagesimpressionnistes.com\/en\/auvers-oise-valley\/chateau-d-auvers-vision-impressionniste\/","title":{"rendered":"Ch\u00e2teau d&#8217;Auvers: Impressionnist Vision&nbsp;"},"content":{"rendered":"<p>The Ch\u00e2teau d\u2019Auvers, also known as the Ch\u00e2teau de L\u00e9ry, was built in 1633 and was restored in 1987 by the Conseil d\u00e9partemental du Val-d\u2019Oise (Val-d\u2019Oise County Council). It now invites visitors to rediscover the atmosphere experienced by the Impressionist artists who came to settle in the neighbourhood.<\/p>\n<p>Inside, four rooms present a lovely little collection of Impressionist works, the most unforgettable being Claude Monet\u2019s <em>La Gare d\u2019Argenteuil<\/em> and Gustave Caillebotte\u2019s <em>Bateau \u00e0 l\u2019ancre \u00e0 Argenteuil<\/em>. A timeline in the permanent exhibition shows the waves of artists who arrived at Auvers-sur-Oise, going from Charles-Fran\u00e7ois Daubigny and Camille Pissarro to Karl Daubigny, Ludovic Piette, Louis Hayet and Norbert Goeneutte via Claude Monet and Gustave Caillebotte.<\/p>\n<p>The highlight of the tour is the immersive exhibition trail, \u201cVision Impressionniste, Naissance et Descendance\u201d (\u201cImpressionist Vision, Birth and Descendency\u201d), retracing the history of the famed art movement. French actor Jacques Gamblin relates the story as you pass through eight areas exploiting digital technology to the full. Taking you from the Impressionists\u2019 sources of inspiration, breaking with the codes of the period, to their influence on subsequent artistic movements, including proto-Cubism, Fauvism and abstract art, this presentation throws new light on Impressionism\u2019s heritage, on its artists\u2019 endeavours and on Auvers-sur-Oise\u2019s special role as a place just made for providing inspiration, exchanging ideas and holidaying. All told, this exhibition trail offers visitors a new way to venture forth <a href=\"https:\/\/voyagesimpressionnistes.com\/en\/auvers-oise-valley\/sur-les-pas-de-van-gogh-et-des-impressionnistes\/\">in the footsteps of the Impressionists<\/a>.<\/p>\n<p>Also take the time to stroll around the ch\u00e2teau\u2019s elegant grounds which present side by side three types of Ancien R\u00e9gime garden (17<sup>th<\/sup> century) \u2013 Italian Renaissance, French and English. Several fountains as well as an artificial grotto decorated with shells add to the pleasure of the walk. For rose enthusiasts, look out for the <em>Rose des Impressionnistes<\/em>, created in 2015; this strongly scented flower has bright yellow, orange and pink hues, truly paying homage to the Impressionist palette!<\/p>\n<p>Finally, for a drink and a bite, the Caf\u00e9 Le Nymph\u00e9e makes a lovely place to stop, its terrace open to customers on sunny days.<\/p>\n<div class=\"fusion-button-wrapper\"><a class=\"fusion-button button-flat fusion-button-default-size button-default fusion-button-default button-1 fusion-button-default-span fusion-button-default-type\" target=\"_blank\" rel=\"noopener noreferrer\" href=\"https:\/\/chateauauvers.fnacspectacles.com\/index.do\"><span class=\"fusion-button-text awb-button__text awb-button__text--default\">Book your ticket on the museum website<\/span><\/a><\/div>\n","protected":false},"excerpt":{"rendered":"<p>The Ch\u00e2teau d\u2019Auvers, also known as the Ch\u00e2teau de L\u00e9ry,  [&#8230;]<\/p>\n","protected":false},"author":2,"featured_media":6102,"comment_status":"closed","ping_status":"closed","sticky":false,"template":"","format":"standard","meta":{"_acf_changed":false,"inline_featured_image":false,"_jetpack_memberships_contains_paid_content":false,"footnotes":""},"categories":[80],"slider_une":[107],"regions":[132],"coups_coeur":[],"inspiration-type":[],"label":[],"categories-agenda":[],"class_list":["post-5843","post","type-post","status-publish","format-standard","has-post-thumbnail","hentry","category-auvers-oise-valley","tag-unmissable","tag-museums-sites","slider_une-une-auvers-en","regions-idf-en"],"acf":[],"yoast_head":"<!-- This site is optimized with the Yoast SEO plugin v26.3 - https:\/\/yoast.com\/wordpress\/plugins\/seo\/ -->\n<title>Ch\u00e2teau d&#039;Auvers-sur-Oise - Impressionist adventures<\/title>\n<meta name=\"description\" content=\"Experience the exhibition at the Ch\u00e2teau d&#039;Auvers entitled &quot;Impressionist Vision&quot; and make the most of a stroll around its gardens after the tour inside.\" \/>\n<meta name=\"robots\" content=\"index, follow, max-snippet:-1, max-image-preview:large, max-video-preview:-1\" \/>\n<link rel=\"canonical\" href=\"https:\/\/voyagesimpressionnistes.com\/en\/auvers-oise-valley\/chateau-d-auvers-vision-impressionniste\/\" \/>\n<meta property=\"og:locale\" content=\"en_US\" \/>\n<meta property=\"og:type\" content=\"article\" \/>\n<meta property=\"og:title\" content=\"Ch\u00e2teau d&#039;Auvers-sur-Oise - Impressionist adventures\" \/>\n<meta property=\"og:description\" content=\"Experience the exhibition at the Ch\u00e2teau d&#039;Auvers entitled &quot;Impressionist Vision&quot; and make the most of a stroll around its gardens after the tour inside.\" \/>\n<meta property=\"og:url\" content=\"https:\/\/voyagesimpressionnistes.com\/en\/auvers-oise-valley\/chateau-d-auvers-vision-impressionniste\/\" \/>\n<meta property=\"og:site_name\" content=\"Impressionist adventures\" \/>\n<meta property=\"article:publisher\" content=\"https:\/\/www.facebook.com\/LesVoyagesImpressionnistes\/\" \/>\n<meta property=\"article:published_time\" content=\"2021-07-29T14:28:57+00:00\" \/>\n<meta property=\"article:modified_time\" content=\"2024-02-15T16:53:35+00:00\" \/>\n<meta property=\"og:image\" content=\"https:\/\/voyagesimpressionnistes.com\/wp-content\/uploads\/2021\/07\/P1118624.jpg\" \/>\n\t<meta property=\"og:image:width\" content=\"1920\" \/>\n\t<meta property=\"og:image:height\" content=\"1280\" \/>\n\t<meta property=\"og:image:type\" content=\"image\/jpeg\" \/>\n<meta name=\"author\" content=\"Phane\" \/>\n<meta name=\"twitter:card\" content=\"summary_large_image\" \/>\n<meta name=\"twitter:label1\" content=\"Written by\" \/>\n\t<meta name=\"twitter:data1\" content=\"Phane\" \/>\n\t<meta name=\"twitter:label2\" content=\"Est. reading time\" \/>\n\t<meta name=\"twitter:data2\" content=\"2 minutes\" \/>\n<script type=\"application\/ld+json\" class=\"yoast-schema-graph\">{\"@context\":\"https:\/\/schema.org\",\"@graph\":[{\"@type\":[\"Article\",\"BlogPosting\"],\"@id\":\"https:\/\/voyagesimpressionnistes.com\/en\/auvers-oise-valley\/chateau-d-auvers-vision-impressionniste\/#article\",\"isPartOf\":{\"@id\":\"https:\/\/voyagesimpressionnistes.com\/en\/auvers-oise-valley\/chateau-d-auvers-vision-impressionniste\/\"},\"author\":{\"name\":\"Phane\",\"@id\":\"https:\/\/voyagesimpressionnistes.com\/en\/#\/schema\/person\/78c37c19aa7ae1bd6f4902f296c80e5f\"},\"headline\":\"Ch\u00e2teau d&#8217;Auvers: Impressionnist Vision&nbsp;\",\"datePublished\":\"2021-07-29T14:28:57+00:00\",\"dateModified\":\"2024-02-15T16:53:35+00:00\",\"mainEntityOfPage\":{\"@id\":\"https:\/\/voyagesimpressionnistes.com\/en\/auvers-oise-valley\/chateau-d-auvers-vision-impressionniste\/\"},\"wordCount\":467,\"publisher\":{\"@id\":\"https:\/\/voyagesimpressionnistes.com\/en\/#organization\"},\"image\":{\"@id\":\"https:\/\/voyagesimpressionnistes.com\/en\/auvers-oise-valley\/chateau-d-auvers-vision-impressionniste\/#primaryimage\"},\"thumbnailUrl\":\"https:\/\/voyagesimpressionnistes.com\/wp-content\/uploads\/2021\/07\/P1118624.jpg\",\"keywords\":[\"Unmissable\",\"Museums &amp; sites\"],\"articleSection\":[\"Auvers &amp; the Oise valley\"],\"inLanguage\":\"en-US\"},{\"@type\":\"WebPage\",\"@id\":\"https:\/\/voyagesimpressionnistes.com\/en\/auvers-oise-valley\/chateau-d-auvers-vision-impressionniste\/\",\"url\":\"https:\/\/voyagesimpressionnistes.com\/en\/auvers-oise-valley\/chateau-d-auvers-vision-impressionniste\/\",\"name\":\"Ch\u00e2teau d'Auvers-sur-Oise - Impressionist adventures\",\"isPartOf\":{\"@id\":\"https:\/\/voyagesimpressionnistes.com\/en\/#website\"},\"primaryImageOfPage\":{\"@id\":\"https:\/\/voyagesimpressionnistes.com\/en\/auvers-oise-valley\/chateau-d-auvers-vision-impressionniste\/#primaryimage\"},\"image\":{\"@id\":\"https:\/\/voyagesimpressionnistes.com\/en\/auvers-oise-valley\/chateau-d-auvers-vision-impressionniste\/#primaryimage\"},\"thumbnailUrl\":\"https:\/\/voyagesimpressionnistes.com\/wp-content\/uploads\/2021\/07\/P1118624.jpg\",\"datePublished\":\"2021-07-29T14:28:57+00:00\",\"dateModified\":\"2024-02-15T16:53:35+00:00\",\"description\":\"Experience the exhibition at the Ch\u00e2teau d'Auvers entitled \\\"Impressionist Vision\\\" and make the most of a stroll around its gardens after the tour inside.\",\"breadcrumb\":{\"@id\":\"https:\/\/voyagesimpressionnistes.com\/en\/auvers-oise-valley\/chateau-d-auvers-vision-impressionniste\/#breadcrumb\"},\"inLanguage\":\"en-US\",\"potentialAction\":[{\"@type\":\"ReadAction\",\"target\":[\"https:\/\/voyagesimpressionnistes.com\/en\/auvers-oise-valley\/chateau-d-auvers-vision-impressionniste\/\"]}]},{\"@type\":\"ImageObject\",\"inLanguage\":\"en-US\",\"@id\":\"https:\/\/voyagesimpressionnistes.com\/en\/auvers-oise-valley\/chateau-d-auvers-vision-impressionniste\/#primaryimage\",\"url\":\"https:\/\/voyagesimpressionnistes.com\/wp-content\/uploads\/2021\/07\/P1118624.jpg\",\"contentUrl\":\"https:\/\/voyagesimpressionnistes.com\/wp-content\/uploads\/2021\/07\/P1118624.jpg\",\"width\":1920,\"height\":1280,\"caption\":\"Ch\u00e2teau d'Auvers, \\\"Vision impressionniste\\\" exhibition \u00a9 Oiseaux Voyageurs\"},{\"@type\":\"BreadcrumbList\",\"@id\":\"https:\/\/voyagesimpressionnistes.com\/en\/auvers-oise-valley\/chateau-d-auvers-vision-impressionniste\/#breadcrumb\",\"itemListElement\":[{\"@type\":\"ListItem\",\"position\":1,\"name\":\"Auvers &amp; the Oise valley\",\"item\":\"https:\/\/voyagesimpressionnistes.com\/en\/auvers-oise-valley\/\"},{\"@type\":\"ListItem\",\"position\":2,\"name\":\"Ch\u00e2teau d&#8217;Auvers: Impressionnist Vision&nbsp;\"}]},{\"@type\":\"WebSite\",\"@id\":\"https:\/\/voyagesimpressionnistes.com\/en\/#website\",\"url\":\"https:\/\/voyagesimpressionnistes.com\/en\/\",\"name\":\"Impressionist adventures\",\"description\":\"Inspiring moments\",\"publisher\":{\"@id\":\"https:\/\/voyagesimpressionnistes.com\/en\/#organization\"},\"potentialAction\":[{\"@type\":\"SearchAction\",\"target\":{\"@type\":\"EntryPoint\",\"urlTemplate\":\"https:\/\/voyagesimpressionnistes.com\/en\/?s={search_term_string}\"},\"query-input\":{\"@type\":\"PropertyValueSpecification\",\"valueRequired\":true,\"valueName\":\"search_term_string\"}}],\"inLanguage\":\"en-US\"},{\"@type\":\"Organization\",\"@id\":\"https:\/\/voyagesimpressionnistes.com\/en\/#organization\",\"name\":\"Voyages Impressionnistes\",\"url\":\"https:\/\/voyagesimpressionnistes.com\/en\/\",\"logo\":{\"@type\":\"ImageObject\",\"inLanguage\":\"en-US\",\"@id\":\"https:\/\/voyagesimpressionnistes.com\/en\/#\/schema\/logo\/image\/\",\"url\":\"https:\/\/voyagesimpressionnistes.com\/wp-content\/uploads\/2021\/06\/vi-logo-507x216-1.svg\",\"contentUrl\":\"https:\/\/voyagesimpressionnistes.com\/wp-content\/uploads\/2021\/06\/vi-logo-507x216-1.svg\",\"width\":507,\"height\":216,\"caption\":\"Voyages Impressionnistes\"},\"image\":{\"@id\":\"https:\/\/voyagesimpressionnistes.com\/en\/#\/schema\/logo\/image\/\"},\"sameAs\":[\"https:\/\/www.facebook.com\/LesVoyagesImpressionnistes\/\"]},{\"@type\":\"Person\",\"@id\":\"https:\/\/voyagesimpressionnistes.com\/en\/#\/schema\/person\/78c37c19aa7ae1bd6f4902f296c80e5f\",\"name\":\"Phane\",\"image\":{\"@type\":\"ImageObject\",\"inLanguage\":\"en-US\",\"@id\":\"https:\/\/voyagesimpressionnistes.com\/en\/#\/schema\/person\/image\/\",\"url\":\"https:\/\/secure.gravatar.com\/avatar\/ea705fa375f21b62a2facac16bc19ee8d664629e3399a374a188d355bc5d00b9?s=96&d=mm&r=g\",\"contentUrl\":\"https:\/\/secure.gravatar.com\/avatar\/ea705fa375f21b62a2facac16bc19ee8d664629e3399a374a188d355bc5d00b9?s=96&d=mm&r=g\",\"caption\":\"Phane\"}}]}<\/script>\n<!-- \/ Yoast SEO plugin. -->","yoast_head_json":{"title":"Ch\u00e2teau d'Auvers-sur-Oise - Impressionist adventures","description":"Experience the exhibition at the Ch\u00e2teau d'Auvers entitled \"Impressionist Vision\" and make the most of a stroll around its gardens after the tour inside.","robots":{"index":"index","follow":"follow","max-snippet":"max-snippet:-1","max-image-preview":"max-image-preview:large","max-video-preview":"max-video-preview:-1"},"canonical":"https:\/\/voyagesimpressionnistes.com\/en\/auvers-oise-valley\/chateau-d-auvers-vision-impressionniste\/","og_locale":"en_US","og_type":"article","og_title":"Ch\u00e2teau d'Auvers-sur-Oise - Impressionist adventures","og_description":"Experience the exhibition at the Ch\u00e2teau d'Auvers entitled \"Impressionist Vision\" and make the most of a stroll around its gardens after the tour inside.","og_url":"https:\/\/voyagesimpressionnistes.com\/en\/auvers-oise-valley\/chateau-d-auvers-vision-impressionniste\/","og_site_name":"Impressionist adventures","article_publisher":"https:\/\/www.facebook.com\/LesVoyagesImpressionnistes\/","article_published_time":"2021-07-29T14:28:57+00:00","article_modified_time":"2024-02-15T16:53:35+00:00","og_image":[{"width":1920,"height":1280,"url":"https:\/\/voyagesimpressionnistes.com\/wp-content\/uploads\/2021\/07\/P1118624.jpg","type":"image\/jpeg"}],"author":"Phane","twitter_card":"summary_large_image","twitter_misc":{"Written by":"Phane","Est. reading time":"2 minutes"},"schema":{"@context":"https:\/\/schema.org","@graph":[{"@type":["Article","BlogPosting"],"@id":"https:\/\/voyagesimpressionnistes.com\/en\/auvers-oise-valley\/chateau-d-auvers-vision-impressionniste\/#article","isPartOf":{"@id":"https:\/\/voyagesimpressionnistes.com\/en\/auvers-oise-valley\/chateau-d-auvers-vision-impressionniste\/"},"author":{"name":"Phane","@id":"https:\/\/voyagesimpressionnistes.com\/en\/#\/schema\/person\/78c37c19aa7ae1bd6f4902f296c80e5f"},"headline":"Ch\u00e2teau d&#8217;Auvers: Impressionnist Vision&nbsp;","datePublished":"2021-07-29T14:28:57+00:00","dateModified":"2024-02-15T16:53:35+00:00","mainEntityOfPage":{"@id":"https:\/\/voyagesimpressionnistes.com\/en\/auvers-oise-valley\/chateau-d-auvers-vision-impressionniste\/"},"wordCount":467,"publisher":{"@id":"https:\/\/voyagesimpressionnistes.com\/en\/#organization"},"image":{"@id":"https:\/\/voyagesimpressionnistes.com\/en\/auvers-oise-valley\/chateau-d-auvers-vision-impressionniste\/#primaryimage"},"thumbnailUrl":"https:\/\/voyagesimpressionnistes.com\/wp-content\/uploads\/2021\/07\/P1118624.jpg","keywords":["Unmissable","Museums &amp; sites"],"articleSection":["Auvers &amp; the Oise valley"],"inLanguage":"en-US"},{"@type":"WebPage","@id":"https:\/\/voyagesimpressionnistes.com\/en\/auvers-oise-valley\/chateau-d-auvers-vision-impressionniste\/","url":"https:\/\/voyagesimpressionnistes.com\/en\/auvers-oise-valley\/chateau-d-auvers-vision-impressionniste\/","name":"Ch\u00e2teau d'Auvers-sur-Oise - Impressionist adventures","isPartOf":{"@id":"https:\/\/voyagesimpressionnistes.com\/en\/#website"},"primaryImageOfPage":{"@id":"https:\/\/voyagesimpressionnistes.com\/en\/auvers-oise-valley\/chateau-d-auvers-vision-impressionniste\/#primaryimage"},"image":{"@id":"https:\/\/voyagesimpressionnistes.com\/en\/auvers-oise-valley\/chateau-d-auvers-vision-impressionniste\/#primaryimage"},"thumbnailUrl":"https:\/\/voyagesimpressionnistes.com\/wp-content\/uploads\/2021\/07\/P1118624.jpg","datePublished":"2021-07-29T14:28:57+00:00","dateModified":"2024-02-15T16:53:35+00:00","description":"Experience the exhibition at the Ch\u00e2teau d'Auvers entitled \"Impressionist Vision\" and make the most of a stroll around its gardens after the tour inside.","breadcrumb":{"@id":"https:\/\/voyagesimpressionnistes.com\/en\/auvers-oise-valley\/chateau-d-auvers-vision-impressionniste\/#breadcrumb"},"inLanguage":"en-US","potentialAction":[{"@type":"ReadAction","target":["https:\/\/voyagesimpressionnistes.com\/en\/auvers-oise-valley\/chateau-d-auvers-vision-impressionniste\/"]}]},{"@type":"ImageObject","inLanguage":"en-US","@id":"https:\/\/voyagesimpressionnistes.com\/en\/auvers-oise-valley\/chateau-d-auvers-vision-impressionniste\/#primaryimage","url":"https:\/\/voyagesimpressionnistes.com\/wp-content\/uploads\/2021\/07\/P1118624.jpg","contentUrl":"https:\/\/voyagesimpressionnistes.com\/wp-content\/uploads\/2021\/07\/P1118624.jpg","width":1920,"height":1280,"caption":"Ch\u00e2teau d'Auvers, \"Vision impressionniste\" exhibition \u00a9 Oiseaux Voyageurs"},{"@type":"BreadcrumbList","@id":"https:\/\/voyagesimpressionnistes.com\/en\/auvers-oise-valley\/chateau-d-auvers-vision-impressionniste\/#breadcrumb","itemListElement":[{"@type":"ListItem","position":1,"name":"Auvers &amp; the Oise valley","item":"https:\/\/voyagesimpressionnistes.com\/en\/auvers-oise-valley\/"},{"@type":"ListItem","position":2,"name":"Ch\u00e2teau d&#8217;Auvers: Impressionnist Vision&nbsp;"}]},{"@type":"WebSite","@id":"https:\/\/voyagesimpressionnistes.com\/en\/#website","url":"https:\/\/voyagesimpressionnistes.com\/en\/","name":"Impressionist adventures","description":"Inspiring moments","publisher":{"@id":"https:\/\/voyagesimpressionnistes.com\/en\/#organization"},"potentialAction":[{"@type":"SearchAction","target":{"@type":"EntryPoint","urlTemplate":"https:\/\/voyagesimpressionnistes.com\/en\/?s={search_term_string}"},"query-input":{"@type":"PropertyValueSpecification","valueRequired":true,"valueName":"search_term_string"}}],"inLanguage":"en-US"},{"@type":"Organization","@id":"https:\/\/voyagesimpressionnistes.com\/en\/#organization","name":"Voyages Impressionnistes","url":"https:\/\/voyagesimpressionnistes.com\/en\/","logo":{"@type":"ImageObject","inLanguage":"en-US","@id":"https:\/\/voyagesimpressionnistes.com\/en\/#\/schema\/logo\/image\/","url":"https:\/\/voyagesimpressionnistes.com\/wp-content\/uploads\/2021\/06\/vi-logo-507x216-1.svg","contentUrl":"https:\/\/voyagesimpressionnistes.com\/wp-content\/uploads\/2021\/06\/vi-logo-507x216-1.svg","width":507,"height":216,"caption":"Voyages Impressionnistes"},"image":{"@id":"https:\/\/voyagesimpressionnistes.com\/en\/#\/schema\/logo\/image\/"},"sameAs":["https:\/\/www.facebook.com\/LesVoyagesImpressionnistes\/"]},{"@type":"Person","@id":"https:\/\/voyagesimpressionnistes.com\/en\/#\/schema\/person\/78c37c19aa7ae1bd6f4902f296c80e5f","name":"Phane","image":{"@type":"ImageObject","inLanguage":"en-US","@id":"https:\/\/voyagesimpressionnistes.com\/en\/#\/schema\/person\/image\/","url":"https:\/\/secure.gravatar.com\/avatar\/ea705fa375f21b62a2facac16bc19ee8d664629e3399a374a188d355bc5d00b9?s=96&d=mm&r=g","contentUrl":"https:\/\/secure.gravatar.com\/avatar\/ea705fa375f21b62a2facac16bc19ee8d664629e3399a374a188d355bc5d00b9?s=96&d=mm&r=g","caption":"Phane"}}]}},"jetpack_featured_media_url":"https:\/\/voyagesimpressionnistes.com\/wp-content\/uploads\/2021\/07\/P1118624.jpg","jetpack_sharing_enabled":true,"_links":{"self":[{"href":"https:\/\/voyagesimpressionnistes.com\/en\/wp-json\/wp\/v2\/posts\/5843","targetHints":{"allow":["GET"]}}],"collection":[{"href":"https:\/\/voyagesimpressionnistes.com\/en\/wp-json\/wp\/v2\/posts"}],"about":[{"href":"https:\/\/voyagesimpressionnistes.com\/en\/wp-json\/wp\/v2\/types\/post"}],"author":[{"embeddable":true,"href":"https:\/\/voyagesimpressionnistes.com\/en\/wp-json\/wp\/v2\/users\/2"}],"replies":[{"embeddable":true,"href":"https:\/\/voyagesimpressionnistes.com\/en\/wp-json\/wp\/v2\/comments?post=5843"}],"version-history":[{"count":13,"href":"https:\/\/voyagesimpressionnistes.com\/en\/wp-json\/wp\/v2\/posts\/5843\/revisions"}],"predecessor-version":[{"id":7462,"href":"https:\/\/voyagesimpressionnistes.com\/en\/wp-json\/wp\/v2\/posts\/5843\/revisions\/7462"}],"wp:featuredmedia":[{"embeddable":true,"href":"https:\/\/voyagesimpressionnistes.com\/en\/wp-json\/wp\/v2\/media\/6102"}],"wp:attachment":[{"href":"https:\/\/voyagesimpressionnistes.com\/en\/wp-json\/wp\/v2\/media?parent=5843"}],"wp:term":[{"taxonomy":"category","embeddable":true,"href":"https:\/\/voyagesimpressionnistes.com\/en\/wp-json\/wp\/v2\/categories?post=5843"},{"taxonomy":"slider_une","embeddable":true,"href":"https:\/\/voyagesimpressionnistes.com\/en\/wp-json\/wp\/v2\/slider_une?post=5843"},{"taxonomy":"regions","embeddable":true,"href":"https:\/\/voyagesimpressionnistes.com\/en\/wp-json\/wp\/v2\/regions?post=5843"},{"taxonomy":"coups_coeur","embeddable":true,"href":"https:\/\/voyagesimpressionnistes.com\/en\/wp-json\/wp\/v2\/coups_coeur?post=5843"},{"taxonomy":"inspiration-type","embeddable":true,"href":"https:\/\/voyagesimpressionnistes.com\/en\/wp-json\/wp\/v2\/inspiration-type?post=5843"},{"taxonomy":"label","embeddable":true,"href":"https:\/\/voyagesimpressionnistes.com\/en\/wp-json\/wp\/v2\/label?post=5843"},{"taxonomy":"categories-agenda","embeddable":true,"href":"https:\/\/voyagesimpressionnistes.com\/en\/wp-json\/wp\/v2\/categories-agenda?post=5843"}],"curies":[{"name":"wp","href":"https:\/\/api.w.org\/{rel}","templated":true}]}}