{"id":5882,"date":"2021-07-23T18:54:43","date_gmt":"2021-07-23T16:54:43","guid":{"rendered":"https:\/\/voyagesimpressionnistes.com\/uncategorized\/musee-des-pecheries\/"},"modified":"2023-09-14T16:39:26","modified_gmt":"2023-09-14T14:39:26","slug":"musee-des-pecheries","status":"publish","type":"post","link":"https:\/\/voyagesimpressionnistes.com\/en\/cote-albatre\/musee-des-pecheries\/","title":{"rendered":"Mus\u00e9e des P\u00eacheries"},"content":{"rendered":"<p>The Mus\u00e9e des P\u00eacheries in F\u00e9camp proposes a unique trail, tracing the history of this lively Normandy port, on <a href=\"\/cote-albatre\/\">the C\u00f4te d&#8217;Alb\u00e2tre<\/a>. In the 19<sup>th<\/sup> century, its rugged coast marked by cliffs became a favoured port of call for artists painting out of doors. Claude Monet and Berthe Morisot found many themes to inspire their works here, while a little earlier, Eug\u00e8ne Delacroix spent several stints at Valmont close by.<\/p>\n<p>Dominating the harbour, the cod-drying building known as <em>La Morue Normande<\/em> was built in 1950, in typical French post-war reconstruction style. Between 2003 and 2017 it was converted into a museum. The presentations encourage visitors to come face to face with the situations and emotions experienced by the men and women portrayed in the museum collections.<\/p>\n<p>In the superbly restored building, topped by a vertiginous viewing gallery, the 2<sup>nd<\/sup> floor offers a remarkable trail. Take in works by artists captivated by the resorts and light along the Normandy coast. Alexandre Defaux, Jules No\u00ebl, Antoine Guillemet, Maximilien Luce, \u00c9mile Schuffenecker and Eug\u00e8ne Le Poittevin were precursors of Impressionism who painted the landscapes around these parts, including at nearby \u00c9tretat and Yport. Among the most representative works by this group of artists, <em>Crinolines sur la plage, F\u00e9camp<\/em> by Jules No\u00ebl stands out. Numerous pieces displayed in this dedicated space create a link with F\u00e9camp\u2019s surroundings, visible from the building\u2019s many windows.<\/p>\n<p>Temporary exhibitions, guided tours, readings and lecture series bring added life year-round to this lovely museum. <em>Le Bestiaire cach\u00e9 du Mus\u00e9e des P\u00eacheries<\/em>, a booklet with games, is available free to visiting families, encouraging them to spot dogs, frogs, hares and even penguins hiding in works scattered around the museum. Additionally, at certain lunchtimes, it\u2019s possible to enjoy the Midi-Mus\u00e9e-Musique events, staged in conjunction with the Conservatoire de Musique de F\u00e9camp, creating dialogues between musical and artistic works.<\/p>\n","protected":false},"excerpt":{"rendered":"<p>The Mus\u00e9e des P\u00eacheries in F\u00e9camp proposes a unique trail,  [&#8230;]<\/p>\n","protected":false},"author":2,"featured_media":6993,"comment_status":"closed","ping_status":"closed","sticky":false,"template":"","format":"standard","meta":{"_acf_changed":false,"inline_featured_image":false,"_jetpack_memberships_contains_paid_content":false,"footnotes":""},"categories":[85],"slider_une":[],"regions":[133],"coups_coeur":[],"inspiration-type":[],"label":[],"categories-agenda":[],"class_list":["post-5882","post","type-post","status-publish","format-standard","has-post-thumbnail","hentry","category-cote-albatre","tag-unmissable","tag-museums-sites","regions-normandy"],"acf":[],"yoast_head":"<!-- This site is optimized with the Yoast SEO plugin v26.3 - https:\/\/yoast.com\/wordpress\/plugins\/seo\/ -->\n<title>Mus\u00e9e des P\u00eacheries in F\u00e9camp - Impressionist adventures<\/title>\n<meta name=\"description\" content=\"The Mus\u00e9e des P\u00eacheries in F\u00e9camp in Normandy encourages you to follow a pictorial trail through this area so marked by Impressionism\" \/>\n<meta name=\"robots\" content=\"index, follow, max-snippet:-1, max-image-preview:large, max-video-preview:-1\" \/>\n<link rel=\"canonical\" href=\"https:\/\/voyagesimpressionnistes.com\/en\/cote-albatre\/musee-des-pecheries\/\" \/>\n<meta property=\"og:locale\" content=\"en_US\" \/>\n<meta property=\"og:type\" content=\"article\" \/>\n<meta property=\"og:title\" content=\"Mus\u00e9e des P\u00eacheries in F\u00e9camp - Impressionist adventures\" \/>\n<meta property=\"og:description\" content=\"The Mus\u00e9e des P\u00eacheries in F\u00e9camp in Normandy encourages you to follow a pictorial trail through this area so marked by Impressionism\" \/>\n<meta property=\"og:url\" content=\"https:\/\/voyagesimpressionnistes.com\/en\/cote-albatre\/musee-des-pecheries\/\" \/>\n<meta property=\"og:site_name\" content=\"Impressionist adventures\" \/>\n<meta property=\"article:publisher\" content=\"https:\/\/www.facebook.com\/LesVoyagesImpressionnistes\/\" \/>\n<meta property=\"article:published_time\" content=\"2021-07-23T16:54:43+00:00\" \/>\n<meta property=\"article:modified_time\" content=\"2023-09-14T14:39:26+00:00\" \/>\n<meta property=\"og:image\" content=\"https:\/\/voyagesimpressionnistes.com\/wp-content\/uploads\/2021\/07\/Port_de_Fecamp_-_Thomas_Le_Floc_H-Thomas_Le_Floc_H-22916.jpg\" \/>\n\t<meta property=\"og:image:width\" content=\"1920\" \/>\n\t<meta property=\"og:image:height\" content=\"1431\" \/>\n\t<meta property=\"og:image:type\" content=\"image\/jpeg\" \/>\n<meta name=\"author\" content=\"Phane\" \/>\n<meta name=\"twitter:card\" content=\"summary_large_image\" \/>\n<meta name=\"twitter:label1\" content=\"Written by\" \/>\n\t<meta name=\"twitter:data1\" content=\"Phane\" \/>\n\t<meta name=\"twitter:label2\" content=\"Est. reading time\" \/>\n\t<meta name=\"twitter:data2\" content=\"2 minutes\" \/>\n<script type=\"application\/ld+json\" class=\"yoast-schema-graph\">{\"@context\":\"https:\/\/schema.org\",\"@graph\":[{\"@type\":[\"Article\",\"BlogPosting\"],\"@id\":\"https:\/\/voyagesimpressionnistes.com\/en\/cote-albatre\/musee-des-pecheries\/#article\",\"isPartOf\":{\"@id\":\"https:\/\/voyagesimpressionnistes.com\/en\/cote-albatre\/musee-des-pecheries\/\"},\"author\":{\"name\":\"Phane\",\"@id\":\"https:\/\/voyagesimpressionnistes.com\/en\/#\/schema\/person\/78c37c19aa7ae1bd6f4902f296c80e5f\"},\"headline\":\"Mus\u00e9e des P\u00eacheries\",\"datePublished\":\"2021-07-23T16:54:43+00:00\",\"dateModified\":\"2023-09-14T14:39:26+00:00\",\"mainEntityOfPage\":{\"@id\":\"https:\/\/voyagesimpressionnistes.com\/en\/cote-albatre\/musee-des-pecheries\/\"},\"wordCount\":328,\"publisher\":{\"@id\":\"https:\/\/voyagesimpressionnistes.com\/en\/#organization\"},\"image\":{\"@id\":\"https:\/\/voyagesimpressionnistes.com\/en\/cote-albatre\/musee-des-pecheries\/#primaryimage\"},\"thumbnailUrl\":\"https:\/\/voyagesimpressionnistes.com\/wp-content\/uploads\/2021\/07\/Port_de_Fecamp_-_Thomas_Le_Floc_H-Thomas_Le_Floc_H-22916.jpg\",\"keywords\":[\"Unmissable\",\"Museums &amp; sites\"],\"articleSection\":[\"The C\u00f4te d\u2019Alb\u00e2tre\"],\"inLanguage\":\"en-US\"},{\"@type\":\"WebPage\",\"@id\":\"https:\/\/voyagesimpressionnistes.com\/en\/cote-albatre\/musee-des-pecheries\/\",\"url\":\"https:\/\/voyagesimpressionnistes.com\/en\/cote-albatre\/musee-des-pecheries\/\",\"name\":\"Mus\u00e9e des P\u00eacheries in F\u00e9camp - Impressionist adventures\",\"isPartOf\":{\"@id\":\"https:\/\/voyagesimpressionnistes.com\/en\/#website\"},\"primaryImageOfPage\":{\"@id\":\"https:\/\/voyagesimpressionnistes.com\/en\/cote-albatre\/musee-des-pecheries\/#primaryimage\"},\"image\":{\"@id\":\"https:\/\/voyagesimpressionnistes.com\/en\/cote-albatre\/musee-des-pecheries\/#primaryimage\"},\"thumbnailUrl\":\"https:\/\/voyagesimpressionnistes.com\/wp-content\/uploads\/2021\/07\/Port_de_Fecamp_-_Thomas_Le_Floc_H-Thomas_Le_Floc_H-22916.jpg\",\"datePublished\":\"2021-07-23T16:54:43+00:00\",\"dateModified\":\"2023-09-14T14:39:26+00:00\",\"description\":\"The Mus\u00e9e des P\u00eacheries in F\u00e9camp in Normandy encourages you to follow a pictorial trail through this area so marked by Impressionism\",\"breadcrumb\":{\"@id\":\"https:\/\/voyagesimpressionnistes.com\/en\/cote-albatre\/musee-des-pecheries\/#breadcrumb\"},\"inLanguage\":\"en-US\",\"potentialAction\":[{\"@type\":\"ReadAction\",\"target\":[\"https:\/\/voyagesimpressionnistes.com\/en\/cote-albatre\/musee-des-pecheries\/\"]}]},{\"@type\":\"ImageObject\",\"inLanguage\":\"en-US\",\"@id\":\"https:\/\/voyagesimpressionnistes.com\/en\/cote-albatre\/musee-des-pecheries\/#primaryimage\",\"url\":\"https:\/\/voyagesimpressionnistes.com\/wp-content\/uploads\/2021\/07\/Port_de_Fecamp_-_Thomas_Le_Floc_H-Thomas_Le_Floc_H-22916.jpg\",\"contentUrl\":\"https:\/\/voyagesimpressionnistes.com\/wp-content\/uploads\/2021\/07\/Port_de_Fecamp_-_Thomas_Le_Floc_H-Thomas_Le_Floc_H-22916.jpg\",\"width\":1920,\"height\":1431,\"caption\":\"Mus\u00e9e des P\u00eacheries \u00a9 Thomas Le Floch\"},{\"@type\":\"BreadcrumbList\",\"@id\":\"https:\/\/voyagesimpressionnistes.com\/en\/cote-albatre\/musee-des-pecheries\/#breadcrumb\",\"itemListElement\":[{\"@type\":\"ListItem\",\"position\":1,\"name\":\"The C\u00f4te d\u2019Alb\u00e2tre\",\"item\":\"https:\/\/voyagesimpressionnistes.com\/en\/cote-albatre\/\"},{\"@type\":\"ListItem\",\"position\":2,\"name\":\"Mus\u00e9e des P\u00eacheries\"}]},{\"@type\":\"WebSite\",\"@id\":\"https:\/\/voyagesimpressionnistes.com\/en\/#website\",\"url\":\"https:\/\/voyagesimpressionnistes.com\/en\/\",\"name\":\"Impressionist adventures\",\"description\":\"Inspiring moments\",\"publisher\":{\"@id\":\"https:\/\/voyagesimpressionnistes.com\/en\/#organization\"},\"potentialAction\":[{\"@type\":\"SearchAction\",\"target\":{\"@type\":\"EntryPoint\",\"urlTemplate\":\"https:\/\/voyagesimpressionnistes.com\/en\/?s={search_term_string}\"},\"query-input\":{\"@type\":\"PropertyValueSpecification\",\"valueRequired\":true,\"valueName\":\"search_term_string\"}}],\"inLanguage\":\"en-US\"},{\"@type\":\"Organization\",\"@id\":\"https:\/\/voyagesimpressionnistes.com\/en\/#organization\",\"name\":\"Voyages Impressionnistes\",\"url\":\"https:\/\/voyagesimpressionnistes.com\/en\/\",\"logo\":{\"@type\":\"ImageObject\",\"inLanguage\":\"en-US\",\"@id\":\"https:\/\/voyagesimpressionnistes.com\/en\/#\/schema\/logo\/image\/\",\"url\":\"https:\/\/voyagesimpressionnistes.com\/wp-content\/uploads\/2021\/06\/vi-logo-507x216-1.svg\",\"contentUrl\":\"https:\/\/voyagesimpressionnistes.com\/wp-content\/uploads\/2021\/06\/vi-logo-507x216-1.svg\",\"width\":507,\"height\":216,\"caption\":\"Voyages Impressionnistes\"},\"image\":{\"@id\":\"https:\/\/voyagesimpressionnistes.com\/en\/#\/schema\/logo\/image\/\"},\"sameAs\":[\"https:\/\/www.facebook.com\/LesVoyagesImpressionnistes\/\"]},{\"@type\":\"Person\",\"@id\":\"https:\/\/voyagesimpressionnistes.com\/en\/#\/schema\/person\/78c37c19aa7ae1bd6f4902f296c80e5f\",\"name\":\"Phane\",\"image\":{\"@type\":\"ImageObject\",\"inLanguage\":\"en-US\",\"@id\":\"https:\/\/voyagesimpressionnistes.com\/en\/#\/schema\/person\/image\/\",\"url\":\"https:\/\/secure.gravatar.com\/avatar\/ea705fa375f21b62a2facac16bc19ee8d664629e3399a374a188d355bc5d00b9?s=96&d=mm&r=g\",\"contentUrl\":\"https:\/\/secure.gravatar.com\/avatar\/ea705fa375f21b62a2facac16bc19ee8d664629e3399a374a188d355bc5d00b9?s=96&d=mm&r=g\",\"caption\":\"Phane\"}}]}<\/script>\n<!-- \/ Yoast SEO plugin. -->","yoast_head_json":{"title":"Mus\u00e9e des P\u00eacheries in F\u00e9camp - Impressionist adventures","description":"The Mus\u00e9e des P\u00eacheries in F\u00e9camp in Normandy encourages you to follow a pictorial trail through this area so marked by Impressionism","robots":{"index":"index","follow":"follow","max-snippet":"max-snippet:-1","max-image-preview":"max-image-preview:large","max-video-preview":"max-video-preview:-1"},"canonical":"https:\/\/voyagesimpressionnistes.com\/en\/cote-albatre\/musee-des-pecheries\/","og_locale":"en_US","og_type":"article","og_title":"Mus\u00e9e des P\u00eacheries in F\u00e9camp - Impressionist adventures","og_description":"The Mus\u00e9e des P\u00eacheries in F\u00e9camp in Normandy encourages you to follow a pictorial trail through this area so marked by Impressionism","og_url":"https:\/\/voyagesimpressionnistes.com\/en\/cote-albatre\/musee-des-pecheries\/","og_site_name":"Impressionist adventures","article_publisher":"https:\/\/www.facebook.com\/LesVoyagesImpressionnistes\/","article_published_time":"2021-07-23T16:54:43+00:00","article_modified_time":"2023-09-14T14:39:26+00:00","og_image":[{"width":1920,"height":1431,"url":"https:\/\/voyagesimpressionnistes.com\/wp-content\/uploads\/2021\/07\/Port_de_Fecamp_-_Thomas_Le_Floc_H-Thomas_Le_Floc_H-22916.jpg","type":"image\/jpeg"}],"author":"Phane","twitter_card":"summary_large_image","twitter_misc":{"Written by":"Phane","Est. reading time":"2 minutes"},"schema":{"@context":"https:\/\/schema.org","@graph":[{"@type":["Article","BlogPosting"],"@id":"https:\/\/voyagesimpressionnistes.com\/en\/cote-albatre\/musee-des-pecheries\/#article","isPartOf":{"@id":"https:\/\/voyagesimpressionnistes.com\/en\/cote-albatre\/musee-des-pecheries\/"},"author":{"name":"Phane","@id":"https:\/\/voyagesimpressionnistes.com\/en\/#\/schema\/person\/78c37c19aa7ae1bd6f4902f296c80e5f"},"headline":"Mus\u00e9e des P\u00eacheries","datePublished":"2021-07-23T16:54:43+00:00","dateModified":"2023-09-14T14:39:26+00:00","mainEntityOfPage":{"@id":"https:\/\/voyagesimpressionnistes.com\/en\/cote-albatre\/musee-des-pecheries\/"},"wordCount":328,"publisher":{"@id":"https:\/\/voyagesimpressionnistes.com\/en\/#organization"},"image":{"@id":"https:\/\/voyagesimpressionnistes.com\/en\/cote-albatre\/musee-des-pecheries\/#primaryimage"},"thumbnailUrl":"https:\/\/voyagesimpressionnistes.com\/wp-content\/uploads\/2021\/07\/Port_de_Fecamp_-_Thomas_Le_Floc_H-Thomas_Le_Floc_H-22916.jpg","keywords":["Unmissable","Museums &amp; sites"],"articleSection":["The C\u00f4te d\u2019Alb\u00e2tre"],"inLanguage":"en-US"},{"@type":"WebPage","@id":"https:\/\/voyagesimpressionnistes.com\/en\/cote-albatre\/musee-des-pecheries\/","url":"https:\/\/voyagesimpressionnistes.com\/en\/cote-albatre\/musee-des-pecheries\/","name":"Mus\u00e9e des P\u00eacheries in F\u00e9camp - Impressionist adventures","isPartOf":{"@id":"https:\/\/voyagesimpressionnistes.com\/en\/#website"},"primaryImageOfPage":{"@id":"https:\/\/voyagesimpressionnistes.com\/en\/cote-albatre\/musee-des-pecheries\/#primaryimage"},"image":{"@id":"https:\/\/voyagesimpressionnistes.com\/en\/cote-albatre\/musee-des-pecheries\/#primaryimage"},"thumbnailUrl":"https:\/\/voyagesimpressionnistes.com\/wp-content\/uploads\/2021\/07\/Port_de_Fecamp_-_Thomas_Le_Floc_H-Thomas_Le_Floc_H-22916.jpg","datePublished":"2021-07-23T16:54:43+00:00","dateModified":"2023-09-14T14:39:26+00:00","description":"The Mus\u00e9e des P\u00eacheries in F\u00e9camp in Normandy encourages you to follow a pictorial trail through this area so marked by Impressionism","breadcrumb":{"@id":"https:\/\/voyagesimpressionnistes.com\/en\/cote-albatre\/musee-des-pecheries\/#breadcrumb"},"inLanguage":"en-US","potentialAction":[{"@type":"ReadAction","target":["https:\/\/voyagesimpressionnistes.com\/en\/cote-albatre\/musee-des-pecheries\/"]}]},{"@type":"ImageObject","inLanguage":"en-US","@id":"https:\/\/voyagesimpressionnistes.com\/en\/cote-albatre\/musee-des-pecheries\/#primaryimage","url":"https:\/\/voyagesimpressionnistes.com\/wp-content\/uploads\/2021\/07\/Port_de_Fecamp_-_Thomas_Le_Floc_H-Thomas_Le_Floc_H-22916.jpg","contentUrl":"https:\/\/voyagesimpressionnistes.com\/wp-content\/uploads\/2021\/07\/Port_de_Fecamp_-_Thomas_Le_Floc_H-Thomas_Le_Floc_H-22916.jpg","width":1920,"height":1431,"caption":"Mus\u00e9e des P\u00eacheries \u00a9 Thomas Le Floch"},{"@type":"BreadcrumbList","@id":"https:\/\/voyagesimpressionnistes.com\/en\/cote-albatre\/musee-des-pecheries\/#breadcrumb","itemListElement":[{"@type":"ListItem","position":1,"name":"The C\u00f4te d\u2019Alb\u00e2tre","item":"https:\/\/voyagesimpressionnistes.com\/en\/cote-albatre\/"},{"@type":"ListItem","position":2,"name":"Mus\u00e9e des P\u00eacheries"}]},{"@type":"WebSite","@id":"https:\/\/voyagesimpressionnistes.com\/en\/#website","url":"https:\/\/voyagesimpressionnistes.com\/en\/","name":"Impressionist adventures","description":"Inspiring moments","publisher":{"@id":"https:\/\/voyagesimpressionnistes.com\/en\/#organization"},"potentialAction":[{"@type":"SearchAction","target":{"@type":"EntryPoint","urlTemplate":"https:\/\/voyagesimpressionnistes.com\/en\/?s={search_term_string}"},"query-input":{"@type":"PropertyValueSpecification","valueRequired":true,"valueName":"search_term_string"}}],"inLanguage":"en-US"},{"@type":"Organization","@id":"https:\/\/voyagesimpressionnistes.com\/en\/#organization","name":"Voyages Impressionnistes","url":"https:\/\/voyagesimpressionnistes.com\/en\/","logo":{"@type":"ImageObject","inLanguage":"en-US","@id":"https:\/\/voyagesimpressionnistes.com\/en\/#\/schema\/logo\/image\/","url":"https:\/\/voyagesimpressionnistes.com\/wp-content\/uploads\/2021\/06\/vi-logo-507x216-1.svg","contentUrl":"https:\/\/voyagesimpressionnistes.com\/wp-content\/uploads\/2021\/06\/vi-logo-507x216-1.svg","width":507,"height":216,"caption":"Voyages Impressionnistes"},"image":{"@id":"https:\/\/voyagesimpressionnistes.com\/en\/#\/schema\/logo\/image\/"},"sameAs":["https:\/\/www.facebook.com\/LesVoyagesImpressionnistes\/"]},{"@type":"Person","@id":"https:\/\/voyagesimpressionnistes.com\/en\/#\/schema\/person\/78c37c19aa7ae1bd6f4902f296c80e5f","name":"Phane","image":{"@type":"ImageObject","inLanguage":"en-US","@id":"https:\/\/voyagesimpressionnistes.com\/en\/#\/schema\/person\/image\/","url":"https:\/\/secure.gravatar.com\/avatar\/ea705fa375f21b62a2facac16bc19ee8d664629e3399a374a188d355bc5d00b9?s=96&d=mm&r=g","contentUrl":"https:\/\/secure.gravatar.com\/avatar\/ea705fa375f21b62a2facac16bc19ee8d664629e3399a374a188d355bc5d00b9?s=96&d=mm&r=g","caption":"Phane"}}]}},"jetpack_featured_media_url":"https:\/\/voyagesimpressionnistes.com\/wp-content\/uploads\/2021\/07\/Port_de_Fecamp_-_Thomas_Le_Floc_H-Thomas_Le_Floc_H-22916.jpg","jetpack_sharing_enabled":true,"_links":{"self":[{"href":"https:\/\/voyagesimpressionnistes.com\/en\/wp-json\/wp\/v2\/posts\/5882","targetHints":{"allow":["GET"]}}],"collection":[{"href":"https:\/\/voyagesimpressionnistes.com\/en\/wp-json\/wp\/v2\/posts"}],"about":[{"href":"https:\/\/voyagesimpressionnistes.com\/en\/wp-json\/wp\/v2\/types\/post"}],"author":[{"embeddable":true,"href":"https:\/\/voyagesimpressionnistes.com\/en\/wp-json\/wp\/v2\/users\/2"}],"replies":[{"embeddable":true,"href":"https:\/\/voyagesimpressionnistes.com\/en\/wp-json\/wp\/v2\/comments?post=5882"}],"version-history":[{"count":2,"href":"https:\/\/voyagesimpressionnistes.com\/en\/wp-json\/wp\/v2\/posts\/5882\/revisions"}],"predecessor-version":[{"id":5885,"href":"https:\/\/voyagesimpressionnistes.com\/en\/wp-json\/wp\/v2\/posts\/5882\/revisions\/5885"}],"wp:featuredmedia":[{"embeddable":true,"href":"https:\/\/voyagesimpressionnistes.com\/en\/wp-json\/wp\/v2\/media\/6993"}],"wp:attachment":[{"href":"https:\/\/voyagesimpressionnistes.com\/en\/wp-json\/wp\/v2\/media?parent=5882"}],"wp:term":[{"taxonomy":"category","embeddable":true,"href":"https:\/\/voyagesimpressionnistes.com\/en\/wp-json\/wp\/v2\/categories?post=5882"},{"taxonomy":"slider_une","embeddable":true,"href":"https:\/\/voyagesimpressionnistes.com\/en\/wp-json\/wp\/v2\/slider_une?post=5882"},{"taxonomy":"regions","embeddable":true,"href":"https:\/\/voyagesimpressionnistes.com\/en\/wp-json\/wp\/v2\/regions?post=5882"},{"taxonomy":"coups_coeur","embeddable":true,"href":"https:\/\/voyagesimpressionnistes.com\/en\/wp-json\/wp\/v2\/coups_coeur?post=5882"},{"taxonomy":"inspiration-type","embeddable":true,"href":"https:\/\/voyagesimpressionnistes.com\/en\/wp-json\/wp\/v2\/inspiration-type?post=5882"},{"taxonomy":"label","embeddable":true,"href":"https:\/\/voyagesimpressionnistes.com\/en\/wp-json\/wp\/v2\/label?post=5882"},{"taxonomy":"categories-agenda","embeddable":true,"href":"https:\/\/voyagesimpressionnistes.com\/en\/wp-json\/wp\/v2\/categories-agenda?post=5882"}],"curies":[{"name":"wp","href":"https:\/\/api.w.org\/{rel}","templated":true}]}}