{"id":5886,"date":"2021-07-23T17:53:01","date_gmt":"2021-07-23T15:53:01","guid":{"rendered":"https:\/\/voyagesimpressionnistes.com\/uncategorized\/villa-du-temps-retrouve\/"},"modified":"2023-08-29T13:20:21","modified_gmt":"2023-08-29T11:20:21","slug":"villa-du-temps-retrouve","status":"publish","type":"post","link":"https:\/\/voyagesimpressionnistes.com\/en\/seine-estuary\/villa-du-temps-retrouve\/","title":{"rendered":"Villa du Temps retrouv\u00e9"},"content":{"rendered":"<p>In the resort of Cabourg, the Villa du Temps retrouv\u00e9 invites you to travel back in time and immerse yourself in the atmosphere of the C\u00f4te Fleurie at the turn to 20<sup>th<\/sup> century. This beautiful coastal area became a magnet, attracting precursors of Impressionists experimenting with painting out of doors, followed by Impressionists who came here to paint prolifically, their new way of depicting these parts gradually winning over period tastes. As to this maison mus\u00e9e set in Cabourg itself, it displays paintings, sculptures and manuscripts bearing witness to the famed Belle \u00c9poque period.<\/p>\n<p>Everything is inspiring here, starting with the architecture, typical of the fine Normandy holiday villas built in the early last century. Then come the rooms reflecting the Belle \u00c9poque\u2019s artistic, economic and social revolutions, plus canvases by fine artists, notably Jacques-\u00c9mile Blanche. Touring this exceptional villa, you\u2019ll see exactly why Normandy inspired so much artistic passion, from Eug\u00e8ne Boudin and Claude Monet to Marcel Proust, your period guide.<\/p>\n<p>The exhibition rooms in this innovative venue propose a brand-new type of museum trail combining visual, sound, musical, olfactory and digital effects and are dotted with items loaned by reputed institutions at regional level (<a href=\"\/rouen-les-boucles-de-la-seine\/musee-des-beaux-arts-de-rouen\/\">Mus\u00e9e des Beaux-Arts de Rouen<\/a>), national level (Biblioth\u00e8que Nationale de France) and even international level (<a href=\"\/paris-montmartre\/musee-d-orsay\/\">Mus\u00e9e d\u2019Orsay<\/a>). In total, over 350 works and objects are on show, from paintings, drawings, sculptures and photographs to pieces of furniture, books and costumes, all produced by the period\u2019s greatest figures, including the likes of Jacques-\u00c9mile Blanche, Claude Debussy, Auguste Rodin, Igor Stravinsky and Eug\u00e8ne Boudin.<\/p>\n<p>A classic tour turns into an immersive, participatory experience thanks to all the effects, in good part digital, allowing visitors to listen, read, see and learn so much, moving from one room to the next. The library presents a selection of turn-of-the-century bestsellers, free for all to consult, great for helping visitors delve deeper into this period that seems both so close and yet so far away, suspended between two centuries, two wars and two worlds.<\/p>\n<p>The gardens complement the tour inside the villa very well, featuring many plants so memorably described in Proust\u2019s period masterpiece, <em>\u00c0 la Recherche du temps perdu<\/em> (In Search of Lost Time).<\/p>\n<p>Guided tours geared to young and old alike, lectures, escape games, plus specialist tours including dancing, songs by a tenor, or a visit with a historian who is also a p\u00e2tissi\u00e8re\u2026 the Villa du Temps retrouv\u00e9 puts on many lively events for visitors to experience the Belle \u00c9poque from different angles!<\/p>\n","protected":false},"excerpt":{"rendered":"<p>In the resort of Cabourg, the Villa du Temps retrouv\u00e9  [&#8230;]<\/p>\n","protected":false},"author":2,"featured_media":6389,"comment_status":"closed","ping_status":"closed","sticky":false,"template":"","format":"standard","meta":{"_acf_changed":false,"inline_featured_image":false,"_jetpack_memberships_contains_paid_content":false,"footnotes":""},"categories":[84],"slider_une":[],"regions":[133],"coups_coeur":[],"inspiration-type":[],"label":[],"categories-agenda":[],"class_list":["post-5886","post","type-post","status-publish","format-standard","has-post-thumbnail","hentry","category-seine-estuary","tag-museums-sites","regions-normandy"],"acf":[],"yoast_head":"<!-- This site is optimized with the Yoast SEO plugin v26.3 - https:\/\/yoast.com\/wordpress\/plugins\/seo\/ -->\n<title>Villa du Temps retrouv\u00e9 - Impressionist adventures<\/title>\n<meta name=\"description\" content=\"The Villa du Temps retrouv\u00e9 in Cabourg invites visitors to immerse themselves in the Belle \u00c9poque atmosphere of a Normandy resort that became a magnet for the period\u2019s artists.\" \/>\n<meta name=\"robots\" content=\"index, follow, max-snippet:-1, max-image-preview:large, max-video-preview:-1\" \/>\n<link rel=\"canonical\" href=\"https:\/\/voyagesimpressionnistes.com\/en\/seine-estuary\/villa-du-temps-retrouve\/\" \/>\n<meta property=\"og:locale\" content=\"en_US\" \/>\n<meta property=\"og:type\" content=\"article\" \/>\n<meta property=\"og:title\" content=\"Villa du Temps retrouv\u00e9 - Impressionist adventures\" \/>\n<meta property=\"og:description\" content=\"The Villa du Temps retrouv\u00e9 in Cabourg invites visitors to immerse themselves in the Belle \u00c9poque atmosphere of a Normandy resort that became a magnet for the period\u2019s artists.\" \/>\n<meta property=\"og:url\" content=\"https:\/\/voyagesimpressionnistes.com\/en\/seine-estuary\/villa-du-temps-retrouve\/\" \/>\n<meta property=\"og:site_name\" content=\"Impressionist adventures\" \/>\n<meta property=\"article:publisher\" content=\"https:\/\/www.facebook.com\/LesVoyagesImpressionnistes\/\" \/>\n<meta property=\"article:published_time\" content=\"2021-07-23T15:53:01+00:00\" \/>\n<meta property=\"article:modified_time\" content=\"2023-08-29T11:20:21+00:00\" \/>\n<meta property=\"og:image\" content=\"https:\/\/voyagesimpressionnistes.com\/wp-content\/uploads\/2023\/03\/Villa_du_Temps_Retrouve__Cabourg_-_Thomas_Le_Floc_H-Thomas_Le_Floc_H-22821-1600px.jpg\" \/>\n\t<meta property=\"og:image:width\" content=\"1600\" \/>\n\t<meta property=\"og:image:height\" content=\"1064\" \/>\n\t<meta property=\"og:image:type\" content=\"image\/jpeg\" \/>\n<meta name=\"author\" content=\"Phane\" \/>\n<meta name=\"twitter:card\" content=\"summary_large_image\" \/>\n<meta name=\"twitter:label1\" content=\"Written by\" \/>\n\t<meta name=\"twitter:data1\" content=\"Phane\" \/>\n\t<meta name=\"twitter:label2\" content=\"Est. reading time\" \/>\n\t<meta name=\"twitter:data2\" content=\"2 minutes\" \/>\n<script type=\"application\/ld+json\" class=\"yoast-schema-graph\">{\"@context\":\"https:\/\/schema.org\",\"@graph\":[{\"@type\":[\"Article\",\"BlogPosting\"],\"@id\":\"https:\/\/voyagesimpressionnistes.com\/en\/seine-estuary\/villa-du-temps-retrouve\/#article\",\"isPartOf\":{\"@id\":\"https:\/\/voyagesimpressionnistes.com\/en\/seine-estuary\/villa-du-temps-retrouve\/\"},\"author\":{\"name\":\"Phane\",\"@id\":\"https:\/\/voyagesimpressionnistes.com\/en\/#\/schema\/person\/78c37c19aa7ae1bd6f4902f296c80e5f\"},\"headline\":\"Villa du Temps retrouv\u00e9\",\"datePublished\":\"2021-07-23T15:53:01+00:00\",\"dateModified\":\"2023-08-29T11:20:21+00:00\",\"mainEntityOfPage\":{\"@id\":\"https:\/\/voyagesimpressionnistes.com\/en\/seine-estuary\/villa-du-temps-retrouve\/\"},\"wordCount\":434,\"publisher\":{\"@id\":\"https:\/\/voyagesimpressionnistes.com\/en\/#organization\"},\"image\":{\"@id\":\"https:\/\/voyagesimpressionnistes.com\/en\/seine-estuary\/villa-du-temps-retrouve\/#primaryimage\"},\"thumbnailUrl\":\"https:\/\/voyagesimpressionnistes.com\/wp-content\/uploads\/2023\/03\/Villa_du_Temps_Retrouve__Cabourg_-_Thomas_Le_Floc_H-Thomas_Le_Floc_H-22821-1600px.jpg\",\"keywords\":[\"Museums &amp; sites\"],\"articleSection\":[\"The Seine Estuary\"],\"inLanguage\":\"en-US\"},{\"@type\":\"WebPage\",\"@id\":\"https:\/\/voyagesimpressionnistes.com\/en\/seine-estuary\/villa-du-temps-retrouve\/\",\"url\":\"https:\/\/voyagesimpressionnistes.com\/en\/seine-estuary\/villa-du-temps-retrouve\/\",\"name\":\"Villa du Temps retrouv\u00e9 - Impressionist adventures\",\"isPartOf\":{\"@id\":\"https:\/\/voyagesimpressionnistes.com\/en\/#website\"},\"primaryImageOfPage\":{\"@id\":\"https:\/\/voyagesimpressionnistes.com\/en\/seine-estuary\/villa-du-temps-retrouve\/#primaryimage\"},\"image\":{\"@id\":\"https:\/\/voyagesimpressionnistes.com\/en\/seine-estuary\/villa-du-temps-retrouve\/#primaryimage\"},\"thumbnailUrl\":\"https:\/\/voyagesimpressionnistes.com\/wp-content\/uploads\/2023\/03\/Villa_du_Temps_Retrouve__Cabourg_-_Thomas_Le_Floc_H-Thomas_Le_Floc_H-22821-1600px.jpg\",\"datePublished\":\"2021-07-23T15:53:01+00:00\",\"dateModified\":\"2023-08-29T11:20:21+00:00\",\"description\":\"The Villa du Temps retrouv\u00e9 in Cabourg invites visitors to immerse themselves in the Belle \u00c9poque atmosphere of a Normandy resort that became a magnet for the period\u2019s artists.\",\"breadcrumb\":{\"@id\":\"https:\/\/voyagesimpressionnistes.com\/en\/seine-estuary\/villa-du-temps-retrouve\/#breadcrumb\"},\"inLanguage\":\"en-US\",\"potentialAction\":[{\"@type\":\"ReadAction\",\"target\":[\"https:\/\/voyagesimpressionnistes.com\/en\/seine-estuary\/villa-du-temps-retrouve\/\"]}]},{\"@type\":\"ImageObject\",\"inLanguage\":\"en-US\",\"@id\":\"https:\/\/voyagesimpressionnistes.com\/en\/seine-estuary\/villa-du-temps-retrouve\/#primaryimage\",\"url\":\"https:\/\/voyagesimpressionnistes.com\/wp-content\/uploads\/2023\/03\/Villa_du_Temps_Retrouve__Cabourg_-_Thomas_Le_Floc_H-Thomas_Le_Floc_H-22821-1600px.jpg\",\"contentUrl\":\"https:\/\/voyagesimpressionnistes.com\/wp-content\/uploads\/2023\/03\/Villa_du_Temps_Retrouve__Cabourg_-_Thomas_Le_Floc_H-Thomas_Le_Floc_H-22821-1600px.jpg\",\"width\":1600,\"height\":1064,\"caption\":\"Villa du Temps retrouv\u00e9 in Cabourg \u00a9 Thomas Le Floch\"},{\"@type\":\"BreadcrumbList\",\"@id\":\"https:\/\/voyagesimpressionnistes.com\/en\/seine-estuary\/villa-du-temps-retrouve\/#breadcrumb\",\"itemListElement\":[{\"@type\":\"ListItem\",\"position\":1,\"name\":\"The Seine Estuary\",\"item\":\"https:\/\/voyagesimpressionnistes.com\/en\/seine-estuary\/\"},{\"@type\":\"ListItem\",\"position\":2,\"name\":\"Villa du Temps retrouv\u00e9\"}]},{\"@type\":\"WebSite\",\"@id\":\"https:\/\/voyagesimpressionnistes.com\/en\/#website\",\"url\":\"https:\/\/voyagesimpressionnistes.com\/en\/\",\"name\":\"Impressionist adventures\",\"description\":\"Inspiring moments\",\"publisher\":{\"@id\":\"https:\/\/voyagesimpressionnistes.com\/en\/#organization\"},\"potentialAction\":[{\"@type\":\"SearchAction\",\"target\":{\"@type\":\"EntryPoint\",\"urlTemplate\":\"https:\/\/voyagesimpressionnistes.com\/en\/?s={search_term_string}\"},\"query-input\":{\"@type\":\"PropertyValueSpecification\",\"valueRequired\":true,\"valueName\":\"search_term_string\"}}],\"inLanguage\":\"en-US\"},{\"@type\":\"Organization\",\"@id\":\"https:\/\/voyagesimpressionnistes.com\/en\/#organization\",\"name\":\"Voyages Impressionnistes\",\"url\":\"https:\/\/voyagesimpressionnistes.com\/en\/\",\"logo\":{\"@type\":\"ImageObject\",\"inLanguage\":\"en-US\",\"@id\":\"https:\/\/voyagesimpressionnistes.com\/en\/#\/schema\/logo\/image\/\",\"url\":\"https:\/\/voyagesimpressionnistes.com\/wp-content\/uploads\/2021\/06\/vi-logo-507x216-1.svg\",\"contentUrl\":\"https:\/\/voyagesimpressionnistes.com\/wp-content\/uploads\/2021\/06\/vi-logo-507x216-1.svg\",\"width\":507,\"height\":216,\"caption\":\"Voyages Impressionnistes\"},\"image\":{\"@id\":\"https:\/\/voyagesimpressionnistes.com\/en\/#\/schema\/logo\/image\/\"},\"sameAs\":[\"https:\/\/www.facebook.com\/LesVoyagesImpressionnistes\/\"]},{\"@type\":\"Person\",\"@id\":\"https:\/\/voyagesimpressionnistes.com\/en\/#\/schema\/person\/78c37c19aa7ae1bd6f4902f296c80e5f\",\"name\":\"Phane\",\"image\":{\"@type\":\"ImageObject\",\"inLanguage\":\"en-US\",\"@id\":\"https:\/\/voyagesimpressionnistes.com\/en\/#\/schema\/person\/image\/\",\"url\":\"https:\/\/secure.gravatar.com\/avatar\/ea705fa375f21b62a2facac16bc19ee8d664629e3399a374a188d355bc5d00b9?s=96&d=mm&r=g\",\"contentUrl\":\"https:\/\/secure.gravatar.com\/avatar\/ea705fa375f21b62a2facac16bc19ee8d664629e3399a374a188d355bc5d00b9?s=96&d=mm&r=g\",\"caption\":\"Phane\"}}]}<\/script>\n<!-- \/ Yoast SEO plugin. -->","yoast_head_json":{"title":"Villa du Temps retrouv\u00e9 - Impressionist adventures","description":"The Villa du Temps retrouv\u00e9 in Cabourg invites visitors to immerse themselves in the Belle \u00c9poque atmosphere of a Normandy resort that became a magnet for the period\u2019s artists.","robots":{"index":"index","follow":"follow","max-snippet":"max-snippet:-1","max-image-preview":"max-image-preview:large","max-video-preview":"max-video-preview:-1"},"canonical":"https:\/\/voyagesimpressionnistes.com\/en\/seine-estuary\/villa-du-temps-retrouve\/","og_locale":"en_US","og_type":"article","og_title":"Villa du Temps retrouv\u00e9 - Impressionist adventures","og_description":"The Villa du Temps retrouv\u00e9 in Cabourg invites visitors to immerse themselves in the Belle \u00c9poque atmosphere of a Normandy resort that became a magnet for the period\u2019s artists.","og_url":"https:\/\/voyagesimpressionnistes.com\/en\/seine-estuary\/villa-du-temps-retrouve\/","og_site_name":"Impressionist adventures","article_publisher":"https:\/\/www.facebook.com\/LesVoyagesImpressionnistes\/","article_published_time":"2021-07-23T15:53:01+00:00","article_modified_time":"2023-08-29T11:20:21+00:00","og_image":[{"width":1600,"height":1064,"url":"https:\/\/voyagesimpressionnistes.com\/wp-content\/uploads\/2023\/03\/Villa_du_Temps_Retrouve__Cabourg_-_Thomas_Le_Floc_H-Thomas_Le_Floc_H-22821-1600px.jpg","type":"image\/jpeg"}],"author":"Phane","twitter_card":"summary_large_image","twitter_misc":{"Written by":"Phane","Est. reading time":"2 minutes"},"schema":{"@context":"https:\/\/schema.org","@graph":[{"@type":["Article","BlogPosting"],"@id":"https:\/\/voyagesimpressionnistes.com\/en\/seine-estuary\/villa-du-temps-retrouve\/#article","isPartOf":{"@id":"https:\/\/voyagesimpressionnistes.com\/en\/seine-estuary\/villa-du-temps-retrouve\/"},"author":{"name":"Phane","@id":"https:\/\/voyagesimpressionnistes.com\/en\/#\/schema\/person\/78c37c19aa7ae1bd6f4902f296c80e5f"},"headline":"Villa du Temps retrouv\u00e9","datePublished":"2021-07-23T15:53:01+00:00","dateModified":"2023-08-29T11:20:21+00:00","mainEntityOfPage":{"@id":"https:\/\/voyagesimpressionnistes.com\/en\/seine-estuary\/villa-du-temps-retrouve\/"},"wordCount":434,"publisher":{"@id":"https:\/\/voyagesimpressionnistes.com\/en\/#organization"},"image":{"@id":"https:\/\/voyagesimpressionnistes.com\/en\/seine-estuary\/villa-du-temps-retrouve\/#primaryimage"},"thumbnailUrl":"https:\/\/voyagesimpressionnistes.com\/wp-content\/uploads\/2023\/03\/Villa_du_Temps_Retrouve__Cabourg_-_Thomas_Le_Floc_H-Thomas_Le_Floc_H-22821-1600px.jpg","keywords":["Museums &amp; sites"],"articleSection":["The Seine Estuary"],"inLanguage":"en-US"},{"@type":"WebPage","@id":"https:\/\/voyagesimpressionnistes.com\/en\/seine-estuary\/villa-du-temps-retrouve\/","url":"https:\/\/voyagesimpressionnistes.com\/en\/seine-estuary\/villa-du-temps-retrouve\/","name":"Villa du Temps retrouv\u00e9 - Impressionist adventures","isPartOf":{"@id":"https:\/\/voyagesimpressionnistes.com\/en\/#website"},"primaryImageOfPage":{"@id":"https:\/\/voyagesimpressionnistes.com\/en\/seine-estuary\/villa-du-temps-retrouve\/#primaryimage"},"image":{"@id":"https:\/\/voyagesimpressionnistes.com\/en\/seine-estuary\/villa-du-temps-retrouve\/#primaryimage"},"thumbnailUrl":"https:\/\/voyagesimpressionnistes.com\/wp-content\/uploads\/2023\/03\/Villa_du_Temps_Retrouve__Cabourg_-_Thomas_Le_Floc_H-Thomas_Le_Floc_H-22821-1600px.jpg","datePublished":"2021-07-23T15:53:01+00:00","dateModified":"2023-08-29T11:20:21+00:00","description":"The Villa du Temps retrouv\u00e9 in Cabourg invites visitors to immerse themselves in the Belle \u00c9poque atmosphere of a Normandy resort that became a magnet for the period\u2019s artists.","breadcrumb":{"@id":"https:\/\/voyagesimpressionnistes.com\/en\/seine-estuary\/villa-du-temps-retrouve\/#breadcrumb"},"inLanguage":"en-US","potentialAction":[{"@type":"ReadAction","target":["https:\/\/voyagesimpressionnistes.com\/en\/seine-estuary\/villa-du-temps-retrouve\/"]}]},{"@type":"ImageObject","inLanguage":"en-US","@id":"https:\/\/voyagesimpressionnistes.com\/en\/seine-estuary\/villa-du-temps-retrouve\/#primaryimage","url":"https:\/\/voyagesimpressionnistes.com\/wp-content\/uploads\/2023\/03\/Villa_du_Temps_Retrouve__Cabourg_-_Thomas_Le_Floc_H-Thomas_Le_Floc_H-22821-1600px.jpg","contentUrl":"https:\/\/voyagesimpressionnistes.com\/wp-content\/uploads\/2023\/03\/Villa_du_Temps_Retrouve__Cabourg_-_Thomas_Le_Floc_H-Thomas_Le_Floc_H-22821-1600px.jpg","width":1600,"height":1064,"caption":"Villa du Temps retrouv\u00e9 in Cabourg \u00a9 Thomas Le Floch"},{"@type":"BreadcrumbList","@id":"https:\/\/voyagesimpressionnistes.com\/en\/seine-estuary\/villa-du-temps-retrouve\/#breadcrumb","itemListElement":[{"@type":"ListItem","position":1,"name":"The Seine Estuary","item":"https:\/\/voyagesimpressionnistes.com\/en\/seine-estuary\/"},{"@type":"ListItem","position":2,"name":"Villa du Temps retrouv\u00e9"}]},{"@type":"WebSite","@id":"https:\/\/voyagesimpressionnistes.com\/en\/#website","url":"https:\/\/voyagesimpressionnistes.com\/en\/","name":"Impressionist adventures","description":"Inspiring moments","publisher":{"@id":"https:\/\/voyagesimpressionnistes.com\/en\/#organization"},"potentialAction":[{"@type":"SearchAction","target":{"@type":"EntryPoint","urlTemplate":"https:\/\/voyagesimpressionnistes.com\/en\/?s={search_term_string}"},"query-input":{"@type":"PropertyValueSpecification","valueRequired":true,"valueName":"search_term_string"}}],"inLanguage":"en-US"},{"@type":"Organization","@id":"https:\/\/voyagesimpressionnistes.com\/en\/#organization","name":"Voyages Impressionnistes","url":"https:\/\/voyagesimpressionnistes.com\/en\/","logo":{"@type":"ImageObject","inLanguage":"en-US","@id":"https:\/\/voyagesimpressionnistes.com\/en\/#\/schema\/logo\/image\/","url":"https:\/\/voyagesimpressionnistes.com\/wp-content\/uploads\/2021\/06\/vi-logo-507x216-1.svg","contentUrl":"https:\/\/voyagesimpressionnistes.com\/wp-content\/uploads\/2021\/06\/vi-logo-507x216-1.svg","width":507,"height":216,"caption":"Voyages Impressionnistes"},"image":{"@id":"https:\/\/voyagesimpressionnistes.com\/en\/#\/schema\/logo\/image\/"},"sameAs":["https:\/\/www.facebook.com\/LesVoyagesImpressionnistes\/"]},{"@type":"Person","@id":"https:\/\/voyagesimpressionnistes.com\/en\/#\/schema\/person\/78c37c19aa7ae1bd6f4902f296c80e5f","name":"Phane","image":{"@type":"ImageObject","inLanguage":"en-US","@id":"https:\/\/voyagesimpressionnistes.com\/en\/#\/schema\/person\/image\/","url":"https:\/\/secure.gravatar.com\/avatar\/ea705fa375f21b62a2facac16bc19ee8d664629e3399a374a188d355bc5d00b9?s=96&d=mm&r=g","contentUrl":"https:\/\/secure.gravatar.com\/avatar\/ea705fa375f21b62a2facac16bc19ee8d664629e3399a374a188d355bc5d00b9?s=96&d=mm&r=g","caption":"Phane"}}]}},"jetpack_featured_media_url":"https:\/\/voyagesimpressionnistes.com\/wp-content\/uploads\/2023\/03\/Villa_du_Temps_Retrouve__Cabourg_-_Thomas_Le_Floc_H-Thomas_Le_Floc_H-22821-1600px.jpg","jetpack_sharing_enabled":true,"_links":{"self":[{"href":"https:\/\/voyagesimpressionnistes.com\/en\/wp-json\/wp\/v2\/posts\/5886","targetHints":{"allow":["GET"]}}],"collection":[{"href":"https:\/\/voyagesimpressionnistes.com\/en\/wp-json\/wp\/v2\/posts"}],"about":[{"href":"https:\/\/voyagesimpressionnistes.com\/en\/wp-json\/wp\/v2\/types\/post"}],"author":[{"embeddable":true,"href":"https:\/\/voyagesimpressionnistes.com\/en\/wp-json\/wp\/v2\/users\/2"}],"replies":[{"embeddable":true,"href":"https:\/\/voyagesimpressionnistes.com\/en\/wp-json\/wp\/v2\/comments?post=5886"}],"version-history":[{"count":1,"href":"https:\/\/voyagesimpressionnistes.com\/en\/wp-json\/wp\/v2\/posts\/5886\/revisions"}],"predecessor-version":[{"id":5887,"href":"https:\/\/voyagesimpressionnistes.com\/en\/wp-json\/wp\/v2\/posts\/5886\/revisions\/5887"}],"wp:featuredmedia":[{"embeddable":true,"href":"https:\/\/voyagesimpressionnistes.com\/en\/wp-json\/wp\/v2\/media\/6389"}],"wp:attachment":[{"href":"https:\/\/voyagesimpressionnistes.com\/en\/wp-json\/wp\/v2\/media?parent=5886"}],"wp:term":[{"taxonomy":"category","embeddable":true,"href":"https:\/\/voyagesimpressionnistes.com\/en\/wp-json\/wp\/v2\/categories?post=5886"},{"taxonomy":"slider_une","embeddable":true,"href":"https:\/\/voyagesimpressionnistes.com\/en\/wp-json\/wp\/v2\/slider_une?post=5886"},{"taxonomy":"regions","embeddable":true,"href":"https:\/\/voyagesimpressionnistes.com\/en\/wp-json\/wp\/v2\/regions?post=5886"},{"taxonomy":"coups_coeur","embeddable":true,"href":"https:\/\/voyagesimpressionnistes.com\/en\/wp-json\/wp\/v2\/coups_coeur?post=5886"},{"taxonomy":"inspiration-type","embeddable":true,"href":"https:\/\/voyagesimpressionnistes.com\/en\/wp-json\/wp\/v2\/inspiration-type?post=5886"},{"taxonomy":"label","embeddable":true,"href":"https:\/\/voyagesimpressionnistes.com\/en\/wp-json\/wp\/v2\/label?post=5886"},{"taxonomy":"categories-agenda","embeddable":true,"href":"https:\/\/voyagesimpressionnistes.com\/en\/wp-json\/wp\/v2\/categories-agenda?post=5886"}],"curies":[{"name":"wp","href":"https:\/\/api.w.org\/{rel}","templated":true}]}}