{"id":6053,"date":"2022-12-01T15:22:01","date_gmt":"2022-12-01T14:22:01","guid":{"rendered":"https:\/\/voyagesimpressionnistes.com\/uncategorized\/musee-daubigny\/"},"modified":"2025-10-02T16:16:03","modified_gmt":"2025-10-02T14:16:03","slug":"musee-daubigny","status":"publish","type":"post","link":"https:\/\/voyagesimpressionnistes.com\/en\/auvers-oise-valley\/musee-daubigny\/","title":{"rendered":"Mus\u00e9e Daubigny"},"content":{"rendered":"<h3>From 11th October 2025, the Mus\u00e9e Daubigny will be closed for two years to undergo a transformation and become the Daubigny Impressionist Museum.<\/h3>\n<h3>During this time, a selection of works is on display at the Maison de l&#8217;Isle in Auvers-sur-Oise, accompanied by a series of events for all ages (tours, art classes, lectures, workshops, shows, etc.).<\/h3>\n<div class=\"fusion-button-wrapper\"><a class=\"fusion-button button-flat fusion-button-default-size button-default fusion-button-default button-1 fusion-button-default-span fusion-button-default-type\" target=\"_blank\" rel=\"noopener noreferrer\" href=\"https:\/\/www.facebook.com\/mdi.auvers\"><span class=\"fusion-button-text awb-button__text awb-button__text--default\">Discover the Mus\u00e9e Daubigny&#8217;s outdoor programme at the Maison de l&#8217;Isle<\/span><\/a><\/div>\n<p>&nbsp;<\/p>\n<p>Located in the Manoir des Colombi\u00e8res, the Mus\u00e9e Daubigny pays homage to the works of Charles-Fran\u00e7ois Daubigny, a major pre-Impressionist landscape artist. The Manor, set in the heart of historic Auvers-sur-Oise, stands opposite the <a href=\"https:\/\/voyagesimpressionnistes.com\/en\/auvers-oise-valley\/auberge-ravoux-known-as-the-maison-de-van-gogh\/\">Auberge Ravoux<\/a>, the inn where Vincent van Gogh spent his last days in 1890. So, simply by visiting the houses on either side of the road, you can follow the artistic revolution that occurred through the second half of the 19<sup>th<\/sup> century, going from pre-Impressionism to post-Impressionism.<\/p>\n<p>Daubigny, the first landscape artist to settle in the village of Auvers-sur-Oise in the 1860s, was, at first, influenced by School of Barbizon painters. Then, encountering further artists, he adopted increasingly modern techniques and sensibilities to depict nature, making him a precursor of Impressionism. Keen on painting en plein air, or outdoors, he revolutionised this practice by setting up his easel in the middle of the Oise River itself, on his bateau-atelier, or floating studio-boat, <em>Le Botin<\/em>. He used it to navigate along the Seine as far as the sea, sometimes accompanied by his son Karl, or his friend, the great artist Corot, or by others besides. As to this museum, it allows visitors to follow Daubigny\u2019s riverine journeys along its walls, via canvases such as <em>\u00cele de Vaux, petit bras de l\u2019Oise<\/em> to <em>Remorqueur pr\u00e8s du Havre<\/em>, the latter a watercolour he painted in the Seine Estuary!<\/p>\n<p>The avuncular Daubigny attracted many friends, among them Honor\u00e9 Daumier, Jules Dupr\u00e9 and Jean-Fran\u00e7ois Millet. And Auvers acquired its reputation as an artists\u2019 village, welcoming, a little later on, such painters as Emilio Boggio, Maximilien Luce and, of course, Vincent van Gogh.<\/p>\n<p>The Mus\u00e9e Daubigny, establishing itself as the definitive museum dedicated to pre-Impressionism in the d\u00e9partement (or French county) of the Oise, exhibits its permanent collections on the ground floor while temporary exhibitions are displayed on the first floor.<\/p>\n<p>In addition to the museum, do visit the <a href=\"https:\/\/voyagesimpressionnistes.com\/en\/auvers-oise-valley\/maison-atelier-daubigny\/\">Maison-atelier Daubigny<\/a>. A veritable memorial site, it constitutes an indispensable stop at which to discover how the Impressionist movement developed in Auvers-sur-Oise, notably via the original wall paintings with which its rooms were decorated, by Daubigny and his son, as well as by Corot, Daumier and Oudinot.<\/p>\n","protected":false},"excerpt":{"rendered":"<p>From 11th October 2025, the Mus\u00e9e Daubigny will be closed  [&#8230;]<\/p>\n","protected":false},"author":2,"featured_media":5927,"comment_status":"closed","ping_status":"closed","sticky":false,"template":"","format":"standard","meta":{"_acf_changed":false,"inline_featured_image":false,"_jetpack_memberships_contains_paid_content":false,"footnotes":""},"categories":[80],"slider_une":[],"regions":[132],"coups_coeur":[],"inspiration-type":[],"label":[],"categories-agenda":[],"class_list":["post-6053","post","type-post","status-publish","format-standard","has-post-thumbnail","hentry","category-auvers-oise-valley","tag-museums-sites","regions-idf-en"],"acf":[],"yoast_head":"<!-- This site is optimized with the Yoast SEO plugin v26.3 - https:\/\/yoast.com\/wordpress\/plugins\/seo\/ -->\n<title>Mus\u00e9e Daubigny - Impressionist adventures<\/title>\n<meta name=\"description\" content=\"Visit the Mus\u00e9e Daubigny, dedicated to a landscape artist who was a precursor of the Impressionists and who settled in Auvers-sur-Oise well before Van Gogh.\" \/>\n<meta name=\"robots\" content=\"index, follow, max-snippet:-1, max-image-preview:large, max-video-preview:-1\" \/>\n<link rel=\"canonical\" href=\"https:\/\/voyagesimpressionnistes.com\/en\/auvers-oise-valley\/musee-daubigny\/\" \/>\n<meta property=\"og:locale\" content=\"en_US\" \/>\n<meta property=\"og:type\" content=\"article\" \/>\n<meta property=\"og:title\" content=\"Mus\u00e9e Daubigny - Impressionist adventures\" \/>\n<meta property=\"og:description\" content=\"Visit the Mus\u00e9e Daubigny, dedicated to a landscape artist who was a precursor of the Impressionists and who settled in Auvers-sur-Oise well before Van Gogh.\" \/>\n<meta property=\"og:url\" content=\"https:\/\/voyagesimpressionnistes.com\/en\/auvers-oise-valley\/musee-daubigny\/\" \/>\n<meta property=\"og:site_name\" content=\"Impressionist adventures\" \/>\n<meta property=\"article:publisher\" content=\"https:\/\/www.facebook.com\/LesVoyagesImpressionnistes\/\" \/>\n<meta property=\"article:published_time\" content=\"2022-12-01T14:22:01+00:00\" \/>\n<meta property=\"article:modified_time\" content=\"2025-10-02T14:16:03+00:00\" \/>\n<meta property=\"og:image\" content=\"https:\/\/voyagesimpressionnistes.com\/wp-content\/uploads\/2022\/10\/saison-culturelle-daubigny-salle.jpg\" \/>\n\t<meta property=\"og:image:width\" content=\"1920\" \/>\n\t<meta property=\"og:image:height\" content=\"1280\" \/>\n\t<meta property=\"og:image:type\" content=\"image\/jpeg\" \/>\n<meta name=\"author\" content=\"Phane\" \/>\n<meta name=\"twitter:card\" content=\"summary_large_image\" \/>\n<meta name=\"twitter:label1\" content=\"Written by\" \/>\n\t<meta name=\"twitter:data1\" content=\"Phane\" \/>\n\t<meta name=\"twitter:label2\" content=\"Est. reading time\" \/>\n\t<meta name=\"twitter:data2\" content=\"3 minutes\" \/>\n<script type=\"application\/ld+json\" class=\"yoast-schema-graph\">{\"@context\":\"https:\/\/schema.org\",\"@graph\":[{\"@type\":[\"Article\",\"BlogPosting\"],\"@id\":\"https:\/\/voyagesimpressionnistes.com\/en\/auvers-oise-valley\/musee-daubigny\/#article\",\"isPartOf\":{\"@id\":\"https:\/\/voyagesimpressionnistes.com\/en\/auvers-oise-valley\/musee-daubigny\/\"},\"author\":{\"name\":\"Phane\",\"@id\":\"https:\/\/voyagesimpressionnistes.com\/en\/#\/schema\/person\/78c37c19aa7ae1bd6f4902f296c80e5f\"},\"headline\":\"Mus\u00e9e Daubigny\",\"datePublished\":\"2022-12-01T14:22:01+00:00\",\"dateModified\":\"2025-10-02T14:16:03+00:00\",\"mainEntityOfPage\":{\"@id\":\"https:\/\/voyagesimpressionnistes.com\/en\/auvers-oise-valley\/musee-daubigny\/\"},\"wordCount\":629,\"publisher\":{\"@id\":\"https:\/\/voyagesimpressionnistes.com\/en\/#organization\"},\"image\":{\"@id\":\"https:\/\/voyagesimpressionnistes.com\/en\/auvers-oise-valley\/musee-daubigny\/#primaryimage\"},\"thumbnailUrl\":\"https:\/\/voyagesimpressionnistes.com\/wp-content\/uploads\/2022\/10\/saison-culturelle-daubigny-salle.jpg\",\"keywords\":[\"Museums &amp; sites\"],\"articleSection\":[\"Auvers &amp; the Oise valley\"],\"inLanguage\":\"en-US\"},{\"@type\":\"WebPage\",\"@id\":\"https:\/\/voyagesimpressionnistes.com\/en\/auvers-oise-valley\/musee-daubigny\/\",\"url\":\"https:\/\/voyagesimpressionnistes.com\/en\/auvers-oise-valley\/musee-daubigny\/\",\"name\":\"Mus\u00e9e Daubigny - Impressionist adventures\",\"isPartOf\":{\"@id\":\"https:\/\/voyagesimpressionnistes.com\/en\/#website\"},\"primaryImageOfPage\":{\"@id\":\"https:\/\/voyagesimpressionnistes.com\/en\/auvers-oise-valley\/musee-daubigny\/#primaryimage\"},\"image\":{\"@id\":\"https:\/\/voyagesimpressionnistes.com\/en\/auvers-oise-valley\/musee-daubigny\/#primaryimage\"},\"thumbnailUrl\":\"https:\/\/voyagesimpressionnistes.com\/wp-content\/uploads\/2022\/10\/saison-culturelle-daubigny-salle.jpg\",\"datePublished\":\"2022-12-01T14:22:01+00:00\",\"dateModified\":\"2025-10-02T14:16:03+00:00\",\"description\":\"Visit the Mus\u00e9e Daubigny, dedicated to a landscape artist who was a precursor of the Impressionists and who settled in Auvers-sur-Oise well before Van Gogh.\",\"breadcrumb\":{\"@id\":\"https:\/\/voyagesimpressionnistes.com\/en\/auvers-oise-valley\/musee-daubigny\/#breadcrumb\"},\"inLanguage\":\"en-US\",\"potentialAction\":[{\"@type\":\"ReadAction\",\"target\":[\"https:\/\/voyagesimpressionnistes.com\/en\/auvers-oise-valley\/musee-daubigny\/\"]}]},{\"@type\":\"ImageObject\",\"inLanguage\":\"en-US\",\"@id\":\"https:\/\/voyagesimpressionnistes.com\/en\/auvers-oise-valley\/musee-daubigny\/#primaryimage\",\"url\":\"https:\/\/voyagesimpressionnistes.com\/wp-content\/uploads\/2022\/10\/saison-culturelle-daubigny-salle.jpg\",\"contentUrl\":\"https:\/\/voyagesimpressionnistes.com\/wp-content\/uploads\/2022\/10\/saison-culturelle-daubigny-salle.jpg\",\"width\":1920,\"height\":1280,\"caption\":\"In front of Gustave Courbet, \\\"Marine par temps d'orage\\\", Mus\u00e9e Daubigny, private collection \u00a9 Studio Sebert\"},{\"@type\":\"BreadcrumbList\",\"@id\":\"https:\/\/voyagesimpressionnistes.com\/en\/auvers-oise-valley\/musee-daubigny\/#breadcrumb\",\"itemListElement\":[{\"@type\":\"ListItem\",\"position\":1,\"name\":\"Auvers &amp; the Oise valley\",\"item\":\"https:\/\/voyagesimpressionnistes.com\/en\/auvers-oise-valley\/\"},{\"@type\":\"ListItem\",\"position\":2,\"name\":\"Mus\u00e9e Daubigny\"}]},{\"@type\":\"WebSite\",\"@id\":\"https:\/\/voyagesimpressionnistes.com\/en\/#website\",\"url\":\"https:\/\/voyagesimpressionnistes.com\/en\/\",\"name\":\"Impressionist adventures\",\"description\":\"Inspiring moments\",\"publisher\":{\"@id\":\"https:\/\/voyagesimpressionnistes.com\/en\/#organization\"},\"potentialAction\":[{\"@type\":\"SearchAction\",\"target\":{\"@type\":\"EntryPoint\",\"urlTemplate\":\"https:\/\/voyagesimpressionnistes.com\/en\/?s={search_term_string}\"},\"query-input\":{\"@type\":\"PropertyValueSpecification\",\"valueRequired\":true,\"valueName\":\"search_term_string\"}}],\"inLanguage\":\"en-US\"},{\"@type\":\"Organization\",\"@id\":\"https:\/\/voyagesimpressionnistes.com\/en\/#organization\",\"name\":\"Voyages Impressionnistes\",\"url\":\"https:\/\/voyagesimpressionnistes.com\/en\/\",\"logo\":{\"@type\":\"ImageObject\",\"inLanguage\":\"en-US\",\"@id\":\"https:\/\/voyagesimpressionnistes.com\/en\/#\/schema\/logo\/image\/\",\"url\":\"https:\/\/voyagesimpressionnistes.com\/wp-content\/uploads\/2021\/06\/vi-logo-507x216-1.svg\",\"contentUrl\":\"https:\/\/voyagesimpressionnistes.com\/wp-content\/uploads\/2021\/06\/vi-logo-507x216-1.svg\",\"width\":507,\"height\":216,\"caption\":\"Voyages Impressionnistes\"},\"image\":{\"@id\":\"https:\/\/voyagesimpressionnistes.com\/en\/#\/schema\/logo\/image\/\"},\"sameAs\":[\"https:\/\/www.facebook.com\/LesVoyagesImpressionnistes\/\"]},{\"@type\":\"Person\",\"@id\":\"https:\/\/voyagesimpressionnistes.com\/en\/#\/schema\/person\/78c37c19aa7ae1bd6f4902f296c80e5f\",\"name\":\"Phane\",\"image\":{\"@type\":\"ImageObject\",\"inLanguage\":\"en-US\",\"@id\":\"https:\/\/voyagesimpressionnistes.com\/en\/#\/schema\/person\/image\/\",\"url\":\"https:\/\/secure.gravatar.com\/avatar\/ea705fa375f21b62a2facac16bc19ee8d664629e3399a374a188d355bc5d00b9?s=96&d=mm&r=g\",\"contentUrl\":\"https:\/\/secure.gravatar.com\/avatar\/ea705fa375f21b62a2facac16bc19ee8d664629e3399a374a188d355bc5d00b9?s=96&d=mm&r=g\",\"caption\":\"Phane\"}}]}<\/script>\n<!-- \/ Yoast SEO plugin. -->","yoast_head_json":{"title":"Mus\u00e9e Daubigny - Impressionist adventures","description":"Visit the Mus\u00e9e Daubigny, dedicated to a landscape artist who was a precursor of the Impressionists and who settled in Auvers-sur-Oise well before Van Gogh.","robots":{"index":"index","follow":"follow","max-snippet":"max-snippet:-1","max-image-preview":"max-image-preview:large","max-video-preview":"max-video-preview:-1"},"canonical":"https:\/\/voyagesimpressionnistes.com\/en\/auvers-oise-valley\/musee-daubigny\/","og_locale":"en_US","og_type":"article","og_title":"Mus\u00e9e Daubigny - Impressionist adventures","og_description":"Visit the Mus\u00e9e Daubigny, dedicated to a landscape artist who was a precursor of the Impressionists and who settled in Auvers-sur-Oise well before Van Gogh.","og_url":"https:\/\/voyagesimpressionnistes.com\/en\/auvers-oise-valley\/musee-daubigny\/","og_site_name":"Impressionist adventures","article_publisher":"https:\/\/www.facebook.com\/LesVoyagesImpressionnistes\/","article_published_time":"2022-12-01T14:22:01+00:00","article_modified_time":"2025-10-02T14:16:03+00:00","og_image":[{"width":1920,"height":1280,"url":"https:\/\/voyagesimpressionnistes.com\/wp-content\/uploads\/2022\/10\/saison-culturelle-daubigny-salle.jpg","type":"image\/jpeg"}],"author":"Phane","twitter_card":"summary_large_image","twitter_misc":{"Written by":"Phane","Est. reading time":"3 minutes"},"schema":{"@context":"https:\/\/schema.org","@graph":[{"@type":["Article","BlogPosting"],"@id":"https:\/\/voyagesimpressionnistes.com\/en\/auvers-oise-valley\/musee-daubigny\/#article","isPartOf":{"@id":"https:\/\/voyagesimpressionnistes.com\/en\/auvers-oise-valley\/musee-daubigny\/"},"author":{"name":"Phane","@id":"https:\/\/voyagesimpressionnistes.com\/en\/#\/schema\/person\/78c37c19aa7ae1bd6f4902f296c80e5f"},"headline":"Mus\u00e9e Daubigny","datePublished":"2022-12-01T14:22:01+00:00","dateModified":"2025-10-02T14:16:03+00:00","mainEntityOfPage":{"@id":"https:\/\/voyagesimpressionnistes.com\/en\/auvers-oise-valley\/musee-daubigny\/"},"wordCount":629,"publisher":{"@id":"https:\/\/voyagesimpressionnistes.com\/en\/#organization"},"image":{"@id":"https:\/\/voyagesimpressionnistes.com\/en\/auvers-oise-valley\/musee-daubigny\/#primaryimage"},"thumbnailUrl":"https:\/\/voyagesimpressionnistes.com\/wp-content\/uploads\/2022\/10\/saison-culturelle-daubigny-salle.jpg","keywords":["Museums &amp; sites"],"articleSection":["Auvers &amp; the Oise valley"],"inLanguage":"en-US"},{"@type":"WebPage","@id":"https:\/\/voyagesimpressionnistes.com\/en\/auvers-oise-valley\/musee-daubigny\/","url":"https:\/\/voyagesimpressionnistes.com\/en\/auvers-oise-valley\/musee-daubigny\/","name":"Mus\u00e9e Daubigny - Impressionist adventures","isPartOf":{"@id":"https:\/\/voyagesimpressionnistes.com\/en\/#website"},"primaryImageOfPage":{"@id":"https:\/\/voyagesimpressionnistes.com\/en\/auvers-oise-valley\/musee-daubigny\/#primaryimage"},"image":{"@id":"https:\/\/voyagesimpressionnistes.com\/en\/auvers-oise-valley\/musee-daubigny\/#primaryimage"},"thumbnailUrl":"https:\/\/voyagesimpressionnistes.com\/wp-content\/uploads\/2022\/10\/saison-culturelle-daubigny-salle.jpg","datePublished":"2022-12-01T14:22:01+00:00","dateModified":"2025-10-02T14:16:03+00:00","description":"Visit the Mus\u00e9e Daubigny, dedicated to a landscape artist who was a precursor of the Impressionists and who settled in Auvers-sur-Oise well before Van Gogh.","breadcrumb":{"@id":"https:\/\/voyagesimpressionnistes.com\/en\/auvers-oise-valley\/musee-daubigny\/#breadcrumb"},"inLanguage":"en-US","potentialAction":[{"@type":"ReadAction","target":["https:\/\/voyagesimpressionnistes.com\/en\/auvers-oise-valley\/musee-daubigny\/"]}]},{"@type":"ImageObject","inLanguage":"en-US","@id":"https:\/\/voyagesimpressionnistes.com\/en\/auvers-oise-valley\/musee-daubigny\/#primaryimage","url":"https:\/\/voyagesimpressionnistes.com\/wp-content\/uploads\/2022\/10\/saison-culturelle-daubigny-salle.jpg","contentUrl":"https:\/\/voyagesimpressionnistes.com\/wp-content\/uploads\/2022\/10\/saison-culturelle-daubigny-salle.jpg","width":1920,"height":1280,"caption":"In front of Gustave Courbet, \"Marine par temps d'orage\", Mus\u00e9e Daubigny, private collection \u00a9 Studio Sebert"},{"@type":"BreadcrumbList","@id":"https:\/\/voyagesimpressionnistes.com\/en\/auvers-oise-valley\/musee-daubigny\/#breadcrumb","itemListElement":[{"@type":"ListItem","position":1,"name":"Auvers &amp; the Oise valley","item":"https:\/\/voyagesimpressionnistes.com\/en\/auvers-oise-valley\/"},{"@type":"ListItem","position":2,"name":"Mus\u00e9e Daubigny"}]},{"@type":"WebSite","@id":"https:\/\/voyagesimpressionnistes.com\/en\/#website","url":"https:\/\/voyagesimpressionnistes.com\/en\/","name":"Impressionist adventures","description":"Inspiring moments","publisher":{"@id":"https:\/\/voyagesimpressionnistes.com\/en\/#organization"},"potentialAction":[{"@type":"SearchAction","target":{"@type":"EntryPoint","urlTemplate":"https:\/\/voyagesimpressionnistes.com\/en\/?s={search_term_string}"},"query-input":{"@type":"PropertyValueSpecification","valueRequired":true,"valueName":"search_term_string"}}],"inLanguage":"en-US"},{"@type":"Organization","@id":"https:\/\/voyagesimpressionnistes.com\/en\/#organization","name":"Voyages Impressionnistes","url":"https:\/\/voyagesimpressionnistes.com\/en\/","logo":{"@type":"ImageObject","inLanguage":"en-US","@id":"https:\/\/voyagesimpressionnistes.com\/en\/#\/schema\/logo\/image\/","url":"https:\/\/voyagesimpressionnistes.com\/wp-content\/uploads\/2021\/06\/vi-logo-507x216-1.svg","contentUrl":"https:\/\/voyagesimpressionnistes.com\/wp-content\/uploads\/2021\/06\/vi-logo-507x216-1.svg","width":507,"height":216,"caption":"Voyages Impressionnistes"},"image":{"@id":"https:\/\/voyagesimpressionnistes.com\/en\/#\/schema\/logo\/image\/"},"sameAs":["https:\/\/www.facebook.com\/LesVoyagesImpressionnistes\/"]},{"@type":"Person","@id":"https:\/\/voyagesimpressionnistes.com\/en\/#\/schema\/person\/78c37c19aa7ae1bd6f4902f296c80e5f","name":"Phane","image":{"@type":"ImageObject","inLanguage":"en-US","@id":"https:\/\/voyagesimpressionnistes.com\/en\/#\/schema\/person\/image\/","url":"https:\/\/secure.gravatar.com\/avatar\/ea705fa375f21b62a2facac16bc19ee8d664629e3399a374a188d355bc5d00b9?s=96&d=mm&r=g","contentUrl":"https:\/\/secure.gravatar.com\/avatar\/ea705fa375f21b62a2facac16bc19ee8d664629e3399a374a188d355bc5d00b9?s=96&d=mm&r=g","caption":"Phane"}}]}},"jetpack_featured_media_url":"https:\/\/voyagesimpressionnistes.com\/wp-content\/uploads\/2022\/10\/saison-culturelle-daubigny-salle.jpg","jetpack_sharing_enabled":true,"_links":{"self":[{"href":"https:\/\/voyagesimpressionnistes.com\/en\/wp-json\/wp\/v2\/posts\/6053","targetHints":{"allow":["GET"]}}],"collection":[{"href":"https:\/\/voyagesimpressionnistes.com\/en\/wp-json\/wp\/v2\/posts"}],"about":[{"href":"https:\/\/voyagesimpressionnistes.com\/en\/wp-json\/wp\/v2\/types\/post"}],"author":[{"embeddable":true,"href":"https:\/\/voyagesimpressionnistes.com\/en\/wp-json\/wp\/v2\/users\/2"}],"replies":[{"embeddable":true,"href":"https:\/\/voyagesimpressionnistes.com\/en\/wp-json\/wp\/v2\/comments?post=6053"}],"version-history":[{"count":3,"href":"https:\/\/voyagesimpressionnistes.com\/en\/wp-json\/wp\/v2\/posts\/6053\/revisions"}],"predecessor-version":[{"id":15491,"href":"https:\/\/voyagesimpressionnistes.com\/en\/wp-json\/wp\/v2\/posts\/6053\/revisions\/15491"}],"wp:featuredmedia":[{"embeddable":true,"href":"https:\/\/voyagesimpressionnistes.com\/en\/wp-json\/wp\/v2\/media\/5927"}],"wp:attachment":[{"href":"https:\/\/voyagesimpressionnistes.com\/en\/wp-json\/wp\/v2\/media?parent=6053"}],"wp:term":[{"taxonomy":"category","embeddable":true,"href":"https:\/\/voyagesimpressionnistes.com\/en\/wp-json\/wp\/v2\/categories?post=6053"},{"taxonomy":"slider_une","embeddable":true,"href":"https:\/\/voyagesimpressionnistes.com\/en\/wp-json\/wp\/v2\/slider_une?post=6053"},{"taxonomy":"regions","embeddable":true,"href":"https:\/\/voyagesimpressionnistes.com\/en\/wp-json\/wp\/v2\/regions?post=6053"},{"taxonomy":"coups_coeur","embeddable":true,"href":"https:\/\/voyagesimpressionnistes.com\/en\/wp-json\/wp\/v2\/coups_coeur?post=6053"},{"taxonomy":"inspiration-type","embeddable":true,"href":"https:\/\/voyagesimpressionnistes.com\/en\/wp-json\/wp\/v2\/inspiration-type?post=6053"},{"taxonomy":"label","embeddable":true,"href":"https:\/\/voyagesimpressionnistes.com\/en\/wp-json\/wp\/v2\/label?post=6053"},{"taxonomy":"categories-agenda","embeddable":true,"href":"https:\/\/voyagesimpressionnistes.com\/en\/wp-json\/wp\/v2\/categories-agenda?post=6053"}],"curies":[{"name":"wp","href":"https:\/\/api.w.org\/{rel}","templated":true}]}}