{"id":7501,"date":"2024-03-01T17:23:25","date_gmt":"2024-03-01T16:23:25","guid":{"rendered":"https:\/\/voyagesimpressionnistes.com\/?p=7501"},"modified":"2025-04-11T11:13:58","modified_gmt":"2025-04-11T09:13:58","slug":"festival-150-ans-de-l-impressionnisme-croissy","status":"publish","type":"post","link":"https:\/\/voyagesimpressionnistes.com\/en\/banks-seine\/festival-150-ans-de-l-impressionnisme-croissy\/","title":{"rendered":"Festival &#8220;Les 150 ans de l&#8217;Impressionnisme&#8221; \u00e0 Croissy-sur-Seine"},"content":{"rendered":"<p>Dans le cadre des <a href=\"\/paris-montmartre\/150-ans-impressionnisme\/\">150 ans de l&#8217;Impressionnisme<\/a>, le <a href=\"\/les-bords-de-seine\/musee-de-la-grenouillere\/\">Mus\u00e9e de la Grenouill\u00e8re<\/a>, les <a href=\"https:\/\/lesmusicalesdecroissy.com\/\" target=\"_blank\" rel=\"noopener\">Musicales de Croissy<\/a> et <a href=\"https:\/\/www.impressionismsroutes.com\/\" target=\"_blank\" rel=\"noopener\">Impressionisms Routes<\/a> organisent le festival <em>Les 150 ans de l&#8217;Impressionnisme<\/em> du 22 au 24 mars 2024, \u00e0 la Chapelle Saint L\u00e9onard. Croissy-sur-Seine, qui a vu na\u00eetre l&#8217;Impressionnisme est le site privil\u00e9gi\u00e9 pour accueillir cet \u00e9v\u00e8nement.<\/p>\n<h3>Une exposition<\/h3>\n<p>Intitul\u00e9e <em>L&#8217;Impressionnisme en France et en Europe<\/em>, cette exposition parcourt l\u2019Europe depuis plusieurs ann\u00e9es. Elle entend montrer l&#8217;importance et l&#8217;int\u00e9r\u00eat du mouvement impressionniste en Europe, avec un focus particulier sur l&#8217;Impressionnisme fran\u00e7ais. L&#8217;exposition est compos\u00e9e de reproductions de haute qualit\u00e9 sur toile d\u2019une s\u00e9lection d\u2019\u0153uvres embl\u00e9matiques de peintres impressionnistes et de paysagistes de diverses nationalit\u00e9s europ\u00e9ennes, accompagn\u00e9es de panneaux didactiques.<\/p>\n<p>L&#8217;exposition est ouverte en acc\u00e8s libre, \u00e0 partir de 15h et jusqu&#8217;\u00e0 30 mn avant chaque concert.<\/p>\n<h3>Une conf\u00e9rence<\/h3>\n<p>En compl\u00e9ment de l&#8217;exposition, une conf\u00e9rence sera donn\u00e9e le 23 mars \u00e0 18h30 en acc\u00e8s libre, apportant un \u00e9clairage \u00e0 l&#8217;ensemble du festival.<\/p>\n<p>La conf\u00e9rence <em>\u00c9ventail Impressionniste Europ\u00e9en<\/em> a pour objectif, de souligner la transversalit\u00e9 des arts et de mettre en valeur les synergies obtenues par le rapprochement de la peinture et de la musique. Associ\u00e9 \u00e0 l\u2019id\u00e9e m\u00eame du courant pictural apparu en France dans les ann\u00e9es 1860, le concept d\u2019Impressionnisme rel\u00e8ve plut\u00f4t d\u2019un courant esth\u00e9tique appliqu\u00e9 \u00e0 toute \u0153uvre inspir\u00e9e par une \u00e9vocation po\u00e9tique de la nature, et d\u00e9passe les notions de technique artistique, de g\u00e9ographie et d\u2019\u00e9poque.<\/p>\n<p>Les relations entre l\u2019Impressionnisme pictural et la musique impressionniste se pr\u00e9sentent sous un double aspect : d\u2019une part celui des recherches auxquelles ont proc\u00e9d\u00e9 peintres comme musiciens pour aboutir \u00e0 des effets d\u2019harmonie, avec en musique des sonorit\u00e9s et des timbres purs et, d\u2019autre part, des liens d\u2019amiti\u00e9 qui unissaient des peintres et des compositeurs de cette seconde moiti\u00e9 du 19<sup>\u00e8me<\/sup> si\u00e8cle.<\/p>\n<h3>Des concerts<\/h3>\n<p>Enfin, les Musicales de Croissy proposent une s\u00e9rie de concerts les 22, 23 et 24 mars, \u00e0 l&#8217;auditorium Chanorier, en lien avec le festival <em>Les 150 ans de l&#8217;Impressionnisme<\/em>.<\/p>\n","protected":false},"excerpt":{"rendered":"<p>Dans le cadre des 150 ans de l&#8217;Impressionnisme, le Mus\u00e9e  [&#8230;]<\/p>\n","protected":false},"author":2,"featured_media":8280,"comment_status":"closed","ping_status":"closed","sticky":false,"template":"","format":"standard","meta":{"_acf_changed":false,"inline_featured_image":false,"_jetpack_memberships_contains_paid_content":false,"footnotes":""},"categories":[86],"slider_une":[],"regions":[132],"coups_coeur":[],"inspiration-type":[],"label":[141],"categories-agenda":[177],"class_list":["post-7501","post","type-post","status-publish","format-standard","has-post-thumbnail","hentry","category-banks-seine","tag-diary","regions-idf-en","label-150-years","categories-agenda-festival-en"],"acf":[],"yoast_head":"<!-- This site is optimized with the Yoast SEO plugin v26.3 - https:\/\/yoast.com\/wordpress\/plugins\/seo\/ -->\n<title>150 ans de l&#039;Impressionnisme Croissy - Impressionist adventures<\/title>\n<meta name=\"description\" content=\"Pour les 150 ans de l&#039;Impressionnisme, d\u00e9couvrez l&#039;exposition &quot;L&#039;Impressionnisme en France et en Europe&quot; \u00e0 Croissy-sur-Seine.\" \/>\n<meta name=\"robots\" content=\"index, follow, max-snippet:-1, max-image-preview:large, max-video-preview:-1\" \/>\n<link rel=\"canonical\" href=\"https:\/\/voyagesimpressionnistes.com\/en\/banks-seine\/festival-150-ans-de-l-impressionnisme-croissy\/\" \/>\n<meta property=\"og:locale\" content=\"en_US\" \/>\n<meta property=\"og:type\" content=\"article\" \/>\n<meta property=\"og:title\" content=\"150 ans de l&#039;Impressionnisme Croissy - Impressionist adventures\" \/>\n<meta property=\"og:description\" content=\"Pour les 150 ans de l&#039;Impressionnisme, d\u00e9couvrez l&#039;exposition &quot;L&#039;Impressionnisme en France et en Europe&quot; \u00e0 Croissy-sur-Seine.\" \/>\n<meta property=\"og:url\" content=\"https:\/\/voyagesimpressionnistes.com\/en\/banks-seine\/festival-150-ans-de-l-impressionnisme-croissy\/\" \/>\n<meta property=\"og:site_name\" content=\"Impressionist adventures\" \/>\n<meta property=\"article:publisher\" content=\"https:\/\/www.facebook.com\/LesVoyagesImpressionnistes\/\" \/>\n<meta property=\"article:published_time\" content=\"2024-03-01T16:23:25+00:00\" \/>\n<meta property=\"article:modified_time\" content=\"2025-04-11T09:13:58+00:00\" \/>\n<meta property=\"og:image\" content=\"https:\/\/voyagesimpressionnistes.com\/wp-content\/uploads\/2024\/03\/Image-Festival-Impressionnisme-croissy-2024.jpg\" \/>\n\t<meta property=\"og:image:width\" content=\"1920\" \/>\n\t<meta property=\"og:image:height\" content=\"1247\" \/>\n\t<meta property=\"og:image:type\" content=\"image\/jpeg\" \/>\n<meta name=\"author\" content=\"Phane\" \/>\n<meta name=\"twitter:card\" content=\"summary_large_image\" \/>\n<meta name=\"twitter:label1\" content=\"Written by\" \/>\n\t<meta name=\"twitter:data1\" content=\"Phane\" \/>\n\t<meta name=\"twitter:label2\" content=\"Est. reading time\" \/>\n\t<meta name=\"twitter:data2\" content=\"3 minutes\" \/>\n<script type=\"application\/ld+json\" class=\"yoast-schema-graph\">{\"@context\":\"https:\/\/schema.org\",\"@graph\":[{\"@type\":[\"Article\",\"BlogPosting\"],\"@id\":\"https:\/\/voyagesimpressionnistes.com\/en\/banks-seine\/festival-150-ans-de-l-impressionnisme-croissy\/#article\",\"isPartOf\":{\"@id\":\"https:\/\/voyagesimpressionnistes.com\/en\/banks-seine\/festival-150-ans-de-l-impressionnisme-croissy\/\"},\"author\":{\"name\":\"Phane\",\"@id\":\"https:\/\/voyagesimpressionnistes.com\/en\/#\/schema\/person\/78c37c19aa7ae1bd6f4902f296c80e5f\"},\"headline\":\"Festival &#8220;Les 150 ans de l&#8217;Impressionnisme&#8221; \u00e0 Croissy-sur-Seine\",\"datePublished\":\"2024-03-01T16:23:25+00:00\",\"dateModified\":\"2025-04-11T09:13:58+00:00\",\"mainEntityOfPage\":{\"@id\":\"https:\/\/voyagesimpressionnistes.com\/en\/banks-seine\/festival-150-ans-de-l-impressionnisme-croissy\/\"},\"wordCount\":378,\"publisher\":{\"@id\":\"https:\/\/voyagesimpressionnistes.com\/en\/#organization\"},\"image\":{\"@id\":\"https:\/\/voyagesimpressionnistes.com\/en\/banks-seine\/festival-150-ans-de-l-impressionnisme-croissy\/#primaryimage\"},\"thumbnailUrl\":\"https:\/\/voyagesimpressionnistes.com\/wp-content\/uploads\/2024\/03\/Image-Festival-Impressionnisme-croissy-2024.jpg\",\"keywords\":[\"Diary\"],\"articleSection\":[\"Along the Banks of the Seine\"],\"inLanguage\":\"en-US\"},{\"@type\":\"WebPage\",\"@id\":\"https:\/\/voyagesimpressionnistes.com\/en\/banks-seine\/festival-150-ans-de-l-impressionnisme-croissy\/\",\"url\":\"https:\/\/voyagesimpressionnistes.com\/en\/banks-seine\/festival-150-ans-de-l-impressionnisme-croissy\/\",\"name\":\"150 ans de l'Impressionnisme Croissy - Impressionist adventures\",\"isPartOf\":{\"@id\":\"https:\/\/voyagesimpressionnistes.com\/en\/#website\"},\"primaryImageOfPage\":{\"@id\":\"https:\/\/voyagesimpressionnistes.com\/en\/banks-seine\/festival-150-ans-de-l-impressionnisme-croissy\/#primaryimage\"},\"image\":{\"@id\":\"https:\/\/voyagesimpressionnistes.com\/en\/banks-seine\/festival-150-ans-de-l-impressionnisme-croissy\/#primaryimage\"},\"thumbnailUrl\":\"https:\/\/voyagesimpressionnistes.com\/wp-content\/uploads\/2024\/03\/Image-Festival-Impressionnisme-croissy-2024.jpg\",\"datePublished\":\"2024-03-01T16:23:25+00:00\",\"dateModified\":\"2025-04-11T09:13:58+00:00\",\"description\":\"Pour les 150 ans de l'Impressionnisme, d\u00e9couvrez l'exposition \\\"L'Impressionnisme en France et en Europe\\\" \u00e0 Croissy-sur-Seine.\",\"breadcrumb\":{\"@id\":\"https:\/\/voyagesimpressionnistes.com\/en\/banks-seine\/festival-150-ans-de-l-impressionnisme-croissy\/#breadcrumb\"},\"inLanguage\":\"en-US\",\"potentialAction\":[{\"@type\":\"ReadAction\",\"target\":[\"https:\/\/voyagesimpressionnistes.com\/en\/banks-seine\/festival-150-ans-de-l-impressionnisme-croissy\/\"]}]},{\"@type\":\"ImageObject\",\"inLanguage\":\"en-US\",\"@id\":\"https:\/\/voyagesimpressionnistes.com\/en\/banks-seine\/festival-150-ans-de-l-impressionnisme-croissy\/#primaryimage\",\"url\":\"https:\/\/voyagesimpressionnistes.com\/wp-content\/uploads\/2024\/03\/Image-Festival-Impressionnisme-croissy-2024.jpg\",\"contentUrl\":\"https:\/\/voyagesimpressionnistes.com\/wp-content\/uploads\/2024\/03\/Image-Festival-Impressionnisme-croissy-2024.jpg\",\"width\":1920,\"height\":1247,\"caption\":\"Festival \\\"Les 150 ans de l'Impressionnisme\\\", Croissy-sur-Seine : visuel d'apr\u00e8s Claude Monet, \\\"Champs de coquelicot\\\", Giverny vers 1890\"},{\"@type\":\"BreadcrumbList\",\"@id\":\"https:\/\/voyagesimpressionnistes.com\/en\/banks-seine\/festival-150-ans-de-l-impressionnisme-croissy\/#breadcrumb\",\"itemListElement\":[{\"@type\":\"ListItem\",\"position\":1,\"name\":\"Along the Banks of the Seine\",\"item\":\"https:\/\/voyagesimpressionnistes.com\/en\/banks-seine\/\"},{\"@type\":\"ListItem\",\"position\":2,\"name\":\"Festival &#8220;Les 150 ans de l&#8217;Impressionnisme&#8221; \u00e0 Croissy-sur-Seine\"}]},{\"@type\":\"WebSite\",\"@id\":\"https:\/\/voyagesimpressionnistes.com\/en\/#website\",\"url\":\"https:\/\/voyagesimpressionnistes.com\/en\/\",\"name\":\"Impressionist adventures\",\"description\":\"Inspiring moments\",\"publisher\":{\"@id\":\"https:\/\/voyagesimpressionnistes.com\/en\/#organization\"},\"potentialAction\":[{\"@type\":\"SearchAction\",\"target\":{\"@type\":\"EntryPoint\",\"urlTemplate\":\"https:\/\/voyagesimpressionnistes.com\/en\/?s={search_term_string}\"},\"query-input\":{\"@type\":\"PropertyValueSpecification\",\"valueRequired\":true,\"valueName\":\"search_term_string\"}}],\"inLanguage\":\"en-US\"},{\"@type\":\"Organization\",\"@id\":\"https:\/\/voyagesimpressionnistes.com\/en\/#organization\",\"name\":\"Voyages Impressionnistes\",\"url\":\"https:\/\/voyagesimpressionnistes.com\/en\/\",\"logo\":{\"@type\":\"ImageObject\",\"inLanguage\":\"en-US\",\"@id\":\"https:\/\/voyagesimpressionnistes.com\/en\/#\/schema\/logo\/image\/\",\"url\":\"https:\/\/voyagesimpressionnistes.com\/wp-content\/uploads\/2021\/06\/vi-logo-507x216-1.svg\",\"contentUrl\":\"https:\/\/voyagesimpressionnistes.com\/wp-content\/uploads\/2021\/06\/vi-logo-507x216-1.svg\",\"width\":507,\"height\":216,\"caption\":\"Voyages Impressionnistes\"},\"image\":{\"@id\":\"https:\/\/voyagesimpressionnistes.com\/en\/#\/schema\/logo\/image\/\"},\"sameAs\":[\"https:\/\/www.facebook.com\/LesVoyagesImpressionnistes\/\"]},{\"@type\":\"Person\",\"@id\":\"https:\/\/voyagesimpressionnistes.com\/en\/#\/schema\/person\/78c37c19aa7ae1bd6f4902f296c80e5f\",\"name\":\"Phane\",\"image\":{\"@type\":\"ImageObject\",\"inLanguage\":\"en-US\",\"@id\":\"https:\/\/voyagesimpressionnistes.com\/en\/#\/schema\/person\/image\/\",\"url\":\"https:\/\/secure.gravatar.com\/avatar\/ea705fa375f21b62a2facac16bc19ee8d664629e3399a374a188d355bc5d00b9?s=96&d=mm&r=g\",\"contentUrl\":\"https:\/\/secure.gravatar.com\/avatar\/ea705fa375f21b62a2facac16bc19ee8d664629e3399a374a188d355bc5d00b9?s=96&d=mm&r=g\",\"caption\":\"Phane\"}}]}<\/script>\n<!-- \/ Yoast SEO plugin. -->","yoast_head_json":{"title":"150 ans de l'Impressionnisme Croissy - Impressionist adventures","description":"Pour les 150 ans de l'Impressionnisme, d\u00e9couvrez l'exposition \"L'Impressionnisme en France et en Europe\" \u00e0 Croissy-sur-Seine.","robots":{"index":"index","follow":"follow","max-snippet":"max-snippet:-1","max-image-preview":"max-image-preview:large","max-video-preview":"max-video-preview:-1"},"canonical":"https:\/\/voyagesimpressionnistes.com\/en\/banks-seine\/festival-150-ans-de-l-impressionnisme-croissy\/","og_locale":"en_US","og_type":"article","og_title":"150 ans de l'Impressionnisme Croissy - Impressionist adventures","og_description":"Pour les 150 ans de l'Impressionnisme, d\u00e9couvrez l'exposition \"L'Impressionnisme en France et en Europe\" \u00e0 Croissy-sur-Seine.","og_url":"https:\/\/voyagesimpressionnistes.com\/en\/banks-seine\/festival-150-ans-de-l-impressionnisme-croissy\/","og_site_name":"Impressionist adventures","article_publisher":"https:\/\/www.facebook.com\/LesVoyagesImpressionnistes\/","article_published_time":"2024-03-01T16:23:25+00:00","article_modified_time":"2025-04-11T09:13:58+00:00","og_image":[{"width":1920,"height":1247,"url":"https:\/\/voyagesimpressionnistes.com\/wp-content\/uploads\/2024\/03\/Image-Festival-Impressionnisme-croissy-2024.jpg","type":"image\/jpeg"}],"author":"Phane","twitter_card":"summary_large_image","twitter_misc":{"Written by":"Phane","Est. reading time":"3 minutes"},"schema":{"@context":"https:\/\/schema.org","@graph":[{"@type":["Article","BlogPosting"],"@id":"https:\/\/voyagesimpressionnistes.com\/en\/banks-seine\/festival-150-ans-de-l-impressionnisme-croissy\/#article","isPartOf":{"@id":"https:\/\/voyagesimpressionnistes.com\/en\/banks-seine\/festival-150-ans-de-l-impressionnisme-croissy\/"},"author":{"name":"Phane","@id":"https:\/\/voyagesimpressionnistes.com\/en\/#\/schema\/person\/78c37c19aa7ae1bd6f4902f296c80e5f"},"headline":"Festival &#8220;Les 150 ans de l&#8217;Impressionnisme&#8221; \u00e0 Croissy-sur-Seine","datePublished":"2024-03-01T16:23:25+00:00","dateModified":"2025-04-11T09:13:58+00:00","mainEntityOfPage":{"@id":"https:\/\/voyagesimpressionnistes.com\/en\/banks-seine\/festival-150-ans-de-l-impressionnisme-croissy\/"},"wordCount":378,"publisher":{"@id":"https:\/\/voyagesimpressionnistes.com\/en\/#organization"},"image":{"@id":"https:\/\/voyagesimpressionnistes.com\/en\/banks-seine\/festival-150-ans-de-l-impressionnisme-croissy\/#primaryimage"},"thumbnailUrl":"https:\/\/voyagesimpressionnistes.com\/wp-content\/uploads\/2024\/03\/Image-Festival-Impressionnisme-croissy-2024.jpg","keywords":["Diary"],"articleSection":["Along the Banks of the Seine"],"inLanguage":"en-US"},{"@type":"WebPage","@id":"https:\/\/voyagesimpressionnistes.com\/en\/banks-seine\/festival-150-ans-de-l-impressionnisme-croissy\/","url":"https:\/\/voyagesimpressionnistes.com\/en\/banks-seine\/festival-150-ans-de-l-impressionnisme-croissy\/","name":"150 ans de l'Impressionnisme Croissy - Impressionist adventures","isPartOf":{"@id":"https:\/\/voyagesimpressionnistes.com\/en\/#website"},"primaryImageOfPage":{"@id":"https:\/\/voyagesimpressionnistes.com\/en\/banks-seine\/festival-150-ans-de-l-impressionnisme-croissy\/#primaryimage"},"image":{"@id":"https:\/\/voyagesimpressionnistes.com\/en\/banks-seine\/festival-150-ans-de-l-impressionnisme-croissy\/#primaryimage"},"thumbnailUrl":"https:\/\/voyagesimpressionnistes.com\/wp-content\/uploads\/2024\/03\/Image-Festival-Impressionnisme-croissy-2024.jpg","datePublished":"2024-03-01T16:23:25+00:00","dateModified":"2025-04-11T09:13:58+00:00","description":"Pour les 150 ans de l'Impressionnisme, d\u00e9couvrez l'exposition \"L'Impressionnisme en France et en Europe\" \u00e0 Croissy-sur-Seine.","breadcrumb":{"@id":"https:\/\/voyagesimpressionnistes.com\/en\/banks-seine\/festival-150-ans-de-l-impressionnisme-croissy\/#breadcrumb"},"inLanguage":"en-US","potentialAction":[{"@type":"ReadAction","target":["https:\/\/voyagesimpressionnistes.com\/en\/banks-seine\/festival-150-ans-de-l-impressionnisme-croissy\/"]}]},{"@type":"ImageObject","inLanguage":"en-US","@id":"https:\/\/voyagesimpressionnistes.com\/en\/banks-seine\/festival-150-ans-de-l-impressionnisme-croissy\/#primaryimage","url":"https:\/\/voyagesimpressionnistes.com\/wp-content\/uploads\/2024\/03\/Image-Festival-Impressionnisme-croissy-2024.jpg","contentUrl":"https:\/\/voyagesimpressionnistes.com\/wp-content\/uploads\/2024\/03\/Image-Festival-Impressionnisme-croissy-2024.jpg","width":1920,"height":1247,"caption":"Festival \"Les 150 ans de l'Impressionnisme\", Croissy-sur-Seine : visuel d'apr\u00e8s Claude Monet, \"Champs de coquelicot\", Giverny vers 1890"},{"@type":"BreadcrumbList","@id":"https:\/\/voyagesimpressionnistes.com\/en\/banks-seine\/festival-150-ans-de-l-impressionnisme-croissy\/#breadcrumb","itemListElement":[{"@type":"ListItem","position":1,"name":"Along the Banks of the Seine","item":"https:\/\/voyagesimpressionnistes.com\/en\/banks-seine\/"},{"@type":"ListItem","position":2,"name":"Festival &#8220;Les 150 ans de l&#8217;Impressionnisme&#8221; \u00e0 Croissy-sur-Seine"}]},{"@type":"WebSite","@id":"https:\/\/voyagesimpressionnistes.com\/en\/#website","url":"https:\/\/voyagesimpressionnistes.com\/en\/","name":"Impressionist adventures","description":"Inspiring moments","publisher":{"@id":"https:\/\/voyagesimpressionnistes.com\/en\/#organization"},"potentialAction":[{"@type":"SearchAction","target":{"@type":"EntryPoint","urlTemplate":"https:\/\/voyagesimpressionnistes.com\/en\/?s={search_term_string}"},"query-input":{"@type":"PropertyValueSpecification","valueRequired":true,"valueName":"search_term_string"}}],"inLanguage":"en-US"},{"@type":"Organization","@id":"https:\/\/voyagesimpressionnistes.com\/en\/#organization","name":"Voyages Impressionnistes","url":"https:\/\/voyagesimpressionnistes.com\/en\/","logo":{"@type":"ImageObject","inLanguage":"en-US","@id":"https:\/\/voyagesimpressionnistes.com\/en\/#\/schema\/logo\/image\/","url":"https:\/\/voyagesimpressionnistes.com\/wp-content\/uploads\/2021\/06\/vi-logo-507x216-1.svg","contentUrl":"https:\/\/voyagesimpressionnistes.com\/wp-content\/uploads\/2021\/06\/vi-logo-507x216-1.svg","width":507,"height":216,"caption":"Voyages Impressionnistes"},"image":{"@id":"https:\/\/voyagesimpressionnistes.com\/en\/#\/schema\/logo\/image\/"},"sameAs":["https:\/\/www.facebook.com\/LesVoyagesImpressionnistes\/"]},{"@type":"Person","@id":"https:\/\/voyagesimpressionnistes.com\/en\/#\/schema\/person\/78c37c19aa7ae1bd6f4902f296c80e5f","name":"Phane","image":{"@type":"ImageObject","inLanguage":"en-US","@id":"https:\/\/voyagesimpressionnistes.com\/en\/#\/schema\/person\/image\/","url":"https:\/\/secure.gravatar.com\/avatar\/ea705fa375f21b62a2facac16bc19ee8d664629e3399a374a188d355bc5d00b9?s=96&d=mm&r=g","contentUrl":"https:\/\/secure.gravatar.com\/avatar\/ea705fa375f21b62a2facac16bc19ee8d664629e3399a374a188d355bc5d00b9?s=96&d=mm&r=g","caption":"Phane"}}]}},"jetpack_featured_media_url":"https:\/\/voyagesimpressionnistes.com\/wp-content\/uploads\/2024\/03\/Image-Festival-Impressionnisme-croissy-2024.jpg","jetpack_sharing_enabled":true,"_links":{"self":[{"href":"https:\/\/voyagesimpressionnistes.com\/en\/wp-json\/wp\/v2\/posts\/7501","targetHints":{"allow":["GET"]}}],"collection":[{"href":"https:\/\/voyagesimpressionnistes.com\/en\/wp-json\/wp\/v2\/posts"}],"about":[{"href":"https:\/\/voyagesimpressionnistes.com\/en\/wp-json\/wp\/v2\/types\/post"}],"author":[{"embeddable":true,"href":"https:\/\/voyagesimpressionnistes.com\/en\/wp-json\/wp\/v2\/users\/2"}],"replies":[{"embeddable":true,"href":"https:\/\/voyagesimpressionnistes.com\/en\/wp-json\/wp\/v2\/comments?post=7501"}],"version-history":[{"count":24,"href":"https:\/\/voyagesimpressionnistes.com\/en\/wp-json\/wp\/v2\/posts\/7501\/revisions"}],"predecessor-version":[{"id":14272,"href":"https:\/\/voyagesimpressionnistes.com\/en\/wp-json\/wp\/v2\/posts\/7501\/revisions\/14272"}],"wp:featuredmedia":[{"embeddable":true,"href":"https:\/\/voyagesimpressionnistes.com\/en\/wp-json\/wp\/v2\/media\/8280"}],"wp:attachment":[{"href":"https:\/\/voyagesimpressionnistes.com\/en\/wp-json\/wp\/v2\/media?parent=7501"}],"wp:term":[{"taxonomy":"category","embeddable":true,"href":"https:\/\/voyagesimpressionnistes.com\/en\/wp-json\/wp\/v2\/categories?post=7501"},{"taxonomy":"slider_une","embeddable":true,"href":"https:\/\/voyagesimpressionnistes.com\/en\/wp-json\/wp\/v2\/slider_une?post=7501"},{"taxonomy":"regions","embeddable":true,"href":"https:\/\/voyagesimpressionnistes.com\/en\/wp-json\/wp\/v2\/regions?post=7501"},{"taxonomy":"coups_coeur","embeddable":true,"href":"https:\/\/voyagesimpressionnistes.com\/en\/wp-json\/wp\/v2\/coups_coeur?post=7501"},{"taxonomy":"inspiration-type","embeddable":true,"href":"https:\/\/voyagesimpressionnistes.com\/en\/wp-json\/wp\/v2\/inspiration-type?post=7501"},{"taxonomy":"label","embeddable":true,"href":"https:\/\/voyagesimpressionnistes.com\/en\/wp-json\/wp\/v2\/label?post=7501"},{"taxonomy":"categories-agenda","embeddable":true,"href":"https:\/\/voyagesimpressionnistes.com\/en\/wp-json\/wp\/v2\/categories-agenda?post=7501"}],"curies":[{"name":"wp","href":"https:\/\/api.w.org\/{rel}","templated":true}]}}