{"id":7524,"date":"2024-03-06T14:46:00","date_gmt":"2024-03-06T13:46:00","guid":{"rendered":"https:\/\/voyagesimpressionnistes.com\/?p=7524"},"modified":"2024-09-10T11:59:11","modified_gmt":"2024-09-10T09:59:11","slug":"les-artistes-sur-la-cote-de-nacre-de-1800-a-nos-jours","status":"publish","type":"post","link":"https:\/\/voyagesimpressionnistes.com\/en\/caen-the-cotentin\/les-artistes-sur-la-cote-de-nacre-de-1800-a-nos-jours\/","title":{"rendered":"Les artistes sur la C\u00f4te de Nacre de 1800 \u00e0 nos jours"},"content":{"rendered":"<p>Pour c\u00e9l\u00e9brer les 150 ans de l&#8217;Impressionnisme, Ouistreham rejoint la programmation du <a href=\"https:\/\/voyagesimpressionnistes.com\/en\/giverny-its-surroundings\/festival-normandie-impressionniste-2024\/\">Festival Normandie Impressionniste 2024<\/a> avec l&#8217;exposition <em>Les artistes sur la C\u00f4te de Nacre de 1800 \u00e0 nos jours<\/em>, pr\u00e9sent\u00e9e \u00e0 la Grange aux D\u00eemes du 6 juillet au 1<sup>er<\/sup> septembre.<\/p>\n<p>Si la C\u00f4te de Nacre a moins attir\u00e9 d&#8217;artistes notoires que sa voisine la C\u00f4te Fleurie, Louis Valtat et Stanislas L\u00e9pine y ont pos\u00e9 leurs chevalets et bon nombre d&#8217;artistes r\u00e9gionaux ou parisiens, en vill\u00e9giature sur cette frange du littoral entre Ouistreham Riva-Bella et Courseulles-sur-Mer, ont laiss\u00e9 des \u0153uvres d&#8217;un charme absolu. Victor Tesni\u00e8re et Eduardo-Leon Garrido en font partie.<\/p>\n<p>Comment les artistes de la fin du 19<sup>\u00e8me<\/sup> si\u00e8cle et ceux d&#8217;aujourd&#8217;hui se sont empar\u00e9s des paysages de la c\u00f4te de Nacre ? En quoi celle-ci est-elle source d&#8217;inspiration pour eux ? L&#8217;exposition <em>Les artistes sur la C\u00f4te de Nacre de 1800 \u00e0 nos jours <\/em>se d\u00e9couvre de mani\u00e8re chronologique et autour de th\u00e9matiques, nous emmenant d\u2019abord au c\u0153ur du 19<sup>\u00e8me<\/sup> si\u00e8cle, puis dans l\u2019environnement de la p\u00eache \u00e0 pied et des ports, pour s\u2019attarder ensuite aux activit\u00e9s baln\u00e9aires faites de sport sur la plage et de bains de mer, pour enfin embrasser la p\u00e9riode de la seconde guerre mondiale et l\u2019\u00e9poque contemporaine.<\/p>\n<h3>Autour de l&#8217;exposition<\/h3>\n<ul>\n<li>Visites guid\u00e9es gratuites par le commissaire de l&#8217;exposition \u00c9ric Lef\u00e8vre : samedi 6 juillet \u00e0 17h et jeudi 22 ao\u00fbt \u00e0 17h. Sans inscription ;<\/li>\n<li>Ateliers de peinture <em>\u00c0 la mani\u00e8re des Impressionnistes<\/em>, anim\u00e9s par Sophie Eug\u00e8ne, peintre plasticienne, pour les enfants de 8\/12 ans : samedis 13 juillet et 3 ao\u00fbt \u00e0 15h au Pavillon. Gratuit et sur inscription par mail ;<\/li>\n<li>Nocturnes jusqu\u2019\u00e0 21h les soirs des march\u00e9s des cr\u00e9ateurs : vendredis 19 juillet et 9 ao\u00fbt.<\/li>\n<\/ul>\n","protected":false},"excerpt":{"rendered":"<p>Pour c\u00e9l\u00e9brer les 150 ans de l&#8217;Impressionnisme, Ouistreham rejoint la  [&#8230;]<\/p>\n","protected":false},"author":2,"featured_media":10605,"comment_status":"closed","ping_status":"closed","sticky":false,"template":"","format":"standard","meta":{"_acf_changed":false,"inline_featured_image":false,"_jetpack_memberships_contains_paid_content":false,"footnotes":""},"categories":[82],"slider_une":[],"regions":[133],"coups_coeur":[],"inspiration-type":[],"label":[141,143],"categories-agenda":[172],"class_list":["post-7524","post","type-post","status-publish","format-standard","has-post-thumbnail","hentry","category-caen-the-cotentin","tag-diary","regions-normandy","label-150-years","label-normandie-impressionniste-en","categories-agenda-exhibition"],"acf":[],"yoast_head":"<!-- This site is optimized with the Yoast SEO plugin v26.3 - https:\/\/yoast.com\/wordpress\/plugins\/seo\/ -->\n<title>Les artistes sur la C\u00f4te de Nacre - Impressionist adventures<\/title>\n<meta name=\"description\" content=\"Visitez l&#039;exposition &quot;Les artistes sur la C\u00f4te de Nacre de 1800 \u00e0 nos jours&quot; \u00e0 Ouistreham pour le Festival Normandie Impressionniste.\" \/>\n<meta name=\"robots\" content=\"index, follow, max-snippet:-1, max-image-preview:large, max-video-preview:-1\" \/>\n<link rel=\"canonical\" href=\"https:\/\/voyagesimpressionnistes.com\/en\/caen-the-cotentin\/les-artistes-sur-la-cote-de-nacre-de-1800-a-nos-jours\/\" \/>\n<meta property=\"og:locale\" content=\"en_US\" \/>\n<meta property=\"og:type\" content=\"article\" \/>\n<meta property=\"og:title\" content=\"Les artistes sur la C\u00f4te de Nacre - Impressionist adventures\" \/>\n<meta property=\"og:description\" content=\"Visitez l&#039;exposition &quot;Les artistes sur la C\u00f4te de Nacre de 1800 \u00e0 nos jours&quot; \u00e0 Ouistreham pour le Festival Normandie Impressionniste.\" \/>\n<meta property=\"og:url\" content=\"https:\/\/voyagesimpressionnistes.com\/en\/caen-the-cotentin\/les-artistes-sur-la-cote-de-nacre-de-1800-a-nos-jours\/\" \/>\n<meta property=\"og:site_name\" content=\"Impressionist adventures\" \/>\n<meta property=\"article:publisher\" content=\"https:\/\/www.facebook.com\/LesVoyagesImpressionnistes\/\" \/>\n<meta property=\"article:published_time\" content=\"2024-03-06T13:46:00+00:00\" \/>\n<meta property=\"article:modified_time\" content=\"2024-09-10T09:59:11+00:00\" \/>\n<meta property=\"og:image\" content=\"https:\/\/voyagesimpressionnistes.com\/wp-content\/uploads\/2024\/03\/affiche-artistes-cote-de-nacre.jpg\" \/>\n\t<meta property=\"og:image:width\" content=\"1920\" \/>\n\t<meta property=\"og:image:height\" content=\"2560\" \/>\n\t<meta property=\"og:image:type\" content=\"image\/jpeg\" \/>\n<meta name=\"author\" content=\"Phane\" \/>\n<meta name=\"twitter:card\" content=\"summary_large_image\" \/>\n<meta name=\"twitter:label1\" content=\"Written by\" \/>\n\t<meta name=\"twitter:data1\" content=\"Phane\" \/>\n\t<meta name=\"twitter:label2\" content=\"Est. reading time\" \/>\n\t<meta name=\"twitter:data2\" content=\"1 minute\" \/>\n<script type=\"application\/ld+json\" class=\"yoast-schema-graph\">{\"@context\":\"https:\/\/schema.org\",\"@graph\":[{\"@type\":[\"Article\",\"BlogPosting\"],\"@id\":\"https:\/\/voyagesimpressionnistes.com\/en\/caen-the-cotentin\/les-artistes-sur-la-cote-de-nacre-de-1800-a-nos-jours\/#article\",\"isPartOf\":{\"@id\":\"https:\/\/voyagesimpressionnistes.com\/en\/caen-the-cotentin\/les-artistes-sur-la-cote-de-nacre-de-1800-a-nos-jours\/\"},\"author\":{\"name\":\"Phane\",\"@id\":\"https:\/\/voyagesimpressionnistes.com\/en\/#\/schema\/person\/78c37c19aa7ae1bd6f4902f296c80e5f\"},\"headline\":\"Les artistes sur la C\u00f4te de Nacre de 1800 \u00e0 nos jours\",\"datePublished\":\"2024-03-06T13:46:00+00:00\",\"dateModified\":\"2024-09-10T09:59:11+00:00\",\"mainEntityOfPage\":{\"@id\":\"https:\/\/voyagesimpressionnistes.com\/en\/caen-the-cotentin\/les-artistes-sur-la-cote-de-nacre-de-1800-a-nos-jours\/\"},\"wordCount\":321,\"publisher\":{\"@id\":\"https:\/\/voyagesimpressionnistes.com\/en\/#organization\"},\"image\":{\"@id\":\"https:\/\/voyagesimpressionnistes.com\/en\/caen-the-cotentin\/les-artistes-sur-la-cote-de-nacre-de-1800-a-nos-jours\/#primaryimage\"},\"thumbnailUrl\":\"https:\/\/voyagesimpressionnistes.com\/wp-content\/uploads\/2024\/03\/affiche-artistes-cote-de-nacre.jpg\",\"keywords\":[\"Diary\"],\"articleSection\":[\"From Caen to the Cotentin\"],\"inLanguage\":\"en-US\"},{\"@type\":\"WebPage\",\"@id\":\"https:\/\/voyagesimpressionnistes.com\/en\/caen-the-cotentin\/les-artistes-sur-la-cote-de-nacre-de-1800-a-nos-jours\/\",\"url\":\"https:\/\/voyagesimpressionnistes.com\/en\/caen-the-cotentin\/les-artistes-sur-la-cote-de-nacre-de-1800-a-nos-jours\/\",\"name\":\"Les artistes sur la C\u00f4te de Nacre - Impressionist adventures\",\"isPartOf\":{\"@id\":\"https:\/\/voyagesimpressionnistes.com\/en\/#website\"},\"primaryImageOfPage\":{\"@id\":\"https:\/\/voyagesimpressionnistes.com\/en\/caen-the-cotentin\/les-artistes-sur-la-cote-de-nacre-de-1800-a-nos-jours\/#primaryimage\"},\"image\":{\"@id\":\"https:\/\/voyagesimpressionnistes.com\/en\/caen-the-cotentin\/les-artistes-sur-la-cote-de-nacre-de-1800-a-nos-jours\/#primaryimage\"},\"thumbnailUrl\":\"https:\/\/voyagesimpressionnistes.com\/wp-content\/uploads\/2024\/03\/affiche-artistes-cote-de-nacre.jpg\",\"datePublished\":\"2024-03-06T13:46:00+00:00\",\"dateModified\":\"2024-09-10T09:59:11+00:00\",\"description\":\"Visitez l'exposition \\\"Les artistes sur la C\u00f4te de Nacre de 1800 \u00e0 nos jours\\\" \u00e0 Ouistreham pour le Festival Normandie Impressionniste.\",\"breadcrumb\":{\"@id\":\"https:\/\/voyagesimpressionnistes.com\/en\/caen-the-cotentin\/les-artistes-sur-la-cote-de-nacre-de-1800-a-nos-jours\/#breadcrumb\"},\"inLanguage\":\"en-US\",\"potentialAction\":[{\"@type\":\"ReadAction\",\"target\":[\"https:\/\/voyagesimpressionnistes.com\/en\/caen-the-cotentin\/les-artistes-sur-la-cote-de-nacre-de-1800-a-nos-jours\/\"]}]},{\"@type\":\"ImageObject\",\"inLanguage\":\"en-US\",\"@id\":\"https:\/\/voyagesimpressionnistes.com\/en\/caen-the-cotentin\/les-artistes-sur-la-cote-de-nacre-de-1800-a-nos-jours\/#primaryimage\",\"url\":\"https:\/\/voyagesimpressionnistes.com\/wp-content\/uploads\/2024\/03\/affiche-artistes-cote-de-nacre.jpg\",\"contentUrl\":\"https:\/\/voyagesimpressionnistes.com\/wp-content\/uploads\/2024\/03\/affiche-artistes-cote-de-nacre.jpg\",\"width\":1920,\"height\":2560,\"caption\":\"Affiche de l'exposition \\\"Les artistes sur la C\u00f4te de Nacre de 1800 \u00e0 nos jours\\\" \u00e0 Ouistreham\"},{\"@type\":\"BreadcrumbList\",\"@id\":\"https:\/\/voyagesimpressionnistes.com\/en\/caen-the-cotentin\/les-artistes-sur-la-cote-de-nacre-de-1800-a-nos-jours\/#breadcrumb\",\"itemListElement\":[{\"@type\":\"ListItem\",\"position\":1,\"name\":\"From Caen to the Cotentin\",\"item\":\"https:\/\/voyagesimpressionnistes.com\/en\/caen-the-cotentin\/\"},{\"@type\":\"ListItem\",\"position\":2,\"name\":\"Les artistes sur la C\u00f4te de Nacre de 1800 \u00e0 nos jours\"}]},{\"@type\":\"WebSite\",\"@id\":\"https:\/\/voyagesimpressionnistes.com\/en\/#website\",\"url\":\"https:\/\/voyagesimpressionnistes.com\/en\/\",\"name\":\"Impressionist adventures\",\"description\":\"Inspiring moments\",\"publisher\":{\"@id\":\"https:\/\/voyagesimpressionnistes.com\/en\/#organization\"},\"potentialAction\":[{\"@type\":\"SearchAction\",\"target\":{\"@type\":\"EntryPoint\",\"urlTemplate\":\"https:\/\/voyagesimpressionnistes.com\/en\/?s={search_term_string}\"},\"query-input\":{\"@type\":\"PropertyValueSpecification\",\"valueRequired\":true,\"valueName\":\"search_term_string\"}}],\"inLanguage\":\"en-US\"},{\"@type\":\"Organization\",\"@id\":\"https:\/\/voyagesimpressionnistes.com\/en\/#organization\",\"name\":\"Voyages Impressionnistes\",\"url\":\"https:\/\/voyagesimpressionnistes.com\/en\/\",\"logo\":{\"@type\":\"ImageObject\",\"inLanguage\":\"en-US\",\"@id\":\"https:\/\/voyagesimpressionnistes.com\/en\/#\/schema\/logo\/image\/\",\"url\":\"https:\/\/voyagesimpressionnistes.com\/wp-content\/uploads\/2021\/06\/vi-logo-507x216-1.svg\",\"contentUrl\":\"https:\/\/voyagesimpressionnistes.com\/wp-content\/uploads\/2021\/06\/vi-logo-507x216-1.svg\",\"width\":507,\"height\":216,\"caption\":\"Voyages Impressionnistes\"},\"image\":{\"@id\":\"https:\/\/voyagesimpressionnistes.com\/en\/#\/schema\/logo\/image\/\"},\"sameAs\":[\"https:\/\/www.facebook.com\/LesVoyagesImpressionnistes\/\"]},{\"@type\":\"Person\",\"@id\":\"https:\/\/voyagesimpressionnistes.com\/en\/#\/schema\/person\/78c37c19aa7ae1bd6f4902f296c80e5f\",\"name\":\"Phane\",\"image\":{\"@type\":\"ImageObject\",\"inLanguage\":\"en-US\",\"@id\":\"https:\/\/voyagesimpressionnistes.com\/en\/#\/schema\/person\/image\/\",\"url\":\"https:\/\/secure.gravatar.com\/avatar\/ea705fa375f21b62a2facac16bc19ee8d664629e3399a374a188d355bc5d00b9?s=96&d=mm&r=g\",\"contentUrl\":\"https:\/\/secure.gravatar.com\/avatar\/ea705fa375f21b62a2facac16bc19ee8d664629e3399a374a188d355bc5d00b9?s=96&d=mm&r=g\",\"caption\":\"Phane\"}}]}<\/script>\n<!-- \/ Yoast SEO plugin. -->","yoast_head_json":{"title":"Les artistes sur la C\u00f4te de Nacre - Impressionist adventures","description":"Visitez l'exposition \"Les artistes sur la C\u00f4te de Nacre de 1800 \u00e0 nos jours\" \u00e0 Ouistreham pour le Festival Normandie Impressionniste.","robots":{"index":"index","follow":"follow","max-snippet":"max-snippet:-1","max-image-preview":"max-image-preview:large","max-video-preview":"max-video-preview:-1"},"canonical":"https:\/\/voyagesimpressionnistes.com\/en\/caen-the-cotentin\/les-artistes-sur-la-cote-de-nacre-de-1800-a-nos-jours\/","og_locale":"en_US","og_type":"article","og_title":"Les artistes sur la C\u00f4te de Nacre - Impressionist adventures","og_description":"Visitez l'exposition \"Les artistes sur la C\u00f4te de Nacre de 1800 \u00e0 nos jours\" \u00e0 Ouistreham pour le Festival Normandie Impressionniste.","og_url":"https:\/\/voyagesimpressionnistes.com\/en\/caen-the-cotentin\/les-artistes-sur-la-cote-de-nacre-de-1800-a-nos-jours\/","og_site_name":"Impressionist adventures","article_publisher":"https:\/\/www.facebook.com\/LesVoyagesImpressionnistes\/","article_published_time":"2024-03-06T13:46:00+00:00","article_modified_time":"2024-09-10T09:59:11+00:00","og_image":[{"width":1920,"height":2560,"url":"https:\/\/voyagesimpressionnistes.com\/wp-content\/uploads\/2024\/03\/affiche-artistes-cote-de-nacre.jpg","type":"image\/jpeg"}],"author":"Phane","twitter_card":"summary_large_image","twitter_misc":{"Written by":"Phane","Est. reading time":"1 minute"},"schema":{"@context":"https:\/\/schema.org","@graph":[{"@type":["Article","BlogPosting"],"@id":"https:\/\/voyagesimpressionnistes.com\/en\/caen-the-cotentin\/les-artistes-sur-la-cote-de-nacre-de-1800-a-nos-jours\/#article","isPartOf":{"@id":"https:\/\/voyagesimpressionnistes.com\/en\/caen-the-cotentin\/les-artistes-sur-la-cote-de-nacre-de-1800-a-nos-jours\/"},"author":{"name":"Phane","@id":"https:\/\/voyagesimpressionnistes.com\/en\/#\/schema\/person\/78c37c19aa7ae1bd6f4902f296c80e5f"},"headline":"Les artistes sur la C\u00f4te de Nacre de 1800 \u00e0 nos jours","datePublished":"2024-03-06T13:46:00+00:00","dateModified":"2024-09-10T09:59:11+00:00","mainEntityOfPage":{"@id":"https:\/\/voyagesimpressionnistes.com\/en\/caen-the-cotentin\/les-artistes-sur-la-cote-de-nacre-de-1800-a-nos-jours\/"},"wordCount":321,"publisher":{"@id":"https:\/\/voyagesimpressionnistes.com\/en\/#organization"},"image":{"@id":"https:\/\/voyagesimpressionnistes.com\/en\/caen-the-cotentin\/les-artistes-sur-la-cote-de-nacre-de-1800-a-nos-jours\/#primaryimage"},"thumbnailUrl":"https:\/\/voyagesimpressionnistes.com\/wp-content\/uploads\/2024\/03\/affiche-artistes-cote-de-nacre.jpg","keywords":["Diary"],"articleSection":["From Caen to the Cotentin"],"inLanguage":"en-US"},{"@type":"WebPage","@id":"https:\/\/voyagesimpressionnistes.com\/en\/caen-the-cotentin\/les-artistes-sur-la-cote-de-nacre-de-1800-a-nos-jours\/","url":"https:\/\/voyagesimpressionnistes.com\/en\/caen-the-cotentin\/les-artistes-sur-la-cote-de-nacre-de-1800-a-nos-jours\/","name":"Les artistes sur la C\u00f4te de Nacre - Impressionist adventures","isPartOf":{"@id":"https:\/\/voyagesimpressionnistes.com\/en\/#website"},"primaryImageOfPage":{"@id":"https:\/\/voyagesimpressionnistes.com\/en\/caen-the-cotentin\/les-artistes-sur-la-cote-de-nacre-de-1800-a-nos-jours\/#primaryimage"},"image":{"@id":"https:\/\/voyagesimpressionnistes.com\/en\/caen-the-cotentin\/les-artistes-sur-la-cote-de-nacre-de-1800-a-nos-jours\/#primaryimage"},"thumbnailUrl":"https:\/\/voyagesimpressionnistes.com\/wp-content\/uploads\/2024\/03\/affiche-artistes-cote-de-nacre.jpg","datePublished":"2024-03-06T13:46:00+00:00","dateModified":"2024-09-10T09:59:11+00:00","description":"Visitez l'exposition \"Les artistes sur la C\u00f4te de Nacre de 1800 \u00e0 nos jours\" \u00e0 Ouistreham pour le Festival Normandie Impressionniste.","breadcrumb":{"@id":"https:\/\/voyagesimpressionnistes.com\/en\/caen-the-cotentin\/les-artistes-sur-la-cote-de-nacre-de-1800-a-nos-jours\/#breadcrumb"},"inLanguage":"en-US","potentialAction":[{"@type":"ReadAction","target":["https:\/\/voyagesimpressionnistes.com\/en\/caen-the-cotentin\/les-artistes-sur-la-cote-de-nacre-de-1800-a-nos-jours\/"]}]},{"@type":"ImageObject","inLanguage":"en-US","@id":"https:\/\/voyagesimpressionnistes.com\/en\/caen-the-cotentin\/les-artistes-sur-la-cote-de-nacre-de-1800-a-nos-jours\/#primaryimage","url":"https:\/\/voyagesimpressionnistes.com\/wp-content\/uploads\/2024\/03\/affiche-artistes-cote-de-nacre.jpg","contentUrl":"https:\/\/voyagesimpressionnistes.com\/wp-content\/uploads\/2024\/03\/affiche-artistes-cote-de-nacre.jpg","width":1920,"height":2560,"caption":"Affiche de l'exposition \"Les artistes sur la C\u00f4te de Nacre de 1800 \u00e0 nos jours\" \u00e0 Ouistreham"},{"@type":"BreadcrumbList","@id":"https:\/\/voyagesimpressionnistes.com\/en\/caen-the-cotentin\/les-artistes-sur-la-cote-de-nacre-de-1800-a-nos-jours\/#breadcrumb","itemListElement":[{"@type":"ListItem","position":1,"name":"From Caen to the Cotentin","item":"https:\/\/voyagesimpressionnistes.com\/en\/caen-the-cotentin\/"},{"@type":"ListItem","position":2,"name":"Les artistes sur la C\u00f4te de Nacre de 1800 \u00e0 nos jours"}]},{"@type":"WebSite","@id":"https:\/\/voyagesimpressionnistes.com\/en\/#website","url":"https:\/\/voyagesimpressionnistes.com\/en\/","name":"Impressionist adventures","description":"Inspiring moments","publisher":{"@id":"https:\/\/voyagesimpressionnistes.com\/en\/#organization"},"potentialAction":[{"@type":"SearchAction","target":{"@type":"EntryPoint","urlTemplate":"https:\/\/voyagesimpressionnistes.com\/en\/?s={search_term_string}"},"query-input":{"@type":"PropertyValueSpecification","valueRequired":true,"valueName":"search_term_string"}}],"inLanguage":"en-US"},{"@type":"Organization","@id":"https:\/\/voyagesimpressionnistes.com\/en\/#organization","name":"Voyages Impressionnistes","url":"https:\/\/voyagesimpressionnistes.com\/en\/","logo":{"@type":"ImageObject","inLanguage":"en-US","@id":"https:\/\/voyagesimpressionnistes.com\/en\/#\/schema\/logo\/image\/","url":"https:\/\/voyagesimpressionnistes.com\/wp-content\/uploads\/2021\/06\/vi-logo-507x216-1.svg","contentUrl":"https:\/\/voyagesimpressionnistes.com\/wp-content\/uploads\/2021\/06\/vi-logo-507x216-1.svg","width":507,"height":216,"caption":"Voyages Impressionnistes"},"image":{"@id":"https:\/\/voyagesimpressionnistes.com\/en\/#\/schema\/logo\/image\/"},"sameAs":["https:\/\/www.facebook.com\/LesVoyagesImpressionnistes\/"]},{"@type":"Person","@id":"https:\/\/voyagesimpressionnistes.com\/en\/#\/schema\/person\/78c37c19aa7ae1bd6f4902f296c80e5f","name":"Phane","image":{"@type":"ImageObject","inLanguage":"en-US","@id":"https:\/\/voyagesimpressionnistes.com\/en\/#\/schema\/person\/image\/","url":"https:\/\/secure.gravatar.com\/avatar\/ea705fa375f21b62a2facac16bc19ee8d664629e3399a374a188d355bc5d00b9?s=96&d=mm&r=g","contentUrl":"https:\/\/secure.gravatar.com\/avatar\/ea705fa375f21b62a2facac16bc19ee8d664629e3399a374a188d355bc5d00b9?s=96&d=mm&r=g","caption":"Phane"}}]}},"jetpack_featured_media_url":"https:\/\/voyagesimpressionnistes.com\/wp-content\/uploads\/2024\/03\/affiche-artistes-cote-de-nacre.jpg","jetpack_sharing_enabled":true,"_links":{"self":[{"href":"https:\/\/voyagesimpressionnistes.com\/en\/wp-json\/wp\/v2\/posts\/7524","targetHints":{"allow":["GET"]}}],"collection":[{"href":"https:\/\/voyagesimpressionnistes.com\/en\/wp-json\/wp\/v2\/posts"}],"about":[{"href":"https:\/\/voyagesimpressionnistes.com\/en\/wp-json\/wp\/v2\/types\/post"}],"author":[{"embeddable":true,"href":"https:\/\/voyagesimpressionnistes.com\/en\/wp-json\/wp\/v2\/users\/2"}],"replies":[{"embeddable":true,"href":"https:\/\/voyagesimpressionnistes.com\/en\/wp-json\/wp\/v2\/comments?post=7524"}],"version-history":[{"count":5,"href":"https:\/\/voyagesimpressionnistes.com\/en\/wp-json\/wp\/v2\/posts\/7524\/revisions"}],"predecessor-version":[{"id":13097,"href":"https:\/\/voyagesimpressionnistes.com\/en\/wp-json\/wp\/v2\/posts\/7524\/revisions\/13097"}],"wp:featuredmedia":[{"embeddable":true,"href":"https:\/\/voyagesimpressionnistes.com\/en\/wp-json\/wp\/v2\/media\/10605"}],"wp:attachment":[{"href":"https:\/\/voyagesimpressionnistes.com\/en\/wp-json\/wp\/v2\/media?parent=7524"}],"wp:term":[{"taxonomy":"category","embeddable":true,"href":"https:\/\/voyagesimpressionnistes.com\/en\/wp-json\/wp\/v2\/categories?post=7524"},{"taxonomy":"slider_une","embeddable":true,"href":"https:\/\/voyagesimpressionnistes.com\/en\/wp-json\/wp\/v2\/slider_une?post=7524"},{"taxonomy":"regions","embeddable":true,"href":"https:\/\/voyagesimpressionnistes.com\/en\/wp-json\/wp\/v2\/regions?post=7524"},{"taxonomy":"coups_coeur","embeddable":true,"href":"https:\/\/voyagesimpressionnistes.com\/en\/wp-json\/wp\/v2\/coups_coeur?post=7524"},{"taxonomy":"inspiration-type","embeddable":true,"href":"https:\/\/voyagesimpressionnistes.com\/en\/wp-json\/wp\/v2\/inspiration-type?post=7524"},{"taxonomy":"label","embeddable":true,"href":"https:\/\/voyagesimpressionnistes.com\/en\/wp-json\/wp\/v2\/label?post=7524"},{"taxonomy":"categories-agenda","embeddable":true,"href":"https:\/\/voyagesimpressionnistes.com\/en\/wp-json\/wp\/v2\/categories-agenda?post=7524"}],"curies":[{"name":"wp","href":"https:\/\/api.w.org\/{rel}","templated":true}]}}