{"id":7529,"date":"2024-02-20T17:30:08","date_gmt":"2024-02-20T16:30:08","guid":{"rendered":"https:\/\/voyagesimpressionnistes.com\/?p=7529"},"modified":"2024-09-11T16:13:07","modified_gmt":"2024-09-11T14:13:07","slug":"le-spectacle-de-la-marchandise","status":"publish","type":"post","link":"https:\/\/voyagesimpressionnistes.com\/en\/caen-the-cotentin\/le-spectacle-de-la-marchandise\/","title":{"rendered":"Le spectacle de la marchandise. Art &amp; commerce, 1860-1914"},"content":{"rendered":"<p>La r\u00e9volution commerciale du 19<sup>\u00e8me<\/sup> si\u00e8cle transforme la ville. Les artistes de l&#8217;\u00e9poque, t\u00e9moins privil\u00e9gi\u00e9s de ces bouleversements \u00e9conomiques, visuels et sociaux traduisent dans leurs \u0153uvres l&#8217;animation incessante des rues marchandes. C&#8217;est ce sujet cher aux Impressionnistes qui est pr\u00e9sent\u00e9 au <a href=\"https:\/\/voyagesimpressionnistes.com\/en\/caen-the-cotentin\/musee-des-beaux-arts-de-caen\/\">Mus\u00e9e des Beaux-Arts de Caen<\/a> avec <em>Le Spectacle de la marchandise. Art et commerce, 1860-1914<\/em> , du 6 avril au 8 septembre 2024, dans le cadre du <a href=\"https:\/\/voyagesimpressionnistes.com\/en\/caen-the-cotentin\/festival-normandie-impressionniste-2024\/\">Festival Normandie Impressionniste<\/a> et les <a href=\"https:\/\/voyagesimpressionnistes.com\/en\/auvers-oise-valley\/impressionism-celebrates-its-150th-anniversary\/\">150 ans de la naissance de l&#8217;Impressionnisme<\/a>.<\/p>\n<p>Jules Adler et Raoul Dufy sont expos\u00e9s aux c\u00f4t\u00e9s de Pierre Bonnard, Edouard Vuillard, Camille Pissarro, Edouard Manet, Henri de Toulouse-Lautrec, Maximilien Luce ou Th\u00e9ophile Steilen. Le parcours fait revivre le bouillonnement des villes marchandes \u00e0 travers une centaine d&#8217;\u0153uvres (peintures, photographies, sculptures, films, dessins, gravures) auxquelles se m\u00ealent de petits ensembles d&#8217;enseignes commerciales, d&#8217;affiches publicitaires et d&#8217;objets promotionnels faisant de la ville un &#8220;magasin d&#8217;images et de signes&#8221;, comme l&#8217;\u00e9crivait Charles Baudelaire en 1859.<\/p>\n<p>Stage, week-end famille et visites guid\u00e9es sont propos\u00e9es dans le cadre de l&#8217;exposition, toute la programmation est disponible sur le <a href=\"https:\/\/mba.caen.fr\/exposition\/le-spectacle-de-la-marchandise\" target=\"_blank\" rel=\"noopener\">site du mus\u00e9e<\/a>.<\/p>\n<p><em>Avec le soutien exceptionnel de la Biblioth\u00e8que nationale de France, du <a href=\"https:\/\/voyagesimpressionnistes.com\/en\/paris-montmartre\/musee-dorsay\/\">mus\u00e9e d&#8217;Orsay<\/a>, du mus\u00e9e Carnavalet-Histoire de Paris et de la National Gallery de Washington.<\/em><\/p>\n","protected":false},"excerpt":{"rendered":"<p>La r\u00e9volution commerciale du 19\u00e8me si\u00e8cle transforme la ville. Les  [&#8230;]<\/p>\n","protected":false},"author":2,"featured_media":9208,"comment_status":"closed","ping_status":"closed","sticky":false,"template":"","format":"standard","meta":{"_acf_changed":false,"inline_featured_image":false,"_jetpack_memberships_contains_paid_content":false,"footnotes":""},"categories":[82],"slider_une":[],"regions":[133],"coups_coeur":[],"inspiration-type":[],"label":[141,143],"categories-agenda":[172],"class_list":["post-7529","post","type-post","status-publish","format-standard","has-post-thumbnail","hentry","category-caen-the-cotentin","tag-diary","regions-normandy","label-150-years","label-normandie-impressionniste-en","categories-agenda-exhibition"],"acf":[],"yoast_head":"<!-- This site is optimized with the Yoast SEO plugin v26.3 - https:\/\/yoast.com\/wordpress\/plugins\/seo\/ -->\n<title>Le Spectacle de la marchandise - Impressionist adventures<\/title>\n<meta name=\"description\" content=\"Visitez l&#039;exposition &quot;Le Spectacle de la marchandise&quot; au Mus\u00e9e des Beaux-Arts de Caen, dans le cadre du festival Normandie Impressionniste.\" \/>\n<meta name=\"robots\" content=\"index, follow, max-snippet:-1, max-image-preview:large, max-video-preview:-1\" \/>\n<link rel=\"canonical\" href=\"https:\/\/voyagesimpressionnistes.com\/en\/caen-the-cotentin\/le-spectacle-de-la-marchandise\/\" \/>\n<meta property=\"og:locale\" content=\"en_US\" \/>\n<meta property=\"og:type\" content=\"article\" \/>\n<meta property=\"og:title\" content=\"Le Spectacle de la marchandise - Impressionist adventures\" \/>\n<meta property=\"og:description\" content=\"Visitez l&#039;exposition &quot;Le Spectacle de la marchandise&quot; au Mus\u00e9e des Beaux-Arts de Caen, dans le cadre du festival Normandie Impressionniste.\" \/>\n<meta property=\"og:url\" content=\"https:\/\/voyagesimpressionnistes.com\/en\/caen-the-cotentin\/le-spectacle-de-la-marchandise\/\" \/>\n<meta property=\"og:site_name\" content=\"Impressionist adventures\" \/>\n<meta property=\"article:publisher\" content=\"https:\/\/www.facebook.com\/LesVoyagesImpressionnistes\/\" \/>\n<meta property=\"article:published_time\" content=\"2024-02-20T16:30:08+00:00\" \/>\n<meta property=\"article:modified_time\" content=\"2024-09-11T14:13:07+00:00\" \/>\n<meta property=\"og:image\" content=\"https:\/\/voyagesimpressionnistes.com\/wp-content\/uploads\/2024\/02\/affiche_spectacle-de-la-marchandise.jpg\" \/>\n\t<meta property=\"og:image:width\" content=\"670\" \/>\n\t<meta property=\"og:image:height\" content=\"981\" \/>\n\t<meta property=\"og:image:type\" content=\"image\/jpeg\" \/>\n<meta name=\"author\" content=\"Phane\" \/>\n<meta name=\"twitter:card\" content=\"summary_large_image\" \/>\n<meta name=\"twitter:label1\" content=\"Written by\" \/>\n\t<meta name=\"twitter:data1\" content=\"Phane\" \/>\n\t<meta name=\"twitter:label2\" content=\"Est. reading time\" \/>\n\t<meta name=\"twitter:data2\" content=\"2 minutes\" \/>\n<script type=\"application\/ld+json\" class=\"yoast-schema-graph\">{\"@context\":\"https:\/\/schema.org\",\"@graph\":[{\"@type\":[\"Article\",\"BlogPosting\"],\"@id\":\"https:\/\/voyagesimpressionnistes.com\/en\/caen-the-cotentin\/le-spectacle-de-la-marchandise\/#article\",\"isPartOf\":{\"@id\":\"https:\/\/voyagesimpressionnistes.com\/en\/caen-the-cotentin\/le-spectacle-de-la-marchandise\/\"},\"author\":{\"name\":\"Phane\",\"@id\":\"https:\/\/voyagesimpressionnistes.com\/en\/#\/schema\/person\/78c37c19aa7ae1bd6f4902f296c80e5f\"},\"headline\":\"Le spectacle de la marchandise. Art &amp; commerce, 1860-1914\",\"datePublished\":\"2024-02-20T16:30:08+00:00\",\"dateModified\":\"2024-09-11T14:13:07+00:00\",\"mainEntityOfPage\":{\"@id\":\"https:\/\/voyagesimpressionnistes.com\/en\/caen-the-cotentin\/le-spectacle-de-la-marchandise\/\"},\"wordCount\":235,\"publisher\":{\"@id\":\"https:\/\/voyagesimpressionnistes.com\/en\/#organization\"},\"image\":{\"@id\":\"https:\/\/voyagesimpressionnistes.com\/en\/caen-the-cotentin\/le-spectacle-de-la-marchandise\/#primaryimage\"},\"thumbnailUrl\":\"https:\/\/voyagesimpressionnistes.com\/wp-content\/uploads\/2024\/02\/affiche_spectacle-de-la-marchandise.jpg\",\"keywords\":[\"Diary\"],\"articleSection\":[\"From Caen to the Cotentin\"],\"inLanguage\":\"en-US\"},{\"@type\":\"WebPage\",\"@id\":\"https:\/\/voyagesimpressionnistes.com\/en\/caen-the-cotentin\/le-spectacle-de-la-marchandise\/\",\"url\":\"https:\/\/voyagesimpressionnistes.com\/en\/caen-the-cotentin\/le-spectacle-de-la-marchandise\/\",\"name\":\"Le Spectacle de la marchandise - Impressionist adventures\",\"isPartOf\":{\"@id\":\"https:\/\/voyagesimpressionnistes.com\/en\/#website\"},\"primaryImageOfPage\":{\"@id\":\"https:\/\/voyagesimpressionnistes.com\/en\/caen-the-cotentin\/le-spectacle-de-la-marchandise\/#primaryimage\"},\"image\":{\"@id\":\"https:\/\/voyagesimpressionnistes.com\/en\/caen-the-cotentin\/le-spectacle-de-la-marchandise\/#primaryimage\"},\"thumbnailUrl\":\"https:\/\/voyagesimpressionnistes.com\/wp-content\/uploads\/2024\/02\/affiche_spectacle-de-la-marchandise.jpg\",\"datePublished\":\"2024-02-20T16:30:08+00:00\",\"dateModified\":\"2024-09-11T14:13:07+00:00\",\"description\":\"Visitez l'exposition \\\"Le Spectacle de la marchandise\\\" au Mus\u00e9e des Beaux-Arts de Caen, dans le cadre du festival Normandie Impressionniste.\",\"breadcrumb\":{\"@id\":\"https:\/\/voyagesimpressionnistes.com\/en\/caen-the-cotentin\/le-spectacle-de-la-marchandise\/#breadcrumb\"},\"inLanguage\":\"en-US\",\"potentialAction\":[{\"@type\":\"ReadAction\",\"target\":[\"https:\/\/voyagesimpressionnistes.com\/en\/caen-the-cotentin\/le-spectacle-de-la-marchandise\/\"]}]},{\"@type\":\"ImageObject\",\"inLanguage\":\"en-US\",\"@id\":\"https:\/\/voyagesimpressionnistes.com\/en\/caen-the-cotentin\/le-spectacle-de-la-marchandise\/#primaryimage\",\"url\":\"https:\/\/voyagesimpressionnistes.com\/wp-content\/uploads\/2024\/02\/affiche_spectacle-de-la-marchandise.jpg\",\"contentUrl\":\"https:\/\/voyagesimpressionnistes.com\/wp-content\/uploads\/2024\/02\/affiche_spectacle-de-la-marchandise.jpg\",\"width\":670,\"height\":981,\"caption\":\"Le Spectacle de la marchandise. Art et commerce, 1860-1914 : affiche de l'exposition au mus\u00e9e des Beaux-Arts de Caen dans le cadre du Festival Normandie Impressionniste\"},{\"@type\":\"BreadcrumbList\",\"@id\":\"https:\/\/voyagesimpressionnistes.com\/en\/caen-the-cotentin\/le-spectacle-de-la-marchandise\/#breadcrumb\",\"itemListElement\":[{\"@type\":\"ListItem\",\"position\":1,\"name\":\"From Caen to the Cotentin\",\"item\":\"https:\/\/voyagesimpressionnistes.com\/en\/caen-the-cotentin\/\"},{\"@type\":\"ListItem\",\"position\":2,\"name\":\"Le spectacle de la marchandise. Art &amp; commerce, 1860-1914\"}]},{\"@type\":\"WebSite\",\"@id\":\"https:\/\/voyagesimpressionnistes.com\/en\/#website\",\"url\":\"https:\/\/voyagesimpressionnistes.com\/en\/\",\"name\":\"Impressionist adventures\",\"description\":\"Inspiring moments\",\"publisher\":{\"@id\":\"https:\/\/voyagesimpressionnistes.com\/en\/#organization\"},\"potentialAction\":[{\"@type\":\"SearchAction\",\"target\":{\"@type\":\"EntryPoint\",\"urlTemplate\":\"https:\/\/voyagesimpressionnistes.com\/en\/?s={search_term_string}\"},\"query-input\":{\"@type\":\"PropertyValueSpecification\",\"valueRequired\":true,\"valueName\":\"search_term_string\"}}],\"inLanguage\":\"en-US\"},{\"@type\":\"Organization\",\"@id\":\"https:\/\/voyagesimpressionnistes.com\/en\/#organization\",\"name\":\"Voyages Impressionnistes\",\"url\":\"https:\/\/voyagesimpressionnistes.com\/en\/\",\"logo\":{\"@type\":\"ImageObject\",\"inLanguage\":\"en-US\",\"@id\":\"https:\/\/voyagesimpressionnistes.com\/en\/#\/schema\/logo\/image\/\",\"url\":\"https:\/\/voyagesimpressionnistes.com\/wp-content\/uploads\/2021\/06\/vi-logo-507x216-1.svg\",\"contentUrl\":\"https:\/\/voyagesimpressionnistes.com\/wp-content\/uploads\/2021\/06\/vi-logo-507x216-1.svg\",\"width\":507,\"height\":216,\"caption\":\"Voyages Impressionnistes\"},\"image\":{\"@id\":\"https:\/\/voyagesimpressionnistes.com\/en\/#\/schema\/logo\/image\/\"},\"sameAs\":[\"https:\/\/www.facebook.com\/LesVoyagesImpressionnistes\/\"]},{\"@type\":\"Person\",\"@id\":\"https:\/\/voyagesimpressionnistes.com\/en\/#\/schema\/person\/78c37c19aa7ae1bd6f4902f296c80e5f\",\"name\":\"Phane\",\"image\":{\"@type\":\"ImageObject\",\"inLanguage\":\"en-US\",\"@id\":\"https:\/\/voyagesimpressionnistes.com\/en\/#\/schema\/person\/image\/\",\"url\":\"https:\/\/secure.gravatar.com\/avatar\/ea705fa375f21b62a2facac16bc19ee8d664629e3399a374a188d355bc5d00b9?s=96&d=mm&r=g\",\"contentUrl\":\"https:\/\/secure.gravatar.com\/avatar\/ea705fa375f21b62a2facac16bc19ee8d664629e3399a374a188d355bc5d00b9?s=96&d=mm&r=g\",\"caption\":\"Phane\"}}]}<\/script>\n<!-- \/ Yoast SEO plugin. -->","yoast_head_json":{"title":"Le Spectacle de la marchandise - Impressionist adventures","description":"Visitez l'exposition \"Le Spectacle de la marchandise\" au Mus\u00e9e des Beaux-Arts de Caen, dans le cadre du festival Normandie Impressionniste.","robots":{"index":"index","follow":"follow","max-snippet":"max-snippet:-1","max-image-preview":"max-image-preview:large","max-video-preview":"max-video-preview:-1"},"canonical":"https:\/\/voyagesimpressionnistes.com\/en\/caen-the-cotentin\/le-spectacle-de-la-marchandise\/","og_locale":"en_US","og_type":"article","og_title":"Le Spectacle de la marchandise - Impressionist adventures","og_description":"Visitez l'exposition \"Le Spectacle de la marchandise\" au Mus\u00e9e des Beaux-Arts de Caen, dans le cadre du festival Normandie Impressionniste.","og_url":"https:\/\/voyagesimpressionnistes.com\/en\/caen-the-cotentin\/le-spectacle-de-la-marchandise\/","og_site_name":"Impressionist adventures","article_publisher":"https:\/\/www.facebook.com\/LesVoyagesImpressionnistes\/","article_published_time":"2024-02-20T16:30:08+00:00","article_modified_time":"2024-09-11T14:13:07+00:00","og_image":[{"width":670,"height":981,"url":"https:\/\/voyagesimpressionnistes.com\/wp-content\/uploads\/2024\/02\/affiche_spectacle-de-la-marchandise.jpg","type":"image\/jpeg"}],"author":"Phane","twitter_card":"summary_large_image","twitter_misc":{"Written by":"Phane","Est. reading time":"2 minutes"},"schema":{"@context":"https:\/\/schema.org","@graph":[{"@type":["Article","BlogPosting"],"@id":"https:\/\/voyagesimpressionnistes.com\/en\/caen-the-cotentin\/le-spectacle-de-la-marchandise\/#article","isPartOf":{"@id":"https:\/\/voyagesimpressionnistes.com\/en\/caen-the-cotentin\/le-spectacle-de-la-marchandise\/"},"author":{"name":"Phane","@id":"https:\/\/voyagesimpressionnistes.com\/en\/#\/schema\/person\/78c37c19aa7ae1bd6f4902f296c80e5f"},"headline":"Le spectacle de la marchandise. Art &amp; commerce, 1860-1914","datePublished":"2024-02-20T16:30:08+00:00","dateModified":"2024-09-11T14:13:07+00:00","mainEntityOfPage":{"@id":"https:\/\/voyagesimpressionnistes.com\/en\/caen-the-cotentin\/le-spectacle-de-la-marchandise\/"},"wordCount":235,"publisher":{"@id":"https:\/\/voyagesimpressionnistes.com\/en\/#organization"},"image":{"@id":"https:\/\/voyagesimpressionnistes.com\/en\/caen-the-cotentin\/le-spectacle-de-la-marchandise\/#primaryimage"},"thumbnailUrl":"https:\/\/voyagesimpressionnistes.com\/wp-content\/uploads\/2024\/02\/affiche_spectacle-de-la-marchandise.jpg","keywords":["Diary"],"articleSection":["From Caen to the Cotentin"],"inLanguage":"en-US"},{"@type":"WebPage","@id":"https:\/\/voyagesimpressionnistes.com\/en\/caen-the-cotentin\/le-spectacle-de-la-marchandise\/","url":"https:\/\/voyagesimpressionnistes.com\/en\/caen-the-cotentin\/le-spectacle-de-la-marchandise\/","name":"Le Spectacle de la marchandise - Impressionist adventures","isPartOf":{"@id":"https:\/\/voyagesimpressionnistes.com\/en\/#website"},"primaryImageOfPage":{"@id":"https:\/\/voyagesimpressionnistes.com\/en\/caen-the-cotentin\/le-spectacle-de-la-marchandise\/#primaryimage"},"image":{"@id":"https:\/\/voyagesimpressionnistes.com\/en\/caen-the-cotentin\/le-spectacle-de-la-marchandise\/#primaryimage"},"thumbnailUrl":"https:\/\/voyagesimpressionnistes.com\/wp-content\/uploads\/2024\/02\/affiche_spectacle-de-la-marchandise.jpg","datePublished":"2024-02-20T16:30:08+00:00","dateModified":"2024-09-11T14:13:07+00:00","description":"Visitez l'exposition \"Le Spectacle de la marchandise\" au Mus\u00e9e des Beaux-Arts de Caen, dans le cadre du festival Normandie Impressionniste.","breadcrumb":{"@id":"https:\/\/voyagesimpressionnistes.com\/en\/caen-the-cotentin\/le-spectacle-de-la-marchandise\/#breadcrumb"},"inLanguage":"en-US","potentialAction":[{"@type":"ReadAction","target":["https:\/\/voyagesimpressionnistes.com\/en\/caen-the-cotentin\/le-spectacle-de-la-marchandise\/"]}]},{"@type":"ImageObject","inLanguage":"en-US","@id":"https:\/\/voyagesimpressionnistes.com\/en\/caen-the-cotentin\/le-spectacle-de-la-marchandise\/#primaryimage","url":"https:\/\/voyagesimpressionnistes.com\/wp-content\/uploads\/2024\/02\/affiche_spectacle-de-la-marchandise.jpg","contentUrl":"https:\/\/voyagesimpressionnistes.com\/wp-content\/uploads\/2024\/02\/affiche_spectacle-de-la-marchandise.jpg","width":670,"height":981,"caption":"Le Spectacle de la marchandise. Art et commerce, 1860-1914 : affiche de l'exposition au mus\u00e9e des Beaux-Arts de Caen dans le cadre du Festival Normandie Impressionniste"},{"@type":"BreadcrumbList","@id":"https:\/\/voyagesimpressionnistes.com\/en\/caen-the-cotentin\/le-spectacle-de-la-marchandise\/#breadcrumb","itemListElement":[{"@type":"ListItem","position":1,"name":"From Caen to the Cotentin","item":"https:\/\/voyagesimpressionnistes.com\/en\/caen-the-cotentin\/"},{"@type":"ListItem","position":2,"name":"Le spectacle de la marchandise. Art &amp; commerce, 1860-1914"}]},{"@type":"WebSite","@id":"https:\/\/voyagesimpressionnistes.com\/en\/#website","url":"https:\/\/voyagesimpressionnistes.com\/en\/","name":"Impressionist adventures","description":"Inspiring moments","publisher":{"@id":"https:\/\/voyagesimpressionnistes.com\/en\/#organization"},"potentialAction":[{"@type":"SearchAction","target":{"@type":"EntryPoint","urlTemplate":"https:\/\/voyagesimpressionnistes.com\/en\/?s={search_term_string}"},"query-input":{"@type":"PropertyValueSpecification","valueRequired":true,"valueName":"search_term_string"}}],"inLanguage":"en-US"},{"@type":"Organization","@id":"https:\/\/voyagesimpressionnistes.com\/en\/#organization","name":"Voyages Impressionnistes","url":"https:\/\/voyagesimpressionnistes.com\/en\/","logo":{"@type":"ImageObject","inLanguage":"en-US","@id":"https:\/\/voyagesimpressionnistes.com\/en\/#\/schema\/logo\/image\/","url":"https:\/\/voyagesimpressionnistes.com\/wp-content\/uploads\/2021\/06\/vi-logo-507x216-1.svg","contentUrl":"https:\/\/voyagesimpressionnistes.com\/wp-content\/uploads\/2021\/06\/vi-logo-507x216-1.svg","width":507,"height":216,"caption":"Voyages Impressionnistes"},"image":{"@id":"https:\/\/voyagesimpressionnistes.com\/en\/#\/schema\/logo\/image\/"},"sameAs":["https:\/\/www.facebook.com\/LesVoyagesImpressionnistes\/"]},{"@type":"Person","@id":"https:\/\/voyagesimpressionnistes.com\/en\/#\/schema\/person\/78c37c19aa7ae1bd6f4902f296c80e5f","name":"Phane","image":{"@type":"ImageObject","inLanguage":"en-US","@id":"https:\/\/voyagesimpressionnistes.com\/en\/#\/schema\/person\/image\/","url":"https:\/\/secure.gravatar.com\/avatar\/ea705fa375f21b62a2facac16bc19ee8d664629e3399a374a188d355bc5d00b9?s=96&d=mm&r=g","contentUrl":"https:\/\/secure.gravatar.com\/avatar\/ea705fa375f21b62a2facac16bc19ee8d664629e3399a374a188d355bc5d00b9?s=96&d=mm&r=g","caption":"Phane"}}]}},"jetpack_featured_media_url":"https:\/\/voyagesimpressionnistes.com\/wp-content\/uploads\/2024\/02\/affiche_spectacle-de-la-marchandise.jpg","jetpack_sharing_enabled":true,"_links":{"self":[{"href":"https:\/\/voyagesimpressionnistes.com\/en\/wp-json\/wp\/v2\/posts\/7529","targetHints":{"allow":["GET"]}}],"collection":[{"href":"https:\/\/voyagesimpressionnistes.com\/en\/wp-json\/wp\/v2\/posts"}],"about":[{"href":"https:\/\/voyagesimpressionnistes.com\/en\/wp-json\/wp\/v2\/types\/post"}],"author":[{"embeddable":true,"href":"https:\/\/voyagesimpressionnistes.com\/en\/wp-json\/wp\/v2\/users\/2"}],"replies":[{"embeddable":true,"href":"https:\/\/voyagesimpressionnistes.com\/en\/wp-json\/wp\/v2\/comments?post=7529"}],"version-history":[{"count":8,"href":"https:\/\/voyagesimpressionnistes.com\/en\/wp-json\/wp\/v2\/posts\/7529\/revisions"}],"predecessor-version":[{"id":13163,"href":"https:\/\/voyagesimpressionnistes.com\/en\/wp-json\/wp\/v2\/posts\/7529\/revisions\/13163"}],"wp:featuredmedia":[{"embeddable":true,"href":"https:\/\/voyagesimpressionnistes.com\/en\/wp-json\/wp\/v2\/media\/9208"}],"wp:attachment":[{"href":"https:\/\/voyagesimpressionnistes.com\/en\/wp-json\/wp\/v2\/media?parent=7529"}],"wp:term":[{"taxonomy":"category","embeddable":true,"href":"https:\/\/voyagesimpressionnistes.com\/en\/wp-json\/wp\/v2\/categories?post=7529"},{"taxonomy":"slider_une","embeddable":true,"href":"https:\/\/voyagesimpressionnistes.com\/en\/wp-json\/wp\/v2\/slider_une?post=7529"},{"taxonomy":"regions","embeddable":true,"href":"https:\/\/voyagesimpressionnistes.com\/en\/wp-json\/wp\/v2\/regions?post=7529"},{"taxonomy":"coups_coeur","embeddable":true,"href":"https:\/\/voyagesimpressionnistes.com\/en\/wp-json\/wp\/v2\/coups_coeur?post=7529"},{"taxonomy":"inspiration-type","embeddable":true,"href":"https:\/\/voyagesimpressionnistes.com\/en\/wp-json\/wp\/v2\/inspiration-type?post=7529"},{"taxonomy":"label","embeddable":true,"href":"https:\/\/voyagesimpressionnistes.com\/en\/wp-json\/wp\/v2\/label?post=7529"},{"taxonomy":"categories-agenda","embeddable":true,"href":"https:\/\/voyagesimpressionnistes.com\/en\/wp-json\/wp\/v2\/categories-agenda?post=7529"}],"curies":[{"name":"wp","href":"https:\/\/api.w.org\/{rel}","templated":true}]}}