{"id":7534,"date":"2024-05-15T15:17:29","date_gmt":"2024-05-15T13:17:29","guid":{"rendered":"https:\/\/voyagesimpressionnistes.com\/?p=7534"},"modified":"2024-09-10T11:25:03","modified_gmt":"2024-09-10T09:25:03","slug":"monique-frydman-lage-dor","status":"publish","type":"post","link":"https:\/\/voyagesimpressionnistes.com\/en\/caen-the-cotentin\/monique-frydman-lage-dor\/","title":{"rendered":"Monique Frydman, &#8220;L&#8217;\u00e2ge d&#8217;or&#8221;"},"content":{"rendered":"<p>Artiste majeure de la peinture abstraite, Monique Frydman revient au <a href=\"https:\/\/voyagesimpressionnistes.com\/en\/caen-the-cotentin\/musee-des-beaux-arts-de-caen\/\">mus\u00e9e des Beaux-Arts de Caen<\/a> presque trente ans apr\u00e8s l&#8217;exposition qui avait \u00e9t\u00e9 consacr\u00e9e \u00e0 ses <em>Dames de nage<\/em> en 1995. L&#8217;artiste continue d&#8217;explorer les techniques et les mati\u00e8res auxquelles elle reste fid\u00e8le depuis le d\u00e9but de sa carri\u00e8re : impr\u00e9gnation progressive des pigments et pastels sur une vari\u00e9t\u00e9 de supports, toile de lin, coton, papier Japon, tarlatanes.<\/p>\n<p>Face aux \u0153uvres, le spectateur est saisi par le d\u00e9sir d&#8217;immersion dans la couleur et la lumi\u00e8re qui caract\u00e9risent son langage pictural. La proposition de Monique Frydman, intitul\u00e9e <em>L&#8217;\u00c2ge d\u2019or<\/em>, rend hommage \u00e0 ce sujet intemporel de la peinture occidentale, variation autour du mythe d\u2019un temps exempt de toute souffrance. L&#8217;artiste r\u00e9affirme \u00e0 travers lui son engagement de peintre et explore son histoire personnelle, des ann\u00e9es clandestines de sa petite enfance dans le Tarn pendant la Seconde Guerre Mondiale \u00e0 la cr\u00e9ation du Polyptyque <em>Sassetta<\/em>, \u0153uvre monumentale ex\u00e9cut\u00e9e pour le salon Carr\u00e9 du mus\u00e9e du Louvre en 2013.<\/p>\n<p>La dispersion \u00e0 travers les \u00e2ges du c\u00e9l\u00e8bre polyptyque sign\u00e9 en 1444 par le peintre siennois Stefano di Giovanni, dit Sassetta, a conduit Monique Frydman \u00e0 imaginer un retable monumental et abstrait, qui interroge les notions de disparition et de fragmentation : ce qui \u00e9tait un chef-d\u2019\u0153uvre intouchable, invuln\u00e9rable au moment de sa cr\u00e9ation, a \u00e9t\u00e9 par la suite extrait du lieu sacr\u00e9, d\u00e9membr\u00e9 et dispers\u00e9.<\/p>\n<p>Entrant &#8220;en amiti\u00e9&#8221; avec le langage de la peinture ancienne, l&#8217;artiste pr\u00e9sente un ensemble d&#8217;\u0153uvres cr\u00e9\u00e9es au cours des dix derni\u00e8res ann\u00e9es, portant haut la vitalit\u00e9 de la peinture abstraite, \u00e0 la fois charnelle et spirituelle, primitive et inventive. Elle nous invite \u00e0 une r\u00e9flexion profonde autour des questions de la trace, de l&#8217;empreinte et de la transmission.<\/p>\n<p>Cette exposition est programm\u00e9e dans le cadre du <a href=\"https:\/\/voyagesimpressionnistes.com\/en\/giverny-its-surroundings\/festival-normandie-impressionniste-2024\/\">Festival Normandie Impressionniste 2024<\/a> et constitue \u00e9galement la 8<sup>\u00e8me<\/sup> \u00e9dition du cycle <em>R\u00e9sonance<\/em>.<\/p>\n","protected":false},"excerpt":{"rendered":"<p>Artiste majeure de la peinture abstraite, Monique Frydman revient au  [&#8230;]<\/p>\n","protected":false},"author":2,"featured_media":9996,"comment_status":"closed","ping_status":"closed","sticky":false,"template":"","format":"standard","meta":{"_acf_changed":false,"inline_featured_image":false,"_jetpack_memberships_contains_paid_content":false,"footnotes":""},"categories":[82],"slider_une":[],"regions":[133],"coups_coeur":[],"inspiration-type":[],"label":[141,143],"categories-agenda":[175],"class_list":["post-7534","post","type-post","status-publish","format-standard","has-post-thumbnail","hentry","category-caen-the-cotentin","tag-diary","regions-normandy","label-150-years","label-normandie-impressionniste-en","categories-agenda-contemporary-art-contemporain"],"acf":[],"yoast_head":"<!-- This site is optimized with the Yoast SEO plugin v26.3 - https:\/\/yoast.com\/wordpress\/plugins\/seo\/ -->\n<title>Monique Frydman, &quot;L&#039;\u00e2ge d&#039;or&quot; - Impressionist adventures<\/title>\n<meta name=\"description\" content=\"Venez visiter l&#039;exposition de Monique Frydman, &quot;L&#039;\u00e2ge d&#039;or&quot; au Mus\u00e9e des Beaux-Arts de Caen pour le Festival Normandie Impressionniste 2024.\" \/>\n<meta name=\"robots\" content=\"index, follow, max-snippet:-1, max-image-preview:large, max-video-preview:-1\" \/>\n<link rel=\"canonical\" href=\"https:\/\/voyagesimpressionnistes.com\/en\/caen-the-cotentin\/monique-frydman-lage-dor\/\" \/>\n<meta property=\"og:locale\" content=\"en_US\" \/>\n<meta property=\"og:type\" content=\"article\" \/>\n<meta property=\"og:title\" content=\"Monique Frydman, &quot;L&#039;\u00e2ge d&#039;or&quot; - Impressionist adventures\" \/>\n<meta property=\"og:description\" content=\"Venez visiter l&#039;exposition de Monique Frydman, &quot;L&#039;\u00e2ge d&#039;or&quot; au Mus\u00e9e des Beaux-Arts de Caen pour le Festival Normandie Impressionniste 2024.\" \/>\n<meta property=\"og:url\" content=\"https:\/\/voyagesimpressionnistes.com\/en\/caen-the-cotentin\/monique-frydman-lage-dor\/\" \/>\n<meta property=\"og:site_name\" content=\"Impressionist adventures\" \/>\n<meta property=\"article:publisher\" content=\"https:\/\/www.facebook.com\/LesVoyagesImpressionnistes\/\" \/>\n<meta property=\"article:published_time\" content=\"2024-05-15T13:17:29+00:00\" \/>\n<meta property=\"article:modified_time\" content=\"2024-09-10T09:25:03+00:00\" \/>\n<meta property=\"og:image\" content=\"https:\/\/voyagesimpressionnistes.com\/wp-content\/uploads\/2024\/02\/monique-frydman.jpg\" \/>\n\t<meta property=\"og:image:width\" content=\"400\" \/>\n\t<meta property=\"og:image:height\" content=\"600\" \/>\n\t<meta property=\"og:image:type\" content=\"image\/jpeg\" \/>\n<meta name=\"author\" content=\"Phane\" \/>\n<meta name=\"twitter:card\" content=\"summary_large_image\" \/>\n<meta name=\"twitter:label1\" content=\"Written by\" \/>\n\t<meta name=\"twitter:data1\" content=\"Phane\" \/>\n\t<meta name=\"twitter:label2\" content=\"Est. reading time\" \/>\n\t<meta name=\"twitter:data2\" content=\"2 minutes\" \/>\n<script type=\"application\/ld+json\" class=\"yoast-schema-graph\">{\"@context\":\"https:\/\/schema.org\",\"@graph\":[{\"@type\":[\"Article\",\"BlogPosting\"],\"@id\":\"https:\/\/voyagesimpressionnistes.com\/en\/caen-the-cotentin\/monique-frydman-lage-dor\/#article\",\"isPartOf\":{\"@id\":\"https:\/\/voyagesimpressionnistes.com\/en\/caen-the-cotentin\/monique-frydman-lage-dor\/\"},\"author\":{\"name\":\"Phane\",\"@id\":\"https:\/\/voyagesimpressionnistes.com\/en\/#\/schema\/person\/78c37c19aa7ae1bd6f4902f296c80e5f\"},\"headline\":\"Monique Frydman, &#8220;L&#8217;\u00e2ge d&#8217;or&#8221;\",\"datePublished\":\"2024-05-15T13:17:29+00:00\",\"dateModified\":\"2024-09-10T09:25:03+00:00\",\"mainEntityOfPage\":{\"@id\":\"https:\/\/voyagesimpressionnistes.com\/en\/caen-the-cotentin\/monique-frydman-lage-dor\/\"},\"wordCount\":346,\"publisher\":{\"@id\":\"https:\/\/voyagesimpressionnistes.com\/en\/#organization\"},\"image\":{\"@id\":\"https:\/\/voyagesimpressionnistes.com\/en\/caen-the-cotentin\/monique-frydman-lage-dor\/#primaryimage\"},\"thumbnailUrl\":\"https:\/\/voyagesimpressionnistes.com\/wp-content\/uploads\/2024\/02\/monique-frydman.jpg\",\"keywords\":[\"Diary\"],\"articleSection\":[\"From Caen to the Cotentin\"],\"inLanguage\":\"en-US\"},{\"@type\":\"WebPage\",\"@id\":\"https:\/\/voyagesimpressionnistes.com\/en\/caen-the-cotentin\/monique-frydman-lage-dor\/\",\"url\":\"https:\/\/voyagesimpressionnistes.com\/en\/caen-the-cotentin\/monique-frydman-lage-dor\/\",\"name\":\"Monique Frydman, \\\"L'\u00e2ge d'or\\\" - Impressionist adventures\",\"isPartOf\":{\"@id\":\"https:\/\/voyagesimpressionnistes.com\/en\/#website\"},\"primaryImageOfPage\":{\"@id\":\"https:\/\/voyagesimpressionnistes.com\/en\/caen-the-cotentin\/monique-frydman-lage-dor\/#primaryimage\"},\"image\":{\"@id\":\"https:\/\/voyagesimpressionnistes.com\/en\/caen-the-cotentin\/monique-frydman-lage-dor\/#primaryimage\"},\"thumbnailUrl\":\"https:\/\/voyagesimpressionnistes.com\/wp-content\/uploads\/2024\/02\/monique-frydman.jpg\",\"datePublished\":\"2024-05-15T13:17:29+00:00\",\"dateModified\":\"2024-09-10T09:25:03+00:00\",\"description\":\"Venez visiter l'exposition de Monique Frydman, \\\"L'\u00e2ge d'or\\\" au Mus\u00e9e des Beaux-Arts de Caen pour le Festival Normandie Impressionniste 2024.\",\"breadcrumb\":{\"@id\":\"https:\/\/voyagesimpressionnistes.com\/en\/caen-the-cotentin\/monique-frydman-lage-dor\/#breadcrumb\"},\"inLanguage\":\"en-US\",\"potentialAction\":[{\"@type\":\"ReadAction\",\"target\":[\"https:\/\/voyagesimpressionnistes.com\/en\/caen-the-cotentin\/monique-frydman-lage-dor\/\"]}]},{\"@type\":\"ImageObject\",\"inLanguage\":\"en-US\",\"@id\":\"https:\/\/voyagesimpressionnistes.com\/en\/caen-the-cotentin\/monique-frydman-lage-dor\/#primaryimage\",\"url\":\"https:\/\/voyagesimpressionnistes.com\/wp-content\/uploads\/2024\/02\/monique-frydman.jpg\",\"contentUrl\":\"https:\/\/voyagesimpressionnistes.com\/wp-content\/uploads\/2024\/02\/monique-frydman.jpg\",\"width\":400,\"height\":600,\"caption\":\"Monique Frydman, L'\u00e2ge d'or : affiche de l'exposition au MBA de Caen\"},{\"@type\":\"BreadcrumbList\",\"@id\":\"https:\/\/voyagesimpressionnistes.com\/en\/caen-the-cotentin\/monique-frydman-lage-dor\/#breadcrumb\",\"itemListElement\":[{\"@type\":\"ListItem\",\"position\":1,\"name\":\"From Caen to the Cotentin\",\"item\":\"https:\/\/voyagesimpressionnistes.com\/en\/caen-the-cotentin\/\"},{\"@type\":\"ListItem\",\"position\":2,\"name\":\"Monique Frydman, \u00ab\u00a0L&rsquo;\u00e2ge d&rsquo;or\u00a0\u00bb\"}]},{\"@type\":\"WebSite\",\"@id\":\"https:\/\/voyagesimpressionnistes.com\/en\/#website\",\"url\":\"https:\/\/voyagesimpressionnistes.com\/en\/\",\"name\":\"Impressionist adventures\",\"description\":\"Inspiring moments\",\"publisher\":{\"@id\":\"https:\/\/voyagesimpressionnistes.com\/en\/#organization\"},\"potentialAction\":[{\"@type\":\"SearchAction\",\"target\":{\"@type\":\"EntryPoint\",\"urlTemplate\":\"https:\/\/voyagesimpressionnistes.com\/en\/?s={search_term_string}\"},\"query-input\":{\"@type\":\"PropertyValueSpecification\",\"valueRequired\":true,\"valueName\":\"search_term_string\"}}],\"inLanguage\":\"en-US\"},{\"@type\":\"Organization\",\"@id\":\"https:\/\/voyagesimpressionnistes.com\/en\/#organization\",\"name\":\"Voyages Impressionnistes\",\"url\":\"https:\/\/voyagesimpressionnistes.com\/en\/\",\"logo\":{\"@type\":\"ImageObject\",\"inLanguage\":\"en-US\",\"@id\":\"https:\/\/voyagesimpressionnistes.com\/en\/#\/schema\/logo\/image\/\",\"url\":\"https:\/\/voyagesimpressionnistes.com\/wp-content\/uploads\/2021\/06\/vi-logo-507x216-1.svg\",\"contentUrl\":\"https:\/\/voyagesimpressionnistes.com\/wp-content\/uploads\/2021\/06\/vi-logo-507x216-1.svg\",\"width\":507,\"height\":216,\"caption\":\"Voyages Impressionnistes\"},\"image\":{\"@id\":\"https:\/\/voyagesimpressionnistes.com\/en\/#\/schema\/logo\/image\/\"},\"sameAs\":[\"https:\/\/www.facebook.com\/LesVoyagesImpressionnistes\/\"]},{\"@type\":\"Person\",\"@id\":\"https:\/\/voyagesimpressionnistes.com\/en\/#\/schema\/person\/78c37c19aa7ae1bd6f4902f296c80e5f\",\"name\":\"Phane\",\"image\":{\"@type\":\"ImageObject\",\"inLanguage\":\"en-US\",\"@id\":\"https:\/\/voyagesimpressionnistes.com\/en\/#\/schema\/person\/image\/\",\"url\":\"https:\/\/secure.gravatar.com\/avatar\/ea705fa375f21b62a2facac16bc19ee8d664629e3399a374a188d355bc5d00b9?s=96&d=mm&r=g\",\"contentUrl\":\"https:\/\/secure.gravatar.com\/avatar\/ea705fa375f21b62a2facac16bc19ee8d664629e3399a374a188d355bc5d00b9?s=96&d=mm&r=g\",\"caption\":\"Phane\"}}]}<\/script>\n<!-- \/ Yoast SEO plugin. -->","yoast_head_json":{"title":"Monique Frydman, \"L'\u00e2ge d'or\" - Impressionist adventures","description":"Venez visiter l'exposition de Monique Frydman, \"L'\u00e2ge d'or\" au Mus\u00e9e des Beaux-Arts de Caen pour le Festival Normandie Impressionniste 2024.","robots":{"index":"index","follow":"follow","max-snippet":"max-snippet:-1","max-image-preview":"max-image-preview:large","max-video-preview":"max-video-preview:-1"},"canonical":"https:\/\/voyagesimpressionnistes.com\/en\/caen-the-cotentin\/monique-frydman-lage-dor\/","og_locale":"en_US","og_type":"article","og_title":"Monique Frydman, \"L'\u00e2ge d'or\" - Impressionist adventures","og_description":"Venez visiter l'exposition de Monique Frydman, \"L'\u00e2ge d'or\" au Mus\u00e9e des Beaux-Arts de Caen pour le Festival Normandie Impressionniste 2024.","og_url":"https:\/\/voyagesimpressionnistes.com\/en\/caen-the-cotentin\/monique-frydman-lage-dor\/","og_site_name":"Impressionist adventures","article_publisher":"https:\/\/www.facebook.com\/LesVoyagesImpressionnistes\/","article_published_time":"2024-05-15T13:17:29+00:00","article_modified_time":"2024-09-10T09:25:03+00:00","og_image":[{"width":400,"height":600,"url":"https:\/\/voyagesimpressionnistes.com\/wp-content\/uploads\/2024\/02\/monique-frydman.jpg","type":"image\/jpeg"}],"author":"Phane","twitter_card":"summary_large_image","twitter_misc":{"Written by":"Phane","Est. reading time":"2 minutes"},"schema":{"@context":"https:\/\/schema.org","@graph":[{"@type":["Article","BlogPosting"],"@id":"https:\/\/voyagesimpressionnistes.com\/en\/caen-the-cotentin\/monique-frydman-lage-dor\/#article","isPartOf":{"@id":"https:\/\/voyagesimpressionnistes.com\/en\/caen-the-cotentin\/monique-frydman-lage-dor\/"},"author":{"name":"Phane","@id":"https:\/\/voyagesimpressionnistes.com\/en\/#\/schema\/person\/78c37c19aa7ae1bd6f4902f296c80e5f"},"headline":"Monique Frydman, &#8220;L&#8217;\u00e2ge d&#8217;or&#8221;","datePublished":"2024-05-15T13:17:29+00:00","dateModified":"2024-09-10T09:25:03+00:00","mainEntityOfPage":{"@id":"https:\/\/voyagesimpressionnistes.com\/en\/caen-the-cotentin\/monique-frydman-lage-dor\/"},"wordCount":346,"publisher":{"@id":"https:\/\/voyagesimpressionnistes.com\/en\/#organization"},"image":{"@id":"https:\/\/voyagesimpressionnistes.com\/en\/caen-the-cotentin\/monique-frydman-lage-dor\/#primaryimage"},"thumbnailUrl":"https:\/\/voyagesimpressionnistes.com\/wp-content\/uploads\/2024\/02\/monique-frydman.jpg","keywords":["Diary"],"articleSection":["From Caen to the Cotentin"],"inLanguage":"en-US"},{"@type":"WebPage","@id":"https:\/\/voyagesimpressionnistes.com\/en\/caen-the-cotentin\/monique-frydman-lage-dor\/","url":"https:\/\/voyagesimpressionnistes.com\/en\/caen-the-cotentin\/monique-frydman-lage-dor\/","name":"Monique Frydman, \"L'\u00e2ge d'or\" - Impressionist adventures","isPartOf":{"@id":"https:\/\/voyagesimpressionnistes.com\/en\/#website"},"primaryImageOfPage":{"@id":"https:\/\/voyagesimpressionnistes.com\/en\/caen-the-cotentin\/monique-frydman-lage-dor\/#primaryimage"},"image":{"@id":"https:\/\/voyagesimpressionnistes.com\/en\/caen-the-cotentin\/monique-frydman-lage-dor\/#primaryimage"},"thumbnailUrl":"https:\/\/voyagesimpressionnistes.com\/wp-content\/uploads\/2024\/02\/monique-frydman.jpg","datePublished":"2024-05-15T13:17:29+00:00","dateModified":"2024-09-10T09:25:03+00:00","description":"Venez visiter l'exposition de Monique Frydman, \"L'\u00e2ge d'or\" au Mus\u00e9e des Beaux-Arts de Caen pour le Festival Normandie Impressionniste 2024.","breadcrumb":{"@id":"https:\/\/voyagesimpressionnistes.com\/en\/caen-the-cotentin\/monique-frydman-lage-dor\/#breadcrumb"},"inLanguage":"en-US","potentialAction":[{"@type":"ReadAction","target":["https:\/\/voyagesimpressionnistes.com\/en\/caen-the-cotentin\/monique-frydman-lage-dor\/"]}]},{"@type":"ImageObject","inLanguage":"en-US","@id":"https:\/\/voyagesimpressionnistes.com\/en\/caen-the-cotentin\/monique-frydman-lage-dor\/#primaryimage","url":"https:\/\/voyagesimpressionnistes.com\/wp-content\/uploads\/2024\/02\/monique-frydman.jpg","contentUrl":"https:\/\/voyagesimpressionnistes.com\/wp-content\/uploads\/2024\/02\/monique-frydman.jpg","width":400,"height":600,"caption":"Monique Frydman, L'\u00e2ge d'or : affiche de l'exposition au MBA de Caen"},{"@type":"BreadcrumbList","@id":"https:\/\/voyagesimpressionnistes.com\/en\/caen-the-cotentin\/monique-frydman-lage-dor\/#breadcrumb","itemListElement":[{"@type":"ListItem","position":1,"name":"From Caen to the Cotentin","item":"https:\/\/voyagesimpressionnistes.com\/en\/caen-the-cotentin\/"},{"@type":"ListItem","position":2,"name":"Monique Frydman, \u00ab\u00a0L&rsquo;\u00e2ge d&rsquo;or\u00a0\u00bb"}]},{"@type":"WebSite","@id":"https:\/\/voyagesimpressionnistes.com\/en\/#website","url":"https:\/\/voyagesimpressionnistes.com\/en\/","name":"Impressionist adventures","description":"Inspiring moments","publisher":{"@id":"https:\/\/voyagesimpressionnistes.com\/en\/#organization"},"potentialAction":[{"@type":"SearchAction","target":{"@type":"EntryPoint","urlTemplate":"https:\/\/voyagesimpressionnistes.com\/en\/?s={search_term_string}"},"query-input":{"@type":"PropertyValueSpecification","valueRequired":true,"valueName":"search_term_string"}}],"inLanguage":"en-US"},{"@type":"Organization","@id":"https:\/\/voyagesimpressionnistes.com\/en\/#organization","name":"Voyages Impressionnistes","url":"https:\/\/voyagesimpressionnistes.com\/en\/","logo":{"@type":"ImageObject","inLanguage":"en-US","@id":"https:\/\/voyagesimpressionnistes.com\/en\/#\/schema\/logo\/image\/","url":"https:\/\/voyagesimpressionnistes.com\/wp-content\/uploads\/2021\/06\/vi-logo-507x216-1.svg","contentUrl":"https:\/\/voyagesimpressionnistes.com\/wp-content\/uploads\/2021\/06\/vi-logo-507x216-1.svg","width":507,"height":216,"caption":"Voyages Impressionnistes"},"image":{"@id":"https:\/\/voyagesimpressionnistes.com\/en\/#\/schema\/logo\/image\/"},"sameAs":["https:\/\/www.facebook.com\/LesVoyagesImpressionnistes\/"]},{"@type":"Person","@id":"https:\/\/voyagesimpressionnistes.com\/en\/#\/schema\/person\/78c37c19aa7ae1bd6f4902f296c80e5f","name":"Phane","image":{"@type":"ImageObject","inLanguage":"en-US","@id":"https:\/\/voyagesimpressionnistes.com\/en\/#\/schema\/person\/image\/","url":"https:\/\/secure.gravatar.com\/avatar\/ea705fa375f21b62a2facac16bc19ee8d664629e3399a374a188d355bc5d00b9?s=96&d=mm&r=g","contentUrl":"https:\/\/secure.gravatar.com\/avatar\/ea705fa375f21b62a2facac16bc19ee8d664629e3399a374a188d355bc5d00b9?s=96&d=mm&r=g","caption":"Phane"}}]}},"jetpack_featured_media_url":"https:\/\/voyagesimpressionnistes.com\/wp-content\/uploads\/2024\/02\/monique-frydman.jpg","jetpack_sharing_enabled":true,"_links":{"self":[{"href":"https:\/\/voyagesimpressionnistes.com\/en\/wp-json\/wp\/v2\/posts\/7534","targetHints":{"allow":["GET"]}}],"collection":[{"href":"https:\/\/voyagesimpressionnistes.com\/en\/wp-json\/wp\/v2\/posts"}],"about":[{"href":"https:\/\/voyagesimpressionnistes.com\/en\/wp-json\/wp\/v2\/types\/post"}],"author":[{"embeddable":true,"href":"https:\/\/voyagesimpressionnistes.com\/en\/wp-json\/wp\/v2\/users\/2"}],"replies":[{"embeddable":true,"href":"https:\/\/voyagesimpressionnistes.com\/en\/wp-json\/wp\/v2\/comments?post=7534"}],"version-history":[{"count":5,"href":"https:\/\/voyagesimpressionnistes.com\/en\/wp-json\/wp\/v2\/posts\/7534\/revisions"}],"predecessor-version":[{"id":13079,"href":"https:\/\/voyagesimpressionnistes.com\/en\/wp-json\/wp\/v2\/posts\/7534\/revisions\/13079"}],"wp:featuredmedia":[{"embeddable":true,"href":"https:\/\/voyagesimpressionnistes.com\/en\/wp-json\/wp\/v2\/media\/9996"}],"wp:attachment":[{"href":"https:\/\/voyagesimpressionnistes.com\/en\/wp-json\/wp\/v2\/media?parent=7534"}],"wp:term":[{"taxonomy":"category","embeddable":true,"href":"https:\/\/voyagesimpressionnistes.com\/en\/wp-json\/wp\/v2\/categories?post=7534"},{"taxonomy":"slider_une","embeddable":true,"href":"https:\/\/voyagesimpressionnistes.com\/en\/wp-json\/wp\/v2\/slider_une?post=7534"},{"taxonomy":"regions","embeddable":true,"href":"https:\/\/voyagesimpressionnistes.com\/en\/wp-json\/wp\/v2\/regions?post=7534"},{"taxonomy":"coups_coeur","embeddable":true,"href":"https:\/\/voyagesimpressionnistes.com\/en\/wp-json\/wp\/v2\/coups_coeur?post=7534"},{"taxonomy":"inspiration-type","embeddable":true,"href":"https:\/\/voyagesimpressionnistes.com\/en\/wp-json\/wp\/v2\/inspiration-type?post=7534"},{"taxonomy":"label","embeddable":true,"href":"https:\/\/voyagesimpressionnistes.com\/en\/wp-json\/wp\/v2\/label?post=7534"},{"taxonomy":"categories-agenda","embeddable":true,"href":"https:\/\/voyagesimpressionnistes.com\/en\/wp-json\/wp\/v2\/categories-agenda?post=7534"}],"curies":[{"name":"wp","href":"https:\/\/api.w.org\/{rel}","templated":true}]}}