{"id":7564,"date":"2024-04-10T12:27:55","date_gmt":"2024-04-10T10:27:55","guid":{"rendered":"https:\/\/voyagesimpressionnistes.com\/?p=7564"},"modified":"2024-09-17T12:29:09","modified_gmt":"2024-09-17T10:29:09","slug":"okatuko-au-cargo","status":"publish","type":"post","link":"https:\/\/voyagesimpressionnistes.com\/en\/caen-the-cotentin\/okatuko-au-cargo\/","title":{"rendered":"\u00d6katuko au Carg\u00f6"},"content":{"rendered":"<p>L\u2019association incubatrice artistique Neuvi\u00e8me Ruche r\u00e9unit trois artistes pour une collaboration franco-japonaise autour de la cr\u00e9ation d&#8217;une \u0153uvre immersive et interactive intitul\u00e9e <em>\u00d6katuko<\/em> et pr\u00e9sent\u00e9e le 11 septembre 2024 au Carg\u00f6 \u00e0 Caen, dans le cadre du <a href=\"https:\/\/voyagesimpressionnistes.com\/en\/giverny-its-surroundings\/festival-normandie-impressionniste-2024\/\">Festival Normandie Impressionniste 2024<\/a>.<\/p>\n<p>N\u00f6mak, Katu et Akiko Nakayama m\u00ealent musiques et arts visuels, et interrogent l\u2019harmonie et les conflits qui \u00e9mergent entre l\u2019humain et la technologie, le naturel et l\u2019artificiel, l\u2019organique et le synth\u00e9tique, g\u00e9n\u00e9rant des compositions picturales et sonores. La production artistique japonaise questionne aujourd\u2019hui notre rapport \u00e0 l\u2019avenir, boulevers\u00e9 par une nature fragilis\u00e9e et une mat\u00e9rialit\u00e9 faite de datas et de pixels. \u00c0 la fronti\u00e8re entre le r\u00e9el et le r\u00eave, les arts num\u00e9riques explorent les limites de la perception.<\/p>\n<p><em>\u00d6katuko<\/em>, fruit d\u2019une r\u00e9sidence de cr\u00e9ation au Japon, est l\u2019occasion d\u2019une exploration collective de l\u2019environnement des arts et de la nature et invite le public du Carg\u00f6 \u00e0 vivre une exp\u00e9rience immersive, aux fronti\u00e8res du pr\u00e9sent et du futur, de la technologie et de la po\u00e9sie sonore.<\/p>\n","protected":false},"excerpt":{"rendered":"<p>L\u2019association incubatrice artistique Neuvi\u00e8me Ruche r\u00e9unit trois artistes pour une  [&#8230;]<\/p>\n","protected":false},"author":2,"featured_media":7563,"comment_status":"closed","ping_status":"closed","sticky":false,"template":"","format":"standard","meta":{"_acf_changed":false,"inline_featured_image":false,"_jetpack_memberships_contains_paid_content":false,"footnotes":""},"categories":[82],"slider_une":[],"regions":[133],"coups_coeur":[],"inspiration-type":[],"label":[141,143],"categories-agenda":[173],"class_list":["post-7564","post","type-post","status-publish","format-standard","has-post-thumbnail","hentry","category-caen-the-cotentin","tag-diary","regions-normandy","label-150-years","label-normandie-impressionniste-en","categories-agenda-show"],"acf":[],"yoast_head":"<!-- This site is optimized with the Yoast SEO plugin v26.3 - https:\/\/yoast.com\/wordpress\/plugins\/seo\/ -->\n<title>\u00d6katuko au Carg\u00f6 - Impressionist adventures<\/title>\n<meta name=\"description\" content=\"Participez \u00e0 l&#039;exp\u00e9rience artistique et immersive &quot;\u00d6katuko&quot; au Carg\u00f6 \u00e0 Caen, dans le cadre du Festival Normandie Impressionniste 2024.\" \/>\n<meta name=\"robots\" content=\"index, follow, max-snippet:-1, max-image-preview:large, max-video-preview:-1\" \/>\n<link rel=\"canonical\" href=\"https:\/\/voyagesimpressionnistes.com\/en\/caen-the-cotentin\/okatuko-au-cargo\/\" \/>\n<meta property=\"og:locale\" content=\"en_US\" \/>\n<meta property=\"og:type\" content=\"article\" \/>\n<meta property=\"og:title\" content=\"\u00d6katuko au Carg\u00f6 - Impressionist adventures\" \/>\n<meta property=\"og:description\" content=\"Participez \u00e0 l&#039;exp\u00e9rience artistique et immersive &quot;\u00d6katuko&quot; au Carg\u00f6 \u00e0 Caen, dans le cadre du Festival Normandie Impressionniste 2024.\" \/>\n<meta property=\"og:url\" content=\"https:\/\/voyagesimpressionnistes.com\/en\/caen-the-cotentin\/okatuko-au-cargo\/\" \/>\n<meta property=\"og:site_name\" content=\"Impressionist adventures\" \/>\n<meta property=\"article:publisher\" content=\"https:\/\/www.facebook.com\/LesVoyagesImpressionnistes\/\" \/>\n<meta property=\"article:published_time\" content=\"2024-04-10T10:27:55+00:00\" \/>\n<meta property=\"article:modified_time\" content=\"2024-09-17T10:29:09+00:00\" \/>\n<meta property=\"og:image\" content=\"https:\/\/voyagesimpressionnistes.com\/wp-content\/uploads\/2024\/02\/553649-Le-Cargoe-Caen-Caen-la-mer-Tourisme-Alix-JONET-1200px.jpg\" \/>\n\t<meta property=\"og:image:width\" content=\"1200\" \/>\n\t<meta property=\"og:image:height\" content=\"800\" \/>\n\t<meta property=\"og:image:type\" content=\"image\/jpeg\" \/>\n<meta name=\"author\" content=\"Phane\" \/>\n<meta name=\"twitter:card\" content=\"summary_large_image\" \/>\n<meta name=\"twitter:label1\" content=\"Written by\" \/>\n\t<meta name=\"twitter:data1\" content=\"Phane\" \/>\n\t<meta name=\"twitter:label2\" content=\"Est. reading time\" \/>\n\t<meta name=\"twitter:data2\" content=\"1 minute\" \/>\n<script type=\"application\/ld+json\" class=\"yoast-schema-graph\">{\"@context\":\"https:\/\/schema.org\",\"@graph\":[{\"@type\":[\"Article\",\"BlogPosting\"],\"@id\":\"https:\/\/voyagesimpressionnistes.com\/en\/caen-the-cotentin\/okatuko-au-cargo\/#article\",\"isPartOf\":{\"@id\":\"https:\/\/voyagesimpressionnistes.com\/en\/caen-the-cotentin\/okatuko-au-cargo\/\"},\"author\":{\"name\":\"Phane\",\"@id\":\"https:\/\/voyagesimpressionnistes.com\/en\/#\/schema\/person\/78c37c19aa7ae1bd6f4902f296c80e5f\"},\"headline\":\"\u00d6katuko au Carg\u00f6\",\"datePublished\":\"2024-04-10T10:27:55+00:00\",\"dateModified\":\"2024-09-17T10:29:09+00:00\",\"mainEntityOfPage\":{\"@id\":\"https:\/\/voyagesimpressionnistes.com\/en\/caen-the-cotentin\/okatuko-au-cargo\/\"},\"wordCount\":198,\"publisher\":{\"@id\":\"https:\/\/voyagesimpressionnistes.com\/en\/#organization\"},\"image\":{\"@id\":\"https:\/\/voyagesimpressionnistes.com\/en\/caen-the-cotentin\/okatuko-au-cargo\/#primaryimage\"},\"thumbnailUrl\":\"https:\/\/voyagesimpressionnistes.com\/wp-content\/uploads\/2024\/02\/553649-Le-Cargoe-Caen-Caen-la-mer-Tourisme-Alix-JONET-1200px.jpg\",\"keywords\":[\"Diary\"],\"articleSection\":[\"From Caen to the Cotentin\"],\"inLanguage\":\"en-US\"},{\"@type\":\"WebPage\",\"@id\":\"https:\/\/voyagesimpressionnistes.com\/en\/caen-the-cotentin\/okatuko-au-cargo\/\",\"url\":\"https:\/\/voyagesimpressionnistes.com\/en\/caen-the-cotentin\/okatuko-au-cargo\/\",\"name\":\"\u00d6katuko au Carg\u00f6 - Impressionist adventures\",\"isPartOf\":{\"@id\":\"https:\/\/voyagesimpressionnistes.com\/en\/#website\"},\"primaryImageOfPage\":{\"@id\":\"https:\/\/voyagesimpressionnistes.com\/en\/caen-the-cotentin\/okatuko-au-cargo\/#primaryimage\"},\"image\":{\"@id\":\"https:\/\/voyagesimpressionnistes.com\/en\/caen-the-cotentin\/okatuko-au-cargo\/#primaryimage\"},\"thumbnailUrl\":\"https:\/\/voyagesimpressionnistes.com\/wp-content\/uploads\/2024\/02\/553649-Le-Cargoe-Caen-Caen-la-mer-Tourisme-Alix-JONET-1200px.jpg\",\"datePublished\":\"2024-04-10T10:27:55+00:00\",\"dateModified\":\"2024-09-17T10:29:09+00:00\",\"description\":\"Participez \u00e0 l'exp\u00e9rience artistique et immersive \\\"\u00d6katuko\\\" au Carg\u00f6 \u00e0 Caen, dans le cadre du Festival Normandie Impressionniste 2024.\",\"breadcrumb\":{\"@id\":\"https:\/\/voyagesimpressionnistes.com\/en\/caen-the-cotentin\/okatuko-au-cargo\/#breadcrumb\"},\"inLanguage\":\"en-US\",\"potentialAction\":[{\"@type\":\"ReadAction\",\"target\":[\"https:\/\/voyagesimpressionnistes.com\/en\/caen-the-cotentin\/okatuko-au-cargo\/\"]}]},{\"@type\":\"ImageObject\",\"inLanguage\":\"en-US\",\"@id\":\"https:\/\/voyagesimpressionnistes.com\/en\/caen-the-cotentin\/okatuko-au-cargo\/#primaryimage\",\"url\":\"https:\/\/voyagesimpressionnistes.com\/wp-content\/uploads\/2024\/02\/553649-Le-Cargoe-Caen-Caen-la-mer-Tourisme-Alix-JONET-1200px.jpg\",\"contentUrl\":\"https:\/\/voyagesimpressionnistes.com\/wp-content\/uploads\/2024\/02\/553649-Le-Cargoe-Caen-Caen-la-mer-Tourisme-Alix-JONET-1200px.jpg\",\"width\":1200,\"height\":800,\"caption\":\"\u00d6katuko au Carg\u00f6 \u00a9 Alix Jonet\"},{\"@type\":\"BreadcrumbList\",\"@id\":\"https:\/\/voyagesimpressionnistes.com\/en\/caen-the-cotentin\/okatuko-au-cargo\/#breadcrumb\",\"itemListElement\":[{\"@type\":\"ListItem\",\"position\":1,\"name\":\"From Caen to the Cotentin\",\"item\":\"https:\/\/voyagesimpressionnistes.com\/en\/caen-the-cotentin\/\"},{\"@type\":\"ListItem\",\"position\":2,\"name\":\"\u00d6katuko au Carg\u00f6\"}]},{\"@type\":\"WebSite\",\"@id\":\"https:\/\/voyagesimpressionnistes.com\/en\/#website\",\"url\":\"https:\/\/voyagesimpressionnistes.com\/en\/\",\"name\":\"Impressionist adventures\",\"description\":\"Inspiring moments\",\"publisher\":{\"@id\":\"https:\/\/voyagesimpressionnistes.com\/en\/#organization\"},\"potentialAction\":[{\"@type\":\"SearchAction\",\"target\":{\"@type\":\"EntryPoint\",\"urlTemplate\":\"https:\/\/voyagesimpressionnistes.com\/en\/?s={search_term_string}\"},\"query-input\":{\"@type\":\"PropertyValueSpecification\",\"valueRequired\":true,\"valueName\":\"search_term_string\"}}],\"inLanguage\":\"en-US\"},{\"@type\":\"Organization\",\"@id\":\"https:\/\/voyagesimpressionnistes.com\/en\/#organization\",\"name\":\"Voyages Impressionnistes\",\"url\":\"https:\/\/voyagesimpressionnistes.com\/en\/\",\"logo\":{\"@type\":\"ImageObject\",\"inLanguage\":\"en-US\",\"@id\":\"https:\/\/voyagesimpressionnistes.com\/en\/#\/schema\/logo\/image\/\",\"url\":\"https:\/\/voyagesimpressionnistes.com\/wp-content\/uploads\/2021\/06\/vi-logo-507x216-1.svg\",\"contentUrl\":\"https:\/\/voyagesimpressionnistes.com\/wp-content\/uploads\/2021\/06\/vi-logo-507x216-1.svg\",\"width\":507,\"height\":216,\"caption\":\"Voyages Impressionnistes\"},\"image\":{\"@id\":\"https:\/\/voyagesimpressionnistes.com\/en\/#\/schema\/logo\/image\/\"},\"sameAs\":[\"https:\/\/www.facebook.com\/LesVoyagesImpressionnistes\/\"]},{\"@type\":\"Person\",\"@id\":\"https:\/\/voyagesimpressionnistes.com\/en\/#\/schema\/person\/78c37c19aa7ae1bd6f4902f296c80e5f\",\"name\":\"Phane\",\"image\":{\"@type\":\"ImageObject\",\"inLanguage\":\"en-US\",\"@id\":\"https:\/\/voyagesimpressionnistes.com\/en\/#\/schema\/person\/image\/\",\"url\":\"https:\/\/secure.gravatar.com\/avatar\/ea705fa375f21b62a2facac16bc19ee8d664629e3399a374a188d355bc5d00b9?s=96&d=mm&r=g\",\"contentUrl\":\"https:\/\/secure.gravatar.com\/avatar\/ea705fa375f21b62a2facac16bc19ee8d664629e3399a374a188d355bc5d00b9?s=96&d=mm&r=g\",\"caption\":\"Phane\"}}]}<\/script>\n<!-- \/ Yoast SEO plugin. -->","yoast_head_json":{"title":"\u00d6katuko au Carg\u00f6 - Impressionist adventures","description":"Participez \u00e0 l'exp\u00e9rience artistique et immersive \"\u00d6katuko\" au Carg\u00f6 \u00e0 Caen, dans le cadre du Festival Normandie Impressionniste 2024.","robots":{"index":"index","follow":"follow","max-snippet":"max-snippet:-1","max-image-preview":"max-image-preview:large","max-video-preview":"max-video-preview:-1"},"canonical":"https:\/\/voyagesimpressionnistes.com\/en\/caen-the-cotentin\/okatuko-au-cargo\/","og_locale":"en_US","og_type":"article","og_title":"\u00d6katuko au Carg\u00f6 - Impressionist adventures","og_description":"Participez \u00e0 l'exp\u00e9rience artistique et immersive \"\u00d6katuko\" au Carg\u00f6 \u00e0 Caen, dans le cadre du Festival Normandie Impressionniste 2024.","og_url":"https:\/\/voyagesimpressionnistes.com\/en\/caen-the-cotentin\/okatuko-au-cargo\/","og_site_name":"Impressionist adventures","article_publisher":"https:\/\/www.facebook.com\/LesVoyagesImpressionnistes\/","article_published_time":"2024-04-10T10:27:55+00:00","article_modified_time":"2024-09-17T10:29:09+00:00","og_image":[{"width":1200,"height":800,"url":"https:\/\/voyagesimpressionnistes.com\/wp-content\/uploads\/2024\/02\/553649-Le-Cargoe-Caen-Caen-la-mer-Tourisme-Alix-JONET-1200px.jpg","type":"image\/jpeg"}],"author":"Phane","twitter_card":"summary_large_image","twitter_misc":{"Written by":"Phane","Est. reading time":"1 minute"},"schema":{"@context":"https:\/\/schema.org","@graph":[{"@type":["Article","BlogPosting"],"@id":"https:\/\/voyagesimpressionnistes.com\/en\/caen-the-cotentin\/okatuko-au-cargo\/#article","isPartOf":{"@id":"https:\/\/voyagesimpressionnistes.com\/en\/caen-the-cotentin\/okatuko-au-cargo\/"},"author":{"name":"Phane","@id":"https:\/\/voyagesimpressionnistes.com\/en\/#\/schema\/person\/78c37c19aa7ae1bd6f4902f296c80e5f"},"headline":"\u00d6katuko au Carg\u00f6","datePublished":"2024-04-10T10:27:55+00:00","dateModified":"2024-09-17T10:29:09+00:00","mainEntityOfPage":{"@id":"https:\/\/voyagesimpressionnistes.com\/en\/caen-the-cotentin\/okatuko-au-cargo\/"},"wordCount":198,"publisher":{"@id":"https:\/\/voyagesimpressionnistes.com\/en\/#organization"},"image":{"@id":"https:\/\/voyagesimpressionnistes.com\/en\/caen-the-cotentin\/okatuko-au-cargo\/#primaryimage"},"thumbnailUrl":"https:\/\/voyagesimpressionnistes.com\/wp-content\/uploads\/2024\/02\/553649-Le-Cargoe-Caen-Caen-la-mer-Tourisme-Alix-JONET-1200px.jpg","keywords":["Diary"],"articleSection":["From Caen to the Cotentin"],"inLanguage":"en-US"},{"@type":"WebPage","@id":"https:\/\/voyagesimpressionnistes.com\/en\/caen-the-cotentin\/okatuko-au-cargo\/","url":"https:\/\/voyagesimpressionnistes.com\/en\/caen-the-cotentin\/okatuko-au-cargo\/","name":"\u00d6katuko au Carg\u00f6 - Impressionist adventures","isPartOf":{"@id":"https:\/\/voyagesimpressionnistes.com\/en\/#website"},"primaryImageOfPage":{"@id":"https:\/\/voyagesimpressionnistes.com\/en\/caen-the-cotentin\/okatuko-au-cargo\/#primaryimage"},"image":{"@id":"https:\/\/voyagesimpressionnistes.com\/en\/caen-the-cotentin\/okatuko-au-cargo\/#primaryimage"},"thumbnailUrl":"https:\/\/voyagesimpressionnistes.com\/wp-content\/uploads\/2024\/02\/553649-Le-Cargoe-Caen-Caen-la-mer-Tourisme-Alix-JONET-1200px.jpg","datePublished":"2024-04-10T10:27:55+00:00","dateModified":"2024-09-17T10:29:09+00:00","description":"Participez \u00e0 l'exp\u00e9rience artistique et immersive \"\u00d6katuko\" au Carg\u00f6 \u00e0 Caen, dans le cadre du Festival Normandie Impressionniste 2024.","breadcrumb":{"@id":"https:\/\/voyagesimpressionnistes.com\/en\/caen-the-cotentin\/okatuko-au-cargo\/#breadcrumb"},"inLanguage":"en-US","potentialAction":[{"@type":"ReadAction","target":["https:\/\/voyagesimpressionnistes.com\/en\/caen-the-cotentin\/okatuko-au-cargo\/"]}]},{"@type":"ImageObject","inLanguage":"en-US","@id":"https:\/\/voyagesimpressionnistes.com\/en\/caen-the-cotentin\/okatuko-au-cargo\/#primaryimage","url":"https:\/\/voyagesimpressionnistes.com\/wp-content\/uploads\/2024\/02\/553649-Le-Cargoe-Caen-Caen-la-mer-Tourisme-Alix-JONET-1200px.jpg","contentUrl":"https:\/\/voyagesimpressionnistes.com\/wp-content\/uploads\/2024\/02\/553649-Le-Cargoe-Caen-Caen-la-mer-Tourisme-Alix-JONET-1200px.jpg","width":1200,"height":800,"caption":"\u00d6katuko au Carg\u00f6 \u00a9 Alix Jonet"},{"@type":"BreadcrumbList","@id":"https:\/\/voyagesimpressionnistes.com\/en\/caen-the-cotentin\/okatuko-au-cargo\/#breadcrumb","itemListElement":[{"@type":"ListItem","position":1,"name":"From Caen to the Cotentin","item":"https:\/\/voyagesimpressionnistes.com\/en\/caen-the-cotentin\/"},{"@type":"ListItem","position":2,"name":"\u00d6katuko au Carg\u00f6"}]},{"@type":"WebSite","@id":"https:\/\/voyagesimpressionnistes.com\/en\/#website","url":"https:\/\/voyagesimpressionnistes.com\/en\/","name":"Impressionist adventures","description":"Inspiring moments","publisher":{"@id":"https:\/\/voyagesimpressionnistes.com\/en\/#organization"},"potentialAction":[{"@type":"SearchAction","target":{"@type":"EntryPoint","urlTemplate":"https:\/\/voyagesimpressionnistes.com\/en\/?s={search_term_string}"},"query-input":{"@type":"PropertyValueSpecification","valueRequired":true,"valueName":"search_term_string"}}],"inLanguage":"en-US"},{"@type":"Organization","@id":"https:\/\/voyagesimpressionnistes.com\/en\/#organization","name":"Voyages Impressionnistes","url":"https:\/\/voyagesimpressionnistes.com\/en\/","logo":{"@type":"ImageObject","inLanguage":"en-US","@id":"https:\/\/voyagesimpressionnistes.com\/en\/#\/schema\/logo\/image\/","url":"https:\/\/voyagesimpressionnistes.com\/wp-content\/uploads\/2021\/06\/vi-logo-507x216-1.svg","contentUrl":"https:\/\/voyagesimpressionnistes.com\/wp-content\/uploads\/2021\/06\/vi-logo-507x216-1.svg","width":507,"height":216,"caption":"Voyages Impressionnistes"},"image":{"@id":"https:\/\/voyagesimpressionnistes.com\/en\/#\/schema\/logo\/image\/"},"sameAs":["https:\/\/www.facebook.com\/LesVoyagesImpressionnistes\/"]},{"@type":"Person","@id":"https:\/\/voyagesimpressionnistes.com\/en\/#\/schema\/person\/78c37c19aa7ae1bd6f4902f296c80e5f","name":"Phane","image":{"@type":"ImageObject","inLanguage":"en-US","@id":"https:\/\/voyagesimpressionnistes.com\/en\/#\/schema\/person\/image\/","url":"https:\/\/secure.gravatar.com\/avatar\/ea705fa375f21b62a2facac16bc19ee8d664629e3399a374a188d355bc5d00b9?s=96&d=mm&r=g","contentUrl":"https:\/\/secure.gravatar.com\/avatar\/ea705fa375f21b62a2facac16bc19ee8d664629e3399a374a188d355bc5d00b9?s=96&d=mm&r=g","caption":"Phane"}}]}},"jetpack_featured_media_url":"https:\/\/voyagesimpressionnistes.com\/wp-content\/uploads\/2024\/02\/553649-Le-Cargoe-Caen-Caen-la-mer-Tourisme-Alix-JONET-1200px.jpg","jetpack_sharing_enabled":true,"_links":{"self":[{"href":"https:\/\/voyagesimpressionnistes.com\/en\/wp-json\/wp\/v2\/posts\/7564","targetHints":{"allow":["GET"]}}],"collection":[{"href":"https:\/\/voyagesimpressionnistes.com\/en\/wp-json\/wp\/v2\/posts"}],"about":[{"href":"https:\/\/voyagesimpressionnistes.com\/en\/wp-json\/wp\/v2\/types\/post"}],"author":[{"embeddable":true,"href":"https:\/\/voyagesimpressionnistes.com\/en\/wp-json\/wp\/v2\/users\/2"}],"replies":[{"embeddable":true,"href":"https:\/\/voyagesimpressionnistes.com\/en\/wp-json\/wp\/v2\/comments?post=7564"}],"version-history":[{"count":3,"href":"https:\/\/voyagesimpressionnistes.com\/en\/wp-json\/wp\/v2\/posts\/7564\/revisions"}],"predecessor-version":[{"id":13250,"href":"https:\/\/voyagesimpressionnistes.com\/en\/wp-json\/wp\/v2\/posts\/7564\/revisions\/13250"}],"wp:featuredmedia":[{"embeddable":true,"href":"https:\/\/voyagesimpressionnistes.com\/en\/wp-json\/wp\/v2\/media\/7563"}],"wp:attachment":[{"href":"https:\/\/voyagesimpressionnistes.com\/en\/wp-json\/wp\/v2\/media?parent=7564"}],"wp:term":[{"taxonomy":"category","embeddable":true,"href":"https:\/\/voyagesimpressionnistes.com\/en\/wp-json\/wp\/v2\/categories?post=7564"},{"taxonomy":"slider_une","embeddable":true,"href":"https:\/\/voyagesimpressionnistes.com\/en\/wp-json\/wp\/v2\/slider_une?post=7564"},{"taxonomy":"regions","embeddable":true,"href":"https:\/\/voyagesimpressionnistes.com\/en\/wp-json\/wp\/v2\/regions?post=7564"},{"taxonomy":"coups_coeur","embeddable":true,"href":"https:\/\/voyagesimpressionnistes.com\/en\/wp-json\/wp\/v2\/coups_coeur?post=7564"},{"taxonomy":"inspiration-type","embeddable":true,"href":"https:\/\/voyagesimpressionnistes.com\/en\/wp-json\/wp\/v2\/inspiration-type?post=7564"},{"taxonomy":"label","embeddable":true,"href":"https:\/\/voyagesimpressionnistes.com\/en\/wp-json\/wp\/v2\/label?post=7564"},{"taxonomy":"categories-agenda","embeddable":true,"href":"https:\/\/voyagesimpressionnistes.com\/en\/wp-json\/wp\/v2\/categories-agenda?post=7564"}],"curies":[{"name":"wp","href":"https:\/\/api.w.org\/{rel}","templated":true}]}}