{"id":7629,"date":"2024-02-23T17:23:45","date_gmt":"2024-02-23T16:23:45","guid":{"rendered":"https:\/\/voyagesimpressionnistes.com\/?p=7629"},"modified":"2024-10-08T15:00:46","modified_gmt":"2024-10-08T13:00:46","slug":"david-hockney-normandism","status":"publish","type":"post","link":"https:\/\/voyagesimpressionnistes.com\/en\/rouen-the-seine-meanders\/david-hockney-normandism\/","title":{"rendered":"David Hockney, Normandism"},"content":{"rendered":"<p>David Hockney vit et travaille en Normandie depuis 2019. <em>David Hockney, Normandism<\/em>, exposition en trois volets con\u00e7us pour dialoguer avec les collections du <a href=\"https:\/\/voyagesimpressionnistes.com\/en\/rouen-the-seine-meanders\/musee-des-beaux-arts-de-rouen\/\">Mus\u00e9e des Beaux-Arts de Rouen<\/a>, r\u00e9v\u00e8le l\u2019attachement du ma\u00eetre anglais \u00e0 la peinture sur toile, m\u00eame s\u2019il s\u2019est saisi d\u00e8s les ann\u00e9es 1980 des possibilit\u00e9s offertes par le num\u00e9rique. Ses enthousiasmantes propositions construisent un pont entre son \u0153il \u00e9merveill\u00e9 et celui du regardeur. Invit\u00e9 \u00e0 jouir des exp\u00e9rimentations sensibles sans cesse renouvel\u00e9es du peintre, le spectateur jubile, et ce d\u2019autant plus qu\u2019il sait d\u00e8s lors combien sont vaines de possibles querelles entre tenants de la toile et ceux des \u00e9crans.<\/p>\n<p>Accroch\u00e9es au c\u0153ur du meilleur de la collection de portraits (Jacques-\u00c9mile Blanche, Gustave Caillebotte, Auguste Renoir), dix peintures de David Hockney nous ouvrent les portes de son atelier. Son autoportrait, puis des portraits d\u2019intimes et de visiteurs r\u00e9v\u00e8lent l\u2019exceptionnel d\u2019une peinture lorsqu\u2019elle capte l\u2019intensit\u00e9 d\u2019une pr\u00e9sence.<\/p>\n<p>Plus loin, paysages r\u00e9cents r\u00e9alis\u00e9s en Normandie viennent r\u00e9interroger ceux de Claude Monet accroch\u00e9s en vis-\u00e0-vis. Ils sont aussi le support \u00e0 un texte th\u00e9orique in\u00e9dit de l\u2019artiste britannique, particuli\u00e8rement inspir\u00e9 par les collections rouennaises. Ph\u00e9nom\u00e9nologie du plein-air, m\u00e9t\u00e9ores, vent, reflets, horizons \u00e9vanouis, bascule vers le ciel, couleurs vives et fortes, disent l\u2019exceptionnelle fertilit\u00e9 d\u2019un terreau impressionniste dans ce que l\u2019actualit\u00e9 de la peinture a de meilleur.<\/p>\n<p>Enfin, dans la <em>Moon room<\/em>, 13 dessins nocturnes \u00e0 l&#8217;iPad et deux peintures sur toile, en cama\u00efeu de bleus et de noirs, iris\u00e9s des reflets p\u00e2les ou dor\u00e9s de la lune, ouvrent la voie \u00e0 l\u2019infini que nous promet la peinture, et ce, quel que soit son support. La m\u00e9diation de cette exposition s\u2019organise autour d\u2019une signal\u00e9tique culturelle (textes de pr\u00e9sentation et cartels). Des visites comment\u00e9es et des ateliers de pratique artistique sont \u00e9galement propos\u00e9s.<\/p>\n","protected":false},"excerpt":{"rendered":"<p>David Hockney vit et travaille en Normandie depuis 2019. David  [&#8230;]<\/p>\n","protected":false},"author":2,"featured_media":7628,"comment_status":"closed","ping_status":"closed","sticky":false,"template":"","format":"standard","meta":{"_acf_changed":false,"inline_featured_image":false,"_jetpack_memberships_contains_paid_content":false,"footnotes":""},"categories":[88],"slider_une":[],"regions":[133],"coups_coeur":[],"inspiration-type":[],"label":[141,143],"categories-agenda":[175],"class_list":["post-7629","post","type-post","status-publish","format-standard","has-post-thumbnail","hentry","category-rouen-the-seine-meanders","tag-diary","regions-normandy","label-150-years","label-normandie-impressionniste-en","categories-agenda-contemporary-art-contemporain"],"acf":[],"yoast_head":"<!-- This site is optimized with the Yoast SEO plugin v26.3 - https:\/\/yoast.com\/wordpress\/plugins\/seo\/ -->\n<title>David Hockney Normandism - Impressionist adventures<\/title>\n<meta name=\"description\" content=\"Venez d\u00e9couvrir l&#039;exposition &quot;David Hockney, Normandism&quot; au Mus\u00e9e des Beaux-Arts de Rouen du 22 mars au 22 septembre 2024.\" \/>\n<meta name=\"robots\" content=\"index, follow, max-snippet:-1, max-image-preview:large, max-video-preview:-1\" \/>\n<link rel=\"canonical\" href=\"https:\/\/voyagesimpressionnistes.com\/en\/rouen-the-seine-meanders\/david-hockney-normandism\/\" \/>\n<meta property=\"og:locale\" content=\"en_US\" \/>\n<meta property=\"og:type\" content=\"article\" \/>\n<meta property=\"og:title\" content=\"David Hockney Normandism - Impressionist adventures\" \/>\n<meta property=\"og:description\" content=\"Venez d\u00e9couvrir l&#039;exposition &quot;David Hockney, Normandism&quot; au Mus\u00e9e des Beaux-Arts de Rouen du 22 mars au 22 septembre 2024.\" \/>\n<meta property=\"og:url\" content=\"https:\/\/voyagesimpressionnistes.com\/en\/rouen-the-seine-meanders\/david-hockney-normandism\/\" \/>\n<meta property=\"og:site_name\" content=\"Impressionist adventures\" \/>\n<meta property=\"article:publisher\" content=\"https:\/\/www.facebook.com\/LesVoyagesImpressionnistes\/\" \/>\n<meta property=\"article:published_time\" content=\"2024-02-23T16:23:45+00:00\" \/>\n<meta property=\"article:modified_time\" content=\"2024-10-08T13:00:46+00:00\" \/>\n<meta property=\"og:image\" content=\"https:\/\/voyagesimpressionnistes.com\/wp-content\/uploads\/2024\/02\/Giverny-David-Hockney.jpg\" \/>\n\t<meta property=\"og:image:width\" content=\"1920\" \/>\n\t<meta property=\"og:image:height\" content=\"1438\" \/>\n\t<meta property=\"og:image:type\" content=\"image\/jpeg\" \/>\n<meta name=\"author\" content=\"Phane\" \/>\n<meta name=\"twitter:card\" content=\"summary_large_image\" \/>\n<meta name=\"twitter:label1\" content=\"Written by\" \/>\n\t<meta name=\"twitter:data1\" content=\"Phane\" \/>\n\t<meta name=\"twitter:label2\" content=\"Est. reading time\" \/>\n\t<meta name=\"twitter:data2\" content=\"2 minutes\" \/>\n<script type=\"application\/ld+json\" class=\"yoast-schema-graph\">{\"@context\":\"https:\/\/schema.org\",\"@graph\":[{\"@type\":[\"Article\",\"BlogPosting\"],\"@id\":\"https:\/\/voyagesimpressionnistes.com\/en\/rouen-the-seine-meanders\/david-hockney-normandism\/#article\",\"isPartOf\":{\"@id\":\"https:\/\/voyagesimpressionnistes.com\/en\/rouen-the-seine-meanders\/david-hockney-normandism\/\"},\"author\":{\"name\":\"Phane\",\"@id\":\"https:\/\/voyagesimpressionnistes.com\/en\/#\/schema\/person\/78c37c19aa7ae1bd6f4902f296c80e5f\"},\"headline\":\"David Hockney, Normandism\",\"datePublished\":\"2024-02-23T16:23:45+00:00\",\"dateModified\":\"2024-10-08T13:00:46+00:00\",\"mainEntityOfPage\":{\"@id\":\"https:\/\/voyagesimpressionnistes.com\/en\/rouen-the-seine-meanders\/david-hockney-normandism\/\"},\"wordCount\":346,\"publisher\":{\"@id\":\"https:\/\/voyagesimpressionnistes.com\/en\/#organization\"},\"image\":{\"@id\":\"https:\/\/voyagesimpressionnistes.com\/en\/rouen-the-seine-meanders\/david-hockney-normandism\/#primaryimage\"},\"thumbnailUrl\":\"https:\/\/voyagesimpressionnistes.com\/wp-content\/uploads\/2024\/02\/Giverny-David-Hockney.jpg\",\"keywords\":[\"Diary\"],\"articleSection\":[\"Rouen &amp; the Seine\u2019s meanders\"],\"inLanguage\":\"en-US\"},{\"@type\":\"WebPage\",\"@id\":\"https:\/\/voyagesimpressionnistes.com\/en\/rouen-the-seine-meanders\/david-hockney-normandism\/\",\"url\":\"https:\/\/voyagesimpressionnistes.com\/en\/rouen-the-seine-meanders\/david-hockney-normandism\/\",\"name\":\"David Hockney Normandism - Impressionist adventures\",\"isPartOf\":{\"@id\":\"https:\/\/voyagesimpressionnistes.com\/en\/#website\"},\"primaryImageOfPage\":{\"@id\":\"https:\/\/voyagesimpressionnistes.com\/en\/rouen-the-seine-meanders\/david-hockney-normandism\/#primaryimage\"},\"image\":{\"@id\":\"https:\/\/voyagesimpressionnistes.com\/en\/rouen-the-seine-meanders\/david-hockney-normandism\/#primaryimage\"},\"thumbnailUrl\":\"https:\/\/voyagesimpressionnistes.com\/wp-content\/uploads\/2024\/02\/Giverny-David-Hockney.jpg\",\"datePublished\":\"2024-02-23T16:23:45+00:00\",\"dateModified\":\"2024-10-08T13:00:46+00:00\",\"description\":\"Venez d\u00e9couvrir l'exposition \\\"David Hockney, Normandism\\\" au Mus\u00e9e des Beaux-Arts de Rouen du 22 mars au 22 septembre 2024.\",\"breadcrumb\":{\"@id\":\"https:\/\/voyagesimpressionnistes.com\/en\/rouen-the-seine-meanders\/david-hockney-normandism\/#breadcrumb\"},\"inLanguage\":\"en-US\",\"potentialAction\":[{\"@type\":\"ReadAction\",\"target\":[\"https:\/\/voyagesimpressionnistes.com\/en\/rouen-the-seine-meanders\/david-hockney-normandism\/\"]}]},{\"@type\":\"ImageObject\",\"inLanguage\":\"en-US\",\"@id\":\"https:\/\/voyagesimpressionnistes.com\/en\/rouen-the-seine-meanders\/david-hockney-normandism\/#primaryimage\",\"url\":\"https:\/\/voyagesimpressionnistes.com\/wp-content\/uploads\/2024\/02\/Giverny-David-Hockney.jpg\",\"contentUrl\":\"https:\/\/voyagesimpressionnistes.com\/wp-content\/uploads\/2024\/02\/Giverny-David-Hockney.jpg\",\"width\":1920,\"height\":1438,\"caption\":\"Exposition \\\"David Hockney, Normandism\\\"\"},{\"@type\":\"BreadcrumbList\",\"@id\":\"https:\/\/voyagesimpressionnistes.com\/en\/rouen-the-seine-meanders\/david-hockney-normandism\/#breadcrumb\",\"itemListElement\":[{\"@type\":\"ListItem\",\"position\":1,\"name\":\"Rouen &amp; the Seine\u2019s meanders\",\"item\":\"https:\/\/voyagesimpressionnistes.com\/en\/rouen-the-seine-meanders\/\"},{\"@type\":\"ListItem\",\"position\":2,\"name\":\"David Hockney, Normandism\"}]},{\"@type\":\"WebSite\",\"@id\":\"https:\/\/voyagesimpressionnistes.com\/en\/#website\",\"url\":\"https:\/\/voyagesimpressionnistes.com\/en\/\",\"name\":\"Impressionist adventures\",\"description\":\"Inspiring moments\",\"publisher\":{\"@id\":\"https:\/\/voyagesimpressionnistes.com\/en\/#organization\"},\"potentialAction\":[{\"@type\":\"SearchAction\",\"target\":{\"@type\":\"EntryPoint\",\"urlTemplate\":\"https:\/\/voyagesimpressionnistes.com\/en\/?s={search_term_string}\"},\"query-input\":{\"@type\":\"PropertyValueSpecification\",\"valueRequired\":true,\"valueName\":\"search_term_string\"}}],\"inLanguage\":\"en-US\"},{\"@type\":\"Organization\",\"@id\":\"https:\/\/voyagesimpressionnistes.com\/en\/#organization\",\"name\":\"Voyages Impressionnistes\",\"url\":\"https:\/\/voyagesimpressionnistes.com\/en\/\",\"logo\":{\"@type\":\"ImageObject\",\"inLanguage\":\"en-US\",\"@id\":\"https:\/\/voyagesimpressionnistes.com\/en\/#\/schema\/logo\/image\/\",\"url\":\"https:\/\/voyagesimpressionnistes.com\/wp-content\/uploads\/2021\/06\/vi-logo-507x216-1.svg\",\"contentUrl\":\"https:\/\/voyagesimpressionnistes.com\/wp-content\/uploads\/2021\/06\/vi-logo-507x216-1.svg\",\"width\":507,\"height\":216,\"caption\":\"Voyages Impressionnistes\"},\"image\":{\"@id\":\"https:\/\/voyagesimpressionnistes.com\/en\/#\/schema\/logo\/image\/\"},\"sameAs\":[\"https:\/\/www.facebook.com\/LesVoyagesImpressionnistes\/\"]},{\"@type\":\"Person\",\"@id\":\"https:\/\/voyagesimpressionnistes.com\/en\/#\/schema\/person\/78c37c19aa7ae1bd6f4902f296c80e5f\",\"name\":\"Phane\",\"image\":{\"@type\":\"ImageObject\",\"inLanguage\":\"en-US\",\"@id\":\"https:\/\/voyagesimpressionnistes.com\/en\/#\/schema\/person\/image\/\",\"url\":\"https:\/\/secure.gravatar.com\/avatar\/ea705fa375f21b62a2facac16bc19ee8d664629e3399a374a188d355bc5d00b9?s=96&d=mm&r=g\",\"contentUrl\":\"https:\/\/secure.gravatar.com\/avatar\/ea705fa375f21b62a2facac16bc19ee8d664629e3399a374a188d355bc5d00b9?s=96&d=mm&r=g\",\"caption\":\"Phane\"}}]}<\/script>\n<!-- \/ Yoast SEO plugin. -->","yoast_head_json":{"title":"David Hockney Normandism - Impressionist adventures","description":"Venez d\u00e9couvrir l'exposition \"David Hockney, Normandism\" au Mus\u00e9e des Beaux-Arts de Rouen du 22 mars au 22 septembre 2024.","robots":{"index":"index","follow":"follow","max-snippet":"max-snippet:-1","max-image-preview":"max-image-preview:large","max-video-preview":"max-video-preview:-1"},"canonical":"https:\/\/voyagesimpressionnistes.com\/en\/rouen-the-seine-meanders\/david-hockney-normandism\/","og_locale":"en_US","og_type":"article","og_title":"David Hockney Normandism - Impressionist adventures","og_description":"Venez d\u00e9couvrir l'exposition \"David Hockney, Normandism\" au Mus\u00e9e des Beaux-Arts de Rouen du 22 mars au 22 septembre 2024.","og_url":"https:\/\/voyagesimpressionnistes.com\/en\/rouen-the-seine-meanders\/david-hockney-normandism\/","og_site_name":"Impressionist adventures","article_publisher":"https:\/\/www.facebook.com\/LesVoyagesImpressionnistes\/","article_published_time":"2024-02-23T16:23:45+00:00","article_modified_time":"2024-10-08T13:00:46+00:00","og_image":[{"width":1920,"height":1438,"url":"https:\/\/voyagesimpressionnistes.com\/wp-content\/uploads\/2024\/02\/Giverny-David-Hockney.jpg","type":"image\/jpeg"}],"author":"Phane","twitter_card":"summary_large_image","twitter_misc":{"Written by":"Phane","Est. reading time":"2 minutes"},"schema":{"@context":"https:\/\/schema.org","@graph":[{"@type":["Article","BlogPosting"],"@id":"https:\/\/voyagesimpressionnistes.com\/en\/rouen-the-seine-meanders\/david-hockney-normandism\/#article","isPartOf":{"@id":"https:\/\/voyagesimpressionnistes.com\/en\/rouen-the-seine-meanders\/david-hockney-normandism\/"},"author":{"name":"Phane","@id":"https:\/\/voyagesimpressionnistes.com\/en\/#\/schema\/person\/78c37c19aa7ae1bd6f4902f296c80e5f"},"headline":"David Hockney, Normandism","datePublished":"2024-02-23T16:23:45+00:00","dateModified":"2024-10-08T13:00:46+00:00","mainEntityOfPage":{"@id":"https:\/\/voyagesimpressionnistes.com\/en\/rouen-the-seine-meanders\/david-hockney-normandism\/"},"wordCount":346,"publisher":{"@id":"https:\/\/voyagesimpressionnistes.com\/en\/#organization"},"image":{"@id":"https:\/\/voyagesimpressionnistes.com\/en\/rouen-the-seine-meanders\/david-hockney-normandism\/#primaryimage"},"thumbnailUrl":"https:\/\/voyagesimpressionnistes.com\/wp-content\/uploads\/2024\/02\/Giverny-David-Hockney.jpg","keywords":["Diary"],"articleSection":["Rouen &amp; the Seine\u2019s meanders"],"inLanguage":"en-US"},{"@type":"WebPage","@id":"https:\/\/voyagesimpressionnistes.com\/en\/rouen-the-seine-meanders\/david-hockney-normandism\/","url":"https:\/\/voyagesimpressionnistes.com\/en\/rouen-the-seine-meanders\/david-hockney-normandism\/","name":"David Hockney Normandism - Impressionist adventures","isPartOf":{"@id":"https:\/\/voyagesimpressionnistes.com\/en\/#website"},"primaryImageOfPage":{"@id":"https:\/\/voyagesimpressionnistes.com\/en\/rouen-the-seine-meanders\/david-hockney-normandism\/#primaryimage"},"image":{"@id":"https:\/\/voyagesimpressionnistes.com\/en\/rouen-the-seine-meanders\/david-hockney-normandism\/#primaryimage"},"thumbnailUrl":"https:\/\/voyagesimpressionnistes.com\/wp-content\/uploads\/2024\/02\/Giverny-David-Hockney.jpg","datePublished":"2024-02-23T16:23:45+00:00","dateModified":"2024-10-08T13:00:46+00:00","description":"Venez d\u00e9couvrir l'exposition \"David Hockney, Normandism\" au Mus\u00e9e des Beaux-Arts de Rouen du 22 mars au 22 septembre 2024.","breadcrumb":{"@id":"https:\/\/voyagesimpressionnistes.com\/en\/rouen-the-seine-meanders\/david-hockney-normandism\/#breadcrumb"},"inLanguage":"en-US","potentialAction":[{"@type":"ReadAction","target":["https:\/\/voyagesimpressionnistes.com\/en\/rouen-the-seine-meanders\/david-hockney-normandism\/"]}]},{"@type":"ImageObject","inLanguage":"en-US","@id":"https:\/\/voyagesimpressionnistes.com\/en\/rouen-the-seine-meanders\/david-hockney-normandism\/#primaryimage","url":"https:\/\/voyagesimpressionnistes.com\/wp-content\/uploads\/2024\/02\/Giverny-David-Hockney.jpg","contentUrl":"https:\/\/voyagesimpressionnistes.com\/wp-content\/uploads\/2024\/02\/Giverny-David-Hockney.jpg","width":1920,"height":1438,"caption":"Exposition \"David Hockney, Normandism\""},{"@type":"BreadcrumbList","@id":"https:\/\/voyagesimpressionnistes.com\/en\/rouen-the-seine-meanders\/david-hockney-normandism\/#breadcrumb","itemListElement":[{"@type":"ListItem","position":1,"name":"Rouen &amp; the Seine\u2019s meanders","item":"https:\/\/voyagesimpressionnistes.com\/en\/rouen-the-seine-meanders\/"},{"@type":"ListItem","position":2,"name":"David Hockney, Normandism"}]},{"@type":"WebSite","@id":"https:\/\/voyagesimpressionnistes.com\/en\/#website","url":"https:\/\/voyagesimpressionnistes.com\/en\/","name":"Impressionist adventures","description":"Inspiring moments","publisher":{"@id":"https:\/\/voyagesimpressionnistes.com\/en\/#organization"},"potentialAction":[{"@type":"SearchAction","target":{"@type":"EntryPoint","urlTemplate":"https:\/\/voyagesimpressionnistes.com\/en\/?s={search_term_string}"},"query-input":{"@type":"PropertyValueSpecification","valueRequired":true,"valueName":"search_term_string"}}],"inLanguage":"en-US"},{"@type":"Organization","@id":"https:\/\/voyagesimpressionnistes.com\/en\/#organization","name":"Voyages Impressionnistes","url":"https:\/\/voyagesimpressionnistes.com\/en\/","logo":{"@type":"ImageObject","inLanguage":"en-US","@id":"https:\/\/voyagesimpressionnistes.com\/en\/#\/schema\/logo\/image\/","url":"https:\/\/voyagesimpressionnistes.com\/wp-content\/uploads\/2021\/06\/vi-logo-507x216-1.svg","contentUrl":"https:\/\/voyagesimpressionnistes.com\/wp-content\/uploads\/2021\/06\/vi-logo-507x216-1.svg","width":507,"height":216,"caption":"Voyages Impressionnistes"},"image":{"@id":"https:\/\/voyagesimpressionnistes.com\/en\/#\/schema\/logo\/image\/"},"sameAs":["https:\/\/www.facebook.com\/LesVoyagesImpressionnistes\/"]},{"@type":"Person","@id":"https:\/\/voyagesimpressionnistes.com\/en\/#\/schema\/person\/78c37c19aa7ae1bd6f4902f296c80e5f","name":"Phane","image":{"@type":"ImageObject","inLanguage":"en-US","@id":"https:\/\/voyagesimpressionnistes.com\/en\/#\/schema\/person\/image\/","url":"https:\/\/secure.gravatar.com\/avatar\/ea705fa375f21b62a2facac16bc19ee8d664629e3399a374a188d355bc5d00b9?s=96&d=mm&r=g","contentUrl":"https:\/\/secure.gravatar.com\/avatar\/ea705fa375f21b62a2facac16bc19ee8d664629e3399a374a188d355bc5d00b9?s=96&d=mm&r=g","caption":"Phane"}}]}},"jetpack_featured_media_url":"https:\/\/voyagesimpressionnistes.com\/wp-content\/uploads\/2024\/02\/Giverny-David-Hockney.jpg","jetpack_sharing_enabled":true,"_links":{"self":[{"href":"https:\/\/voyagesimpressionnistes.com\/en\/wp-json\/wp\/v2\/posts\/7629","targetHints":{"allow":["GET"]}}],"collection":[{"href":"https:\/\/voyagesimpressionnistes.com\/en\/wp-json\/wp\/v2\/posts"}],"about":[{"href":"https:\/\/voyagesimpressionnistes.com\/en\/wp-json\/wp\/v2\/types\/post"}],"author":[{"embeddable":true,"href":"https:\/\/voyagesimpressionnistes.com\/en\/wp-json\/wp\/v2\/users\/2"}],"replies":[{"embeddable":true,"href":"https:\/\/voyagesimpressionnistes.com\/en\/wp-json\/wp\/v2\/comments?post=7629"}],"version-history":[{"count":3,"href":"https:\/\/voyagesimpressionnistes.com\/en\/wp-json\/wp\/v2\/posts\/7629\/revisions"}],"predecessor-version":[{"id":13374,"href":"https:\/\/voyagesimpressionnistes.com\/en\/wp-json\/wp\/v2\/posts\/7629\/revisions\/13374"}],"wp:featuredmedia":[{"embeddable":true,"href":"https:\/\/voyagesimpressionnistes.com\/en\/wp-json\/wp\/v2\/media\/7628"}],"wp:attachment":[{"href":"https:\/\/voyagesimpressionnistes.com\/en\/wp-json\/wp\/v2\/media?parent=7629"}],"wp:term":[{"taxonomy":"category","embeddable":true,"href":"https:\/\/voyagesimpressionnistes.com\/en\/wp-json\/wp\/v2\/categories?post=7629"},{"taxonomy":"slider_une","embeddable":true,"href":"https:\/\/voyagesimpressionnistes.com\/en\/wp-json\/wp\/v2\/slider_une?post=7629"},{"taxonomy":"regions","embeddable":true,"href":"https:\/\/voyagesimpressionnistes.com\/en\/wp-json\/wp\/v2\/regions?post=7629"},{"taxonomy":"coups_coeur","embeddable":true,"href":"https:\/\/voyagesimpressionnistes.com\/en\/wp-json\/wp\/v2\/coups_coeur?post=7629"},{"taxonomy":"inspiration-type","embeddable":true,"href":"https:\/\/voyagesimpressionnistes.com\/en\/wp-json\/wp\/v2\/inspiration-type?post=7629"},{"taxonomy":"label","embeddable":true,"href":"https:\/\/voyagesimpressionnistes.com\/en\/wp-json\/wp\/v2\/label?post=7629"},{"taxonomy":"categories-agenda","embeddable":true,"href":"https:\/\/voyagesimpressionnistes.com\/en\/wp-json\/wp\/v2\/categories-agenda?post=7629"}],"curies":[{"name":"wp","href":"https:\/\/api.w.org\/{rel}","templated":true}]}}