{"id":7659,"date":"2024-05-13T11:42:37","date_gmt":"2024-05-13T09:42:37","guid":{"rendered":"https:\/\/voyagesimpressionnistes.com\/?p=7659"},"modified":"2024-11-28T14:59:54","modified_gmt":"2024-11-28T13:59:54","slug":"les-chevalets-des-oiseaux","status":"publish","type":"post","link":"https:\/\/voyagesimpressionnistes.com\/en\/seine-estuary\/les-chevalets-des-oiseaux\/","title":{"rendered":"Les chevalets des oiseaux"},"content":{"rendered":"<p>Du 13 juin au 13 octobre 2024, l&#8217;exposition <em>Les chevalets des oiseaux<\/em> rend hommage aux peintres naturalistes avec 13 toiles g\u00e9antes install\u00e9es dans le parc Georges Brassens de Montivilliers. Inspir\u00e9s par les noms des rues du quartier des Murets portant les noms d&#8217;oiseaux pr\u00e9sents en Normandie, les peintres amateurs de l&#8217;association des Amis des Arts invitent les visiteurs \u00e0 observer la faune locale.<\/p>\n<p>Gr\u00e2ce \u00e0 des outils de m\u00e9diation, les visiteurs pourront entendre le cri de la buse, de la m\u00e9sange et autre bergeronnette et en apprendre un peu plus sur ces esp\u00e8ces. Les enfants des \u00e9coles situ\u00e9es \u00e0 proximit\u00e9 seront invit\u00e9s \u00e0 d\u00e9couvrir cette installation m\u00ealant art et nature. Ce projet permet de faire entrer les promeneurs dans un espace naturel pr\u00e9serv\u00e9 en plein c\u0153ur de la ville pour une immersion compl\u00e8te.<\/p>\n<p>L&#8217;exposition <em>Les chevalets des oiseaux<\/em> se d\u00e9roule dans le cadre du <a href=\"https:\/\/voyagesimpressionnistes.com\/en\/giverny-its-surroundings\/festival-normandie-impressionniste-2024\/\">Festival Normandie Impressionniste 2024<\/a>,<\/p>\n","protected":false},"excerpt":{"rendered":"<p>Du 13 juin au 13 octobre 2024, l&#8217;exposition Les chevalets  [&#8230;]<\/p>\n","protected":false},"author":2,"featured_media":7658,"comment_status":"closed","ping_status":"closed","sticky":false,"template":"","format":"standard","meta":{"_acf_changed":false,"inline_featured_image":false,"_jetpack_memberships_contains_paid_content":false,"footnotes":""},"categories":[84],"slider_une":[],"regions":[133],"coups_coeur":[],"inspiration-type":[],"label":[141,143],"categories-agenda":[172],"class_list":["post-7659","post","type-post","status-publish","format-standard","has-post-thumbnail","hentry","category-seine-estuary","tag-diary","regions-normandy","label-150-years","label-normandie-impressionniste-en","categories-agenda-exhibition"],"acf":[],"yoast_head":"<!-- This site is optimized with the Yoast SEO plugin v26.3 - https:\/\/yoast.com\/wordpress\/plugins\/seo\/ -->\n<title>Les chevalets des oiseaux - Impressionist adventures<\/title>\n<meta name=\"description\" content=\"D\u00e9couvrez l&#039;exposition &quot;Les chevalets des oiseaux&quot; \u00e0 Montivilliers, dans le cadre du Festival Normandie Impressionniste 2024.\" \/>\n<meta name=\"robots\" content=\"index, follow, max-snippet:-1, max-image-preview:large, max-video-preview:-1\" \/>\n<link rel=\"canonical\" href=\"https:\/\/voyagesimpressionnistes.com\/en\/seine-estuary\/les-chevalets-des-oiseaux\/\" \/>\n<meta property=\"og:locale\" content=\"en_US\" \/>\n<meta property=\"og:type\" content=\"article\" \/>\n<meta property=\"og:title\" content=\"Les chevalets des oiseaux - Impressionist adventures\" \/>\n<meta property=\"og:description\" content=\"D\u00e9couvrez l&#039;exposition &quot;Les chevalets des oiseaux&quot; \u00e0 Montivilliers, dans le cadre du Festival Normandie Impressionniste 2024.\" \/>\n<meta property=\"og:url\" content=\"https:\/\/voyagesimpressionnistes.com\/en\/seine-estuary\/les-chevalets-des-oiseaux\/\" \/>\n<meta property=\"og:site_name\" content=\"Impressionist adventures\" \/>\n<meta property=\"article:publisher\" content=\"https:\/\/www.facebook.com\/LesVoyagesImpressionnistes\/\" \/>\n<meta property=\"article:published_time\" content=\"2024-05-13T09:42:37+00:00\" \/>\n<meta property=\"article:modified_time\" content=\"2024-11-28T13:59:54+00:00\" \/>\n<meta property=\"og:image\" content=\"https:\/\/voyagesimpressionnistes.com\/wp-content\/uploads\/2024\/02\/Sans-titre-1-379.jpg\" \/>\n\t<meta property=\"og:image:width\" content=\"550\" \/>\n\t<meta property=\"og:image:height\" content=\"350\" \/>\n\t<meta property=\"og:image:type\" content=\"image\/jpeg\" \/>\n<meta name=\"author\" content=\"Phane\" \/>\n<meta name=\"twitter:card\" content=\"summary_large_image\" \/>\n<meta name=\"twitter:label1\" content=\"Written by\" \/>\n\t<meta name=\"twitter:data1\" content=\"Phane\" \/>\n\t<meta name=\"twitter:label2\" content=\"Est. reading time\" \/>\n\t<meta name=\"twitter:data2\" content=\"1 minute\" \/>\n<script type=\"application\/ld+json\" class=\"yoast-schema-graph\">{\"@context\":\"https:\/\/schema.org\",\"@graph\":[{\"@type\":[\"Article\",\"BlogPosting\"],\"@id\":\"https:\/\/voyagesimpressionnistes.com\/en\/seine-estuary\/les-chevalets-des-oiseaux\/#article\",\"isPartOf\":{\"@id\":\"https:\/\/voyagesimpressionnistes.com\/en\/seine-estuary\/les-chevalets-des-oiseaux\/\"},\"author\":{\"name\":\"Phane\",\"@id\":\"https:\/\/voyagesimpressionnistes.com\/en\/#\/schema\/person\/78c37c19aa7ae1bd6f4902f296c80e5f\"},\"headline\":\"Les chevalets des oiseaux\",\"datePublished\":\"2024-05-13T09:42:37+00:00\",\"dateModified\":\"2024-11-28T13:59:54+00:00\",\"mainEntityOfPage\":{\"@id\":\"https:\/\/voyagesimpressionnistes.com\/en\/seine-estuary\/les-chevalets-des-oiseaux\/\"},\"wordCount\":163,\"publisher\":{\"@id\":\"https:\/\/voyagesimpressionnistes.com\/en\/#organization\"},\"image\":{\"@id\":\"https:\/\/voyagesimpressionnistes.com\/en\/seine-estuary\/les-chevalets-des-oiseaux\/#primaryimage\"},\"thumbnailUrl\":\"https:\/\/voyagesimpressionnistes.com\/wp-content\/uploads\/2024\/02\/Sans-titre-1-379.jpg\",\"keywords\":[\"Diary\"],\"articleSection\":[\"The Seine Estuary\"],\"inLanguage\":\"en-US\"},{\"@type\":\"WebPage\",\"@id\":\"https:\/\/voyagesimpressionnistes.com\/en\/seine-estuary\/les-chevalets-des-oiseaux\/\",\"url\":\"https:\/\/voyagesimpressionnistes.com\/en\/seine-estuary\/les-chevalets-des-oiseaux\/\",\"name\":\"Les chevalets des oiseaux - Impressionist adventures\",\"isPartOf\":{\"@id\":\"https:\/\/voyagesimpressionnistes.com\/en\/#website\"},\"primaryImageOfPage\":{\"@id\":\"https:\/\/voyagesimpressionnistes.com\/en\/seine-estuary\/les-chevalets-des-oiseaux\/#primaryimage\"},\"image\":{\"@id\":\"https:\/\/voyagesimpressionnistes.com\/en\/seine-estuary\/les-chevalets-des-oiseaux\/#primaryimage\"},\"thumbnailUrl\":\"https:\/\/voyagesimpressionnistes.com\/wp-content\/uploads\/2024\/02\/Sans-titre-1-379.jpg\",\"datePublished\":\"2024-05-13T09:42:37+00:00\",\"dateModified\":\"2024-11-28T13:59:54+00:00\",\"description\":\"D\u00e9couvrez l'exposition \\\"Les chevalets des oiseaux\\\" \u00e0 Montivilliers, dans le cadre du Festival Normandie Impressionniste 2024.\",\"breadcrumb\":{\"@id\":\"https:\/\/voyagesimpressionnistes.com\/en\/seine-estuary\/les-chevalets-des-oiseaux\/#breadcrumb\"},\"inLanguage\":\"en-US\",\"potentialAction\":[{\"@type\":\"ReadAction\",\"target\":[\"https:\/\/voyagesimpressionnistes.com\/en\/seine-estuary\/les-chevalets-des-oiseaux\/\"]}]},{\"@type\":\"ImageObject\",\"inLanguage\":\"en-US\",\"@id\":\"https:\/\/voyagesimpressionnistes.com\/en\/seine-estuary\/les-chevalets-des-oiseaux\/#primaryimage\",\"url\":\"https:\/\/voyagesimpressionnistes.com\/wp-content\/uploads\/2024\/02\/Sans-titre-1-379.jpg\",\"contentUrl\":\"https:\/\/voyagesimpressionnistes.com\/wp-content\/uploads\/2024\/02\/Sans-titre-1-379.jpg\",\"width\":550,\"height\":350,\"caption\":\"Les chevalets des oiseaux : exposition \u00e0 Montivilliers\"},{\"@type\":\"BreadcrumbList\",\"@id\":\"https:\/\/voyagesimpressionnistes.com\/en\/seine-estuary\/les-chevalets-des-oiseaux\/#breadcrumb\",\"itemListElement\":[{\"@type\":\"ListItem\",\"position\":1,\"name\":\"The Seine Estuary\",\"item\":\"https:\/\/voyagesimpressionnistes.com\/en\/seine-estuary\/\"},{\"@type\":\"ListItem\",\"position\":2,\"name\":\"Les chevalets des oiseaux\"}]},{\"@type\":\"WebSite\",\"@id\":\"https:\/\/voyagesimpressionnistes.com\/en\/#website\",\"url\":\"https:\/\/voyagesimpressionnistes.com\/en\/\",\"name\":\"Impressionist adventures\",\"description\":\"Inspiring moments\",\"publisher\":{\"@id\":\"https:\/\/voyagesimpressionnistes.com\/en\/#organization\"},\"potentialAction\":[{\"@type\":\"SearchAction\",\"target\":{\"@type\":\"EntryPoint\",\"urlTemplate\":\"https:\/\/voyagesimpressionnistes.com\/en\/?s={search_term_string}\"},\"query-input\":{\"@type\":\"PropertyValueSpecification\",\"valueRequired\":true,\"valueName\":\"search_term_string\"}}],\"inLanguage\":\"en-US\"},{\"@type\":\"Organization\",\"@id\":\"https:\/\/voyagesimpressionnistes.com\/en\/#organization\",\"name\":\"Voyages Impressionnistes\",\"url\":\"https:\/\/voyagesimpressionnistes.com\/en\/\",\"logo\":{\"@type\":\"ImageObject\",\"inLanguage\":\"en-US\",\"@id\":\"https:\/\/voyagesimpressionnistes.com\/en\/#\/schema\/logo\/image\/\",\"url\":\"https:\/\/voyagesimpressionnistes.com\/wp-content\/uploads\/2021\/06\/vi-logo-507x216-1.svg\",\"contentUrl\":\"https:\/\/voyagesimpressionnistes.com\/wp-content\/uploads\/2021\/06\/vi-logo-507x216-1.svg\",\"width\":507,\"height\":216,\"caption\":\"Voyages Impressionnistes\"},\"image\":{\"@id\":\"https:\/\/voyagesimpressionnistes.com\/en\/#\/schema\/logo\/image\/\"},\"sameAs\":[\"https:\/\/www.facebook.com\/LesVoyagesImpressionnistes\/\"]},{\"@type\":\"Person\",\"@id\":\"https:\/\/voyagesimpressionnistes.com\/en\/#\/schema\/person\/78c37c19aa7ae1bd6f4902f296c80e5f\",\"name\":\"Phane\",\"image\":{\"@type\":\"ImageObject\",\"inLanguage\":\"en-US\",\"@id\":\"https:\/\/voyagesimpressionnistes.com\/en\/#\/schema\/person\/image\/\",\"url\":\"https:\/\/secure.gravatar.com\/avatar\/ea705fa375f21b62a2facac16bc19ee8d664629e3399a374a188d355bc5d00b9?s=96&d=mm&r=g\",\"contentUrl\":\"https:\/\/secure.gravatar.com\/avatar\/ea705fa375f21b62a2facac16bc19ee8d664629e3399a374a188d355bc5d00b9?s=96&d=mm&r=g\",\"caption\":\"Phane\"}}]}<\/script>\n<!-- \/ Yoast SEO plugin. -->","yoast_head_json":{"title":"Les chevalets des oiseaux - Impressionist adventures","description":"D\u00e9couvrez l'exposition \"Les chevalets des oiseaux\" \u00e0 Montivilliers, dans le cadre du Festival Normandie Impressionniste 2024.","robots":{"index":"index","follow":"follow","max-snippet":"max-snippet:-1","max-image-preview":"max-image-preview:large","max-video-preview":"max-video-preview:-1"},"canonical":"https:\/\/voyagesimpressionnistes.com\/en\/seine-estuary\/les-chevalets-des-oiseaux\/","og_locale":"en_US","og_type":"article","og_title":"Les chevalets des oiseaux - Impressionist adventures","og_description":"D\u00e9couvrez l'exposition \"Les chevalets des oiseaux\" \u00e0 Montivilliers, dans le cadre du Festival Normandie Impressionniste 2024.","og_url":"https:\/\/voyagesimpressionnistes.com\/en\/seine-estuary\/les-chevalets-des-oiseaux\/","og_site_name":"Impressionist adventures","article_publisher":"https:\/\/www.facebook.com\/LesVoyagesImpressionnistes\/","article_published_time":"2024-05-13T09:42:37+00:00","article_modified_time":"2024-11-28T13:59:54+00:00","og_image":[{"width":550,"height":350,"url":"https:\/\/voyagesimpressionnistes.com\/wp-content\/uploads\/2024\/02\/Sans-titre-1-379.jpg","type":"image\/jpeg"}],"author":"Phane","twitter_card":"summary_large_image","twitter_misc":{"Written by":"Phane","Est. reading time":"1 minute"},"schema":{"@context":"https:\/\/schema.org","@graph":[{"@type":["Article","BlogPosting"],"@id":"https:\/\/voyagesimpressionnistes.com\/en\/seine-estuary\/les-chevalets-des-oiseaux\/#article","isPartOf":{"@id":"https:\/\/voyagesimpressionnistes.com\/en\/seine-estuary\/les-chevalets-des-oiseaux\/"},"author":{"name":"Phane","@id":"https:\/\/voyagesimpressionnistes.com\/en\/#\/schema\/person\/78c37c19aa7ae1bd6f4902f296c80e5f"},"headline":"Les chevalets des oiseaux","datePublished":"2024-05-13T09:42:37+00:00","dateModified":"2024-11-28T13:59:54+00:00","mainEntityOfPage":{"@id":"https:\/\/voyagesimpressionnistes.com\/en\/seine-estuary\/les-chevalets-des-oiseaux\/"},"wordCount":163,"publisher":{"@id":"https:\/\/voyagesimpressionnistes.com\/en\/#organization"},"image":{"@id":"https:\/\/voyagesimpressionnistes.com\/en\/seine-estuary\/les-chevalets-des-oiseaux\/#primaryimage"},"thumbnailUrl":"https:\/\/voyagesimpressionnistes.com\/wp-content\/uploads\/2024\/02\/Sans-titre-1-379.jpg","keywords":["Diary"],"articleSection":["The Seine Estuary"],"inLanguage":"en-US"},{"@type":"WebPage","@id":"https:\/\/voyagesimpressionnistes.com\/en\/seine-estuary\/les-chevalets-des-oiseaux\/","url":"https:\/\/voyagesimpressionnistes.com\/en\/seine-estuary\/les-chevalets-des-oiseaux\/","name":"Les chevalets des oiseaux - Impressionist adventures","isPartOf":{"@id":"https:\/\/voyagesimpressionnistes.com\/en\/#website"},"primaryImageOfPage":{"@id":"https:\/\/voyagesimpressionnistes.com\/en\/seine-estuary\/les-chevalets-des-oiseaux\/#primaryimage"},"image":{"@id":"https:\/\/voyagesimpressionnistes.com\/en\/seine-estuary\/les-chevalets-des-oiseaux\/#primaryimage"},"thumbnailUrl":"https:\/\/voyagesimpressionnistes.com\/wp-content\/uploads\/2024\/02\/Sans-titre-1-379.jpg","datePublished":"2024-05-13T09:42:37+00:00","dateModified":"2024-11-28T13:59:54+00:00","description":"D\u00e9couvrez l'exposition \"Les chevalets des oiseaux\" \u00e0 Montivilliers, dans le cadre du Festival Normandie Impressionniste 2024.","breadcrumb":{"@id":"https:\/\/voyagesimpressionnistes.com\/en\/seine-estuary\/les-chevalets-des-oiseaux\/#breadcrumb"},"inLanguage":"en-US","potentialAction":[{"@type":"ReadAction","target":["https:\/\/voyagesimpressionnistes.com\/en\/seine-estuary\/les-chevalets-des-oiseaux\/"]}]},{"@type":"ImageObject","inLanguage":"en-US","@id":"https:\/\/voyagesimpressionnistes.com\/en\/seine-estuary\/les-chevalets-des-oiseaux\/#primaryimage","url":"https:\/\/voyagesimpressionnistes.com\/wp-content\/uploads\/2024\/02\/Sans-titre-1-379.jpg","contentUrl":"https:\/\/voyagesimpressionnistes.com\/wp-content\/uploads\/2024\/02\/Sans-titre-1-379.jpg","width":550,"height":350,"caption":"Les chevalets des oiseaux : exposition \u00e0 Montivilliers"},{"@type":"BreadcrumbList","@id":"https:\/\/voyagesimpressionnistes.com\/en\/seine-estuary\/les-chevalets-des-oiseaux\/#breadcrumb","itemListElement":[{"@type":"ListItem","position":1,"name":"The Seine Estuary","item":"https:\/\/voyagesimpressionnistes.com\/en\/seine-estuary\/"},{"@type":"ListItem","position":2,"name":"Les chevalets des oiseaux"}]},{"@type":"WebSite","@id":"https:\/\/voyagesimpressionnistes.com\/en\/#website","url":"https:\/\/voyagesimpressionnistes.com\/en\/","name":"Impressionist adventures","description":"Inspiring moments","publisher":{"@id":"https:\/\/voyagesimpressionnistes.com\/en\/#organization"},"potentialAction":[{"@type":"SearchAction","target":{"@type":"EntryPoint","urlTemplate":"https:\/\/voyagesimpressionnistes.com\/en\/?s={search_term_string}"},"query-input":{"@type":"PropertyValueSpecification","valueRequired":true,"valueName":"search_term_string"}}],"inLanguage":"en-US"},{"@type":"Organization","@id":"https:\/\/voyagesimpressionnistes.com\/en\/#organization","name":"Voyages Impressionnistes","url":"https:\/\/voyagesimpressionnistes.com\/en\/","logo":{"@type":"ImageObject","inLanguage":"en-US","@id":"https:\/\/voyagesimpressionnistes.com\/en\/#\/schema\/logo\/image\/","url":"https:\/\/voyagesimpressionnistes.com\/wp-content\/uploads\/2021\/06\/vi-logo-507x216-1.svg","contentUrl":"https:\/\/voyagesimpressionnistes.com\/wp-content\/uploads\/2021\/06\/vi-logo-507x216-1.svg","width":507,"height":216,"caption":"Voyages Impressionnistes"},"image":{"@id":"https:\/\/voyagesimpressionnistes.com\/en\/#\/schema\/logo\/image\/"},"sameAs":["https:\/\/www.facebook.com\/LesVoyagesImpressionnistes\/"]},{"@type":"Person","@id":"https:\/\/voyagesimpressionnistes.com\/en\/#\/schema\/person\/78c37c19aa7ae1bd6f4902f296c80e5f","name":"Phane","image":{"@type":"ImageObject","inLanguage":"en-US","@id":"https:\/\/voyagesimpressionnistes.com\/en\/#\/schema\/person\/image\/","url":"https:\/\/secure.gravatar.com\/avatar\/ea705fa375f21b62a2facac16bc19ee8d664629e3399a374a188d355bc5d00b9?s=96&d=mm&r=g","contentUrl":"https:\/\/secure.gravatar.com\/avatar\/ea705fa375f21b62a2facac16bc19ee8d664629e3399a374a188d355bc5d00b9?s=96&d=mm&r=g","caption":"Phane"}}]}},"jetpack_featured_media_url":"https:\/\/voyagesimpressionnistes.com\/wp-content\/uploads\/2024\/02\/Sans-titre-1-379.jpg","jetpack_sharing_enabled":true,"_links":{"self":[{"href":"https:\/\/voyagesimpressionnistes.com\/en\/wp-json\/wp\/v2\/posts\/7659","targetHints":{"allow":["GET"]}}],"collection":[{"href":"https:\/\/voyagesimpressionnistes.com\/en\/wp-json\/wp\/v2\/posts"}],"about":[{"href":"https:\/\/voyagesimpressionnistes.com\/en\/wp-json\/wp\/v2\/types\/post"}],"author":[{"embeddable":true,"href":"https:\/\/voyagesimpressionnistes.com\/en\/wp-json\/wp\/v2\/users\/2"}],"replies":[{"embeddable":true,"href":"https:\/\/voyagesimpressionnistes.com\/en\/wp-json\/wp\/v2\/comments?post=7659"}],"version-history":[{"count":6,"href":"https:\/\/voyagesimpressionnistes.com\/en\/wp-json\/wp\/v2\/posts\/7659\/revisions"}],"predecessor-version":[{"id":13584,"href":"https:\/\/voyagesimpressionnistes.com\/en\/wp-json\/wp\/v2\/posts\/7659\/revisions\/13584"}],"wp:featuredmedia":[{"embeddable":true,"href":"https:\/\/voyagesimpressionnistes.com\/en\/wp-json\/wp\/v2\/media\/7658"}],"wp:attachment":[{"href":"https:\/\/voyagesimpressionnistes.com\/en\/wp-json\/wp\/v2\/media?parent=7659"}],"wp:term":[{"taxonomy":"category","embeddable":true,"href":"https:\/\/voyagesimpressionnistes.com\/en\/wp-json\/wp\/v2\/categories?post=7659"},{"taxonomy":"slider_une","embeddable":true,"href":"https:\/\/voyagesimpressionnistes.com\/en\/wp-json\/wp\/v2\/slider_une?post=7659"},{"taxonomy":"regions","embeddable":true,"href":"https:\/\/voyagesimpressionnistes.com\/en\/wp-json\/wp\/v2\/regions?post=7659"},{"taxonomy":"coups_coeur","embeddable":true,"href":"https:\/\/voyagesimpressionnistes.com\/en\/wp-json\/wp\/v2\/coups_coeur?post=7659"},{"taxonomy":"inspiration-type","embeddable":true,"href":"https:\/\/voyagesimpressionnistes.com\/en\/wp-json\/wp\/v2\/inspiration-type?post=7659"},{"taxonomy":"label","embeddable":true,"href":"https:\/\/voyagesimpressionnistes.com\/en\/wp-json\/wp\/v2\/label?post=7659"},{"taxonomy":"categories-agenda","embeddable":true,"href":"https:\/\/voyagesimpressionnistes.com\/en\/wp-json\/wp\/v2\/categories-agenda?post=7659"}],"curies":[{"name":"wp","href":"https:\/\/api.w.org\/{rel}","templated":true}]}}