{"id":7704,"date":"2024-02-23T18:11:54","date_gmt":"2024-02-23T17:11:54","guid":{"rendered":"https:\/\/voyagesimpressionnistes.com\/?p=7704"},"modified":"2024-11-28T15:55:02","modified_gmt":"2024-11-28T14:55:02","slug":"photographier-en-normandie","status":"publish","type":"post","link":"https:\/\/voyagesimpressionnistes.com\/en\/seine-estuary\/photographier-en-normandie\/","title":{"rendered":"Photographier en Normandie (1840-1890)"},"content":{"rendered":"<p>Du 25 mai au 22 septembre 2024, le <a href=\"https:\/\/voyagesimpressionnistes.com\/en\/seine-estuary\/musee-dart-moderne-andre-malraux-muma\/\">Mus\u00e9e d&#8217;art moderne Andr\u00e9 Malraux (MuMa)<\/a> propose une exposition faisant le lien entre peinture et photographie intitul\u00e9e : <em>Photographier en Normandie (1840-1890)<\/em>.<\/p>\n<p>Terrain d\u2019exp\u00e9rimentation pour les peintres du plein air, la Normandie a aussi jou\u00e9 un r\u00f4le d\u00e9cisif dans les d\u00e9buts de la photographie. Chefs-d\u2019\u0153uvre de la peinture (Eug\u00e8ne Boudin, Camille Pissarro, Claude Monet \u2026) et de la photographie (Jean-Victor Warnod, Henri Le Secq, John Ruskin, Gustave Le Gray\u2026 ) se r\u00e9pondent dans cette exposition qui fait de la Normandie le lieu id\u00e9al pour mesurer l\u2019influence r\u00e9ciproque des arts.<\/p>\n<p>Enregistrant le riche patrimoine normand, la photographie permet d\u2019en mesurer toute l\u2019importance mais aussi la fragilit\u00e9. Elle suit la transformation des c\u00f4tes par l&#8217;architecture baln\u00e9aire et l&#8217;arriv\u00e9e de riches estivants, recherche le pittoresque des campagnes, s&#8217;attaque aux sc\u00e8nes de genre et aux vues maritimes affirmant tr\u00e8s clairement ses ambitions artistiques. Riche de deux cents \u0153uvres, l&#8217;exposition <em>Photographier en Normandie (1840-1890)<\/em> a \u00e9t\u00e9 con\u00e7ue et r\u00e9alis\u00e9e avec la participation exceptionnelle de la Biblioth\u00e8que nationale de France, et le soutien exceptionnel du <a href=\"https:\/\/voyagesimpressionnistes.com\/en\/paris-montmartre\/musee-dorsay\/\">Mus\u00e9e d\u2019Orsay<\/a>.<\/p>\n","protected":false},"excerpt":{"rendered":"<p>Du 25 mai au 22 septembre 2024, le Mus\u00e9e d&#8217;art  [&#8230;]<\/p>\n","protected":false},"author":2,"featured_media":9853,"comment_status":"closed","ping_status":"closed","sticky":false,"template":"","format":"standard","meta":{"_acf_changed":false,"inline_featured_image":false,"_jetpack_memberships_contains_paid_content":false,"footnotes":""},"categories":[84],"slider_une":[],"regions":[133],"coups_coeur":[],"inspiration-type":[],"label":[141,143],"categories-agenda":[172],"class_list":["post-7704","post","type-post","status-publish","format-standard","has-post-thumbnail","hentry","category-seine-estuary","tag-diary","regions-normandy","label-150-years","label-normandie-impressionniste-en","categories-agenda-exhibition"],"acf":[],"yoast_head":"<!-- This site is optimized with the Yoast SEO plugin v26.3 - https:\/\/yoast.com\/wordpress\/plugins\/seo\/ -->\n<title>Photographier en Normandie - Impressionist adventures<\/title>\n<meta name=\"description\" content=\"Au Havre, l&#039;exposition &quot;Photographier en Normandie&quot; vous invite \u00e0 d\u00e9couvrir les liens entre photo et Impressionnisme au MuMa.\" \/>\n<meta name=\"robots\" content=\"index, follow, max-snippet:-1, max-image-preview:large, max-video-preview:-1\" \/>\n<link rel=\"canonical\" href=\"https:\/\/voyagesimpressionnistes.com\/en\/seine-estuary\/photographier-en-normandie\/\" \/>\n<meta property=\"og:locale\" content=\"en_US\" \/>\n<meta property=\"og:type\" content=\"article\" \/>\n<meta property=\"og:title\" content=\"Photographier en Normandie - Impressionist adventures\" \/>\n<meta property=\"og:description\" content=\"Au Havre, l&#039;exposition &quot;Photographier en Normandie&quot; vous invite \u00e0 d\u00e9couvrir les liens entre photo et Impressionnisme au MuMa.\" \/>\n<meta property=\"og:url\" content=\"https:\/\/voyagesimpressionnistes.com\/en\/seine-estuary\/photographier-en-normandie\/\" \/>\n<meta property=\"og:site_name\" content=\"Impressionist adventures\" \/>\n<meta property=\"article:publisher\" content=\"https:\/\/www.facebook.com\/LesVoyagesImpressionnistes\/\" \/>\n<meta property=\"article:published_time\" content=\"2024-02-23T17:11:54+00:00\" \/>\n<meta property=\"article:modified_time\" content=\"2024-11-28T14:55:02+00:00\" \/>\n<meta property=\"og:image\" content=\"https:\/\/voyagesimpressionnistes.com\/wp-content\/uploads\/2024\/02\/affiche-photographierennormandie.jpg\" \/>\n\t<meta property=\"og:image:width\" content=\"600\" \/>\n\t<meta property=\"og:image:height\" content=\"900\" \/>\n\t<meta property=\"og:image:type\" content=\"image\/jpeg\" \/>\n<meta name=\"author\" content=\"Phane\" \/>\n<meta name=\"twitter:card\" content=\"summary_large_image\" \/>\n<meta name=\"twitter:label1\" content=\"Written by\" \/>\n\t<meta name=\"twitter:data1\" content=\"Phane\" \/>\n\t<meta name=\"twitter:label2\" content=\"Est. reading time\" \/>\n\t<meta name=\"twitter:data2\" content=\"1 minute\" \/>\n<script type=\"application\/ld+json\" class=\"yoast-schema-graph\">{\"@context\":\"https:\/\/schema.org\",\"@graph\":[{\"@type\":[\"Article\",\"BlogPosting\"],\"@id\":\"https:\/\/voyagesimpressionnistes.com\/en\/seine-estuary\/photographier-en-normandie\/#article\",\"isPartOf\":{\"@id\":\"https:\/\/voyagesimpressionnistes.com\/en\/seine-estuary\/photographier-en-normandie\/\"},\"author\":{\"name\":\"Phane\",\"@id\":\"https:\/\/voyagesimpressionnistes.com\/en\/#\/schema\/person\/78c37c19aa7ae1bd6f4902f296c80e5f\"},\"headline\":\"Photographier en Normandie (1840-1890)\",\"datePublished\":\"2024-02-23T17:11:54+00:00\",\"dateModified\":\"2024-11-28T14:55:02+00:00\",\"mainEntityOfPage\":{\"@id\":\"https:\/\/voyagesimpressionnistes.com\/en\/seine-estuary\/photographier-en-normandie\/\"},\"wordCount\":208,\"publisher\":{\"@id\":\"https:\/\/voyagesimpressionnistes.com\/en\/#organization\"},\"image\":{\"@id\":\"https:\/\/voyagesimpressionnistes.com\/en\/seine-estuary\/photographier-en-normandie\/#primaryimage\"},\"thumbnailUrl\":\"https:\/\/voyagesimpressionnistes.com\/wp-content\/uploads\/2024\/02\/affiche-photographierennormandie.jpg\",\"keywords\":[\"Diary\"],\"articleSection\":[\"The Seine Estuary\"],\"inLanguage\":\"en-US\"},{\"@type\":\"WebPage\",\"@id\":\"https:\/\/voyagesimpressionnistes.com\/en\/seine-estuary\/photographier-en-normandie\/\",\"url\":\"https:\/\/voyagesimpressionnistes.com\/en\/seine-estuary\/photographier-en-normandie\/\",\"name\":\"Photographier en Normandie - Impressionist adventures\",\"isPartOf\":{\"@id\":\"https:\/\/voyagesimpressionnistes.com\/en\/#website\"},\"primaryImageOfPage\":{\"@id\":\"https:\/\/voyagesimpressionnistes.com\/en\/seine-estuary\/photographier-en-normandie\/#primaryimage\"},\"image\":{\"@id\":\"https:\/\/voyagesimpressionnistes.com\/en\/seine-estuary\/photographier-en-normandie\/#primaryimage\"},\"thumbnailUrl\":\"https:\/\/voyagesimpressionnistes.com\/wp-content\/uploads\/2024\/02\/affiche-photographierennormandie.jpg\",\"datePublished\":\"2024-02-23T17:11:54+00:00\",\"dateModified\":\"2024-11-28T14:55:02+00:00\",\"description\":\"Au Havre, l'exposition \\\"Photographier en Normandie\\\" vous invite \u00e0 d\u00e9couvrir les liens entre photo et Impressionnisme au MuMa.\",\"breadcrumb\":{\"@id\":\"https:\/\/voyagesimpressionnistes.com\/en\/seine-estuary\/photographier-en-normandie\/#breadcrumb\"},\"inLanguage\":\"en-US\",\"potentialAction\":[{\"@type\":\"ReadAction\",\"target\":[\"https:\/\/voyagesimpressionnistes.com\/en\/seine-estuary\/photographier-en-normandie\/\"]}]},{\"@type\":\"ImageObject\",\"inLanguage\":\"en-US\",\"@id\":\"https:\/\/voyagesimpressionnistes.com\/en\/seine-estuary\/photographier-en-normandie\/#primaryimage\",\"url\":\"https:\/\/voyagesimpressionnistes.com\/wp-content\/uploads\/2024\/02\/affiche-photographierennormandie.jpg\",\"contentUrl\":\"https:\/\/voyagesimpressionnistes.com\/wp-content\/uploads\/2024\/02\/affiche-photographierennormandie.jpg\",\"width\":600,\"height\":900,\"caption\":\"Photographier en Normandie au MuMa, Le Havre : affiche de l'exposition\"},{\"@type\":\"BreadcrumbList\",\"@id\":\"https:\/\/voyagesimpressionnistes.com\/en\/seine-estuary\/photographier-en-normandie\/#breadcrumb\",\"itemListElement\":[{\"@type\":\"ListItem\",\"position\":1,\"name\":\"The Seine Estuary\",\"item\":\"https:\/\/voyagesimpressionnistes.com\/en\/seine-estuary\/\"},{\"@type\":\"ListItem\",\"position\":2,\"name\":\"Photographier en Normandie (1840-1890)\"}]},{\"@type\":\"WebSite\",\"@id\":\"https:\/\/voyagesimpressionnistes.com\/en\/#website\",\"url\":\"https:\/\/voyagesimpressionnistes.com\/en\/\",\"name\":\"Impressionist adventures\",\"description\":\"Inspiring moments\",\"publisher\":{\"@id\":\"https:\/\/voyagesimpressionnistes.com\/en\/#organization\"},\"potentialAction\":[{\"@type\":\"SearchAction\",\"target\":{\"@type\":\"EntryPoint\",\"urlTemplate\":\"https:\/\/voyagesimpressionnistes.com\/en\/?s={search_term_string}\"},\"query-input\":{\"@type\":\"PropertyValueSpecification\",\"valueRequired\":true,\"valueName\":\"search_term_string\"}}],\"inLanguage\":\"en-US\"},{\"@type\":\"Organization\",\"@id\":\"https:\/\/voyagesimpressionnistes.com\/en\/#organization\",\"name\":\"Voyages Impressionnistes\",\"url\":\"https:\/\/voyagesimpressionnistes.com\/en\/\",\"logo\":{\"@type\":\"ImageObject\",\"inLanguage\":\"en-US\",\"@id\":\"https:\/\/voyagesimpressionnistes.com\/en\/#\/schema\/logo\/image\/\",\"url\":\"https:\/\/voyagesimpressionnistes.com\/wp-content\/uploads\/2021\/06\/vi-logo-507x216-1.svg\",\"contentUrl\":\"https:\/\/voyagesimpressionnistes.com\/wp-content\/uploads\/2021\/06\/vi-logo-507x216-1.svg\",\"width\":507,\"height\":216,\"caption\":\"Voyages Impressionnistes\"},\"image\":{\"@id\":\"https:\/\/voyagesimpressionnistes.com\/en\/#\/schema\/logo\/image\/\"},\"sameAs\":[\"https:\/\/www.facebook.com\/LesVoyagesImpressionnistes\/\"]},{\"@type\":\"Person\",\"@id\":\"https:\/\/voyagesimpressionnistes.com\/en\/#\/schema\/person\/78c37c19aa7ae1bd6f4902f296c80e5f\",\"name\":\"Phane\",\"image\":{\"@type\":\"ImageObject\",\"inLanguage\":\"en-US\",\"@id\":\"https:\/\/voyagesimpressionnistes.com\/en\/#\/schema\/person\/image\/\",\"url\":\"https:\/\/secure.gravatar.com\/avatar\/ea705fa375f21b62a2facac16bc19ee8d664629e3399a374a188d355bc5d00b9?s=96&d=mm&r=g\",\"contentUrl\":\"https:\/\/secure.gravatar.com\/avatar\/ea705fa375f21b62a2facac16bc19ee8d664629e3399a374a188d355bc5d00b9?s=96&d=mm&r=g\",\"caption\":\"Phane\"}}]}<\/script>\n<!-- \/ Yoast SEO plugin. -->","yoast_head_json":{"title":"Photographier en Normandie - Impressionist adventures","description":"Au Havre, l'exposition \"Photographier en Normandie\" vous invite \u00e0 d\u00e9couvrir les liens entre photo et Impressionnisme au MuMa.","robots":{"index":"index","follow":"follow","max-snippet":"max-snippet:-1","max-image-preview":"max-image-preview:large","max-video-preview":"max-video-preview:-1"},"canonical":"https:\/\/voyagesimpressionnistes.com\/en\/seine-estuary\/photographier-en-normandie\/","og_locale":"en_US","og_type":"article","og_title":"Photographier en Normandie - Impressionist adventures","og_description":"Au Havre, l'exposition \"Photographier en Normandie\" vous invite \u00e0 d\u00e9couvrir les liens entre photo et Impressionnisme au MuMa.","og_url":"https:\/\/voyagesimpressionnistes.com\/en\/seine-estuary\/photographier-en-normandie\/","og_site_name":"Impressionist adventures","article_publisher":"https:\/\/www.facebook.com\/LesVoyagesImpressionnistes\/","article_published_time":"2024-02-23T17:11:54+00:00","article_modified_time":"2024-11-28T14:55:02+00:00","og_image":[{"width":600,"height":900,"url":"https:\/\/voyagesimpressionnistes.com\/wp-content\/uploads\/2024\/02\/affiche-photographierennormandie.jpg","type":"image\/jpeg"}],"author":"Phane","twitter_card":"summary_large_image","twitter_misc":{"Written by":"Phane","Est. reading time":"1 minute"},"schema":{"@context":"https:\/\/schema.org","@graph":[{"@type":["Article","BlogPosting"],"@id":"https:\/\/voyagesimpressionnistes.com\/en\/seine-estuary\/photographier-en-normandie\/#article","isPartOf":{"@id":"https:\/\/voyagesimpressionnistes.com\/en\/seine-estuary\/photographier-en-normandie\/"},"author":{"name":"Phane","@id":"https:\/\/voyagesimpressionnistes.com\/en\/#\/schema\/person\/78c37c19aa7ae1bd6f4902f296c80e5f"},"headline":"Photographier en Normandie (1840-1890)","datePublished":"2024-02-23T17:11:54+00:00","dateModified":"2024-11-28T14:55:02+00:00","mainEntityOfPage":{"@id":"https:\/\/voyagesimpressionnistes.com\/en\/seine-estuary\/photographier-en-normandie\/"},"wordCount":208,"publisher":{"@id":"https:\/\/voyagesimpressionnistes.com\/en\/#organization"},"image":{"@id":"https:\/\/voyagesimpressionnistes.com\/en\/seine-estuary\/photographier-en-normandie\/#primaryimage"},"thumbnailUrl":"https:\/\/voyagesimpressionnistes.com\/wp-content\/uploads\/2024\/02\/affiche-photographierennormandie.jpg","keywords":["Diary"],"articleSection":["The Seine Estuary"],"inLanguage":"en-US"},{"@type":"WebPage","@id":"https:\/\/voyagesimpressionnistes.com\/en\/seine-estuary\/photographier-en-normandie\/","url":"https:\/\/voyagesimpressionnistes.com\/en\/seine-estuary\/photographier-en-normandie\/","name":"Photographier en Normandie - Impressionist adventures","isPartOf":{"@id":"https:\/\/voyagesimpressionnistes.com\/en\/#website"},"primaryImageOfPage":{"@id":"https:\/\/voyagesimpressionnistes.com\/en\/seine-estuary\/photographier-en-normandie\/#primaryimage"},"image":{"@id":"https:\/\/voyagesimpressionnistes.com\/en\/seine-estuary\/photographier-en-normandie\/#primaryimage"},"thumbnailUrl":"https:\/\/voyagesimpressionnistes.com\/wp-content\/uploads\/2024\/02\/affiche-photographierennormandie.jpg","datePublished":"2024-02-23T17:11:54+00:00","dateModified":"2024-11-28T14:55:02+00:00","description":"Au Havre, l'exposition \"Photographier en Normandie\" vous invite \u00e0 d\u00e9couvrir les liens entre photo et Impressionnisme au MuMa.","breadcrumb":{"@id":"https:\/\/voyagesimpressionnistes.com\/en\/seine-estuary\/photographier-en-normandie\/#breadcrumb"},"inLanguage":"en-US","potentialAction":[{"@type":"ReadAction","target":["https:\/\/voyagesimpressionnistes.com\/en\/seine-estuary\/photographier-en-normandie\/"]}]},{"@type":"ImageObject","inLanguage":"en-US","@id":"https:\/\/voyagesimpressionnistes.com\/en\/seine-estuary\/photographier-en-normandie\/#primaryimage","url":"https:\/\/voyagesimpressionnistes.com\/wp-content\/uploads\/2024\/02\/affiche-photographierennormandie.jpg","contentUrl":"https:\/\/voyagesimpressionnistes.com\/wp-content\/uploads\/2024\/02\/affiche-photographierennormandie.jpg","width":600,"height":900,"caption":"Photographier en Normandie au MuMa, Le Havre : affiche de l'exposition"},{"@type":"BreadcrumbList","@id":"https:\/\/voyagesimpressionnistes.com\/en\/seine-estuary\/photographier-en-normandie\/#breadcrumb","itemListElement":[{"@type":"ListItem","position":1,"name":"The Seine Estuary","item":"https:\/\/voyagesimpressionnistes.com\/en\/seine-estuary\/"},{"@type":"ListItem","position":2,"name":"Photographier en Normandie (1840-1890)"}]},{"@type":"WebSite","@id":"https:\/\/voyagesimpressionnistes.com\/en\/#website","url":"https:\/\/voyagesimpressionnistes.com\/en\/","name":"Impressionist adventures","description":"Inspiring moments","publisher":{"@id":"https:\/\/voyagesimpressionnistes.com\/en\/#organization"},"potentialAction":[{"@type":"SearchAction","target":{"@type":"EntryPoint","urlTemplate":"https:\/\/voyagesimpressionnistes.com\/en\/?s={search_term_string}"},"query-input":{"@type":"PropertyValueSpecification","valueRequired":true,"valueName":"search_term_string"}}],"inLanguage":"en-US"},{"@type":"Organization","@id":"https:\/\/voyagesimpressionnistes.com\/en\/#organization","name":"Voyages Impressionnistes","url":"https:\/\/voyagesimpressionnistes.com\/en\/","logo":{"@type":"ImageObject","inLanguage":"en-US","@id":"https:\/\/voyagesimpressionnistes.com\/en\/#\/schema\/logo\/image\/","url":"https:\/\/voyagesimpressionnistes.com\/wp-content\/uploads\/2021\/06\/vi-logo-507x216-1.svg","contentUrl":"https:\/\/voyagesimpressionnistes.com\/wp-content\/uploads\/2021\/06\/vi-logo-507x216-1.svg","width":507,"height":216,"caption":"Voyages Impressionnistes"},"image":{"@id":"https:\/\/voyagesimpressionnistes.com\/en\/#\/schema\/logo\/image\/"},"sameAs":["https:\/\/www.facebook.com\/LesVoyagesImpressionnistes\/"]},{"@type":"Person","@id":"https:\/\/voyagesimpressionnistes.com\/en\/#\/schema\/person\/78c37c19aa7ae1bd6f4902f296c80e5f","name":"Phane","image":{"@type":"ImageObject","inLanguage":"en-US","@id":"https:\/\/voyagesimpressionnistes.com\/en\/#\/schema\/person\/image\/","url":"https:\/\/secure.gravatar.com\/avatar\/ea705fa375f21b62a2facac16bc19ee8d664629e3399a374a188d355bc5d00b9?s=96&d=mm&r=g","contentUrl":"https:\/\/secure.gravatar.com\/avatar\/ea705fa375f21b62a2facac16bc19ee8d664629e3399a374a188d355bc5d00b9?s=96&d=mm&r=g","caption":"Phane"}}]}},"jetpack_featured_media_url":"https:\/\/voyagesimpressionnistes.com\/wp-content\/uploads\/2024\/02\/affiche-photographierennormandie.jpg","jetpack_sharing_enabled":true,"_links":{"self":[{"href":"https:\/\/voyagesimpressionnistes.com\/en\/wp-json\/wp\/v2\/posts\/7704","targetHints":{"allow":["GET"]}}],"collection":[{"href":"https:\/\/voyagesimpressionnistes.com\/en\/wp-json\/wp\/v2\/posts"}],"about":[{"href":"https:\/\/voyagesimpressionnistes.com\/en\/wp-json\/wp\/v2\/types\/post"}],"author":[{"embeddable":true,"href":"https:\/\/voyagesimpressionnistes.com\/en\/wp-json\/wp\/v2\/users\/2"}],"replies":[{"embeddable":true,"href":"https:\/\/voyagesimpressionnistes.com\/en\/wp-json\/wp\/v2\/comments?post=7704"}],"version-history":[{"count":3,"href":"https:\/\/voyagesimpressionnistes.com\/en\/wp-json\/wp\/v2\/posts\/7704\/revisions"}],"predecessor-version":[{"id":13582,"href":"https:\/\/voyagesimpressionnistes.com\/en\/wp-json\/wp\/v2\/posts\/7704\/revisions\/13582"}],"wp:featuredmedia":[{"embeddable":true,"href":"https:\/\/voyagesimpressionnistes.com\/en\/wp-json\/wp\/v2\/media\/9853"}],"wp:attachment":[{"href":"https:\/\/voyagesimpressionnistes.com\/en\/wp-json\/wp\/v2\/media?parent=7704"}],"wp:term":[{"taxonomy":"category","embeddable":true,"href":"https:\/\/voyagesimpressionnistes.com\/en\/wp-json\/wp\/v2\/categories?post=7704"},{"taxonomy":"slider_une","embeddable":true,"href":"https:\/\/voyagesimpressionnistes.com\/en\/wp-json\/wp\/v2\/slider_une?post=7704"},{"taxonomy":"regions","embeddable":true,"href":"https:\/\/voyagesimpressionnistes.com\/en\/wp-json\/wp\/v2\/regions?post=7704"},{"taxonomy":"coups_coeur","embeddable":true,"href":"https:\/\/voyagesimpressionnistes.com\/en\/wp-json\/wp\/v2\/coups_coeur?post=7704"},{"taxonomy":"inspiration-type","embeddable":true,"href":"https:\/\/voyagesimpressionnistes.com\/en\/wp-json\/wp\/v2\/inspiration-type?post=7704"},{"taxonomy":"label","embeddable":true,"href":"https:\/\/voyagesimpressionnistes.com\/en\/wp-json\/wp\/v2\/label?post=7704"},{"taxonomy":"categories-agenda","embeddable":true,"href":"https:\/\/voyagesimpressionnistes.com\/en\/wp-json\/wp\/v2\/categories-agenda?post=7704"}],"curies":[{"name":"wp","href":"https:\/\/api.w.org\/{rel}","templated":true}]}}